{"id":18323,"date":"2014-12-13T09:37:45","date_gmt":"2014-12-13T08:37:45","guid":{"rendered":"http:\/\/finest.se\/helenaronnblad\/?p=1036"},"modified":"2021-10-07T17:08:19","modified_gmt":"2021-10-07T15:08:19","slug":"blowpro-faux-dry-shampoo","status":"publish","type":"post","link":"https:\/\/www.imakeyousmile.se\/es\/blowpro-faux-dry-champu\/","title":{"rendered":"Champ\u00fa en seco sint\u00e9tico Blowpro"},"content":{"rendered":"<p>He escuchado muy bien sobre el champ\u00fa seco \u201d<a href=\"https:\/\/ion.lyko.com\/t\/t?a=1117786221&#038;as=1548102449&#038;t=2&#038;tk=1&#038;epi=search-replace-torrschampo&#038;url=https:\/\/lyko.com\/sv\/harvard\/styling\/torrschampo?fromsearch=torrschampo\" target=\"_blank\" rel=\"noopener noreferrer\">Champ\u00fa en seco sint\u00e9tico Blowpro<\/a>\u201d\u00a1Y tiene ventajas y desventajas que decir al respecto!<\/p>\n<p>La mayor\u00eda de los champ\u00fas secos est\u00e1n en forma de spray, pero esta es una mezcla entre spray y &quot;Dust It&quot;, se podr\u00eda decir, se roc\u00eda presionando en el medio de la botella y &quot;inflando&quot; el polvo, que por lo tanto no tiene ning\u00fan tipo de l\u00edquido o propulsor.<\/p>\n<p>Debe dar una sensaci\u00f3n y volumen reci\u00e9n lavado, y cuesta alrededor de 125 coronas.<\/p>\n<p><span style=\"color: #ff00ff;\">\u2665<\/span>\u00a0Me gusta el principio de la botella, que no tiene que pagar por ning\u00fan tipo de l\u00edquido o gas, sino por lo que paga, es decir, el polvo. Adem\u00e1s, muchas botellas de spray pueden tener m\u00e1s gas que polvo (o c\u00f3mo funciona ahora), por lo que cree que le queda champ\u00fa seco, pero solo habr\u00e1 spray y no polvo. Pero con esta botella, sabes exactamente cu\u00e1ndo est\u00e1 a punto de agotarse y no.<\/p>\n<p><span style=\"color: #ff00ff;\">\u2665<\/span>\u00a0Tambi\u00e9n me gusta que no tenga fragancias, hoy todo tiene fragancias agregadas que de todas formas se mezclan, por eso es bueno tener al menos un producto que no huela. Adem\u00e1s, muchos champ\u00fas secos tienden a tener un aroma fuerte que a muchos no les gusta, \u00a1pero puedes evitarlo!<\/p>\n<p><span style=\"color: #ff00ff;\">\u2665<\/span>\u00a0Da una sensaci\u00f3n de reci\u00e9n lavado (y apariencia por supuesto) que no se siente en absoluto en el cabello, \u00a1perfecto para ti que no te gusta la sensaci\u00f3n \u00e1spera que dan muchos champ\u00fas secos!<\/p>\n<p><span style=\"color: #ff00ff;\">\u2665<\/span>\u00a0Tambi\u00e9n creo que el cabello permanece opaco m\u00e1s tiempo que con el champ\u00fa seco con spray regular, y creo que se debe a que se obtiene m\u00e1s polvo a la vez con este que con el spray.<\/p>\n<p><span style=\"color: #ff00ff;\">\u2665<\/span>\u00a0Es r\u00e1pido conseguir que el cabello muy, muy graso se vuelva completamente mate, sin tener que pararse y rociar la nube de gas m\u00e1s grande del mundo por una eternidad como con un aerosol regular.<\/p>\n<p><span style=\"color: #ff00ff;\">\u2665<\/span>\u00a0\u00a1Dura super largo! Siempre he querido comprar el tama\u00f1o de tipo XXXL en mis botellas de champ\u00fa seco porque se agotan todo el tiempo cuando tienes el cabello tan graso como yo. Siempre siento que tengo que ser taca\u00f1o. Pero esto ha durado mucho tiempo.<\/p>\n<p><span style=\"color: #000080;\"><strong>X<\/strong><\/span>\u00a0Para m\u00ed, me tom\u00f3 un tiempo hacer los cortes con la botella. Al principio pens\u00e9 que era dif\u00edcil distribuir uniformemente por todo el cabello y que realmente no sab\u00edas d\u00f3nde &quot;rociar&quot;. Y luego tienes que agitar la botella despu\u00e9s de casi cada inhalaci\u00f3n para que venga el polvo. Y luego tuve problemas para no mancharme la ropa con polvo porque el polvo sali\u00f3 cuando temblaba. \u00a1Pero ahora creo que el empaque es realmente bueno! Lo \u00fanico que sigue siendo un peque\u00f1o inconveniente es que tienes que agitarlo con frecuencia, pero por lo dem\u00e1s funciona bien.<\/p>\n<p><span style=\"color: #000080;\"><strong>X<\/strong><\/span>\u00a0Mi cabello no obtuvo tanto volumen como esperaba, ese detalle puede ser una ventaja para muchos que no quieren mucho volumen, pero para m\u00ed ser\u00e1 una desventaja, como dice el volumen en la descripci\u00f3n del producto.<\/p>\n<p><span style=\"color: #000080;\"><strong>X<\/strong><\/span>\u00a0Es positivo que haya mucho polvo a la vez (como escrib\u00ed en los puntos buenos anteriores) pero tambi\u00e9n resulta que despu\u00e9s de unos d\u00edas tienes mucho polvo en el cabello y es muy irritante para mi cuero cabelludo. No s\u00e9 si hay alg\u00fan polvo del que puedas tener una cantidad tan grande en el cuero cabelludo sin que irrita (?) Porque puede depender de la cantidad y no de los ingredientes, creo. Pero de todos modos es un peque\u00f1o problema. Tengo el cuero cabelludo muy sensible por lo que se debe agregar champ\u00fa seco, hay pocos (pero no muchos) que puedo usar sin picaz\u00f3n despu\u00e9s de 2-3 d\u00edas.<\/p>\n<p><span style=\"color: #000080;\"><strong>X<\/strong><\/span>\u00a0Ser\u00eda bueno si estuviera disponible en m\u00e1s colores, ahora tengo el cuero cabelludo bastante oscuro y se puede masajear para que se vuelva invisible, pero despu\u00e9s de unos d\u00edas el cabello puede verse un poco gris\u00e1ceo y si eres m\u00e1s oscuro que yo, creo que es blanco. la sombra puede interferir.<\/p>\n<p>Lo que me gusta del corcho es que lo cierras girando, \u00a1perfecto para m\u00ed que siempre descuido todos los corchos!<\/p>\n<p>Me pregunto si la persona que hizo las im\u00e1genes para la descripci\u00f3n de la botella y la persona que escribi\u00f3 el texto no se hablaron realmente jaja. Porque creo que la imagen 1 significa que debes agitar la botella, porque tienes que hacerlo, pero solo dice que debes mantener la botella en posici\u00f3n vertical, lo cual es tan l\u00f3gico que no tendr\u00edas que escribirlo;)<\/p>\n<p>Es decir, te recomiendo este champ\u00fa seco para ti que quieres una sensaci\u00f3n aireada y reci\u00e9n lavada con un poco de volumen, y como dije, se adapta a todos los colores de cabello.<\/p>\n<p>Y para los que ten\u00e9is el pelo muy graso y tambi\u00e9n quer\u00e9is m\u00e1s volumen (como yo) deb\u00e9is saltaros esto, porque lleva demasiado tiempo con este puff bottle si ten\u00e9is mucho aceite que quitar, y yo tambi\u00e9n quiero m\u00e1s volumen. !<\/p>\n<p>Los abrazos son :)<\/p>","protected":false},"excerpt":{"rendered":"<p>Jag har h\u00f6rt mycket bra om torrschampot &#8221;Blowpro Faux Dry Shampoo&#8221; och har b\u00e5de plus och minus att s\u00e4ga om den faktiskt! De flesta torrschampon \u00e4r i sprayform, men det h\u00e4r \u00e4r en blandning mellan spray och &#8221;Dust It&#8221; kan man s\u00e4ga, man sprayar genom att trycka i mitten av flaskan och &#8221;puffa upp&#8221; pulver, [&hellip;]<\/p>\n","protected":false},"author":30,"featured_media":0,"comment_status":"open","ping_status":"open","sticky":false,"template":"","format":"standard","meta":{"footnotes":""},"categories":[59],"tags":[2970,2971,2972,2973],"class_list":["post-18323","post","type-post","status-publish","format-standard","hentry","category-recensioner-produkttips","tag-blowpro-faux-dry-shampoo","tag-blowpro-faux-dry-shampoo-recension","tag-blowpro-torrschampo","tag-torrschampo-utan-vatska"],"yoast_head":"<!-- This site is optimized with the Yoast SEO Premium plugin v14.9 - https:\/\/yoast.com\/wordpress\/plugins\/seo\/ -->\n<meta name=\"description\" content=\"Blowpro Faux Dry Shampoo | Helena Amiley - H\u00e4r hittar du senaste infromation om sk\u00f6nhet, livsstil, entrepren\u00f6rskap, makeup &amp; tips.\" \/>\n<meta name=\"robots\" content=\"index, follow, max-snippet:-1, max-image-preview:large, max-video-preview:-1\" \/>\n<link rel=\"canonical\" href=\"https:\/\/www.imakeyousmile.se\/es\/blowpro-faux-dry-shampoo\/\" \/>\n<meta property=\"og:locale\" content=\"es_ES\" \/>\n<meta property=\"og:type\" content=\"article\" \/>\n<meta property=\"og:title\" content=\"Blowpro Faux Dry Shampoo | Imakeyousmile.se\" \/>\n<meta property=\"og:description\" content=\"Blowpro Faux Dry Shampoo | Helena Amiley - H\u00e4r hittar du senaste infromation om sk\u00f6nhet, livsstil, entrepren\u00f6rskap, makeup &amp; tips.\" \/>\n<meta property=\"og:url\" content=\"https:\/\/www.imakeyousmile.se\/es\/blowpro-faux-dry-shampoo\/\" \/>\n<meta property=\"og:site_name\" content=\"Imakeyousmile.se\" \/>\n<meta property=\"article:author\" content=\"https:\/\/www.facebook.com\/imakeyousmile.se\" \/>\n<meta property=\"article:published_time\" content=\"2014-12-13T08:37:45+00:00\" \/>\n<meta property=\"article:modified_time\" content=\"2021-10-07T15:08:19+00:00\" \/>\n<meta name=\"twitter:card\" content=\"summary_large_image\" \/>\n<script type=\"application\/ld+json\" class=\"yoast-schema-graph\">{\"@context\":\"https:\/\/schema.org\",\"@graph\":[{\"@type\":\"Organization\",\"@id\":\"https:\/\/www.imakeyousmile.se\/es\/#organization\",\"name\":\"Imakeyousmile\",\"url\":\"https:\/\/www.imakeyousmile.se\/es\/\",\"sameAs\":[],\"logo\":{\"@type\":\"ImageObject\",\"@id\":\"https:\/\/www.imakeyousmile.se\/es\/#logo\",\"inLanguage\":\"es\",\"url\":\"https:\/\/www.imakeyousmile.se\/wp-content\/uploads\/2020\/10\/HELENA-AMILEY_SVART-1-e1603367975324.png\",\"width\":280,\"height\":93,\"caption\":\"Imakeyousmile\"},\"image\":{\"@id\":\"https:\/\/www.imakeyousmile.se\/es\/#logo\"}},{\"@type\":\"WebSite\",\"@id\":\"https:\/\/www.imakeyousmile.se\/es\/#website\",\"url\":\"https:\/\/www.imakeyousmile.se\/es\/\",\"name\":\"Imakeyousmile.se\",\"description\":\"Helena Amiley - Beauty, Entrepreneur, Lifestyle\",\"publisher\":{\"@id\":\"https:\/\/www.imakeyousmile.se\/es\/#organization\"},\"potentialAction\":[{\"@type\":\"SearchAction\",\"target\":\"https:\/\/www.imakeyousmile.se\/es\/?s={search_term_string}\",\"query-input\":\"required name=search_term_string\"}],\"inLanguage\":\"es\"},{\"@type\":\"WebPage\",\"@id\":\"https:\/\/www.imakeyousmile.se\/blowpro-faux-dry-shampoo\/#webpage\",\"url\":\"https:\/\/www.imakeyousmile.se\/blowpro-faux-dry-shampoo\/\",\"name\":\"Blowpro Faux Dry Shampoo | Imakeyousmile.se\",\"isPartOf\":{\"@id\":\"https:\/\/www.imakeyousmile.se\/es\/#website\"},\"datePublished\":\"2014-12-13T08:37:45+00:00\",\"dateModified\":\"2021-10-07T15:08:19+00:00\",\"description\":\"Blowpro Faux Dry Shampoo | Helena Amiley - H\\u00e4r hittar du senaste infromation om sk\\u00f6nhet, livsstil, entrepren\\u00f6rskap, makeup & tips.\",\"inLanguage\":\"es\",\"potentialAction\":[{\"@type\":\"ReadAction\",\"target\":[\"https:\/\/www.imakeyousmile.se\/blowpro-faux-dry-shampoo\/\"]}]},{\"@type\":\"Article\",\"@id\":\"https:\/\/www.imakeyousmile.se\/blowpro-faux-dry-shampoo\/#article\",\"isPartOf\":{\"@id\":\"https:\/\/www.imakeyousmile.se\/blowpro-faux-dry-shampoo\/#webpage\"},\"author\":{\"@id\":\"https:\/\/www.imakeyousmile.se\/es\/#\/schema\/person\/b0fd43b1c6bb1c60cfd68bff9b4a10fb\"},\"headline\":\"Blowpro Faux Dry Shampoo\",\"datePublished\":\"2014-12-13T08:37:45+00:00\",\"dateModified\":\"2021-10-07T15:08:19+00:00\",\"mainEntityOfPage\":{\"@id\":\"https:\/\/www.imakeyousmile.se\/blowpro-faux-dry-shampoo\/#webpage\"},\"commentCount\":0,\"publisher\":{\"@id\":\"https:\/\/www.imakeyousmile.se\/es\/#organization\"},\"keywords\":\"Blowpro Faux Dry Shampoo,Blowpro Faux Dry Shampoo recension,Blowpro torrschampo,torrschampo utan v\\u00e4tska\",\"articleSection\":\"Recensioner &amp; Produkttips\",\"inLanguage\":\"es\",\"potentialAction\":[{\"@type\":\"CommentAction\",\"name\":\"Comment\",\"target\":[\"https:\/\/www.imakeyousmile.se\/blowpro-faux-dry-shampoo\/#respond\"]}]},{\"@type\":\"Person\",\"@id\":\"https:\/\/www.imakeyousmile.se\/es\/#\/schema\/person\/b0fd43b1c6bb1c60cfd68bff9b4a10fb\",\"name\":\"Helena Amiley\",\"image\":{\"@type\":\"ImageObject\",\"@id\":\"https:\/\/www.imakeyousmile.se\/es\/#personlogo\",\"inLanguage\":\"es\",\"url\":\"https:\/\/secure.gravatar.com\/avatar\/5645558e1e355457a23368d7e1b4c904?s=96&d=mm&r=g\",\"caption\":\"Helena Amiley\"},\"description\":\"Jag skriver mest om sk\\u00f6nhet men bjuder \\u00e4ven p\\u00e5 glimtar fr\\u00e5n entrepren\\u00f6rlivet och bygget av v\\u00e5r egen camper van. Vanlife here we come!\",\"sameAs\":[\"https:\/\/www.facebook.com\/imakeyousmile.se\",\"https:\/\/www.instagram.com\/helenaamiley\",\"https:\/\/www.youtube.com\/channel\/UCR5iB6rvpV6Yr8ZjpQfr5mg?view_as=subscriber\"]}]}<\/script>\n<!-- \/ Yoast SEO Premium plugin. -->","_links":{"self":[{"href":"https:\/\/www.imakeyousmile.se\/es\/wp-json\/wp\/v2\/posts\/18323"}],"collection":[{"href":"https:\/\/www.imakeyousmile.se\/es\/wp-json\/wp\/v2\/posts"}],"about":[{"href":"https:\/\/www.imakeyousmile.se\/es\/wp-json\/wp\/v2\/types\/post"}],"author":[{"embeddable":true,"href":"https:\/\/www.imakeyousmile.se\/es\/wp-json\/wp\/v2\/users\/30"}],"replies":[{"embeddable":true,"href":"https:\/\/www.imakeyousmile.se\/es\/wp-json\/wp\/v2\/comments?post=18323"}],"version-history":[{"count":4,"href":"https:\/\/www.imakeyousmile.se\/es\/wp-json\/wp\/v2\/posts\/18323\/revisions"}],"predecessor-version":[{"id":41990,"href":"https:\/\/www.imakeyousmile.se\/es\/wp-json\/wp\/v2\/posts\/18323\/revisions\/41990"}],"wp:attachment":[{"href":"https:\/\/www.imakeyousmile.se\/es\/wp-json\/wp\/v2\/media?parent=18323"}],"wp:term":[{"taxonomy":"category","embeddable":true,"href":"https:\/\/www.imakeyousmile.se\/es\/wp-json\/wp\/v2\/categories?post=18323"},{"taxonomy":"post_tag","embeddable":true,"href":"https:\/\/www.imakeyousmile.se\/es\/wp-json\/wp\/v2\/tags?post=18323"}],"curies":[{"name":"wp","href":"https:\/\/api.w.org\/{rel}","templated":true}]}}