{"id":18325,"date":"2014-12-14T11:29:50","date_gmt":"2014-12-14T10:29:50","guid":{"rendered":"http:\/\/finest.se\/helenaronnblad\/?p=1049"},"modified":"2021-09-01T07:29:14","modified_gmt":"2021-09-01T05:29:14","slug":"nyarssminkning-2-2","status":"publish","type":"post","link":"https:\/\/www.imakeyousmile.se\/es\/maquillaje-de-ano-nuevo-2-2-2\/","title":{"rendered":"Maquillaje de a\u00f1o nuevo"},"content":{"rendered":"<p>Ha habido muchos maquillajes simples aqu\u00ed en el blog \u00faltimamente, tan simples que parece innecesario mostrarlos paso a paso tambi\u00e9n. \u00a1Espero que tambi\u00e9n aprecies ese maquillaje!<\/p>\n<p>La raz\u00f3n es probablemente todas mis nuevas sombras de ojos que me gustan tanto, y cuando quiero mostrar una nueva sombra de ojos, casi se siente como &quot;destruirla&quot; mezclando muchas otras sombras de ojos tambi\u00e9n. Si tienes un tono agradable que te gusta, entonces hace el trabajo por ti y puedes dedicar tu tiempo y energ\u00eda a otros detalles como la base, los labios de las cejas, el peinado, etc. :)<\/p>\n<p>El maquillaje de hoy es solo un maquillaje, donde solo quer\u00eda usar una sombra de ojos + brillo en el rabillo del ojo. \u00a1Fue un maquillaje de A\u00f1o Nuevo perfecto para ti que te gustan los ojos ahumados pero que no te gusta estar completamente negro alrededor de los ojos!<\/p>\n<p>Esta sombra de ojos es negra pero tan met\u00e1lica que se vuelve m\u00e1s gris-negra (depende un poco de la luz en la que te encuentres) y tambi\u00e9n es m\u00e1s f\u00e1cil difuminar una sombra de ojos completamente negra mate.<\/p>\n<p>Espero que les guste el look :)<\/p>\n<p><a href=\"http:\/\/cdn.finest.se\/wp-content\/uploads\/sites\/7701\/2014\/12\/1418552485-7902.jpg\"><img loading=\"lazy\" decoding=\"async\" class=\"alignnone size-full wp-image-1050\" src=\"http:\/\/cdn.finest.se\/wp-content\/uploads\/sites\/7701\/2014\/12\/1418552485-7902.jpg\" alt=\"IMG_6321_111\" width=\"2000\" height=\"1864\" \/><\/a><\/p>\n<p><a style=\"color: #0f3647;\" href=\"http:\/\/cdn.finest.se\/wp-content\/uploads\/sites\/7701\/2014\/12\/1418552492-7902.jpg\"><img loading=\"lazy\" decoding=\"async\" class=\"alignnone size-full wp-image-1053\" src=\"http:\/\/cdn.finest.se\/wp-content\/uploads\/sites\/7701\/2014\/12\/1418552492-7902.jpg\" alt=\"IMG_6360_111\" width=\"1318\" height=\"985\" \/><\/a><\/p>\n<p><strong><span style=\"color: #000000;\">Sombra de ojos negra<\/span><\/strong> en todo el p\u00e1rpado, <a href=\"http:\/\/creativemakeup.se\/produkt\/paese-diamond-eyeshadow\/\" target=\"_blank\" rel=\"noopener\">Sombra de ojos Paese Diamond (tono 43)<\/a><br \/>\n<strong><span style=\"color: #ffcc99;\">Sombra de ojos clara<\/span><\/strong> En el rabillo del ojo <a href=\"https:\/\/ion.lyko.com\/t\/t?a=1117786221&#038;as=1548102449&#038;t=2&#038;tk=1&#038;epi=search-replace-eyeshadow&#038;url=https:\/\/lyko.com\/sv\/sok?q=highlighter+eyeshadow\" target=\"_blank\" rel=\"noopener\">La sombra favorita de Annika<\/a>.<br \/>\n<strong><span style=\"color: #000000;\">Delineador de ojos negro<\/span><\/strong> con ala,\u00a0<a href=\"https:\/\/ion.lyko.com\/t\/t?a=1117786221&amp;as=1548102449&amp;t=2&amp;tk=1&amp;url=https:\/\/lyko.com\/sv\/by-terry\/by-terry-ligne-blackstar-1-black-parti-p\" target=\"_blank\" rel=\"noopener\">Por Terry Ligne Blackstar<\/a>.<br \/>\n<strong><span style=\"color: #000000;\">R\u00edmel negro<\/span><\/strong> en las pesta\u00f1as superiores, <a href=\"https:\/\/ion.lyko.com\/t\/t?a=1117786221&#038;as=1548102449&#038;t=2&#038;tk=1&#038;epi=search-replace-mascara&#038;url=https:\/\/lyko.com\/sv\/smink\/ogon\/mascara\" target=\"_blank\" rel=\"noopener\">M\u00e1scara de pesta\u00f1as Oriflame Volume Blast<\/a>.<\/p>\n<p><strong><span style=\"color: #993366;\">Labios<\/span><\/strong>, <a href=\"https:\/\/dot.yves-rocher.se\/t\/t?a=138068268&amp;as=1548102449&amp;t=2&amp;tk=1&amp;epi=search-replace-yves-lipliner&amp;url=https:\/\/www.yves-rocher.se\/smink\/laeppar\/laeppenna\/c\/22300\" target=\"_blank\" rel=\"noopener\">Delineador de labios autom\u00e1tico Yves Rocher (<span class=\"colorLabelW06159productPage\">32. Fuente roja)<\/span><\/a><\/p>\n<p><a href=\"http:\/\/cdn.finest.se\/wp-content\/uploads\/sites\/7701\/2014\/12\/1418552488-7902.jpg\"><img loading=\"lazy\" decoding=\"async\" class=\"alignnone size-full wp-image-1051\" src=\"http:\/\/cdn.finest.se\/wp-content\/uploads\/sites\/7701\/2014\/12\/1418552488-7902.jpg\" alt=\"IMG_6323_111\" width=\"2000\" height=\"1955\" \/><\/a><\/p>\n<p><a style=\"color: #0f3647;\" href=\"http:\/\/cdn.finest.se\/wp-content\/uploads\/sites\/7701\/2014\/12\/1418552494-7902.jpg\"><img loading=\"lazy\" decoding=\"async\" class=\"alignnone size-full wp-image-1054\" src=\"http:\/\/cdn.finest.se\/wp-content\/uploads\/sites\/7701\/2014\/12\/1418552494-7902.jpg\" alt=\"Maquillaje de a\u00f1o nuevo\" width=\"2000\" height=\"921\" \/><\/a><\/p>\n<p><a href=\"http:\/\/cdn.finest.se\/wp-content\/uploads\/sites\/7701\/2014\/12\/1418552490-7902.jpg\"><img loading=\"lazy\" decoding=\"async\" class=\"alignnone size-full wp-image-1052\" src=\"http:\/\/cdn.finest.se\/wp-content\/uploads\/sites\/7701\/2014\/12\/1418552490-7902.jpg\" alt=\"IMG_6355_111\" width=\"2000\" height=\"1782\" \/><\/a> \u00a0\u00a1Espero que tengas un final maravilloso para esta semana!<\/p>\n<p>Los abrazos son \u2665<\/p>","protected":false},"excerpt":{"rendered":"<p>Det har blivit m\u00e5nga enkla sminkningar h\u00e4r i bloggen den senaste tiden, s\u00e5 enkla att det k\u00e4nns on\u00f6digt att visa i steg f\u00f6r steg liksom. Hoppas att ni uppskattar s\u00e5dana sminkningar ocks\u00e5! Anledningen \u00e4r nog alla mina nya \u00f6gonskuggor som jag tycker s\u00e5 mycket om, och n\u00e4r jag vill visa en ny \u00f6gonskugga s\u00e5 k\u00e4nns [&hellip;]<\/p>\n","protected":false},"author":30,"featured_media":18740,"comment_status":"open","ping_status":"open","sticky":false,"template":"","format":"standard","meta":{"footnotes":""},"categories":[9],"tags":[699,1457,14,2880,22,2976],"class_list":["post-18325","post","type-post","status-publish","format-standard","has-post-thumbnail","hentry","category-partysminkningar","tag-annikas-favoritskugga","tag-new-years-eve-makeup","tag-nyarssminkning","tag-paese-diamond","tag-sotig-nyarssminkning","tag-svart-nyarssminkning"],"yoast_head":"<!-- This site is optimized with the Yoast SEO Premium plugin v14.9 - https:\/\/yoast.com\/wordpress\/plugins\/seo\/ -->\n<meta name=\"description\" content=\"Ny\u00e5rssminkning | Helena Amiley - H\u00e4r hittar du senaste infromation om sk\u00f6nhet, livsstil, entrepren\u00f6rskap, makeup &amp; tips.\" \/>\n<meta name=\"robots\" content=\"index, follow, max-snippet:-1, max-image-preview:large, max-video-preview:-1\" \/>\n<link rel=\"canonical\" href=\"https:\/\/www.imakeyousmile.se\/es\/nyarssminkning-2-2\/\" \/>\n<meta property=\"og:locale\" content=\"es_ES\" \/>\n<meta property=\"og:type\" content=\"article\" \/>\n<meta property=\"og:title\" content=\"Ny\u00e5rssminkning | Imakeyousmile.se\" \/>\n<meta property=\"og:description\" content=\"Ny\u00e5rssminkning | Helena Amiley - H\u00e4r hittar du senaste infromation om sk\u00f6nhet, livsstil, entrepren\u00f6rskap, makeup &amp; tips.\" \/>\n<meta property=\"og:url\" content=\"https:\/\/www.imakeyousmile.se\/es\/nyarssminkning-2-2\/\" \/>\n<meta property=\"og:site_name\" content=\"Imakeyousmile.se\" \/>\n<meta property=\"article:author\" content=\"https:\/\/www.facebook.com\/imakeyousmile.se\" \/>\n<meta property=\"article:published_time\" content=\"2014-12-14T10:29:50+00:00\" \/>\n<meta property=\"article:modified_time\" content=\"2021-09-01T05:29:14+00:00\" \/>\n<meta property=\"og:image\" content=\"https:\/\/www.imakeyousmile.se\/wp-content\/uploads\/2014\/12\/1418552492-7902.jpg\" \/>\n\t<meta property=\"og:image:width\" content=\"1318\" \/>\n\t<meta property=\"og:image:height\" content=\"985\" \/>\n<meta name=\"twitter:card\" content=\"summary_large_image\" \/>\n<script type=\"application\/ld+json\" class=\"yoast-schema-graph\">{\"@context\":\"https:\/\/schema.org\",\"@graph\":[{\"@type\":\"Organization\",\"@id\":\"https:\/\/www.imakeyousmile.se\/es\/#organization\",\"name\":\"Imakeyousmile\",\"url\":\"https:\/\/www.imakeyousmile.se\/es\/\",\"sameAs\":[],\"logo\":{\"@type\":\"ImageObject\",\"@id\":\"https:\/\/www.imakeyousmile.se\/es\/#logo\",\"inLanguage\":\"es\",\"url\":\"https:\/\/www.imakeyousmile.se\/wp-content\/uploads\/2020\/10\/HELENA-AMILEY_SVART-1-e1603367975324.png\",\"width\":280,\"height\":93,\"caption\":\"Imakeyousmile\"},\"image\":{\"@id\":\"https:\/\/www.imakeyousmile.se\/es\/#logo\"}},{\"@type\":\"WebSite\",\"@id\":\"https:\/\/www.imakeyousmile.se\/es\/#website\",\"url\":\"https:\/\/www.imakeyousmile.se\/es\/\",\"name\":\"Imakeyousmile.se\",\"description\":\"Helena Amiley - Beauty, Entrepreneur, Lifestyle\",\"publisher\":{\"@id\":\"https:\/\/www.imakeyousmile.se\/es\/#organization\"},\"potentialAction\":[{\"@type\":\"SearchAction\",\"target\":\"https:\/\/www.imakeyousmile.se\/es\/?s={search_term_string}\",\"query-input\":\"required name=search_term_string\"}],\"inLanguage\":\"es\"},{\"@type\":\"ImageObject\",\"@id\":\"https:\/\/www.imakeyousmile.se\/nyarssminkning-2-2\/#primaryimage\",\"inLanguage\":\"es\",\"url\":\"https:\/\/www.imakeyousmile.se\/wp-content\/uploads\/2014\/12\/1418552492-7902.jpg\",\"width\":1318,\"height\":985},{\"@type\":\"WebPage\",\"@id\":\"https:\/\/www.imakeyousmile.se\/nyarssminkning-2-2\/#webpage\",\"url\":\"https:\/\/www.imakeyousmile.se\/nyarssminkning-2-2\/\",\"name\":\"Ny\\u00e5rssminkning | Imakeyousmile.se\",\"isPartOf\":{\"@id\":\"https:\/\/www.imakeyousmile.se\/es\/#website\"},\"primaryImageOfPage\":{\"@id\":\"https:\/\/www.imakeyousmile.se\/nyarssminkning-2-2\/#primaryimage\"},\"datePublished\":\"2014-12-14T10:29:50+00:00\",\"dateModified\":\"2021-09-01T05:29:14+00:00\",\"description\":\"Ny\\u00e5rssminkning | Helena Amiley - H\\u00e4r hittar du senaste infromation om sk\\u00f6nhet, livsstil, entrepren\\u00f6rskap, makeup & tips.\",\"inLanguage\":\"es\",\"potentialAction\":[{\"@type\":\"ReadAction\",\"target\":[\"https:\/\/www.imakeyousmile.se\/nyarssminkning-2-2\/\"]}]},{\"@type\":\"Article\",\"@id\":\"https:\/\/www.imakeyousmile.se\/nyarssminkning-2-2\/#article\",\"isPartOf\":{\"@id\":\"https:\/\/www.imakeyousmile.se\/nyarssminkning-2-2\/#webpage\"},\"author\":{\"@id\":\"https:\/\/www.imakeyousmile.se\/es\/#\/schema\/person\/b0fd43b1c6bb1c60cfd68bff9b4a10fb\"},\"headline\":\"Ny\\u00e5rssminkning\",\"datePublished\":\"2014-12-14T10:29:50+00:00\",\"dateModified\":\"2021-09-01T05:29:14+00:00\",\"mainEntityOfPage\":{\"@id\":\"https:\/\/www.imakeyousmile.se\/nyarssminkning-2-2\/#webpage\"},\"commentCount\":4,\"publisher\":{\"@id\":\"https:\/\/www.imakeyousmile.se\/es\/#organization\"},\"image\":{\"@id\":\"https:\/\/www.imakeyousmile.se\/nyarssminkning-2-2\/#primaryimage\"},\"keywords\":\"annikas favoritskugga,new years eve makeup,Ny\\u00e5rssminkning,paese diamond,Sotig ny\\u00e5rssminkning,svart ny\\u00e5rssminkning\",\"articleSection\":\"M\\u00f6rka \/ festliga sminkningar\",\"inLanguage\":\"es\",\"potentialAction\":[{\"@type\":\"CommentAction\",\"name\":\"Comment\",\"target\":[\"https:\/\/www.imakeyousmile.se\/nyarssminkning-2-2\/#respond\"]}]},{\"@type\":\"Person\",\"@id\":\"https:\/\/www.imakeyousmile.se\/es\/#\/schema\/person\/b0fd43b1c6bb1c60cfd68bff9b4a10fb\",\"name\":\"Helena Amiley\",\"image\":{\"@type\":\"ImageObject\",\"@id\":\"https:\/\/www.imakeyousmile.se\/es\/#personlogo\",\"inLanguage\":\"es\",\"url\":\"https:\/\/secure.gravatar.com\/avatar\/5645558e1e355457a23368d7e1b4c904?s=96&d=mm&r=g\",\"caption\":\"Helena Amiley\"},\"description\":\"Jag skriver mest om sk\\u00f6nhet men bjuder \\u00e4ven p\\u00e5 glimtar fr\\u00e5n entrepren\\u00f6rlivet och bygget av v\\u00e5r egen camper van. Vanlife here we come!\",\"sameAs\":[\"https:\/\/www.facebook.com\/imakeyousmile.se\",\"https:\/\/www.instagram.com\/helenaamiley\",\"https:\/\/www.youtube.com\/channel\/UCR5iB6rvpV6Yr8ZjpQfr5mg?view_as=subscriber\"]}]}<\/script>\n<!-- \/ Yoast SEO Premium plugin. -->","_links":{"self":[{"href":"https:\/\/www.imakeyousmile.se\/es\/wp-json\/wp\/v2\/posts\/18325"}],"collection":[{"href":"https:\/\/www.imakeyousmile.se\/es\/wp-json\/wp\/v2\/posts"}],"about":[{"href":"https:\/\/www.imakeyousmile.se\/es\/wp-json\/wp\/v2\/types\/post"}],"author":[{"embeddable":true,"href":"https:\/\/www.imakeyousmile.se\/es\/wp-json\/wp\/v2\/users\/30"}],"replies":[{"embeddable":true,"href":"https:\/\/www.imakeyousmile.se\/es\/wp-json\/wp\/v2\/comments?post=18325"}],"version-history":[{"count":4,"href":"https:\/\/www.imakeyousmile.se\/es\/wp-json\/wp\/v2\/posts\/18325\/revisions"}],"predecessor-version":[{"id":40480,"href":"https:\/\/www.imakeyousmile.se\/es\/wp-json\/wp\/v2\/posts\/18325\/revisions\/40480"}],"wp:featuredmedia":[{"embeddable":true,"href":"https:\/\/www.imakeyousmile.se\/es\/wp-json\/wp\/v2\/media\/18740"}],"wp:attachment":[{"href":"https:\/\/www.imakeyousmile.se\/es\/wp-json\/wp\/v2\/media?parent=18325"}],"wp:term":[{"taxonomy":"category","embeddable":true,"href":"https:\/\/www.imakeyousmile.se\/es\/wp-json\/wp\/v2\/categories?post=18325"},{"taxonomy":"post_tag","embeddable":true,"href":"https:\/\/www.imakeyousmile.se\/es\/wp-json\/wp\/v2\/tags?post=18325"}],"curies":[{"name":"wp","href":"https:\/\/api.w.org\/{rel}","templated":true}]}}