{"id":1836,"date":"2012-12-03T22:15:23","date_gmt":"2012-12-03T21:15:23","guid":{"rendered":"http:\/\/www.imakeyousmile.se\/?p=1836"},"modified":"2012-12-03T22:15:23","modified_gmt":"2012-12-03T21:15:23","slug":"mascara-i-vinter","status":"publish","type":"post","link":"https:\/\/www.imakeyousmile.se\/es\/rimel-en-invierno\/","title":{"rendered":"R\u00edmel en invierno"},"content":{"rendered":"<p>Es tan aburrido cuando las m\u00e1scaras que realmente piensas que son buenas, \u00a1no te sientes cuando llegue el fr\u00edo del invierno!<\/p>\n<p>Este invierno es <span style=\"font-size: x-large;\">impermeable<\/span> m\u00e1scaras que se aplican. Cuando sales y hace -15 grados, la m\u00e1scara se congela. Luego entras en el calor y luego se derrite nuevamente, \u00a1lo que da como resultado una m\u00e1scara de pesta\u00f1as muy, muy h\u00fameda!<\/p>\n<p>Por lo tanto, pens\u00e9 que escribir\u00eda sobre 4 m\u00e1scaras diferentes, de qu\u00e9 manera son buenas y c\u00f3mo funcionan este invierno :)<\/p>\n<p><img loading=\"lazy\" decoding=\"async\" class=\"aligncenter\" title=\"Generar\" src=\"http:\/\/www.imakeyousmile.se\/wp-content\/uploads\/2012\/12\/Generate.png\" alt=\"\" width=\"300\" height=\"300\" \/><\/p>\n<p style=\"text-align: center;\">La m\u00e1scara de pesta\u00f1as que creo que da las pesta\u00f1as m\u00e1s bonitas es <a href=\"https:\/\/ion.lyko.com\/t\/t?a=1117786221&#038;as=1548102449&#038;t=2&#038;tk=1&#038;epi=search-replace-mascara&#038;url=https:\/\/lyko.com\/sv\/smink\/ogon\/mascara\"><strong><em>Max Factor Flase Lash Effect<\/em><\/strong><\/a>. \u00a1Separa y da volumen al mismo tiempo!<\/p>\n<p style=\"text-align: center;\">\n<p style=\"text-align: center;\">Sin embargo, se agota r\u00e1pidamente y no es demasiado bueno en invierno. Pero si tienes cuidado con las pesta\u00f1as cuando est\u00e1n mojadas, \u00a1a\u00fan puede verse decente cuando se haya secado nuevamente!<\/p>\n<p style=\"text-align: center;\">\n<p style=\"text-align: center;\">\u00a1Debe, debe, debe probar su resistencia al agua! Puede escribirlo en la lista de deseos de este a\u00f1o;)<\/p>\n<p style=\"text-align: center;\"><a href=\"http:\/\/www.imakeyousmile.se\/wp-content\/uploads\/2012\/12\/1.jpg\"><img loading=\"lazy\" decoding=\"async\" class=\"aligncenter size-full wp-image-1840\" title=\"1\" src=\"http:\/\/www.imakeyousmile.se\/wp-content\/uploads\/2012\/12\/1.jpg\" alt=\"\" width=\"310\" height=\"310\" srcset=\"https:\/\/www.imakeyousmile.se\/wp-content\/uploads\/2012\/12\/1.jpg 310w, https:\/\/www.imakeyousmile.se\/wp-content\/uploads\/2012\/12\/1-150x150.jpg 150w, https:\/\/www.imakeyousmile.se\/wp-content\/uploads\/2012\/12\/1-300x300.jpg 300w, https:\/\/www.imakeyousmile.se\/wp-content\/uploads\/2012\/12\/1-148x148.jpg 148w, https:\/\/www.imakeyousmile.se\/wp-content\/uploads\/2012\/12\/1-31x31.jpg 31w, https:\/\/www.imakeyousmile.se\/wp-content\/uploads\/2012\/12\/1-38x38.jpg 38w, https:\/\/www.imakeyousmile.se\/wp-content\/uploads\/2012\/12\/1-215x215.jpg 215w\" sizes=\"(max-width: 310px) 100vw, 310px\" \/><\/a><\/p>\n<p style=\"text-align: center;\">La \u00fanica m\u00e1scara de pesta\u00f1as que realmente se adapta a todos los climas y situaciones, es decir<a href=\"https:\/\/ion.lyko.com\/t\/t?a=1117786221&#038;as=1548102449&#038;t=2&#038;tk=1&#038;epi=search-replace-fiberwig&#038;url=https:\/\/lyko.com\/sv\/sok?q=fiberwig+mascara\"><strong><em> r\u00edmel djv beautenizer fiberwig LX<\/em><\/strong><\/a>!<br \/>\nDa volumen (especialmente la m\u00e1scara de volumen de la misma marca, \u00a1guau!) Pero no separa tanto las pesta\u00f1as como Max Factor.<\/p>\n<p style=\"text-align: center;\">La m\u00e1scara es realmente incre\u00edble, pero me gusta trabajar m\u00e1s con las pesta\u00f1as y es un poco dif\u00edcil ya que esta m\u00e1scara se seca bastante r\u00e1pido. \u00a1De lo contrario perfecto!<\/p>\n<p style=\"text-align: center;\"><a href=\"http:\/\/www.imakeyousmile.se\/wp-content\/uploads\/2012\/12\/sddd.png\"><img loading=\"lazy\" decoding=\"async\" class=\"aligncenter size-full wp-image-1841\" title=\"sddd\" src=\"http:\/\/www.imakeyousmile.se\/wp-content\/uploads\/2012\/12\/sddd.png\" alt=\"\" width=\"300\" height=\"300\" srcset=\"https:\/\/www.imakeyousmile.se\/wp-content\/uploads\/2012\/12\/sddd.png 300w, https:\/\/www.imakeyousmile.se\/wp-content\/uploads\/2012\/12\/sddd-150x150.png 150w, https:\/\/www.imakeyousmile.se\/wp-content\/uploads\/2012\/12\/sddd-148x148.png 148w, https:\/\/www.imakeyousmile.se\/wp-content\/uploads\/2012\/12\/sddd-31x31.png 31w, https:\/\/www.imakeyousmile.se\/wp-content\/uploads\/2012\/12\/sddd-38x38.png 38w, https:\/\/www.imakeyousmile.se\/wp-content\/uploads\/2012\/12\/sddd-215x215.png 215w\" sizes=\"(max-width: 300px) 100vw, 300px\" \/><\/a><\/p>\n<p style=\"text-align: center;\"><em>IsaDoras<\/em> rimel nuevo <a href=\"https:\/\/ion.lyko.com\/t\/t?a=1117786221&#038;as=1548102449&#038;t=2&#038;tk=1&#038;epi=search-replace-isadoramascara&#038;url=https:\/\/lyko.com\/sv\/sok?q=isadora+mascara\"><strong><em>Crecimiento din\u00e1mico de pesta\u00f1as<\/em><\/strong><\/a> da bonitas pesta\u00f1as, creo. \u00a1Como el cepillo de goma estrecho!<br \/>\nSin embargo lo \u00e9s <span style=\"font-size: medium;\">horrible<\/span> en el trabajo, sin mencionar cuando nieva afuera.<\/p>\n<p style=\"text-align: center;\">\n<p style=\"text-align: center;\">Cuando me miro en el espejo despu\u00e9s de un d\u00eda en el mostrador, tengo <span style=\"font-size: large;\">rayas negras debajo de las cejas<\/span> de mis pesta\u00f1as. Y cuando lleg\u00f3 la nieve fue imposible seguir usando lamentablemente, cuando llegu\u00e9 al trabajo ten\u00eda m\u00e1s r\u00edmel <em>durante<\/em> ojos que en las pesta\u00f1as! As\u00ed que l\u00e1stima por un r\u00edmel que de otra manera ser\u00eda bueno, que tambi\u00e9n har\u00e1 que las pesta\u00f1as crezcan.<\/p>\n<p style=\"text-align: center;\">\n<p style=\"text-align: center;\">Puede reaparecer en ocasiones silenciosas en interiores;)<\/p>\n<p style=\"text-align: center;\"><a href=\"http:\/\/www.imakeyousmile.se\/wp-content\/uploads\/2012\/12\/Generatedd.png\"><img loading=\"lazy\" decoding=\"async\" class=\"aligncenter size-full wp-image-1842\" title=\"Generado\" src=\"http:\/\/www.imakeyousmile.se\/wp-content\/uploads\/2012\/12\/Generatedd.png\" alt=\"\" width=\"300\" height=\"300\" srcset=\"https:\/\/www.imakeyousmile.se\/wp-content\/uploads\/2012\/12\/Generatedd.png 300w, https:\/\/www.imakeyousmile.se\/wp-content\/uploads\/2012\/12\/Generatedd-150x150.png 150w, https:\/\/www.imakeyousmile.se\/wp-content\/uploads\/2012\/12\/Generatedd-148x148.png 148w, https:\/\/www.imakeyousmile.se\/wp-content\/uploads\/2012\/12\/Generatedd-31x31.png 31w, https:\/\/www.imakeyousmile.se\/wp-content\/uploads\/2012\/12\/Generatedd-38x38.png 38w, https:\/\/www.imakeyousmile.se\/wp-content\/uploads\/2012\/12\/Generatedd-215x215.png 215w\" sizes=\"(max-width: 300px) 100vw, 300px\" \/><\/a><\/p>\n<p style=\"text-align: center;\">Cuando prob\u00e9 uno hoy <span style=\"font-size: large;\">\u00faltimo<\/span> r\u00edmel en la bolsa de maquillaje, <a href=\"https:\/\/ion.lyko.com\/t\/t?a=1117786221&#038;as=1548102449&#038;t=2&#038;tk=1&#038;epi=search-replace-lorealmascara&#038;url=https:\/\/lyko.com\/sv\/sok?q=loreal+paris+mascara\"><strong><em>Col\u00e1geno Mega Volumen L&#039;Oreal Paris<\/em><\/strong><\/a>, as\u00ed que me sent\u00ed feliz cuando llegu\u00e9 al trabajo. \u00a1Nada debajo de los ojos! Pero luego mir\u00e9 un poco m\u00e1s de cerca y las pesta\u00f1as parec\u00edan haber sido rociadas con agua.<\/p>\n<p style=\"text-align: center;\">Cuando luego se limpiaron, se ve\u00edan tan horribles:<\/p>\n<p style=\"text-align: center;\"><a href=\"http:\/\/www.imakeyousmile.se\/wp-content\/uploads\/2012\/12\/IMG_5083.jpg\"><img loading=\"lazy\" decoding=\"async\" class=\"aligncenter  wp-image-1837\" title=\"IMG_5083\" src=\"http:\/\/www.imakeyousmile.se\/wp-content\/uploads\/2012\/12\/IMG_5083-662x717.jpg\" alt=\"\" width=\"397\" height=\"430\" srcset=\"https:\/\/www.imakeyousmile.se\/wp-content\/uploads\/2012\/12\/IMG_5083-662x717.jpg 662w, https:\/\/www.imakeyousmile.se\/wp-content\/uploads\/2012\/12\/IMG_5083-276x300.jpg 276w, https:\/\/www.imakeyousmile.se\/wp-content\/uploads\/2012\/12\/IMG_5083-498x540.jpg 498w, https:\/\/www.imakeyousmile.se\/wp-content\/uploads\/2012\/12\/IMG_5083.jpg 888w\" sizes=\"(max-width: 397px) 100vw, 397px\" \/><\/a><\/p>\n<p style=\"text-align: center;\">\u00bfHas visto lo horribles que se volvieron?<br \/>\nEsta m\u00e1scara de pesta\u00f1as que, por lo dem\u00e1s, da un volumen tan agradable (<em>sin embargo, un poco pegajoso si toma demasiado<\/em>)<\/p>\n<p style=\"text-align: center;\">\n<p style=\"text-align: center;\">PERO (esto no es parte de la publicaci\u00f3n en s\u00ed) se ve tan bien <span style=\"font-size: x-large;\">la sombra de ojos<\/span> permanece de todos modos, no ha mejorado en absoluto y esta foto fue tomada despu\u00e9s de que haya pasado toda la jornada laboral. <strong>\u00a1Cruel!<\/strong><\/p>\n<p style=\"text-align: center;\">La sombra de ojos es una sombra de ojos en crema de<em> IsaDora<\/em>, <a href=\"https:\/\/ion.lyko.com\/t\/t?a=1117786221&#038;as=1548102449&#038;t=2&#038;tk=1&#038;epi=search-replace-isadorapalette&#038;url=https:\/\/lyko.com\/sv\/sok?q=isadora+palette\"><strong><em>Sombra de ojos en crema en espuma (Fudge)<\/em><\/strong><\/a><\/p>\n<p style=\"text-align: center;\"><a href=\"http:\/\/www.imakeyousmile.se\/wp-content\/uploads\/2012\/12\/IMG_5100.jpg\"><img loading=\"lazy\" decoding=\"async\" class=\"aligncenter  wp-image-1838\" title=\"IMG_5100\" src=\"http:\/\/www.imakeyousmile.se\/wp-content\/uploads\/2012\/12\/IMG_5100-662x1066.jpg\" alt=\"\" width=\"445\" height=\"717\" srcset=\"https:\/\/www.imakeyousmile.se\/wp-content\/uploads\/2012\/12\/IMG_5100-662x1066.jpg 662w, https:\/\/www.imakeyousmile.se\/wp-content\/uploads\/2012\/12\/IMG_5100-186x300.jpg 186w, https:\/\/www.imakeyousmile.se\/wp-content\/uploads\/2012\/12\/IMG_5100-335x540.jpg 335w, https:\/\/www.imakeyousmile.se\/wp-content\/uploads\/2012\/12\/IMG_5100.jpg 1589w\" sizes=\"(max-width: 445px) 100vw, 445px\" \/><\/a><\/p>\n<p style=\"text-align: center;\"><strong>Pulgares abajo<\/strong> para pesta\u00f1as feas debido al fr\u00edo invernal.<br \/>\n<strong>Pulgares hacia arriba<\/strong> para Fiberwig y para que me saque el pulgar del culo y pruebe el r\u00edmel impermeable de Max Factor.<\/p>\n<p style=\"text-align: center;\">\n<p style=\"text-align: left;\">Por cierto, el d\u00eda ha sido bueno a pesar de <span style=\"font-size: large;\">fiebre y dolor de garganta<\/span> :( He tenido que mordisquear a Alvedon e Ipren. Ahora ser\u00e1 un poco &quot;Dibujar algo&quot; con Miska, y luego la mejor medicina: \u00a1dormir!<\/p>\n<p style=\"text-align: left;\">\n<p style=\"text-align: center;\"><span style=\"font-size: xx-large;\"><em>Puss fina ni!<\/em><\/span><\/p>","protected":false},"excerpt":{"rendered":"<p>Det \u00e4r s\u00e5 tr\u00e5kigt n\u00e4r mascaror som man egentligen tycker \u00e4r bra, inte alls sitter n\u00e4r vinterkylan kommer! I vinter \u00e4r det vattenfasta mascaror som g\u00e4ller. N\u00e4r man g\u00e5r ut och det \u00e4r\u00a0 -15 grader s\u00e5 fryser mascaran. Sen g\u00e5r man in i v\u00e4rmen och d\u00e5 sm\u00e4lter den igen, vilket resulterar i en riktigt, riktigt [&hellip;]<\/p>\n","protected":false},"author":30,"featured_media":0,"comment_status":"open","ping_status":"open","sticky":false,"template":"","format":"standard","meta":{"footnotes":""},"categories":[61,59],"tags":[78,77],"class_list":["post-1836","post","type-post","status-publish","format-standard","hentry","category-ogonfransar","category-recensioner-produkttips","tag-mascara","tag-mascara-i-vinter"],"yoast_head":"<!-- This site is optimized with the Yoast SEO Premium plugin v14.9 - https:\/\/yoast.com\/wordpress\/plugins\/seo\/ -->\n<meta name=\"description\" content=\"Mascara i vinter | Helena Amiley - H\u00e4r hittar du senaste infromation om sk\u00f6nhet, livsstil, entrepren\u00f6rskap, makeup &amp; tips.\" \/>\n<meta name=\"robots\" content=\"index, follow, max-snippet:-1, max-image-preview:large, max-video-preview:-1\" \/>\n<link rel=\"canonical\" href=\"https:\/\/www.imakeyousmile.se\/es\/mascara-i-vinter\/\" \/>\n<meta property=\"og:locale\" content=\"es_ES\" \/>\n<meta property=\"og:type\" content=\"article\" \/>\n<meta property=\"og:title\" content=\"Mascara i vinter | Imakeyousmile.se\" \/>\n<meta property=\"og:description\" content=\"Mascara i vinter | Helena Amiley - H\u00e4r hittar du senaste infromation om sk\u00f6nhet, livsstil, entrepren\u00f6rskap, makeup &amp; tips.\" \/>\n<meta property=\"og:url\" content=\"https:\/\/www.imakeyousmile.se\/es\/mascara-i-vinter\/\" \/>\n<meta property=\"og:site_name\" content=\"Imakeyousmile.se\" \/>\n<meta property=\"article:author\" content=\"https:\/\/www.facebook.com\/imakeyousmile.se\" \/>\n<meta property=\"article:published_time\" content=\"2012-12-03T21:15:23+00:00\" \/>\n<meta property=\"og:image\" content=\"http:\/\/www.imakeyousmile.se\/wp-content\/uploads\/2012\/12\/Generate.png\" \/>\n<meta name=\"twitter:card\" content=\"summary_large_image\" \/>\n<script type=\"application\/ld+json\" class=\"yoast-schema-graph\">{\"@context\":\"https:\/\/schema.org\",\"@graph\":[{\"@type\":\"Organization\",\"@id\":\"https:\/\/www.imakeyousmile.se\/es\/#organization\",\"name\":\"Imakeyousmile\",\"url\":\"https:\/\/www.imakeyousmile.se\/es\/\",\"sameAs\":[],\"logo\":{\"@type\":\"ImageObject\",\"@id\":\"https:\/\/www.imakeyousmile.se\/es\/#logo\",\"inLanguage\":\"es\",\"url\":\"https:\/\/www.imakeyousmile.se\/wp-content\/uploads\/2020\/10\/HELENA-AMILEY_SVART-1-e1603367975324.png\",\"width\":280,\"height\":93,\"caption\":\"Imakeyousmile\"},\"image\":{\"@id\":\"https:\/\/www.imakeyousmile.se\/es\/#logo\"}},{\"@type\":\"WebSite\",\"@id\":\"https:\/\/www.imakeyousmile.se\/es\/#website\",\"url\":\"https:\/\/www.imakeyousmile.se\/es\/\",\"name\":\"Imakeyousmile.se\",\"description\":\"Helena Amiley - Beauty, Entrepreneur, Lifestyle\",\"publisher\":{\"@id\":\"https:\/\/www.imakeyousmile.se\/es\/#organization\"},\"potentialAction\":[{\"@type\":\"SearchAction\",\"target\":\"https:\/\/www.imakeyousmile.se\/es\/?s={search_term_string}\",\"query-input\":\"required name=search_term_string\"}],\"inLanguage\":\"es\"},{\"@type\":\"ImageObject\",\"@id\":\"https:\/\/www.imakeyousmile.se\/mascara-i-vinter\/#primaryimage\",\"inLanguage\":\"es\",\"url\":\"http:\/\/www.imakeyousmile.se\/wp-content\/uploads\/2012\/12\/Generate.png\"},{\"@type\":\"WebPage\",\"@id\":\"https:\/\/www.imakeyousmile.se\/mascara-i-vinter\/#webpage\",\"url\":\"https:\/\/www.imakeyousmile.se\/mascara-i-vinter\/\",\"name\":\"Mascara i vinter | Imakeyousmile.se\",\"isPartOf\":{\"@id\":\"https:\/\/www.imakeyousmile.se\/es\/#website\"},\"primaryImageOfPage\":{\"@id\":\"https:\/\/www.imakeyousmile.se\/mascara-i-vinter\/#primaryimage\"},\"datePublished\":\"2012-12-03T21:15:23+00:00\",\"dateModified\":\"2012-12-03T21:15:23+00:00\",\"description\":\"Mascara i vinter | Helena Amiley - H\\u00e4r hittar du senaste infromation om sk\\u00f6nhet, livsstil, entrepren\\u00f6rskap, makeup & tips.\",\"inLanguage\":\"es\",\"potentialAction\":[{\"@type\":\"ReadAction\",\"target\":[\"https:\/\/www.imakeyousmile.se\/mascara-i-vinter\/\"]}]},{\"@type\":\"Article\",\"@id\":\"https:\/\/www.imakeyousmile.se\/mascara-i-vinter\/#article\",\"isPartOf\":{\"@id\":\"https:\/\/www.imakeyousmile.se\/mascara-i-vinter\/#webpage\"},\"author\":{\"@id\":\"https:\/\/www.imakeyousmile.se\/es\/#\/schema\/person\/b0fd43b1c6bb1c60cfd68bff9b4a10fb\"},\"headline\":\"Mascara i vinter\",\"datePublished\":\"2012-12-03T21:15:23+00:00\",\"dateModified\":\"2012-12-03T21:15:23+00:00\",\"mainEntityOfPage\":{\"@id\":\"https:\/\/www.imakeyousmile.se\/mascara-i-vinter\/#webpage\"},\"commentCount\":0,\"publisher\":{\"@id\":\"https:\/\/www.imakeyousmile.se\/es\/#organization\"},\"image\":{\"@id\":\"https:\/\/www.imakeyousmile.se\/mascara-i-vinter\/#primaryimage\"},\"keywords\":\"mascara,Mascara i vinter\",\"articleSection\":\"\\u00d6gonfransar,Recensioner &amp; Produkttips\",\"inLanguage\":\"es\",\"potentialAction\":[{\"@type\":\"CommentAction\",\"name\":\"Comment\",\"target\":[\"https:\/\/www.imakeyousmile.se\/mascara-i-vinter\/#respond\"]}]},{\"@type\":\"Person\",\"@id\":\"https:\/\/www.imakeyousmile.se\/es\/#\/schema\/person\/b0fd43b1c6bb1c60cfd68bff9b4a10fb\",\"name\":\"Helena Amiley\",\"image\":{\"@type\":\"ImageObject\",\"@id\":\"https:\/\/www.imakeyousmile.se\/es\/#personlogo\",\"inLanguage\":\"es\",\"url\":\"https:\/\/secure.gravatar.com\/avatar\/5645558e1e355457a23368d7e1b4c904?s=96&d=mm&r=g\",\"caption\":\"Helena Amiley\"},\"description\":\"Jag skriver mest om sk\\u00f6nhet men bjuder \\u00e4ven p\\u00e5 glimtar fr\\u00e5n entrepren\\u00f6rlivet och bygget av v\\u00e5r egen camper van. Vanlife here we come!\",\"sameAs\":[\"https:\/\/www.facebook.com\/imakeyousmile.se\",\"https:\/\/www.instagram.com\/helenaamiley\",\"https:\/\/www.youtube.com\/channel\/UCR5iB6rvpV6Yr8ZjpQfr5mg?view_as=subscriber\"]}]}<\/script>\n<!-- \/ Yoast SEO Premium plugin. -->","_links":{"self":[{"href":"https:\/\/www.imakeyousmile.se\/es\/wp-json\/wp\/v2\/posts\/1836"}],"collection":[{"href":"https:\/\/www.imakeyousmile.se\/es\/wp-json\/wp\/v2\/posts"}],"about":[{"href":"https:\/\/www.imakeyousmile.se\/es\/wp-json\/wp\/v2\/types\/post"}],"author":[{"embeddable":true,"href":"https:\/\/www.imakeyousmile.se\/es\/wp-json\/wp\/v2\/users\/30"}],"replies":[{"embeddable":true,"href":"https:\/\/www.imakeyousmile.se\/es\/wp-json\/wp\/v2\/comments?post=1836"}],"version-history":[{"count":0,"href":"https:\/\/www.imakeyousmile.se\/es\/wp-json\/wp\/v2\/posts\/1836\/revisions"}],"wp:attachment":[{"href":"https:\/\/www.imakeyousmile.se\/es\/wp-json\/wp\/v2\/media?parent=1836"}],"wp:term":[{"taxonomy":"category","embeddable":true,"href":"https:\/\/www.imakeyousmile.se\/es\/wp-json\/wp\/v2\/categories?post=1836"},{"taxonomy":"post_tag","embeddable":true,"href":"https:\/\/www.imakeyousmile.se\/es\/wp-json\/wp\/v2\/tags?post=1836"}],"curies":[{"name":"wp","href":"https:\/\/api.w.org\/{rel}","templated":true}]}}