{"id":18372,"date":"2015-01-02T15:15:35","date_gmt":"2015-01-02T14:15:35","guid":{"rendered":"http:\/\/finest.se\/helenaronnblad\/?p=1439"},"modified":"2015-04-18T12:32:16","modified_gmt":"2015-04-18T10:32:16","slug":"kenza-sminkning-steg-for-steg","status":"publish","type":"post","link":"https:\/\/www.imakeyousmile.se\/es\/kenza-maquillaje-paso-a-paso\/","title":{"rendered":"Maquillaje Kenza paso a paso"},"content":{"rendered":"<p>Una persona que se maquilla muy bien <a href=\"http:\/\/kenzas.se\/\" target=\"_blank\">Kenza Zouiten<\/a>, y la raz\u00f3n por la que es tan guapa en su maquillaje, no creo que sea porque sabe exactamente d\u00f3nde est\u00e1s, debe aplicar el sombreado para la forma perfecta del rostro o c\u00f3mo hacer que los labios sean lo m\u00e1s llenos posible. \u00a1Pero creo que es realmente buena para seguir sus propios rasgos y enfatizar la belleza que tiene!<\/p>\n<p>Para los mejores maquillajes del d\u00eda a d\u00eda seg\u00fan mi gusto, son donde se aplica todo el maquillaje que utilizas para enfatizar la belleza del rostro, y no para agrandar, remodelar, etc.sin seguir tus propias l\u00edneas y de forma natural solo resaltarlo mejor en su apariencia!<\/p>\n<p>Pero no tiene por qu\u00e9 significar que debas tener &quot;miedo al maquillaje&quot;, pero a\u00fan puedes usar sombras de ojos, brillo de labios y todo el coro :)<\/p>\n<p>\u00a1El maquillaje de hoy es, por tanto, un maquillaje diario r\u00e1pido inspirado en Kenza!<\/p>\n<p><a style=\"color: #0f3647;\" href=\"http:\/\/cdn.finest.se\/wp-content\/uploads\/sites\/7701\/2015\/01\/1420206075-7902.jpg\"><img loading=\"lazy\" decoding=\"async\" class=\"alignnone size-full wp-image-1443\" src=\"http:\/\/cdn.finest.se\/wp-content\/uploads\/sites\/7701\/2015\/01\/1420206075-7902.jpg\" alt=\"maquillaje kenza\" width=\"1132\" height=\"930\" \/><\/a><\/p>\n<p>Detalles de maquillaje: cejas marcadas, labios naturales brillantes, sombreado discreto y resaltador en el rostro, una base impecable, ojos suavemente ahumados en colores tierra y pesta\u00f1as largas.<\/p>\n<p><a style=\"color: #0f3647;\" href=\"http:\/\/cdn.finest.se\/wp-content\/uploads\/sites\/7701\/2015\/01\/1420206072-7902.jpg\"><img loading=\"lazy\" decoding=\"async\" class=\"alignnone size-full wp-image-1442\" src=\"http:\/\/cdn.finest.se\/wp-content\/uploads\/sites\/7701\/2015\/01\/1420206072-7902.jpg\" alt=\"IMG_7913_111\" width=\"1500\" height=\"1427\" \/><\/a><\/p>\n<p>Brillo de labios, <a href=\"http:\/\/creativemakeup.se\/produkt\/paese-balm-lipgloss\/\" target=\"_blank\">Brillo de labios Paese Balm (tono 622)<\/a><\/p>\n<p><a href=\"http:\/\/cdn.finest.se\/wp-content\/uploads\/sites\/7701\/2015\/01\/1420206983-7902.jpg\"><img loading=\"lazy\" decoding=\"async\" class=\"alignnone size-full wp-image-1444\" src=\"http:\/\/cdn.finest.se\/wp-content\/uploads\/sites\/7701\/2015\/01\/1420206983-7902.jpg\" alt=\"kenza-maquillaje-paso a paso_\" width=\"1500\" height=\"977\" \/><\/a><\/p>\n<p>1. <strong><span style=\"color: #808080;\">Sombra de ojos gris-marr\u00f3n<\/span><\/strong> fumado en todo el p\u00e1rpado y la l\u00ednea de las pesta\u00f1as inferiores, <a href=\"http:\/\/creativemakeup.se\/produkt\/paese-kashmir-trio-eyeshadow\/\" target=\"_blank\">Sombra de ojos Paese Kashmir Trio (684)<\/a><br \/>\n2. <strong><span style=\"color: #993300;\">Sombra de ojos marr\u00f3n<\/span><\/strong> holl\u00edn al final del p\u00e1rpado y al final de la l\u00ednea de las pesta\u00f1as inferiores,\u00a0<a href=\"http:\/\/creativemakeup.se\/produkt\/paese-kashmir-trio-eyeshadow\/\" target=\"_blank\">Sombra de ojos Paese Kashmir Trio (684)<\/a><br \/>\n3. <strong><span style=\"color: #000000;\">Sombra de ojos negra<\/span><\/strong> delgado a lo largo de la l\u00ednea de las pesta\u00f1as superiores (como un delineador de ojos discreto), <a href=\"http:\/\/creativemakeup.se\/produkt\/paese-kasmir-matte-black-eyeshadow\/\" target=\"_blank\">Sombra de ojos negra mate Paese Kashmir<\/a>.<br \/>\n4. <strong><span style=\"color: #ffcc99;\">Sombra de ojos brillante y reluciente<\/span><\/strong> en el rabillo del ojo y debajo de la frente,<a href=\"https:\/\/ion.lyko.com\/t\/t?a=1117786221&#038;as=1548102449&#038;t=2&#038;tk=1&#038;epi=search-replace-eyeshadow&#038;url=https:\/\/lyko.com\/sv\/sok?q=highlighter+eyeshadow\" target=\"_blank\"> La sombra favorita de Annika<\/a>.<br \/>\n5. Doble las pesta\u00f1as y aplique <strong><span style=\"color: #000000;\">m\u00e1scara<\/span><\/strong> en todas las pesta\u00f1as, <a href=\"https:\/\/ion.lyko.com\/t\/t?a=1117786221&#038;as=1548102449&#038;t=2&#038;tk=1&#038;epi=search-replace-mascara&#038;url=https:\/\/lyko.com\/sv\/smink\/ogon\/mascara\" target=\"_blank\">M\u00e1scara de pesta\u00f1as Golden Rose Miracle Lash<\/a>.<\/p>\n<p><a style=\"color: #0f3647;\" href=\"http:\/\/cdn.finest.se\/wp-content\/uploads\/sites\/7701\/2015\/01\/1420206069-7902.jpg\"><img loading=\"lazy\" decoding=\"async\" class=\"alignnone size-full wp-image-1441\" src=\"http:\/\/cdn.finest.se\/wp-content\/uploads\/sites\/7701\/2015\/01\/1420206069-7902.jpg\" alt=\"IMG_7901_111\" width=\"1500\" height=\"1322\" \/><\/a><\/p>\n<p><a href=\"http:\/\/cdn.finest.se\/wp-content\/uploads\/sites\/7701\/2015\/01\/1420206065-7902.jpg\"><img loading=\"lazy\" decoding=\"async\" class=\"alignnone size-full wp-image-1440\" src=\"http:\/\/cdn.finest.se\/wp-content\/uploads\/sites\/7701\/2015\/01\/1420206065-7902.jpg\" alt=\"IMG_7897_111\" width=\"1500\" height=\"1438\" \/><\/a><\/p>\n<p>Fint va? :)<\/p>\n<p>Lo que m\u00e1s me gusta de maquillarme inspirado en gente famosa es el nivel de humor aqu\u00ed en casa cuando bromeo con Miska en intervalos de unos 5 minutos.\u00a0<em>\u201c\u00bfPor qu\u00e9 tenemos aqu\u00ed una pintura sobre Kenza?<\/em>&quot;Y apunta al espejo&quot;<em>mira esta foto, aqu\u00ed me parezco much\u00edsimo a ella !!<\/em>Y muestra una imagen de su blog. \u00a1El riesgo es grande de que Miska se canse pronto de m\u00ed jaja!<\/p>\n<p>De todos modos, \u00a1espero que te hayas inspirado y que el maquillaje te haya sido \u00fatil! \u2665<\/p>","protected":false},"excerpt":{"rendered":"<p>En person som sminkar sig riktigt snyggt det \u00e4r Kenza Zouiten, och anledningen till att hon \u00e4r s\u00e5\u00a0snygg i sina sminkningar tror jag inte beror p\u00e5 att hon vet exakt var man t.ex. ska l\u00e4gga shadingen f\u00f6r den perfekta ansiktsformen eller hur man sminkar l\u00e4pparna s\u00e5 fylliga som m\u00f6jligt. Utan jag tror att hon bara [&hellip;]<\/p>\n","protected":false},"author":30,"featured_media":18832,"comment_status":"open","ping_status":"open","sticky":false,"template":"","format":"standard","meta":{"footnotes":""},"categories":[2827],"tags":[699,3057,3058,2837,2475,3059,629,302],"class_list":["post-18372","post","type-post","status-publish","format-standard","has-post-thumbnail","hentry","category-vardagssminkningar","tag-annikas-favoritskugga","tag-brun-vardagssminkning","tag-kenza-smink","tag-paese-kashmir-svart","tag-paese-kashmir-trio","tag-snabb-vardagssminkning","tag-vardagssminkning","tag-vardagssminkning-steg-for-steg"],"yoast_head":"<!-- This site is optimized with the Yoast SEO Premium plugin v14.9 - https:\/\/yoast.com\/wordpress\/plugins\/seo\/ -->\n<meta name=\"description\" content=\"Kenza sminkning steg f\u00f6r steg | Helena Amiley - H\u00e4r hittar du senaste infromation om sk\u00f6nhet, livsstil, entrepren\u00f6rskap, makeup &amp; tips.\" \/>\n<meta name=\"robots\" content=\"index, follow, max-snippet:-1, max-image-preview:large, max-video-preview:-1\" \/>\n<link rel=\"canonical\" href=\"https:\/\/www.imakeyousmile.se\/es\/kenza-sminkning-steg-for-steg\/\" \/>\n<meta property=\"og:locale\" content=\"es_ES\" \/>\n<meta property=\"og:type\" content=\"article\" \/>\n<meta property=\"og:title\" content=\"Kenza sminkning steg f\u00f6r steg | Imakeyousmile.se\" \/>\n<meta property=\"og:description\" content=\"Kenza sminkning steg f\u00f6r steg | Helena Amiley - H\u00e4r hittar du senaste infromation om sk\u00f6nhet, livsstil, entrepren\u00f6rskap, makeup &amp; tips.\" \/>\n<meta property=\"og:url\" content=\"https:\/\/www.imakeyousmile.se\/es\/kenza-sminkning-steg-for-steg\/\" \/>\n<meta property=\"og:site_name\" content=\"Imakeyousmile.se\" \/>\n<meta property=\"article:author\" content=\"https:\/\/www.facebook.com\/imakeyousmile.se\" \/>\n<meta property=\"article:published_time\" content=\"2015-01-02T14:15:35+00:00\" \/>\n<meta property=\"article:modified_time\" content=\"2015-04-18T10:32:16+00:00\" \/>\n<meta property=\"og:image\" content=\"https:\/\/www.imakeyousmile.se\/wp-content\/uploads\/2015\/01\/1420206069-7902.jpg\" \/>\n\t<meta property=\"og:image:width\" content=\"1500\" \/>\n\t<meta property=\"og:image:height\" content=\"1322\" \/>\n<meta name=\"twitter:card\" content=\"summary_large_image\" \/>\n<script type=\"application\/ld+json\" class=\"yoast-schema-graph\">{\"@context\":\"https:\/\/schema.org\",\"@graph\":[{\"@type\":\"Organization\",\"@id\":\"https:\/\/www.imakeyousmile.se\/es\/#organization\",\"name\":\"Imakeyousmile\",\"url\":\"https:\/\/www.imakeyousmile.se\/es\/\",\"sameAs\":[],\"logo\":{\"@type\":\"ImageObject\",\"@id\":\"https:\/\/www.imakeyousmile.se\/es\/#logo\",\"inLanguage\":\"es\",\"url\":\"https:\/\/www.imakeyousmile.se\/wp-content\/uploads\/2020\/10\/HELENA-AMILEY_SVART-1-e1603367975324.png\",\"width\":280,\"height\":93,\"caption\":\"Imakeyousmile\"},\"image\":{\"@id\":\"https:\/\/www.imakeyousmile.se\/es\/#logo\"}},{\"@type\":\"WebSite\",\"@id\":\"https:\/\/www.imakeyousmile.se\/es\/#website\",\"url\":\"https:\/\/www.imakeyousmile.se\/es\/\",\"name\":\"Imakeyousmile.se\",\"description\":\"Helena Amiley - Beauty, Entrepreneur, Lifestyle\",\"publisher\":{\"@id\":\"https:\/\/www.imakeyousmile.se\/es\/#organization\"},\"potentialAction\":[{\"@type\":\"SearchAction\",\"target\":\"https:\/\/www.imakeyousmile.se\/es\/?s={search_term_string}\",\"query-input\":\"required name=search_term_string\"}],\"inLanguage\":\"es\"},{\"@type\":\"ImageObject\",\"@id\":\"https:\/\/www.imakeyousmile.se\/kenza-sminkning-steg-for-steg\/#primaryimage\",\"inLanguage\":\"es\",\"url\":\"https:\/\/www.imakeyousmile.se\/wp-content\/uploads\/2015\/01\/1420206069-7902.jpg\",\"width\":1500,\"height\":1322},{\"@type\":\"WebPage\",\"@id\":\"https:\/\/www.imakeyousmile.se\/kenza-sminkning-steg-for-steg\/#webpage\",\"url\":\"https:\/\/www.imakeyousmile.se\/kenza-sminkning-steg-for-steg\/\",\"name\":\"Kenza sminkning steg f\\u00f6r steg | Imakeyousmile.se\",\"isPartOf\":{\"@id\":\"https:\/\/www.imakeyousmile.se\/es\/#website\"},\"primaryImageOfPage\":{\"@id\":\"https:\/\/www.imakeyousmile.se\/kenza-sminkning-steg-for-steg\/#primaryimage\"},\"datePublished\":\"2015-01-02T14:15:35+00:00\",\"dateModified\":\"2015-04-18T10:32:16+00:00\",\"description\":\"Kenza sminkning steg f\\u00f6r steg | Helena Amiley - H\\u00e4r hittar du senaste infromation om sk\\u00f6nhet, livsstil, entrepren\\u00f6rskap, makeup & tips.\",\"inLanguage\":\"es\",\"potentialAction\":[{\"@type\":\"ReadAction\",\"target\":[\"https:\/\/www.imakeyousmile.se\/kenza-sminkning-steg-for-steg\/\"]}]},{\"@type\":\"Article\",\"@id\":\"https:\/\/www.imakeyousmile.se\/kenza-sminkning-steg-for-steg\/#article\",\"isPartOf\":{\"@id\":\"https:\/\/www.imakeyousmile.se\/kenza-sminkning-steg-for-steg\/#webpage\"},\"author\":{\"@id\":\"https:\/\/www.imakeyousmile.se\/es\/#\/schema\/person\/b0fd43b1c6bb1c60cfd68bff9b4a10fb\"},\"headline\":\"Kenza sminkning steg f\\u00f6r steg\",\"datePublished\":\"2015-01-02T14:15:35+00:00\",\"dateModified\":\"2015-04-18T10:32:16+00:00\",\"mainEntityOfPage\":{\"@id\":\"https:\/\/www.imakeyousmile.se\/kenza-sminkning-steg-for-steg\/#webpage\"},\"commentCount\":3,\"publisher\":{\"@id\":\"https:\/\/www.imakeyousmile.se\/es\/#organization\"},\"image\":{\"@id\":\"https:\/\/www.imakeyousmile.se\/kenza-sminkning-steg-for-steg\/#primaryimage\"},\"keywords\":\"annikas favoritskugga,brun vardagssminkning,kenza smink,paese kashmir svart,paese kashmir trio,snabb vardagssminkning,vardagssminkning,Vardagssminkning steg f\\u00f6r steg\",\"articleSection\":\"Neutrala \/ milda sminkningar\",\"inLanguage\":\"es\",\"potentialAction\":[{\"@type\":\"CommentAction\",\"name\":\"Comment\",\"target\":[\"https:\/\/www.imakeyousmile.se\/kenza-sminkning-steg-for-steg\/#respond\"]}]},{\"@type\":\"Person\",\"@id\":\"https:\/\/www.imakeyousmile.se\/es\/#\/schema\/person\/b0fd43b1c6bb1c60cfd68bff9b4a10fb\",\"name\":\"Helena Amiley\",\"image\":{\"@type\":\"ImageObject\",\"@id\":\"https:\/\/www.imakeyousmile.se\/es\/#personlogo\",\"inLanguage\":\"es\",\"url\":\"https:\/\/secure.gravatar.com\/avatar\/5645558e1e355457a23368d7e1b4c904?s=96&d=mm&r=g\",\"caption\":\"Helena Amiley\"},\"description\":\"Jag skriver mest om sk\\u00f6nhet men bjuder \\u00e4ven p\\u00e5 glimtar fr\\u00e5n entrepren\\u00f6rlivet och bygget av v\\u00e5r egen camper van. Vanlife here we come!\",\"sameAs\":[\"https:\/\/www.facebook.com\/imakeyousmile.se\",\"https:\/\/www.instagram.com\/helenaamiley\",\"https:\/\/www.youtube.com\/channel\/UCR5iB6rvpV6Yr8ZjpQfr5mg?view_as=subscriber\"]}]}<\/script>\n<!-- \/ Yoast SEO Premium plugin. -->","_links":{"self":[{"href":"https:\/\/www.imakeyousmile.se\/es\/wp-json\/wp\/v2\/posts\/18372"}],"collection":[{"href":"https:\/\/www.imakeyousmile.se\/es\/wp-json\/wp\/v2\/posts"}],"about":[{"href":"https:\/\/www.imakeyousmile.se\/es\/wp-json\/wp\/v2\/types\/post"}],"author":[{"embeddable":true,"href":"https:\/\/www.imakeyousmile.se\/es\/wp-json\/wp\/v2\/users\/30"}],"replies":[{"embeddable":true,"href":"https:\/\/www.imakeyousmile.se\/es\/wp-json\/wp\/v2\/comments?post=18372"}],"version-history":[{"count":1,"href":"https:\/\/www.imakeyousmile.se\/es\/wp-json\/wp\/v2\/posts\/18372\/revisions"}],"predecessor-version":[{"id":18833,"href":"https:\/\/www.imakeyousmile.se\/es\/wp-json\/wp\/v2\/posts\/18372\/revisions\/18833"}],"wp:featuredmedia":[{"embeddable":true,"href":"https:\/\/www.imakeyousmile.se\/es\/wp-json\/wp\/v2\/media\/18832"}],"wp:attachment":[{"href":"https:\/\/www.imakeyousmile.se\/es\/wp-json\/wp\/v2\/media?parent=18372"}],"wp:term":[{"taxonomy":"category","embeddable":true,"href":"https:\/\/www.imakeyousmile.se\/es\/wp-json\/wp\/v2\/categories?post=18372"},{"taxonomy":"post_tag","embeddable":true,"href":"https:\/\/www.imakeyousmile.se\/es\/wp-json\/wp\/v2\/tags?post=18372"}],"curies":[{"name":"wp","href":"https:\/\/api.w.org\/{rel}","templated":true}]}}