{"id":18376,"date":"2015-01-04T15:24:53","date_gmt":"2015-01-04T14:24:53","guid":{"rendered":"http:\/\/finest.se\/helenaronnblad\/?p=1478"},"modified":"2021-10-07T16:43:20","modified_gmt":"2021-10-07T14:43:20","slug":"laura-mercier-eyelash-curler","status":"publish","type":"post","link":"https:\/\/www.imakeyousmile.se\/es\/laura-mercier-rizador-de-pestanas\/","title":{"rendered":"Rizador de pesta\u00f1as Laura Mercier"},"content":{"rendered":"<p>\u00a1Quiero hablarte de un magn\u00edfico rizador de pesta\u00f1as al que me he vuelto un poco adicto!<\/p>\n<p>De lo contrario, suelo usar siempre un rizador de pesta\u00f1as con calor, porque se desgasta menos en las pesta\u00f1as porque primero puedes aplicar el r\u00edmel y luego funciona como protecci\u00f3n contra el calor. Adem\u00e1s, obtienes una curva muy suave con el calor.<\/p>\n<p>Pero <a href=\"https:\/\/ion.lyko.com\/t\/t?a=1117786221&amp;as=1548102449&amp;t=2&amp;tk=1&amp;epi=search-replace-lashcurler&amp;url=https:\/\/lyko.com\/sv\/sok?q=eyelash+curler\" target=\"_blank\" rel=\"noopener\">Laura Mercier<\/a> tiene un magn\u00edfico rizador de pesta\u00f1as de pl\u00e1stico que le da una curva muy agradable y suave, y adem\u00e1s, \u00a1los rizadores de pesta\u00f1as no se desgastan tanto como los de metal!<\/p>\n<p>Lo recib\u00ed en casa como prueba de prensa hace unas semanas y lo he usado mucho desde entonces :)<\/p>\n<p>As\u00ed es como se ve, peque\u00f1o y no pesa casi nada.<\/p>\n<p>Cuesta SEK 125\u00a0<a href=\"https:\/\/ion.lyko.com\/t\/t?a=1117786221&amp;as=1548102449&amp;t=2&amp;tk=1&amp;epi=search-replace-lashcurler&amp;url=https:\/\/lyko.com\/sv\/sok?q=eyelash+curler\" target=\"_blank\" rel=\"noopener\">AQU\u00cd<\/a> y luego se incluye un coj\u00edn de goma adicional para que pueda cambiar cuando el primero comience a desgastarse. El coj\u00edn de goma est\u00e1 unido a la parte inferior de la curva de las pesta\u00f1as, por lo que no lo descuides :)<\/p>\n<p>El asa est\u00e1 doblada hacia arriba para que quede plana cuando no la est\u00e9s usando, y cuando tengas que doblar las pesta\u00f1as, simplemente d\u00f3blala hacia abajo y presiona cuando quieras que se cierre.<\/p>\n<p>Un consejo si tienes pesta\u00f1as largas es primero doblarlas lo m\u00e1s cerca posible de la l\u00ednea de las pesta\u00f1as y luego tambi\u00e9n un poco m\u00e1s hacia afuera. \u00a1Entonces obtienes una curva m\u00e1s suave!<\/p>\n<p>De hecho, he tenido un poco de fobia a los rizadores de pesta\u00f1as que se doblan al apretarlos, porque el primero que ten\u00eda (de H&amp;M, creo) pod\u00eda apretar la piel de vez en cuando y me dol\u00eda. Pero con este no hay ning\u00fan problema por lo que puedo estar tranquilo cuando lo uso. Probablemente no sea un problema con la mayor\u00eda de los dobladores hoy, pero todav\u00eda tengo un poco de ansiedad por todas las veces que apret\u00e9 en mi adolescencia, jaja.<\/p>\n<p>Por cierto, disculpe mis u\u00f1as gastadas, las fotos no son nuevas, as\u00ed que todav\u00eda tengo el esmalte en gel de las u\u00f1as de mi sal\u00f3n aqu\u00ed. \u00bfVes la peque\u00f1a grieta en la u\u00f1a del pulgar? \u00a1Lo que no sab\u00eda cuando tom\u00e9 la foto fue que debajo ten\u00eda una infecci\u00f3n en curso en la u\u00f1a debido a la grieta! As\u00ed que me llev\u00e9 una sorpresa cuando me quit\u00e9 todo jaja :) \u00a1Ten cuidado con las u\u00f1as de gel!<\/p>\n<p><strong>\u00a1Abrazo abrazo!<\/strong><\/p>\n<p><img decoding=\"async\" id=\"hola-icon-globe\" style=\"top: 901.3786010742188px; left: -16px;\" src=\"safari-extension:\/\/com.devdanpro.HolaTranslator.Extension-5USUM255P7\/96a01806\/holaIconWhite.svg\" \/><\/p>","protected":false},"excerpt":{"rendered":"<p>Jag vill tipsa er om en superbra \u00f6gonfransb\u00f6jare som jag har blivit lite beroende av! Jag brukar annars alltid anv\u00e4nda en \u00f6gonfransb\u00f6jare med v\u00e4rme, f\u00f6r det sliter mindre p\u00e5 fransarna eftersom att man kan applicera mascara f\u00f6rst och d\u00e5 funkar det som ett v\u00e4rmeskydd. Dessutom f\u00e5r man en v\u00e4ldigt mjuk b\u00f6j med v\u00e4rme. Men Laura [&hellip;]<\/p>\n","protected":false},"author":30,"featured_media":0,"comment_status":"open","ping_status":"open","sticky":false,"template":"","format":"standard","meta":{"footnotes":""},"categories":[59],"tags":[3061,3062,3064,3063],"class_list":["post-18376","post","type-post","status-publish","format-standard","hentry","category-recensioner-produkttips","tag-boja-ogonfransarna","tag-laura-mercier-eyelash-curler","tag-ogonfransbojare-plast","tag-tips-ogonfransbojare"],"yoast_head":"<!-- This site is optimized with the Yoast SEO Premium plugin v14.9 - https:\/\/yoast.com\/wordpress\/plugins\/seo\/ -->\n<meta name=\"description\" content=\"Laura Mercier Eyelash Curler | Helena Amiley - H\u00e4r hittar du senaste infromation om sk\u00f6nhet, livsstil, entrepren\u00f6rskap, makeup &amp; tips.\" \/>\n<meta name=\"robots\" content=\"index, follow, max-snippet:-1, max-image-preview:large, max-video-preview:-1\" \/>\n<link rel=\"canonical\" href=\"https:\/\/www.imakeyousmile.se\/es\/laura-mercier-eyelash-curler\/\" \/>\n<meta property=\"og:locale\" content=\"es_ES\" \/>\n<meta property=\"og:type\" content=\"article\" \/>\n<meta property=\"og:title\" content=\"Laura Mercier Eyelash Curler | Imakeyousmile.se\" \/>\n<meta property=\"og:description\" content=\"Laura Mercier Eyelash Curler | Helena Amiley - H\u00e4r hittar du senaste infromation om sk\u00f6nhet, livsstil, entrepren\u00f6rskap, makeup &amp; tips.\" \/>\n<meta property=\"og:url\" content=\"https:\/\/www.imakeyousmile.se\/es\/laura-mercier-eyelash-curler\/\" \/>\n<meta property=\"og:site_name\" content=\"Imakeyousmile.se\" \/>\n<meta property=\"article:author\" content=\"https:\/\/www.facebook.com\/imakeyousmile.se\" \/>\n<meta property=\"article:published_time\" content=\"2015-01-04T14:24:53+00:00\" \/>\n<meta property=\"article:modified_time\" content=\"2021-10-07T14:43:20+00:00\" \/>\n<meta property=\"og:image\" content=\"\" \/>\n<meta name=\"twitter:card\" content=\"summary_large_image\" \/>\n<script type=\"application\/ld+json\" class=\"yoast-schema-graph\">{\"@context\":\"https:\/\/schema.org\",\"@graph\":[{\"@type\":\"Organization\",\"@id\":\"https:\/\/www.imakeyousmile.se\/es\/#organization\",\"name\":\"Imakeyousmile\",\"url\":\"https:\/\/www.imakeyousmile.se\/es\/\",\"sameAs\":[],\"logo\":{\"@type\":\"ImageObject\",\"@id\":\"https:\/\/www.imakeyousmile.se\/es\/#logo\",\"inLanguage\":\"es\",\"url\":\"https:\/\/www.imakeyousmile.se\/wp-content\/uploads\/2020\/10\/HELENA-AMILEY_SVART-1-e1603367975324.png\",\"width\":280,\"height\":93,\"caption\":\"Imakeyousmile\"},\"image\":{\"@id\":\"https:\/\/www.imakeyousmile.se\/es\/#logo\"}},{\"@type\":\"WebSite\",\"@id\":\"https:\/\/www.imakeyousmile.se\/es\/#website\",\"url\":\"https:\/\/www.imakeyousmile.se\/es\/\",\"name\":\"Imakeyousmile.se\",\"description\":\"Helena Amiley - Beauty, Entrepreneur, Lifestyle\",\"publisher\":{\"@id\":\"https:\/\/www.imakeyousmile.se\/es\/#organization\"},\"potentialAction\":[{\"@type\":\"SearchAction\",\"target\":\"https:\/\/www.imakeyousmile.se\/es\/?s={search_term_string}\",\"query-input\":\"required name=search_term_string\"}],\"inLanguage\":\"es\"},{\"@type\":\"ImageObject\",\"@id\":\"https:\/\/www.imakeyousmile.se\/laura-mercier-eyelash-curler\/#primaryimage\",\"inLanguage\":\"es\",\"url\":\"safari-extension:\/\/com.devdanpro.HolaTranslator.Extension-5USUM255P7\/96a01806\/holaIconWhite.svg\"},{\"@type\":\"WebPage\",\"@id\":\"https:\/\/www.imakeyousmile.se\/laura-mercier-eyelash-curler\/#webpage\",\"url\":\"https:\/\/www.imakeyousmile.se\/laura-mercier-eyelash-curler\/\",\"name\":\"Laura Mercier Eyelash Curler | Imakeyousmile.se\",\"isPartOf\":{\"@id\":\"https:\/\/www.imakeyousmile.se\/es\/#website\"},\"primaryImageOfPage\":{\"@id\":\"https:\/\/www.imakeyousmile.se\/laura-mercier-eyelash-curler\/#primaryimage\"},\"datePublished\":\"2015-01-04T14:24:53+00:00\",\"dateModified\":\"2021-10-07T14:43:20+00:00\",\"description\":\"Laura Mercier Eyelash Curler | Helena Amiley - H\\u00e4r hittar du senaste infromation om sk\\u00f6nhet, livsstil, entrepren\\u00f6rskap, makeup & tips.\",\"inLanguage\":\"es\",\"potentialAction\":[{\"@type\":\"ReadAction\",\"target\":[\"https:\/\/www.imakeyousmile.se\/laura-mercier-eyelash-curler\/\"]}]},{\"@type\":\"Article\",\"@id\":\"https:\/\/www.imakeyousmile.se\/laura-mercier-eyelash-curler\/#article\",\"isPartOf\":{\"@id\":\"https:\/\/www.imakeyousmile.se\/laura-mercier-eyelash-curler\/#webpage\"},\"author\":{\"@id\":\"https:\/\/www.imakeyousmile.se\/es\/#\/schema\/person\/b0fd43b1c6bb1c60cfd68bff9b4a10fb\"},\"headline\":\"Laura Mercier Eyelash Curler\",\"datePublished\":\"2015-01-04T14:24:53+00:00\",\"dateModified\":\"2021-10-07T14:43:20+00:00\",\"mainEntityOfPage\":{\"@id\":\"https:\/\/www.imakeyousmile.se\/laura-mercier-eyelash-curler\/#webpage\"},\"commentCount\":7,\"publisher\":{\"@id\":\"https:\/\/www.imakeyousmile.se\/es\/#organization\"},\"image\":{\"@id\":\"https:\/\/www.imakeyousmile.se\/laura-mercier-eyelash-curler\/#primaryimage\"},\"keywords\":\"b\\u00f6ja \\u00f6gonfransarna,Laura Mercier Eyelash Curler,\\u00f6gonfransb\\u00f6jare plast,tips \\u00f6gonfransb\\u00f6jare\",\"articleSection\":\"Recensioner &amp; Produkttips\",\"inLanguage\":\"es\",\"potentialAction\":[{\"@type\":\"CommentAction\",\"name\":\"Comment\",\"target\":[\"https:\/\/www.imakeyousmile.se\/laura-mercier-eyelash-curler\/#respond\"]}]},{\"@type\":\"Person\",\"@id\":\"https:\/\/www.imakeyousmile.se\/es\/#\/schema\/person\/b0fd43b1c6bb1c60cfd68bff9b4a10fb\",\"name\":\"Helena Amiley\",\"image\":{\"@type\":\"ImageObject\",\"@id\":\"https:\/\/www.imakeyousmile.se\/es\/#personlogo\",\"inLanguage\":\"es\",\"url\":\"https:\/\/secure.gravatar.com\/avatar\/5645558e1e355457a23368d7e1b4c904?s=96&d=mm&r=g\",\"caption\":\"Helena Amiley\"},\"description\":\"Jag skriver mest om sk\\u00f6nhet men bjuder \\u00e4ven p\\u00e5 glimtar fr\\u00e5n entrepren\\u00f6rlivet och bygget av v\\u00e5r egen camper van. Vanlife here we come!\",\"sameAs\":[\"https:\/\/www.facebook.com\/imakeyousmile.se\",\"https:\/\/www.instagram.com\/helenaamiley\",\"https:\/\/www.youtube.com\/channel\/UCR5iB6rvpV6Yr8ZjpQfr5mg?view_as=subscriber\"]}]}<\/script>\n<!-- \/ Yoast SEO Premium plugin. -->","_links":{"self":[{"href":"https:\/\/www.imakeyousmile.se\/es\/wp-json\/wp\/v2\/posts\/18376"}],"collection":[{"href":"https:\/\/www.imakeyousmile.se\/es\/wp-json\/wp\/v2\/posts"}],"about":[{"href":"https:\/\/www.imakeyousmile.se\/es\/wp-json\/wp\/v2\/types\/post"}],"author":[{"embeddable":true,"href":"https:\/\/www.imakeyousmile.se\/es\/wp-json\/wp\/v2\/users\/30"}],"replies":[{"embeddable":true,"href":"https:\/\/www.imakeyousmile.se\/es\/wp-json\/wp\/v2\/comments?post=18376"}],"version-history":[{"count":2,"href":"https:\/\/www.imakeyousmile.se\/es\/wp-json\/wp\/v2\/posts\/18376\/revisions"}],"predecessor-version":[{"id":41974,"href":"https:\/\/www.imakeyousmile.se\/es\/wp-json\/wp\/v2\/posts\/18376\/revisions\/41974"}],"wp:attachment":[{"href":"https:\/\/www.imakeyousmile.se\/es\/wp-json\/wp\/v2\/media?parent=18376"}],"wp:term":[{"taxonomy":"category","embeddable":true,"href":"https:\/\/www.imakeyousmile.se\/es\/wp-json\/wp\/v2\/categories?post=18376"},{"taxonomy":"post_tag","embeddable":true,"href":"https:\/\/www.imakeyousmile.se\/es\/wp-json\/wp\/v2\/tags?post=18376"}],"curies":[{"name":"wp","href":"https:\/\/api.w.org\/{rel}","templated":true}]}}