{"id":18389,"date":"2015-01-08T17:56:08","date_gmt":"2015-01-08T16:56:08","guid":{"rendered":"http:\/\/finest.se\/helenaronnblad\/?p=1592"},"modified":"2015-04-19T10:27:15","modified_gmt":"2015-04-19T08:27:15","slug":"sminktips-nar-du-tonar-ut-ogonskuggan","status":"publish","type":"post","link":"https:\/\/www.imakeyousmile.se\/es\/consejos-de-maquillaje-cuando-tonificas-la-sombra-de-ojos\/","title":{"rendered":"Consejos de maquillaje al decolorar la sombra de ojos"},"content":{"rendered":"<p>Tuve una peque\u00f1a conversaci\u00f3n en el campo de comentarios con un lector, lo que me hizo pensar en un consejo de maquillaje que olvid\u00e9 contarte. \u00a1Es un consejo s\u00faper simple que ayuda a obtener bordes m\u00e1s suaves al tonificar la sombra de ojos!<\/p>\n<p><span style=\"color: #333333\">Lectores - <em><strong>\u00bfC\u00f3mo se guarda una sombra de ojos que se ha desvanecido demasiado o de manera desigual? \u00bfC\u00f3mo se guardan los bordes sin arruinar el maquillaje b\u00e1sico? &quot;<\/strong><\/em><\/span><\/p>\n<p>YO -\u00a0<strong><em><span style=\"color: #333333\">Tops! Las blusas son muy buenas para esto, pero \u00fasalas un poco como una brocha de maquillaje, por lo que no debes ser \u00e1spero y &quot;quitar&quot; la sombra de ojos porque luego el maquillaje b\u00e1sico tambi\u00e9n seguir\u00e1, pero difuminar\u00e1 suavemente los bordes como cuando se desvanece la sombra de ojos. La diferencia entre una tapa y una brocha de maquillaje es que la sombra de ojos se adhiere completamente a la parte superior mientras que una brocha de maquillaje la extiende :)<\/span><\/em><\/strong><\/p>\n<p>Lectores - <em><strong>Oh .. Probado tops pero no creo que funcione! \u00a1La sombra de ojos estaba donde estaba! Tal vez uno fue demasiado bueno durante ...<\/strong><\/em><\/p>\n<p>Y esa fue la \u00faltima frase &quot;<em>Tal vez uno fue un manual demasiado bueno durante ... &quot;<\/em> lo que me hizo pensar en este consejo. Porque una prebase hace que las sombras de ojos se adhieran s\u00faper bien, y eso es algo positivo, pero puede ser dif\u00edcil conseguir un desvanecimiento suave si tienes una buena prebase, porque entonces la sombra se adhiere un poco. <em>para<\/em> bueno donde quieres menos cobertura. Y luego tambi\u00e9n es dif\u00edcil salvar los bordes irregulares con una tapa.<\/p>\n<p>Lo que suelo hacer es aplicar polvos (o una sombra de ojos similar al color de la piel) justo encima del maquillaje antes de empezar a aplicar las sombras de ojos. En otras palabras:<br \/>\nAplicar prebase en todo el p\u00e1rpado y hasta la ceja.<br \/>\n2. Aplique la sombra \/ polvo en el hueso de la ceja y hacia abajo hasta la l\u00ednea del pliegue o donde estar\u00e1 su decoloraci\u00f3n, pero no hacia abajo en el p\u00e1rpado donde va a hacer el maquillaje real.<br \/>\nEntonces puedes empezar a maquillarte como de costumbre.<\/p>\n<p>\u00a1Entonces ser\u00e1 m\u00e1s f\u00e1cil obtener un buen desvanecimiento, porque en la transici\u00f3n entre la sombra y el color de la piel no estar\u00e1 tan h\u00famedo como el primer!<\/p>\n<p><a href=\"http:\/\/cdn.finest.se\/wp-content\/uploads\/sites\/7701\/2015\/01\/1420735747-7902.jpg\"><img loading=\"lazy\" decoding=\"async\" class=\"alignnone size-full wp-image-1593\" src=\"http:\/\/cdn.finest.se\/wp-content\/uploads\/sites\/7701\/2015\/01\/1420735747-7902.jpg\" alt=\"IMG_8608_111\" width=\"1500\" height=\"1393\" \/><\/a><\/p>\n<p>Luego utilizo un pincel de l\u00ednea de globo tan suave (de<a href=\"https:\/\/ion.lyko.com\/t\/t?a=1117786221&#038;as=1548102449&#038;t=2&#038;tk=1&#038;epi=search-replace-lyko&#038;url=https:\/\/lyko.com\/sv\" target=\"_blank\"> este juego de pinceles<\/a>) tambi\u00e9n es bueno, ya que cuando desea obtener un desvanecimiento suave y agradable en la sombra de ojos, puede desvanecerse con esto.<\/p>\n<p>Espero que hayas entendido lo que quiero decir y que el consejo te haya sido de ayuda. \u2665<\/p>","protected":false},"excerpt":{"rendered":"<p>Jag hade en liten konversation i kommentarsf\u00e4ltet med en l\u00e4sare, som fick mig att t\u00e4nka p\u00e5 ett sminktips som jag har gl\u00f6mt att ber\u00e4tta f\u00f6r er. Det \u00e4r ett superenkelt tips som hj\u00e4lper till att f\u00e5\u00a0mjukare kanter n\u00e4r man tonar ut \u00f6gonskuggan! L\u00e4sare &#8211; &#8221;Hur r\u00e4ddar man en \u00f6gonskugga som har blivit uttonad alldeles f\u00f6r [&hellip;]<\/p>\n","protected":false},"author":30,"featured_media":0,"comment_status":"open","ping_status":"open","sticky":false,"template":"","format":"standard","meta":{"footnotes":""},"categories":[59],"tags":[],"class_list":["post-18389","post","type-post","status-publish","format-standard","hentry","category-recensioner-produkttips"],"yoast_head":"<!-- This site is optimized with the Yoast SEO Premium plugin v14.9 - https:\/\/yoast.com\/wordpress\/plugins\/seo\/ -->\n<meta name=\"description\" content=\"Sminktips n\u00e4r du tonar ut \u00f6gonskuggan | Helena Amiley - H\u00e4r hittar du senaste infromation om sk\u00f6nhet, livsstil, entrepren\u00f6rskap, makeup &amp; tips.\" \/>\n<meta name=\"robots\" content=\"index, follow, max-snippet:-1, max-image-preview:large, max-video-preview:-1\" \/>\n<link rel=\"canonical\" href=\"https:\/\/www.imakeyousmile.se\/es\/sminktips-nar-du-tonar-ut-ogonskuggan\/\" \/>\n<meta property=\"og:locale\" content=\"es_ES\" \/>\n<meta property=\"og:type\" content=\"article\" \/>\n<meta property=\"og:title\" content=\"Sminktips n\u00e4r du tonar ut \u00f6gonskuggan | Imakeyousmile.se\" \/>\n<meta property=\"og:description\" content=\"Sminktips n\u00e4r du tonar ut \u00f6gonskuggan | Helena Amiley - H\u00e4r hittar du senaste infromation om sk\u00f6nhet, livsstil, entrepren\u00f6rskap, makeup &amp; tips.\" \/>\n<meta property=\"og:url\" content=\"https:\/\/www.imakeyousmile.se\/es\/sminktips-nar-du-tonar-ut-ogonskuggan\/\" \/>\n<meta property=\"og:site_name\" content=\"Imakeyousmile.se\" \/>\n<meta property=\"article:author\" content=\"https:\/\/www.facebook.com\/imakeyousmile.se\" \/>\n<meta property=\"article:published_time\" content=\"2015-01-08T16:56:08+00:00\" \/>\n<meta property=\"article:modified_time\" content=\"2015-04-19T08:27:15+00:00\" \/>\n<meta property=\"og:image\" content=\"http:\/\/cdn.finest.se\/wp-content\/uploads\/sites\/7701\/2015\/01\/1420735747-7902.jpg\" \/>\n<meta name=\"twitter:card\" content=\"summary_large_image\" \/>\n<script type=\"application\/ld+json\" class=\"yoast-schema-graph\">{\"@context\":\"https:\/\/schema.org\",\"@graph\":[{\"@type\":\"Organization\",\"@id\":\"https:\/\/www.imakeyousmile.se\/es\/#organization\",\"name\":\"Imakeyousmile\",\"url\":\"https:\/\/www.imakeyousmile.se\/es\/\",\"sameAs\":[],\"logo\":{\"@type\":\"ImageObject\",\"@id\":\"https:\/\/www.imakeyousmile.se\/es\/#logo\",\"inLanguage\":\"es\",\"url\":\"https:\/\/www.imakeyousmile.se\/wp-content\/uploads\/2020\/10\/HELENA-AMILEY_SVART-1-e1603367975324.png\",\"width\":280,\"height\":93,\"caption\":\"Imakeyousmile\"},\"image\":{\"@id\":\"https:\/\/www.imakeyousmile.se\/es\/#logo\"}},{\"@type\":\"WebSite\",\"@id\":\"https:\/\/www.imakeyousmile.se\/es\/#website\",\"url\":\"https:\/\/www.imakeyousmile.se\/es\/\",\"name\":\"Imakeyousmile.se\",\"description\":\"Helena Amiley - Beauty, Entrepreneur, Lifestyle\",\"publisher\":{\"@id\":\"https:\/\/www.imakeyousmile.se\/es\/#organization\"},\"potentialAction\":[{\"@type\":\"SearchAction\",\"target\":\"https:\/\/www.imakeyousmile.se\/es\/?s={search_term_string}\",\"query-input\":\"required name=search_term_string\"}],\"inLanguage\":\"es\"},{\"@type\":\"ImageObject\",\"@id\":\"https:\/\/www.imakeyousmile.se\/sminktips-nar-du-tonar-ut-ogonskuggan\/#primaryimage\",\"inLanguage\":\"es\",\"url\":\"http:\/\/cdn.finest.se\/wp-content\/uploads\/sites\/7701\/2015\/01\/1420735747-7902.jpg\"},{\"@type\":\"WebPage\",\"@id\":\"https:\/\/www.imakeyousmile.se\/sminktips-nar-du-tonar-ut-ogonskuggan\/#webpage\",\"url\":\"https:\/\/www.imakeyousmile.se\/sminktips-nar-du-tonar-ut-ogonskuggan\/\",\"name\":\"Sminktips n\\u00e4r du tonar ut \\u00f6gonskuggan | Imakeyousmile.se\",\"isPartOf\":{\"@id\":\"https:\/\/www.imakeyousmile.se\/es\/#website\"},\"primaryImageOfPage\":{\"@id\":\"https:\/\/www.imakeyousmile.se\/sminktips-nar-du-tonar-ut-ogonskuggan\/#primaryimage\"},\"datePublished\":\"2015-01-08T16:56:08+00:00\",\"dateModified\":\"2015-04-19T08:27:15+00:00\",\"description\":\"Sminktips n\\u00e4r du tonar ut \\u00f6gonskuggan | Helena Amiley - H\\u00e4r hittar du senaste infromation om sk\\u00f6nhet, livsstil, entrepren\\u00f6rskap, makeup & tips.\",\"inLanguage\":\"es\",\"potentialAction\":[{\"@type\":\"ReadAction\",\"target\":[\"https:\/\/www.imakeyousmile.se\/sminktips-nar-du-tonar-ut-ogonskuggan\/\"]}]},{\"@type\":\"Article\",\"@id\":\"https:\/\/www.imakeyousmile.se\/sminktips-nar-du-tonar-ut-ogonskuggan\/#article\",\"isPartOf\":{\"@id\":\"https:\/\/www.imakeyousmile.se\/sminktips-nar-du-tonar-ut-ogonskuggan\/#webpage\"},\"author\":{\"@id\":\"https:\/\/www.imakeyousmile.se\/es\/#\/schema\/person\/b0fd43b1c6bb1c60cfd68bff9b4a10fb\"},\"headline\":\"Sminktips n\\u00e4r du tonar ut \\u00f6gonskuggan\",\"datePublished\":\"2015-01-08T16:56:08+00:00\",\"dateModified\":\"2015-04-19T08:27:15+00:00\",\"mainEntityOfPage\":{\"@id\":\"https:\/\/www.imakeyousmile.se\/sminktips-nar-du-tonar-ut-ogonskuggan\/#webpage\"},\"commentCount\":5,\"publisher\":{\"@id\":\"https:\/\/www.imakeyousmile.se\/es\/#organization\"},\"image\":{\"@id\":\"https:\/\/www.imakeyousmile.se\/sminktips-nar-du-tonar-ut-ogonskuggan\/#primaryimage\"},\"articleSection\":\"Recensioner &amp; Produkttips\",\"inLanguage\":\"es\",\"potentialAction\":[{\"@type\":\"CommentAction\",\"name\":\"Comment\",\"target\":[\"https:\/\/www.imakeyousmile.se\/sminktips-nar-du-tonar-ut-ogonskuggan\/#respond\"]}]},{\"@type\":\"Person\",\"@id\":\"https:\/\/www.imakeyousmile.se\/es\/#\/schema\/person\/b0fd43b1c6bb1c60cfd68bff9b4a10fb\",\"name\":\"Helena Amiley\",\"image\":{\"@type\":\"ImageObject\",\"@id\":\"https:\/\/www.imakeyousmile.se\/es\/#personlogo\",\"inLanguage\":\"es\",\"url\":\"https:\/\/secure.gravatar.com\/avatar\/5645558e1e355457a23368d7e1b4c904?s=96&d=mm&r=g\",\"caption\":\"Helena Amiley\"},\"description\":\"Jag skriver mest om sk\\u00f6nhet men bjuder \\u00e4ven p\\u00e5 glimtar fr\\u00e5n entrepren\\u00f6rlivet och bygget av v\\u00e5r egen camper van. Vanlife here we come!\",\"sameAs\":[\"https:\/\/www.facebook.com\/imakeyousmile.se\",\"https:\/\/www.instagram.com\/helenaamiley\",\"https:\/\/www.youtube.com\/channel\/UCR5iB6rvpV6Yr8ZjpQfr5mg?view_as=subscriber\"]}]}<\/script>\n<!-- \/ Yoast SEO Premium plugin. -->","_links":{"self":[{"href":"https:\/\/www.imakeyousmile.se\/es\/wp-json\/wp\/v2\/posts\/18389"}],"collection":[{"href":"https:\/\/www.imakeyousmile.se\/es\/wp-json\/wp\/v2\/posts"}],"about":[{"href":"https:\/\/www.imakeyousmile.se\/es\/wp-json\/wp\/v2\/types\/post"}],"author":[{"embeddable":true,"href":"https:\/\/www.imakeyousmile.se\/es\/wp-json\/wp\/v2\/users\/30"}],"replies":[{"embeddable":true,"href":"https:\/\/www.imakeyousmile.se\/es\/wp-json\/wp\/v2\/comments?post=18389"}],"version-history":[{"count":1,"href":"https:\/\/www.imakeyousmile.se\/es\/wp-json\/wp\/v2\/posts\/18389\/revisions"}],"predecessor-version":[{"id":19436,"href":"https:\/\/www.imakeyousmile.se\/es\/wp-json\/wp\/v2\/posts\/18389\/revisions\/19436"}],"wp:attachment":[{"href":"https:\/\/www.imakeyousmile.se\/es\/wp-json\/wp\/v2\/media?parent=18389"}],"wp:term":[{"taxonomy":"category","embeddable":true,"href":"https:\/\/www.imakeyousmile.se\/es\/wp-json\/wp\/v2\/categories?post=18389"},{"taxonomy":"post_tag","embeddable":true,"href":"https:\/\/www.imakeyousmile.se\/es\/wp-json\/wp\/v2\/tags?post=18389"}],"curies":[{"name":"wp","href":"https:\/\/api.w.org\/{rel}","templated":true}]}}