{"id":18418,"date":"2015-02-02T22:01:56","date_gmt":"2015-02-02T21:01:56","guid":{"rendered":"http:\/\/finest.se\/helenaronnblad\/?p=2254"},"modified":"2015-04-19T10:28:54","modified_gmt":"2015-04-19T08:28:54","slug":"benecos-pa-byher-se","status":"publish","type":"post","link":"https:\/\/www.imakeyousmile.se\/es\/benecos-pa-byher-se\/","title":{"rendered":"Benecos en Byher.se!"},"content":{"rendered":"<p>Nuuu finalmente termin\u00e9 y la marca que es nueva en la tienda web es nada menos que la marca de maquillaje org\u00e1nico. <a href=\"https:\/\/ion.jordklok.se\/t\/t?a=1236848151&#038;as=1548102449&#038;t=2&#038;tk=1&#038;epi=search-replace-benecos&#038;url=https:\/\/www.jordklok.se\/sv\/search?q=benecos\/\" target=\"_blank\">Benecos<\/a>!!<\/p>\n<p>Benecos es una marca de maquillaje alemana que, como dije, fabrica productos org\u00e1nicos y naturales a precios incre\u00edblemente econ\u00f3micos.<\/p>\n<p>Sobre todo, me he apegado a su maquillaje de labios, es maravilloso tenerlo en los labios tanto en t\u00e9rminos de apariencia como de textura :) \u00a1Pero tambi\u00e9n tienen otras cosas que son geniales!<\/p>\n<p>Ahora estoy tan cansado que apenas puedo bloguear, he estado despierto desde las 5 en punto y trabaj\u00e9 todo el d\u00eda, as\u00ed que ahora me veo borroso y apenas puedo deletrear jaja. As\u00ed que volver\u00e9 con informaci\u00f3n m\u00e1s detallada sobre todos los productos y publicar\u00e9 una peque\u00f1a bomba de im\u00e1genes para que tengas una visi\u00f3n general de todo lo nuevo.<\/p>\n<p><a href=\"http:\/\/cdn.finest.se\/wp-content\/uploads\/sites\/7701\/2015\/02\/1422910663-7902.jpg\"><img loading=\"lazy\" decoding=\"async\" class=\"alignnone size-full wp-image-2255\" src=\"http:\/\/cdn.finest.se\/wp-content\/uploads\/sites\/7701\/2015\/02\/1422910663-7902.jpg\" alt=\"benecos-lipstick-swatch\" width=\"1000\" height=\"808\" \/><\/a><\/p>\n<p>\u00a1Me encantan todas las barras de labios!<\/p>\n<p><a href=\"http:\/\/cdn.finest.se\/wp-content\/uploads\/sites\/7701\/2015\/02\/1422910664-7902.jpg\"><img loading=\"lazy\" decoding=\"async\" class=\"alignnone size-full wp-image-2256\" src=\"http:\/\/cdn.finest.se\/wp-content\/uploads\/sites\/7701\/2015\/02\/1422910664-7902.jpg\" alt=\"dise\u00f1ador de cejas\" width=\"450\" height=\"527\" \/><\/a><\/p>\n<p>\u00a1L\u00e1pices de cejas maravillosamente buenos!<\/p>\n<p><a href=\"http:\/\/cdn.finest.se\/wp-content\/uploads\/sites\/7701\/2015\/02\/1422910359-7902.jpg\"><img loading=\"lazy\" decoding=\"async\" class=\"alignnone size-full wp-image-2257\" src=\"http:\/\/cdn.finest.se\/wp-content\/uploads\/sites\/7701\/2015\/02\/1422910359-7902.jpg\" alt=\"IMG_1490_111\" width=\"1000\" height=\"880\" \/><\/a><\/p>\n<p>Gl\u00e1ndula de labios rechonchos con aceite de jojoba, aceite de girasol, cera de abejas y vitamina E.<\/p>\n<p><a href=\"http:\/\/cdn.finest.se\/wp-content\/uploads\/sites\/7701\/2015\/02\/1422910360-7902.jpg\"><img loading=\"lazy\" decoding=\"async\" class=\"alignnone size-full wp-image-2258\" src=\"http:\/\/cdn.finest.se\/wp-content\/uploads\/sites\/7701\/2015\/02\/1422910360-7902.jpg\" alt=\"IMG_1513_111\" width=\"1000\" height=\"836\" \/><\/a> <a href=\"http:\/\/cdn.finest.se\/wp-content\/uploads\/sites\/7701\/2015\/02\/1422910361-7902.jpg\"><img loading=\"lazy\" decoding=\"async\" class=\"alignnone size-full wp-image-2259\" src=\"http:\/\/cdn.finest.se\/wp-content\/uploads\/sites\/7701\/2015\/02\/1422910361-7902.jpg\" alt=\"IMG_1521_111\" width=\"1000\" height=\"810\" \/><\/a> <a href=\"http:\/\/cdn.finest.se\/wp-content\/uploads\/sites\/7701\/2015\/02\/1422910362-7902.jpg\"><img loading=\"lazy\" decoding=\"async\" class=\"alignnone size-full wp-image-2260\" src=\"http:\/\/cdn.finest.se\/wp-content\/uploads\/sites\/7701\/2015\/02\/1422910362-7902.jpg\" alt=\"IMG_1531_111\" width=\"1000\" height=\"785\" \/><\/a><\/p>\n<p>\u00a1Qu\u00e9 bonitas no son todas estas sombras de ojos!<\/p>\n<p><a href=\"http:\/\/cdn.finest.se\/wp-content\/uploads\/sites\/7701\/2015\/02\/1422910364-7902.jpg\"><img loading=\"lazy\" decoding=\"async\" class=\"alignnone size-full wp-image-2261\" src=\"http:\/\/cdn.finest.se\/wp-content\/uploads\/sites\/7701\/2015\/02\/1422910364-7902.jpg\" alt=\"IMG_1541_111\" width=\"819\" height=\"1000\" \/><\/a><\/p>\n<p>Brillo de labios nutritivo en seis colores diferentes.<\/p>\n<p><a href=\"http:\/\/cdn.finest.se\/wp-content\/uploads\/sites\/7701\/2015\/02\/1422910365-7902.jpg\"><img loading=\"lazy\" decoding=\"async\" class=\"alignnone size-full wp-image-2262\" src=\"http:\/\/cdn.finest.se\/wp-content\/uploads\/sites\/7701\/2015\/02\/1422910365-7902.jpg\" alt=\"IMG_1773_111\" width=\"948\" height=\"772\" \/><\/a><\/p>\n<p>Un l\u00e1piz para el cuidado de las u\u00f1as con el que puedes lubricar las cut\u00edculas de forma s\u00faper r\u00e1pida y sencilla.<a href=\"http:\/\/cdn.finest.se\/wp-content\/uploads\/sites\/7701\/2015\/02\/1422910980-7902.jpg\"><img loading=\"lazy\" decoding=\"async\" class=\"alignnone size-full wp-image-2263\" src=\"http:\/\/cdn.finest.se\/wp-content\/uploads\/sites\/7701\/2015\/02\/1422910980-7902.jpg\" alt=\"7 - copiar\" width=\"683\" height=\"493\" \/><\/a><\/p>\n<p>\u00a1Sacapuntas s\u00faper inteligente con dos agujeros de diferentes tama\u00f1os + un peque\u00f1o palito de pl\u00e1stico que puedes usar para despegar las cosas que est\u00e1n atascadas!<\/p>\n<p><a style=\"color: #0f3647\" href=\"http:\/\/cdn.finest.se\/wp-content\/uploads\/sites\/7701\/2015\/02\/1422911070-7902.jpg\"><img loading=\"lazy\" decoding=\"async\" class=\"alignnone size-full wp-image-2264\" src=\"http:\/\/cdn.finest.se\/wp-content\/uploads\/sites\/7701\/2015\/02\/1422911070-7902.jpg\" alt=\"bol\u00edgrafo - copiar\" width=\"509\" height=\"537\" \/><\/a><\/p>\n<p>\u00a1Un delineador de ojos blanquecino que es ideal para la l\u00ednea de flotaci\u00f3n!<\/p>\n<p>Encontrar\u00e1s todos los productos Benecos <a href=\"https:\/\/ion.jordklok.se\/t\/t?a=1236848151&#038;as=1548102449&#038;t=2&#038;tk=1&#038;epi=search-replace-benecos&#038;url=https:\/\/www.jordklok.se\/sv\/search?q=benecos\/\" target=\"_blank\"><strong>aqu\u00ed<\/strong><\/a>!<\/p>\n<p>Ahora me arrastrar\u00e9 junto a Miska, que ya ha dormido dos horas :) Te contactaremos ma\u00f1ana. \u00a1Besos y abrazos! \u2665<\/p>","protected":false},"excerpt":{"rendered":"<p>Nuuu \u00e4r jag \u00e4ntligen klar och det m\u00e4rket som \u00e4r nytt i webshopen \u00e4r inget mindre \u00e4n det ekologiska sminkm\u00e4rket Benecos!! Benecos \u00e4r ett tyskt sminkm\u00e4rke som, som sagt, tillverkar ekologiska och naturliga produkter till otroligt billiga priser! Jag har framf\u00f6r allt fastnat f\u00f6r deras l\u00e4ppsmink &#8211; s\u00e5 underbara att ha p\u00e5 l\u00e4pparna b\u00e5de utseendem\u00e4ssigt [&hellip;]<\/p>\n","protected":false},"author":30,"featured_media":0,"comment_status":"open","ping_status":"open","sticky":false,"template":"","format":"standard","meta":{"footnotes":""},"categories":[59],"tags":[],"class_list":["post-18418","post","type-post","status-publish","format-standard","hentry","category-recensioner-produkttips"],"yoast_head":"<!-- This site is optimized with the Yoast SEO Premium plugin v14.9 - https:\/\/yoast.com\/wordpress\/plugins\/seo\/ -->\n<meta name=\"description\" content=\"Benecos p\u00e5 Byher.se! | Helena Amiley - H\u00e4r hittar du senaste infromation om sk\u00f6nhet, livsstil, entrepren\u00f6rskap, makeup &amp; tips.\" \/>\n<meta name=\"robots\" content=\"index, follow, max-snippet:-1, max-image-preview:large, max-video-preview:-1\" \/>\n<link rel=\"canonical\" href=\"https:\/\/www.imakeyousmile.se\/es\/benecos-pa-byher-se\/\" \/>\n<meta property=\"og:locale\" content=\"es_ES\" \/>\n<meta property=\"og:type\" content=\"article\" \/>\n<meta property=\"og:title\" content=\"Benecos p\u00e5 Byher.se! | Imakeyousmile.se\" \/>\n<meta property=\"og:description\" content=\"Benecos p\u00e5 Byher.se! | Helena Amiley - H\u00e4r hittar du senaste infromation om sk\u00f6nhet, livsstil, entrepren\u00f6rskap, makeup &amp; tips.\" \/>\n<meta property=\"og:url\" content=\"https:\/\/www.imakeyousmile.se\/es\/benecos-pa-byher-se\/\" \/>\n<meta property=\"og:site_name\" content=\"Imakeyousmile.se\" \/>\n<meta property=\"article:author\" content=\"https:\/\/www.facebook.com\/imakeyousmile.se\" \/>\n<meta property=\"article:published_time\" content=\"2015-02-02T21:01:56+00:00\" \/>\n<meta property=\"article:modified_time\" content=\"2015-04-19T08:28:54+00:00\" \/>\n<meta property=\"og:image\" content=\"http:\/\/cdn.finest.se\/wp-content\/uploads\/sites\/7701\/2015\/02\/1422910663-7902.jpg\" \/>\n<meta name=\"twitter:card\" content=\"summary_large_image\" \/>\n<script type=\"application\/ld+json\" class=\"yoast-schema-graph\">{\"@context\":\"https:\/\/schema.org\",\"@graph\":[{\"@type\":\"Organization\",\"@id\":\"https:\/\/www.imakeyousmile.se\/es\/#organization\",\"name\":\"Imakeyousmile\",\"url\":\"https:\/\/www.imakeyousmile.se\/es\/\",\"sameAs\":[],\"logo\":{\"@type\":\"ImageObject\",\"@id\":\"https:\/\/www.imakeyousmile.se\/es\/#logo\",\"inLanguage\":\"es\",\"url\":\"https:\/\/www.imakeyousmile.se\/wp-content\/uploads\/2020\/10\/HELENA-AMILEY_SVART-1-e1603367975324.png\",\"width\":280,\"height\":93,\"caption\":\"Imakeyousmile\"},\"image\":{\"@id\":\"https:\/\/www.imakeyousmile.se\/es\/#logo\"}},{\"@type\":\"WebSite\",\"@id\":\"https:\/\/www.imakeyousmile.se\/es\/#website\",\"url\":\"https:\/\/www.imakeyousmile.se\/es\/\",\"name\":\"Imakeyousmile.se\",\"description\":\"Helena Amiley - Beauty, Entrepreneur, Lifestyle\",\"publisher\":{\"@id\":\"https:\/\/www.imakeyousmile.se\/es\/#organization\"},\"potentialAction\":[{\"@type\":\"SearchAction\",\"target\":\"https:\/\/www.imakeyousmile.se\/es\/?s={search_term_string}\",\"query-input\":\"required name=search_term_string\"}],\"inLanguage\":\"es\"},{\"@type\":\"ImageObject\",\"@id\":\"https:\/\/www.imakeyousmile.se\/benecos-pa-byher-se\/#primaryimage\",\"inLanguage\":\"es\",\"url\":\"http:\/\/cdn.finest.se\/wp-content\/uploads\/sites\/7701\/2015\/02\/1422910663-7902.jpg\"},{\"@type\":\"WebPage\",\"@id\":\"https:\/\/www.imakeyousmile.se\/benecos-pa-byher-se\/#webpage\",\"url\":\"https:\/\/www.imakeyousmile.se\/benecos-pa-byher-se\/\",\"name\":\"Benecos p\\u00e5 Byher.se! | Imakeyousmile.se\",\"isPartOf\":{\"@id\":\"https:\/\/www.imakeyousmile.se\/es\/#website\"},\"primaryImageOfPage\":{\"@id\":\"https:\/\/www.imakeyousmile.se\/benecos-pa-byher-se\/#primaryimage\"},\"datePublished\":\"2015-02-02T21:01:56+00:00\",\"dateModified\":\"2015-04-19T08:28:54+00:00\",\"description\":\"Benecos p\\u00e5 Byher.se! | Helena Amiley - H\\u00e4r hittar du senaste infromation om sk\\u00f6nhet, livsstil, entrepren\\u00f6rskap, makeup & tips.\",\"inLanguage\":\"es\",\"potentialAction\":[{\"@type\":\"ReadAction\",\"target\":[\"https:\/\/www.imakeyousmile.se\/benecos-pa-byher-se\/\"]}]},{\"@type\":\"Article\",\"@id\":\"https:\/\/www.imakeyousmile.se\/benecos-pa-byher-se\/#article\",\"isPartOf\":{\"@id\":\"https:\/\/www.imakeyousmile.se\/benecos-pa-byher-se\/#webpage\"},\"author\":{\"@id\":\"https:\/\/www.imakeyousmile.se\/es\/#\/schema\/person\/b0fd43b1c6bb1c60cfd68bff9b4a10fb\"},\"headline\":\"Benecos p\\u00e5 Byher.se!\",\"datePublished\":\"2015-02-02T21:01:56+00:00\",\"dateModified\":\"2015-04-19T08:28:54+00:00\",\"mainEntityOfPage\":{\"@id\":\"https:\/\/www.imakeyousmile.se\/benecos-pa-byher-se\/#webpage\"},\"commentCount\":0,\"publisher\":{\"@id\":\"https:\/\/www.imakeyousmile.se\/es\/#organization\"},\"image\":{\"@id\":\"https:\/\/www.imakeyousmile.se\/benecos-pa-byher-se\/#primaryimage\"},\"articleSection\":\"Recensioner &amp; Produkttips\",\"inLanguage\":\"es\",\"potentialAction\":[{\"@type\":\"CommentAction\",\"name\":\"Comment\",\"target\":[\"https:\/\/www.imakeyousmile.se\/benecos-pa-byher-se\/#respond\"]}]},{\"@type\":\"Person\",\"@id\":\"https:\/\/www.imakeyousmile.se\/es\/#\/schema\/person\/b0fd43b1c6bb1c60cfd68bff9b4a10fb\",\"name\":\"Helena Amiley\",\"image\":{\"@type\":\"ImageObject\",\"@id\":\"https:\/\/www.imakeyousmile.se\/es\/#personlogo\",\"inLanguage\":\"es\",\"url\":\"https:\/\/secure.gravatar.com\/avatar\/5645558e1e355457a23368d7e1b4c904?s=96&d=mm&r=g\",\"caption\":\"Helena Amiley\"},\"description\":\"Jag skriver mest om sk\\u00f6nhet men bjuder \\u00e4ven p\\u00e5 glimtar fr\\u00e5n entrepren\\u00f6rlivet och bygget av v\\u00e5r egen camper van. Vanlife here we come!\",\"sameAs\":[\"https:\/\/www.facebook.com\/imakeyousmile.se\",\"https:\/\/www.instagram.com\/helenaamiley\",\"https:\/\/www.youtube.com\/channel\/UCR5iB6rvpV6Yr8ZjpQfr5mg?view_as=subscriber\"]}]}<\/script>\n<!-- \/ Yoast SEO Premium plugin. -->","_links":{"self":[{"href":"https:\/\/www.imakeyousmile.se\/es\/wp-json\/wp\/v2\/posts\/18418"}],"collection":[{"href":"https:\/\/www.imakeyousmile.se\/es\/wp-json\/wp\/v2\/posts"}],"about":[{"href":"https:\/\/www.imakeyousmile.se\/es\/wp-json\/wp\/v2\/types\/post"}],"author":[{"embeddable":true,"href":"https:\/\/www.imakeyousmile.se\/es\/wp-json\/wp\/v2\/users\/30"}],"replies":[{"embeddable":true,"href":"https:\/\/www.imakeyousmile.se\/es\/wp-json\/wp\/v2\/comments?post=18418"}],"version-history":[{"count":1,"href":"https:\/\/www.imakeyousmile.se\/es\/wp-json\/wp\/v2\/posts\/18418\/revisions"}],"predecessor-version":[{"id":19524,"href":"https:\/\/www.imakeyousmile.se\/es\/wp-json\/wp\/v2\/posts\/18418\/revisions\/19524"}],"wp:attachment":[{"href":"https:\/\/www.imakeyousmile.se\/es\/wp-json\/wp\/v2\/media?parent=18418"}],"wp:term":[{"taxonomy":"category","embeddable":true,"href":"https:\/\/www.imakeyousmile.se\/es\/wp-json\/wp\/v2\/categories?post=18418"},{"taxonomy":"post_tag","embeddable":true,"href":"https:\/\/www.imakeyousmile.se\/es\/wp-json\/wp\/v2\/tags?post=18418"}],"curies":[{"name":"wp","href":"https:\/\/api.w.org\/{rel}","templated":true}]}}