{"id":18447,"date":"2015-02-23T06:39:45","date_gmt":"2015-02-23T05:39:45","guid":{"rendered":"http:\/\/finest.se\/helenaronnblad\/?p=2698"},"modified":"2015-04-19T10:27:13","modified_gmt":"2015-04-19T08:27:13","slug":"paese-bronzer-rouge","status":"publish","type":"post","link":"https:\/\/www.imakeyousmile.se\/es\/paese-bronzer-rouge\/","title":{"rendered":"Paese Bronzer &amp; rouge"},"content":{"rendered":"<p>He hablado de sombreado, resaltador y rubor en tantas publicaciones anteriores que probablemente ya est\u00e9 cansado de eso. :)<\/p>\n<p>Pero pens\u00e9 que ten\u00eda que mostrarte lo agradable y, sobre todo, la gran diferencia que puede ser con los productos relativamente nuevos de Paese en Byher.se: <a href=\"http:\/\/creativemakeup.se\/produkt\/paese-bronzing-powder\/\" target=\"_blank\">Polvo Bronceador Paese <\/a>y <a href=\"http:\/\/creativemakeup.se\/produkt\/paese-powder-blush-med-arganolja\/\" target=\"_blank\">Colorete en polvo Paese<\/a>!<\/p>\n<p><a href=\"http:\/\/cdn.finest.se\/wp-content\/uploads\/sites\/7701\/2015\/02\/1424667534-7902.jpg\"><img loading=\"lazy\" decoding=\"async\" class=\"alignnone size-full wp-image-2699\" src=\"http:\/\/cdn.finest.se\/wp-content\/uploads\/sites\/7701\/2015\/02\/1424667534-7902.jpg\" alt=\"antes-despu\u00e9s-sombreado-resaltador-rubor\" width=\"1000\" height=\"609\" \/><\/a><\/p>\n<p>En la imagen previa, tengo una base de cobertura total, lo que hace que la cara se vea plana y sin vida sin m\u00e1s color. En la foto posterior tengo bronceador en el tono 1M y rubor en el tono 40P, y luego tengo muchas m\u00e1s formas y vida en la cara :)<\/p>\n<p><a href=\"http:\/\/cdn.finest.se\/wp-content\/uploads\/sites\/7701\/2015\/02\/1424669212-7902.jpg\"><img loading=\"lazy\" decoding=\"async\" class=\"alignnone size-full wp-image-2703\" src=\"http:\/\/cdn.finest.se\/wp-content\/uploads\/sites\/7701\/2015\/02\/1424669212-7902.jpg\" alt=\"paese\" width=\"1000\" height=\"640\" \/><\/a><\/p>\n<p>El rubor cuesta SEK 59 y el polvo bronceador cuesta SEK 159, y ambos est\u00e1n disponibles, como dije. <a href=\"http:\/\/creativemakeup.se\/produkt-kategori\/marken\/paese\/\" target=\"_blank\">Byher.se<\/a>.<\/p>\n<p><a href=\"http:\/\/cdn.finest.se\/wp-content\/uploads\/sites\/7701\/2015\/02\/1424667957-7902.jpg\"><img loading=\"lazy\" decoding=\"async\" class=\"alignnone size-full wp-image-2701\" src=\"http:\/\/cdn.finest.se\/wp-content\/uploads\/sites\/7701\/2015\/02\/1424667957-7902.jpg\" alt=\"aplicar-polvos-solares-y-rubor\" width=\"882\" height=\"1000\" \/><\/a><\/p>\n<p>\u00a1As\u00ed es como suelo aplicarme en mi rostro! Puedes conjurar mucho con polvos solares para remodelar el rostro y hacer que ciertas partes sean m\u00e1s estrechas \/ anchas, pero no me enfoco en un \u00e1rea en particular, sino que trabajo principalmente en resaltar las formas de la cara que ya tengo.<\/p>\n<p><strong>Consejos de mand\u00edbula:<\/strong><br \/>\nMe gusta cuando mis mand\u00edbulas est\u00e1n bastante claras, por eso no suelo aplicarles bronceador porque suaviza un poco las formas y las hace parecer m\u00e1s redondas. Entonces, en esa \u00e1rea solo aplico en los lados del ment\u00f3n, y luego salto sobre la mand\u00edbula y aplico en los lados del cuello y debajo del ment\u00f3n.<\/p>\n<p><strong>Consejos de p\u00f3mulos:<\/strong><br \/>\nEs muy popular enfatizar tus p\u00f3mulos con bronceador, pero un detalle com\u00fan que veo muy a menudo, y que en realidad tiene el efecto contrario, es que aplicas el bronceador demasiado arriba. Luego, &quot;empuja&quot; los p\u00f3mulos hacia abajo y los hace parecer m\u00e1s peque\u00f1os. Si desea p\u00f3mulos altos y afilados, es mejor aplicar justo debajo del p\u00f3mulo, no sobre.<\/p>\n<p>El rubor por otro lado se puede aplicar m\u00e1s arriba, porque no da tanto efecto en la forma pero le da m\u00e1s color y vida al rostro.<\/p>\n<p><strong>Consejos para la caldera:<\/strong><br \/>\nDesde los p\u00f3mulos, suelo continuar con el bronceador hacia arriba a lo largo de las sienes, y en las sienes puedes permitirte aplicar bastante sin que parezca extra\u00f1o, buen truco si quieres mucho efecto. Luego suelo tonificar el bronceador en los lados de la frente tambi\u00e9n, y aqu\u00ed es importante que sea ligero para no tener demasiado producto en la brocha si quieres un resultado natural.<\/p>\n<p><strong>Consejos para la nariz:<\/strong><br \/>\nPor lo general, uso el mismo cepillo para la nariz que para el resto de la cara, y simplemente deslizo suavemente los lados del puente de la nariz. Si, por otro lado, desea m\u00e1s efecto, p. Ej. para hacer la nariz m\u00e1s estrecha o m\u00e1s ancha, se recomienda un cepillo m\u00e1s peque\u00f1o (pero a\u00fan m\u00e1s esponjoso) porque as\u00ed se obtiene m\u00e1s precisi\u00f3n y m\u00e1s control.<\/p>\n<p><a href=\"http:\/\/cdn.finest.se\/wp-content\/uploads\/sites\/7701\/2015\/02\/1424667537-7902.jpg\"><img loading=\"lazy\" decoding=\"async\" class=\"alignnone size-full wp-image-2700\" src=\"http:\/\/cdn.finest.se\/wp-content\/uploads\/sites\/7701\/2015\/02\/1424667537-7902.jpg\" alt=\"IMG_3219_111\" width=\"882\" height=\"1000\" \/><\/a><\/p>\n<p>\u00a1Espero que las im\u00e1genes te hayan inspirado y que los consejos te hayan sido \u00fatiles! Grita si tienes alguna pregunta :)<\/p>\n<p>\u00a1Beso! \u2665<\/p>","protected":false},"excerpt":{"rendered":"<p>Jag har pratat om shading, highlighter och rouge i s\u00e5 m\u00e5nga tidigare inl\u00e4gg att ni s\u00e4kert \u00e4r tr\u00f6tta p\u00e5 det redan? :) Men jag t\u00e4nkte att jag m\u00e5ste visa er hur fint, och framf\u00f6r allt hur stor skillnad, det kan bli med Paeses relativt nya produkter p\u00e5 Byher.se &#8211; Paese Bronzing Powder och Paese Powder [&hellip;]<\/p>\n","protected":false},"author":30,"featured_media":0,"comment_status":"open","ping_status":"open","sticky":false,"template":"","format":"standard","meta":{"footnotes":""},"categories":[59],"tags":[3279,3221,1761,3280,3281],"class_list":["post-18447","post","type-post","status-publish","format-standard","hentry","category-recensioner-produkttips","tag-applicera-bronzer","tag-applicera-rouge","tag-applicera-solpuder","tag-bronzer-tutorial","tag-shading-rouge"],"yoast_head":"<!-- This site is optimized with the Yoast SEO Premium plugin v14.9 - https:\/\/yoast.com\/wordpress\/plugins\/seo\/ -->\n<meta name=\"description\" content=\"Paese Bronzer &amp; rouge | Helena Amiley - H\u00e4r hittar du senaste infromation om sk\u00f6nhet, livsstil, entrepren\u00f6rskap, makeup &amp; tips.\" \/>\n<meta name=\"robots\" content=\"index, follow, max-snippet:-1, max-image-preview:large, max-video-preview:-1\" \/>\n<link rel=\"canonical\" href=\"https:\/\/www.imakeyousmile.se\/es\/paese-bronzer-rouge\/\" \/>\n<meta property=\"og:locale\" content=\"es_ES\" \/>\n<meta property=\"og:type\" content=\"article\" \/>\n<meta property=\"og:title\" content=\"Paese Bronzer &amp; rouge | Imakeyousmile.se\" \/>\n<meta property=\"og:description\" content=\"Paese Bronzer &amp; rouge | Helena Amiley - H\u00e4r hittar du senaste infromation om sk\u00f6nhet, livsstil, entrepren\u00f6rskap, makeup &amp; tips.\" \/>\n<meta property=\"og:url\" content=\"https:\/\/www.imakeyousmile.se\/es\/paese-bronzer-rouge\/\" \/>\n<meta property=\"og:site_name\" content=\"Imakeyousmile.se\" \/>\n<meta property=\"article:author\" content=\"https:\/\/www.facebook.com\/imakeyousmile.se\" \/>\n<meta property=\"article:published_time\" content=\"2015-02-23T05:39:45+00:00\" \/>\n<meta property=\"article:modified_time\" content=\"2015-04-19T08:27:13+00:00\" \/>\n<meta property=\"og:image\" content=\"http:\/\/cdn.finest.se\/wp-content\/uploads\/sites\/7701\/2015\/02\/1424667534-7902.jpg\" \/>\n<meta name=\"twitter:card\" content=\"summary_large_image\" \/>\n<script type=\"application\/ld+json\" class=\"yoast-schema-graph\">{\"@context\":\"https:\/\/schema.org\",\"@graph\":[{\"@type\":\"Organization\",\"@id\":\"https:\/\/www.imakeyousmile.se\/es\/#organization\",\"name\":\"Imakeyousmile\",\"url\":\"https:\/\/www.imakeyousmile.se\/es\/\",\"sameAs\":[],\"logo\":{\"@type\":\"ImageObject\",\"@id\":\"https:\/\/www.imakeyousmile.se\/es\/#logo\",\"inLanguage\":\"es\",\"url\":\"https:\/\/www.imakeyousmile.se\/wp-content\/uploads\/2020\/10\/HELENA-AMILEY_SVART-1-e1603367975324.png\",\"width\":280,\"height\":93,\"caption\":\"Imakeyousmile\"},\"image\":{\"@id\":\"https:\/\/www.imakeyousmile.se\/es\/#logo\"}},{\"@type\":\"WebSite\",\"@id\":\"https:\/\/www.imakeyousmile.se\/es\/#website\",\"url\":\"https:\/\/www.imakeyousmile.se\/es\/\",\"name\":\"Imakeyousmile.se\",\"description\":\"Helena Amiley - Beauty, Entrepreneur, Lifestyle\",\"publisher\":{\"@id\":\"https:\/\/www.imakeyousmile.se\/es\/#organization\"},\"potentialAction\":[{\"@type\":\"SearchAction\",\"target\":\"https:\/\/www.imakeyousmile.se\/es\/?s={search_term_string}\",\"query-input\":\"required name=search_term_string\"}],\"inLanguage\":\"es\"},{\"@type\":\"ImageObject\",\"@id\":\"https:\/\/www.imakeyousmile.se\/paese-bronzer-rouge\/#primaryimage\",\"inLanguage\":\"es\",\"url\":\"http:\/\/cdn.finest.se\/wp-content\/uploads\/sites\/7701\/2015\/02\/1424667534-7902.jpg\"},{\"@type\":\"WebPage\",\"@id\":\"https:\/\/www.imakeyousmile.se\/paese-bronzer-rouge\/#webpage\",\"url\":\"https:\/\/www.imakeyousmile.se\/paese-bronzer-rouge\/\",\"name\":\"Paese Bronzer & rouge | Imakeyousmile.se\",\"isPartOf\":{\"@id\":\"https:\/\/www.imakeyousmile.se\/es\/#website\"},\"primaryImageOfPage\":{\"@id\":\"https:\/\/www.imakeyousmile.se\/paese-bronzer-rouge\/#primaryimage\"},\"datePublished\":\"2015-02-23T05:39:45+00:00\",\"dateModified\":\"2015-04-19T08:27:13+00:00\",\"description\":\"Paese Bronzer & rouge | Helena Amiley - H\\u00e4r hittar du senaste infromation om sk\\u00f6nhet, livsstil, entrepren\\u00f6rskap, makeup & tips.\",\"inLanguage\":\"es\",\"potentialAction\":[{\"@type\":\"ReadAction\",\"target\":[\"https:\/\/www.imakeyousmile.se\/paese-bronzer-rouge\/\"]}]},{\"@type\":\"Article\",\"@id\":\"https:\/\/www.imakeyousmile.se\/paese-bronzer-rouge\/#article\",\"isPartOf\":{\"@id\":\"https:\/\/www.imakeyousmile.se\/paese-bronzer-rouge\/#webpage\"},\"author\":{\"@id\":\"https:\/\/www.imakeyousmile.se\/es\/#\/schema\/person\/b0fd43b1c6bb1c60cfd68bff9b4a10fb\"},\"headline\":\"Paese Bronzer &#038; rouge\",\"datePublished\":\"2015-02-23T05:39:45+00:00\",\"dateModified\":\"2015-04-19T08:27:13+00:00\",\"mainEntityOfPage\":{\"@id\":\"https:\/\/www.imakeyousmile.se\/paese-bronzer-rouge\/#webpage\"},\"commentCount\":1,\"publisher\":{\"@id\":\"https:\/\/www.imakeyousmile.se\/es\/#organization\"},\"image\":{\"@id\":\"https:\/\/www.imakeyousmile.se\/paese-bronzer-rouge\/#primaryimage\"},\"keywords\":\"applicera bronzer,applicera rouge,applicera solpuder,bronzer tutorial,shading rouge\",\"articleSection\":\"Recensioner &amp; Produkttips\",\"inLanguage\":\"es\",\"potentialAction\":[{\"@type\":\"CommentAction\",\"name\":\"Comment\",\"target\":[\"https:\/\/www.imakeyousmile.se\/paese-bronzer-rouge\/#respond\"]}]},{\"@type\":\"Person\",\"@id\":\"https:\/\/www.imakeyousmile.se\/es\/#\/schema\/person\/b0fd43b1c6bb1c60cfd68bff9b4a10fb\",\"name\":\"Helena Amiley\",\"image\":{\"@type\":\"ImageObject\",\"@id\":\"https:\/\/www.imakeyousmile.se\/es\/#personlogo\",\"inLanguage\":\"es\",\"url\":\"https:\/\/secure.gravatar.com\/avatar\/5645558e1e355457a23368d7e1b4c904?s=96&d=mm&r=g\",\"caption\":\"Helena Amiley\"},\"description\":\"Jag skriver mest om sk\\u00f6nhet men bjuder \\u00e4ven p\\u00e5 glimtar fr\\u00e5n entrepren\\u00f6rlivet och bygget av v\\u00e5r egen camper van. Vanlife here we come!\",\"sameAs\":[\"https:\/\/www.facebook.com\/imakeyousmile.se\",\"https:\/\/www.instagram.com\/helenaamiley\",\"https:\/\/www.youtube.com\/channel\/UCR5iB6rvpV6Yr8ZjpQfr5mg?view_as=subscriber\"]}]}<\/script>\n<!-- \/ Yoast SEO Premium plugin. -->","_links":{"self":[{"href":"https:\/\/www.imakeyousmile.se\/es\/wp-json\/wp\/v2\/posts\/18447"}],"collection":[{"href":"https:\/\/www.imakeyousmile.se\/es\/wp-json\/wp\/v2\/posts"}],"about":[{"href":"https:\/\/www.imakeyousmile.se\/es\/wp-json\/wp\/v2\/types\/post"}],"author":[{"embeddable":true,"href":"https:\/\/www.imakeyousmile.se\/es\/wp-json\/wp\/v2\/users\/30"}],"replies":[{"embeddable":true,"href":"https:\/\/www.imakeyousmile.se\/es\/wp-json\/wp\/v2\/comments?post=18447"}],"version-history":[{"count":1,"href":"https:\/\/www.imakeyousmile.se\/es\/wp-json\/wp\/v2\/posts\/18447\/revisions"}],"predecessor-version":[{"id":19410,"href":"https:\/\/www.imakeyousmile.se\/es\/wp-json\/wp\/v2\/posts\/18447\/revisions\/19410"}],"wp:attachment":[{"href":"https:\/\/www.imakeyousmile.se\/es\/wp-json\/wp\/v2\/media?parent=18447"}],"wp:term":[{"taxonomy":"category","embeddable":true,"href":"https:\/\/www.imakeyousmile.se\/es\/wp-json\/wp\/v2\/categories?post=18447"},{"taxonomy":"post_tag","embeddable":true,"href":"https:\/\/www.imakeyousmile.se\/es\/wp-json\/wp\/v2\/tags?post=18447"}],"curies":[{"name":"wp","href":"https:\/\/api.w.org\/{rel}","templated":true}]}}