{"id":18521,"date":"2015-04-13T10:40:03","date_gmt":"2015-04-13T08:40:03","guid":{"rendered":"http:\/\/finest.se\/helenaronnblad\/?p=3770"},"modified":"2015-04-19T10:27:12","modified_gmt":"2015-04-19T08:27:12","slug":"permanent-makeup-svar-pa-fragor","status":"publish","type":"post","link":"https:\/\/www.imakeyousmile.se\/es\/maquillaje-permanente-respuestas-a-preguntas\/","title":{"rendered":"Maquillaje permanente - respuestas a preguntas"},"content":{"rendered":"<p>Porque estoy trabajando en <a href=\"http:\/\/creativemakeup.se\/\" target=\"_blank\"><span style=\"text-decoration: underline\">Maquillaje creativo<\/span><\/a> un d\u00eda a la semana, y he escrito mucho en mi blog sobre el maquillaje permanente con el que trabaja Annika en el sal\u00f3n, \u00a1as\u00ed que a menudo recibo preguntas sobre esto con el maquillaje para tatuajes!<\/p>\n<p>Algunas preguntas son m\u00e1s comunes que otras, pero ahora pens\u00e9 en responder algunas preguntas m\u00e1s detalladas que surgen de vez en cuando, que no son tan comunes pero que seguramente muchos de ustedes querr\u00e1n saber :)<\/p>\n<p><em><strong><span style=\"color: #333333\">F\u00f6ressten ha escuchado que las personas que tienen ros\u00e1cea no hacen las cejas melosas. Que el cuerpo trabaje activamente con la inflamaci\u00f3n de la piel y luego tambi\u00e9n repele los pigmentos de color para que no se adhiera. \u00bfSabes c\u00f3mo es con 3D? Taaaan antojo &quot;.<br \/>\n<\/span><\/strong><\/em><span style=\"text-decoration: underline\">Respuesta<\/span>: Nunca hab\u00eda escuchado que ser\u00eda extra\u00f1o hacer maquillaje permanente en una tez ros\u00e1cea, es tan com\u00fan que deber\u00eda haberlo escuchado antes en tales casos, pens\u00e9. Pregunt\u00f3 Annika y ella dijo que nunca hab\u00eda experimentado tales problemas, y hab\u00eda tatuado a muchos con ros\u00e1cea.<\/p>\n<p>Ella realmente no sab\u00eda c\u00f3mo es con otros m\u00e9todos, pero si la pintura no se adhiere, probablemente no tengan un equipo lo suficientemente bueno, pens\u00f3, pero es dif\u00edcil decirlo cuando no est\u00e1 familiarizado con otros m\u00e9todos. Solo eres un experto en lo que trabajas, aprendes de la experiencia :)<\/p>\n<p>Sin embargo, si tiene un sarpullido \/ eccema en el \u00e1rea que se va a tatuar, probablemente deber\u00eda mirar m\u00e1s all\u00e1 del sal\u00f3n y preguntar primero. Realmente no s\u00e9 cu\u00e1les son las reglas al respecto.<\/p>\n<p><a style=\"color: #0f3647\" href=\"http:\/\/cdn.finest.se\/wp-content\/uploads\/sites\/7701\/2015\/04\/1428913717-7902.jpg\"><img loading=\"lazy\" decoding=\"async\" class=\"alignnone size-full wp-image-3773\" src=\"http:\/\/cdn.finest.se\/wp-content\/uploads\/sites\/7701\/2015\/04\/1428913717-7902.jpg\" alt=\"3d tatuaje-cejas\" width=\"1000\" height=\"275\" \/><\/a><\/p>\n<p>\u00a1Aqu\u00ed ves mis cejas antes e inmediatamente despu\u00e9s! La imagen anterior es un tatuaje anterior que se ha desvanecido (y era mucho m\u00e1s estrecho en ese momento), y la imagen posterior se tom\u00f3 el mismo d\u00eda, por lo que no es tan n\u00edtido cuando san\u00f3.<\/p>\n<p><strong>&quot;Tengo extensiones de pesta\u00f1as y quiero tatuarme delineador de ojos, \u00bfes posible o tengo que quitarme las pesta\u00f1as primero?&quot;<\/strong><br \/>\n<span style=\"text-decoration: underline\">Respuesta<\/span>: No debe usar extensiones de pesta\u00f1as durante el tratamiento por tres razones diferentes: 1 es muy antihigi\u00e9nico y puede dar riesgo de infecciones, 2 est\u00e1 en el camino cuando se hace un tatuaje y 3 adem\u00e1s, a\u00fan no durar\u00e1n durante el tratamiento porque las pesta\u00f1as son duras y se pega es el algod\u00f3n cuando se limpia el exceso de color (lo que se hace varias veces durante el tratamiento). Pero puede volver a pon\u00e9rselos cuando el tatuaje haya sanado, lo que demora aproximadamente una semana.<\/p>\n<p><a style=\"color: #0f3647\" href=\"http:\/\/cdn.finest.se\/wp-content\/uploads\/sites\/7701\/2015\/04\/1428914426-7902.jpg\"><img loading=\"lazy\" decoding=\"async\" class=\"alignnone size-full wp-image-3775\" src=\"http:\/\/cdn.finest.se\/wp-content\/uploads\/sites\/7701\/2015\/04\/1428914426-7902.jpg\" alt=\"eyeliner-tattoo_111\" width=\"1000\" height=\"457\" \/><\/a><\/p>\n<p>Aqu\u00ed ves el antes y el despu\u00e9s en mis ojos, me he tatuado el delineador de pesta\u00f1as negro hacia arriba, el delineador blanco (l\u00ednea de flotaci\u00f3n) y el delineador de pesta\u00f1as marr\u00f3n hacia abajo. Tambi\u00e9n colore\u00e9 y me hice permanente las pesta\u00f1as, luego los tatuajes obtienen un efecto extra bueno :)<\/p>\n<p><strong>\u201cHe visto a varias personas que se han tatuado las cejas, que se ponen rojas cuando se desvanecen. Absolutamente no quiero eso y, por lo tanto, considero no tatuar en absoluto. \u00bfQu\u00e9 tan grande es el riesgo de eso? &quot;<\/strong><br \/>\n<span style=\"text-decoration: underline\">Respuesta<\/span>: Hay una gran diferencia entre tatuadores y tatuadores, \u00a1recomiendo a Annika a todos! Es tan popular y se habla de ella que ya est\u00e1 completamente reservada hasta mediados de junio, sabe lo que est\u00e1 haciendo y solo usa equipos de la mejor calidad (desde anestesia hasta pinturas, agujas y m\u00e1quinas). En otras palabras, s\u00ed es muy com\u00fan que el maquillaje permanente se vuelva rojo cuando se desvanece, PERO NO con Annika porque usa colores que no lo hacen.<\/p>\n<p>\u00a1Espero que las respuestas hayan sido \u00fatiles para todos los que se est\u00e1n preguntando! Si tiene alguna pregunta, solo env\u00edeme un correo electr\u00f3nico (Helena@imakeyousmile.se) Estoy muy familiarizado con esto aunque no me tat\u00fao :) Y no olvide que tiene un descuento de 10% en maquillaje permanente en Annika si ingresa a m\u00ed y a mi blog (el c\u00f3digo de descuento es en realidad Imakeyousmile, mi antiguo blog).<\/p>\n<p>\u00bfQuieres leer m\u00e1s preguntas y respuestas sobre el maquillaje permanente? <a href=\"http:\/\/creativemakeup.se\/?page_id=353\" target=\"_blank\"><strong>haga clic aqu\u00ed<\/strong><\/a>!<\/p>\n<p>Abrazo \u2665<\/p>","protected":false},"excerpt":{"rendered":"<p>Eftersom jag arbetar p\u00e5 Creative Make Up en dag i veckan, samt\u00a0har bloggat mycket om permanent makeup som Annika p\u00e5 salongen jobbar med, s\u00e5 f\u00e5r jag ofta fr\u00e5gor om just detta med att tatuera smink! Vissa fr\u00e5gor \u00e4r vanligare \u00e4n andra, men nu t\u00e4nkte jag svara p\u00e5 en del mer detaljerade fr\u00e5gor som dyker upp [&hellip;]<\/p>\n","protected":false},"author":30,"featured_media":0,"comment_status":"open","ping_status":"open","sticky":false,"template":"","format":"standard","meta":{"footnotes":""},"categories":[59],"tags":[],"class_list":["post-18521","post","type-post","status-publish","format-standard","hentry","category-recensioner-produkttips"],"yoast_head":"<!-- This site is optimized with the Yoast SEO Premium plugin v14.9 - https:\/\/yoast.com\/wordpress\/plugins\/seo\/ -->\n<meta name=\"description\" content=\"Permanent makeup - svar p\u00e5 fr\u00e5gor | Helena Amiley - H\u00e4r hittar du senaste infromation om sk\u00f6nhet, livsstil, entrepren\u00f6rskap, makeup &amp; tips.\" \/>\n<meta name=\"robots\" content=\"index, follow, max-snippet:-1, max-image-preview:large, max-video-preview:-1\" \/>\n<link rel=\"canonical\" href=\"https:\/\/www.imakeyousmile.se\/es\/permanent-makeup-svar-pa-fragor\/\" \/>\n<meta property=\"og:locale\" content=\"es_ES\" \/>\n<meta property=\"og:type\" content=\"article\" \/>\n<meta property=\"og:title\" content=\"Permanent makeup - svar p\u00e5 fr\u00e5gor | Imakeyousmile.se\" \/>\n<meta property=\"og:description\" content=\"Permanent makeup - svar p\u00e5 fr\u00e5gor | Helena Amiley - H\u00e4r hittar du senaste infromation om sk\u00f6nhet, livsstil, entrepren\u00f6rskap, makeup &amp; tips.\" \/>\n<meta property=\"og:url\" content=\"https:\/\/www.imakeyousmile.se\/es\/permanent-makeup-svar-pa-fragor\/\" \/>\n<meta property=\"og:site_name\" content=\"Imakeyousmile.se\" \/>\n<meta property=\"article:author\" content=\"https:\/\/www.facebook.com\/imakeyousmile.se\" \/>\n<meta property=\"article:published_time\" content=\"2015-04-13T08:40:03+00:00\" \/>\n<meta property=\"article:modified_time\" content=\"2015-04-19T08:27:12+00:00\" \/>\n<meta property=\"og:image\" content=\"http:\/\/cdn.finest.se\/wp-content\/uploads\/sites\/7701\/2015\/04\/1428913717-7902.jpg\" \/>\n<meta name=\"twitter:card\" content=\"summary_large_image\" \/>\n<script type=\"application\/ld+json\" class=\"yoast-schema-graph\">{\"@context\":\"https:\/\/schema.org\",\"@graph\":[{\"@type\":\"Organization\",\"@id\":\"https:\/\/www.imakeyousmile.se\/es\/#organization\",\"name\":\"Imakeyousmile\",\"url\":\"https:\/\/www.imakeyousmile.se\/es\/\",\"sameAs\":[],\"logo\":{\"@type\":\"ImageObject\",\"@id\":\"https:\/\/www.imakeyousmile.se\/es\/#logo\",\"inLanguage\":\"es\",\"url\":\"https:\/\/www.imakeyousmile.se\/wp-content\/uploads\/2020\/10\/HELENA-AMILEY_SVART-1-e1603367975324.png\",\"width\":280,\"height\":93,\"caption\":\"Imakeyousmile\"},\"image\":{\"@id\":\"https:\/\/www.imakeyousmile.se\/es\/#logo\"}},{\"@type\":\"WebSite\",\"@id\":\"https:\/\/www.imakeyousmile.se\/es\/#website\",\"url\":\"https:\/\/www.imakeyousmile.se\/es\/\",\"name\":\"Imakeyousmile.se\",\"description\":\"Helena Amiley - Beauty, Entrepreneur, Lifestyle\",\"publisher\":{\"@id\":\"https:\/\/www.imakeyousmile.se\/es\/#organization\"},\"potentialAction\":[{\"@type\":\"SearchAction\",\"target\":\"https:\/\/www.imakeyousmile.se\/es\/?s={search_term_string}\",\"query-input\":\"required name=search_term_string\"}],\"inLanguage\":\"es\"},{\"@type\":\"ImageObject\",\"@id\":\"https:\/\/www.imakeyousmile.se\/permanent-makeup-svar-pa-fragor\/#primaryimage\",\"inLanguage\":\"es\",\"url\":\"http:\/\/cdn.finest.se\/wp-content\/uploads\/sites\/7701\/2015\/04\/1428913717-7902.jpg\"},{\"@type\":\"WebPage\",\"@id\":\"https:\/\/www.imakeyousmile.se\/permanent-makeup-svar-pa-fragor\/#webpage\",\"url\":\"https:\/\/www.imakeyousmile.se\/permanent-makeup-svar-pa-fragor\/\",\"name\":\"Permanent makeup - svar p\\u00e5 fr\\u00e5gor | Imakeyousmile.se\",\"isPartOf\":{\"@id\":\"https:\/\/www.imakeyousmile.se\/es\/#website\"},\"primaryImageOfPage\":{\"@id\":\"https:\/\/www.imakeyousmile.se\/permanent-makeup-svar-pa-fragor\/#primaryimage\"},\"datePublished\":\"2015-04-13T08:40:03+00:00\",\"dateModified\":\"2015-04-19T08:27:12+00:00\",\"description\":\"Permanent makeup - svar p\\u00e5 fr\\u00e5gor | Helena Amiley - H\\u00e4r hittar du senaste infromation om sk\\u00f6nhet, livsstil, entrepren\\u00f6rskap, makeup & tips.\",\"inLanguage\":\"es\",\"potentialAction\":[{\"@type\":\"ReadAction\",\"target\":[\"https:\/\/www.imakeyousmile.se\/permanent-makeup-svar-pa-fragor\/\"]}]},{\"@type\":\"Article\",\"@id\":\"https:\/\/www.imakeyousmile.se\/permanent-makeup-svar-pa-fragor\/#article\",\"isPartOf\":{\"@id\":\"https:\/\/www.imakeyousmile.se\/permanent-makeup-svar-pa-fragor\/#webpage\"},\"author\":{\"@id\":\"https:\/\/www.imakeyousmile.se\/es\/#\/schema\/person\/b0fd43b1c6bb1c60cfd68bff9b4a10fb\"},\"headline\":\"Permanent makeup &#8211; svar p\\u00e5 fr\\u00e5gor\",\"datePublished\":\"2015-04-13T08:40:03+00:00\",\"dateModified\":\"2015-04-19T08:27:12+00:00\",\"mainEntityOfPage\":{\"@id\":\"https:\/\/www.imakeyousmile.se\/permanent-makeup-svar-pa-fragor\/#webpage\"},\"commentCount\":1,\"publisher\":{\"@id\":\"https:\/\/www.imakeyousmile.se\/es\/#organization\"},\"image\":{\"@id\":\"https:\/\/www.imakeyousmile.se\/permanent-makeup-svar-pa-fragor\/#primaryimage\"},\"articleSection\":\"Recensioner &amp; Produkttips\",\"inLanguage\":\"es\",\"potentialAction\":[{\"@type\":\"CommentAction\",\"name\":\"Comment\",\"target\":[\"https:\/\/www.imakeyousmile.se\/permanent-makeup-svar-pa-fragor\/#respond\"]}]},{\"@type\":\"Person\",\"@id\":\"https:\/\/www.imakeyousmile.se\/es\/#\/schema\/person\/b0fd43b1c6bb1c60cfd68bff9b4a10fb\",\"name\":\"Helena Amiley\",\"image\":{\"@type\":\"ImageObject\",\"@id\":\"https:\/\/www.imakeyousmile.se\/es\/#personlogo\",\"inLanguage\":\"es\",\"url\":\"https:\/\/secure.gravatar.com\/avatar\/5645558e1e355457a23368d7e1b4c904?s=96&d=mm&r=g\",\"caption\":\"Helena Amiley\"},\"description\":\"Jag skriver mest om sk\\u00f6nhet men bjuder \\u00e4ven p\\u00e5 glimtar fr\\u00e5n entrepren\\u00f6rlivet och bygget av v\\u00e5r egen camper van. Vanlife here we come!\",\"sameAs\":[\"https:\/\/www.facebook.com\/imakeyousmile.se\",\"https:\/\/www.instagram.com\/helenaamiley\",\"https:\/\/www.youtube.com\/channel\/UCR5iB6rvpV6Yr8ZjpQfr5mg?view_as=subscriber\"]}]}<\/script>\n<!-- \/ Yoast SEO Premium plugin. -->","_links":{"self":[{"href":"https:\/\/www.imakeyousmile.se\/es\/wp-json\/wp\/v2\/posts\/18521"}],"collection":[{"href":"https:\/\/www.imakeyousmile.se\/es\/wp-json\/wp\/v2\/posts"}],"about":[{"href":"https:\/\/www.imakeyousmile.se\/es\/wp-json\/wp\/v2\/types\/post"}],"author":[{"embeddable":true,"href":"https:\/\/www.imakeyousmile.se\/es\/wp-json\/wp\/v2\/users\/30"}],"replies":[{"embeddable":true,"href":"https:\/\/www.imakeyousmile.se\/es\/wp-json\/wp\/v2\/comments?post=18521"}],"version-history":[{"count":1,"href":"https:\/\/www.imakeyousmile.se\/es\/wp-json\/wp\/v2\/posts\/18521\/revisions"}],"predecessor-version":[{"id":19390,"href":"https:\/\/www.imakeyousmile.se\/es\/wp-json\/wp\/v2\/posts\/18521\/revisions\/19390"}],"wp:attachment":[{"href":"https:\/\/www.imakeyousmile.se\/es\/wp-json\/wp\/v2\/media?parent=18521"}],"wp:term":[{"taxonomy":"category","embeddable":true,"href":"https:\/\/www.imakeyousmile.se\/es\/wp-json\/wp\/v2\/categories?post=18521"},{"taxonomy":"post_tag","embeddable":true,"href":"https:\/\/www.imakeyousmile.se\/es\/wp-json\/wp\/v2\/tags?post=18521"}],"curies":[{"name":"wp","href":"https:\/\/api.w.org\/{rel}","templated":true}]}}