{"id":18876,"date":"2015-04-16T16:03:03","date_gmt":"2015-04-16T14:03:03","guid":{"rendered":"http:\/\/www.imakeyousmile.se\/?p=18876"},"modified":"2015-04-18T16:21:12","modified_gmt":"2015-04-18T14:21:12","slug":"swedish-beauty-cosmetics-awards-2015","status":"publish","type":"post","link":"https:\/\/www.imakeyousmile.se\/es\/premios-suecos-de-belleza-cosmetica-2015\/","title":{"rendered":"Premios Suecos de Belleza y Cosm\u00e9tica 2015"},"content":{"rendered":"<p>\u00a1Hola, est\u00e1s bien nueve!<\/p>\n<p>\u00a1Ahora estoy lista y lista para los Premios Suecos de Belleza y Cosm\u00e9tica 2015! No he apostado por el tema de los a\u00f1os 20, \u00a1pero sigo pensando que lo he conseguido! Agradable sin estar disfrazado :)<\/p>\n<p>Normalmente nunca me peino yo mismo cuando quiero ser &quot;un poquito extra&quot;, pero hoy lo he hecho as\u00ed que no me miro demasiado de cerca porque entonces me da ansiedad jaja.<\/p>\n<p>Muestra algunas fotos r\u00e1pidas ahora antes de irme, pero habr\u00e1 informaci\u00f3n de maquillaje m\u00e1s detallada cuando llegue a casa ma\u00f1ana por la tarde.<\/p>\n<p>As\u00ed es como me veo ahora mismo:<\/p>\n<p><a href=\"http:\/\/cdn.finest.se\/wp-content\/uploads\/sites\/7701\/2015\/04\/1429180943-7902.jpg\"><img loading=\"lazy\" decoding=\"async\" class=\"alignnone size-full wp-image-3843\" src=\"http:\/\/cdn.finest.se\/wp-content\/uploads\/sites\/7701\/2015\/04\/1429180943-7902.jpg\" alt=\"IMG_0441_111\" width=\"1000\" height=\"860\" \/><\/a>\u00a0<a href=\"http:\/\/cdn.finest.se\/wp-content\/uploads\/sites\/7701\/2015\/04\/1429180947-7902.jpg\"><img loading=\"lazy\" decoding=\"async\" class=\"alignnone size-full wp-image-3844\" src=\"http:\/\/cdn.finest.se\/wp-content\/uploads\/sites\/7701\/2015\/04\/1429180947-7902.jpg\" alt=\"IMG_0442_111\" width=\"1000\" height=\"864\" \/><\/a><\/p>\n<p>\u00bfQu\u00e9 piensas? :)<\/p>\n<p><a style=\"color: #0f3647;\" href=\"http:\/\/cdn.finest.se\/wp-content\/uploads\/sites\/7701\/2015\/04\/1429180933-7902.jpg\"><img loading=\"lazy\" decoding=\"async\" class=\"alignnone size-full wp-image-3841\" src=\"http:\/\/cdn.finest.se\/wp-content\/uploads\/sites\/7701\/2015\/04\/1429180933-7902.jpg\" alt=\"IMG_0416_111\" width=\"1000\" height=\"812\" \/><\/a><\/p>\n<p><a style=\"color: #0f3647;\" href=\"http:\/\/cdn.finest.se\/wp-content\/uploads\/sites\/7701\/2015\/04\/1429180936-7902.jpg\"><img loading=\"lazy\" decoding=\"async\" class=\"alignnone size-full wp-image-3842\" src=\"http:\/\/cdn.finest.se\/wp-content\/uploads\/sites\/7701\/2015\/04\/1429180936-7902.jpg\" alt=\"IMG_0418_111\" width=\"1000\" height=\"696\" \/><\/a><\/p>\n<p>Y as\u00ed fue la \u00faltima foto cuando Miska se par\u00f3 al frente y jug\u00f3 \u00a1jaja!<\/p>\n<p>Besos y abrazos \u2665<\/p>","protected":false},"excerpt":{"rendered":"<p>Hej p\u00e5 er fina ni! Nu \u00e4r jag f\u00e4rdigfixad och redo f\u00f6r\u00a0Swedish Beauty &amp; Cosmetics Awards 2015! Jag har inte g\u00e5tt all in p\u00e5 temat 20-tal, men tycker \u00e4nd\u00e5 att jag har lyckats bra! Snygg utan att bli utkl\u00e4dd :) Jag brukar aaaldrig g\u00f6ra mitt h\u00e5r sj\u00e4lv n\u00e4r jag ska vara &#8221;lite extra&#8221;, men idag [&hellip;]<\/p>\n","protected":false},"author":30,"featured_media":18887,"comment_status":"open","ping_status":"closed","sticky":false,"template":"","format":"standard","meta":{"footnotes":""},"categories":[3],"tags":[],"class_list":["post-18876","post","type-post","status-publish","format-standard","has-post-thumbnail","hentry","category-allmant"],"yoast_head":"<!-- This site is optimized with the Yoast SEO Premium plugin v14.9 - https:\/\/yoast.com\/wordpress\/plugins\/seo\/ -->\n<meta name=\"description\" content=\"Swedish Beauty &amp; Cosmetics Awards 2015 | Helena Amiley - H\u00e4r hittar du senaste infromation om sk\u00f6nhet, livsstil, entrepren\u00f6rskap, makeup &amp; tips.\" \/>\n<meta name=\"robots\" content=\"index, follow, max-snippet:-1, max-image-preview:large, max-video-preview:-1\" \/>\n<link rel=\"canonical\" href=\"https:\/\/www.imakeyousmile.se\/es\/swedish-beauty-cosmetics-awards-2015\/\" \/>\n<meta property=\"og:locale\" content=\"es_ES\" \/>\n<meta property=\"og:type\" content=\"article\" \/>\n<meta property=\"og:title\" content=\"Swedish Beauty &amp; Cosmetics Awards 2015 | Imakeyousmile.se\" \/>\n<meta property=\"og:description\" content=\"Swedish Beauty &amp; Cosmetics Awards 2015 | Helena Amiley - H\u00e4r hittar du senaste infromation om sk\u00f6nhet, livsstil, entrepren\u00f6rskap, makeup &amp; tips.\" \/>\n<meta property=\"og:url\" content=\"https:\/\/www.imakeyousmile.se\/es\/swedish-beauty-cosmetics-awards-2015\/\" \/>\n<meta property=\"og:site_name\" content=\"Imakeyousmile.se\" \/>\n<meta property=\"article:author\" content=\"https:\/\/www.facebook.com\/imakeyousmile.se\" \/>\n<meta property=\"article:published_time\" content=\"2015-04-16T14:03:03+00:00\" \/>\n<meta property=\"article:modified_time\" content=\"2015-04-18T14:21:12+00:00\" \/>\n<meta property=\"og:image\" content=\"https:\/\/www.imakeyousmile.se\/wp-content\/uploads\/2015\/04\/1429180943-7902.jpg\" \/>\n\t<meta property=\"og:image:width\" content=\"1000\" \/>\n\t<meta property=\"og:image:height\" content=\"860\" \/>\n<meta name=\"twitter:card\" content=\"summary_large_image\" \/>\n<script type=\"application\/ld+json\" class=\"yoast-schema-graph\">{\"@context\":\"https:\/\/schema.org\",\"@graph\":[{\"@type\":\"Organization\",\"@id\":\"https:\/\/www.imakeyousmile.se\/es\/#organization\",\"name\":\"Imakeyousmile\",\"url\":\"https:\/\/www.imakeyousmile.se\/es\/\",\"sameAs\":[],\"logo\":{\"@type\":\"ImageObject\",\"@id\":\"https:\/\/www.imakeyousmile.se\/es\/#logo\",\"inLanguage\":\"es\",\"url\":\"https:\/\/www.imakeyousmile.se\/wp-content\/uploads\/2020\/10\/HELENA-AMILEY_SVART-1-e1603367975324.png\",\"width\":280,\"height\":93,\"caption\":\"Imakeyousmile\"},\"image\":{\"@id\":\"https:\/\/www.imakeyousmile.se\/es\/#logo\"}},{\"@type\":\"WebSite\",\"@id\":\"https:\/\/www.imakeyousmile.se\/es\/#website\",\"url\":\"https:\/\/www.imakeyousmile.se\/es\/\",\"name\":\"Imakeyousmile.se\",\"description\":\"Helena Amiley - Beauty, Entrepreneur, Lifestyle\",\"publisher\":{\"@id\":\"https:\/\/www.imakeyousmile.se\/es\/#organization\"},\"potentialAction\":[{\"@type\":\"SearchAction\",\"target\":\"https:\/\/www.imakeyousmile.se\/es\/?s={search_term_string}\",\"query-input\":\"required name=search_term_string\"}],\"inLanguage\":\"es\"},{\"@type\":\"ImageObject\",\"@id\":\"https:\/\/www.imakeyousmile.se\/swedish-beauty-cosmetics-awards-2015\/#primaryimage\",\"inLanguage\":\"es\",\"url\":\"https:\/\/www.imakeyousmile.se\/wp-content\/uploads\/2015\/04\/1429180943-7902.jpg\",\"width\":1000,\"height\":860},{\"@type\":\"WebPage\",\"@id\":\"https:\/\/www.imakeyousmile.se\/swedish-beauty-cosmetics-awards-2015\/#webpage\",\"url\":\"https:\/\/www.imakeyousmile.se\/swedish-beauty-cosmetics-awards-2015\/\",\"name\":\"Swedish Beauty & Cosmetics Awards 2015 | Imakeyousmile.se\",\"isPartOf\":{\"@id\":\"https:\/\/www.imakeyousmile.se\/es\/#website\"},\"primaryImageOfPage\":{\"@id\":\"https:\/\/www.imakeyousmile.se\/swedish-beauty-cosmetics-awards-2015\/#primaryimage\"},\"datePublished\":\"2015-04-16T14:03:03+00:00\",\"dateModified\":\"2015-04-18T14:21:12+00:00\",\"description\":\"Swedish Beauty & Cosmetics Awards 2015 | Helena Amiley - H\\u00e4r hittar du senaste infromation om sk\\u00f6nhet, livsstil, entrepren\\u00f6rskap, makeup & tips.\",\"inLanguage\":\"es\",\"potentialAction\":[{\"@type\":\"ReadAction\",\"target\":[\"https:\/\/www.imakeyousmile.se\/swedish-beauty-cosmetics-awards-2015\/\"]}]},{\"@type\":\"Article\",\"@id\":\"https:\/\/www.imakeyousmile.se\/swedish-beauty-cosmetics-awards-2015\/#article\",\"isPartOf\":{\"@id\":\"https:\/\/www.imakeyousmile.se\/swedish-beauty-cosmetics-awards-2015\/#webpage\"},\"author\":{\"@id\":\"https:\/\/www.imakeyousmile.se\/es\/#\/schema\/person\/b0fd43b1c6bb1c60cfd68bff9b4a10fb\"},\"headline\":\"Swedish Beauty &#038; Cosmetics Awards 2015\",\"datePublished\":\"2015-04-16T14:03:03+00:00\",\"dateModified\":\"2015-04-18T14:21:12+00:00\",\"mainEntityOfPage\":{\"@id\":\"https:\/\/www.imakeyousmile.se\/swedish-beauty-cosmetics-awards-2015\/#webpage\"},\"commentCount\":0,\"publisher\":{\"@id\":\"https:\/\/www.imakeyousmile.se\/es\/#organization\"},\"image\":{\"@id\":\"https:\/\/www.imakeyousmile.se\/swedish-beauty-cosmetics-awards-2015\/#primaryimage\"},\"articleSection\":\"\\u00d6vrigt\",\"inLanguage\":\"es\",\"potentialAction\":[{\"@type\":\"CommentAction\",\"name\":\"Comment\",\"target\":[\"https:\/\/www.imakeyousmile.se\/swedish-beauty-cosmetics-awards-2015\/#respond\"]}]},{\"@type\":\"Person\",\"@id\":\"https:\/\/www.imakeyousmile.se\/es\/#\/schema\/person\/b0fd43b1c6bb1c60cfd68bff9b4a10fb\",\"name\":\"Helena Amiley\",\"image\":{\"@type\":\"ImageObject\",\"@id\":\"https:\/\/www.imakeyousmile.se\/es\/#personlogo\",\"inLanguage\":\"es\",\"url\":\"https:\/\/secure.gravatar.com\/avatar\/5645558e1e355457a23368d7e1b4c904?s=96&d=mm&r=g\",\"caption\":\"Helena Amiley\"},\"description\":\"Jag skriver mest om sk\\u00f6nhet men bjuder \\u00e4ven p\\u00e5 glimtar fr\\u00e5n entrepren\\u00f6rlivet och bygget av v\\u00e5r egen camper van. Vanlife here we come!\",\"sameAs\":[\"https:\/\/www.facebook.com\/imakeyousmile.se\",\"https:\/\/www.instagram.com\/helenaamiley\",\"https:\/\/www.youtube.com\/channel\/UCR5iB6rvpV6Yr8ZjpQfr5mg?view_as=subscriber\"]}]}<\/script>\n<!-- \/ Yoast SEO Premium plugin. -->","_links":{"self":[{"href":"https:\/\/www.imakeyousmile.se\/es\/wp-json\/wp\/v2\/posts\/18876"}],"collection":[{"href":"https:\/\/www.imakeyousmile.se\/es\/wp-json\/wp\/v2\/posts"}],"about":[{"href":"https:\/\/www.imakeyousmile.se\/es\/wp-json\/wp\/v2\/types\/post"}],"author":[{"embeddable":true,"href":"https:\/\/www.imakeyousmile.se\/es\/wp-json\/wp\/v2\/users\/30"}],"replies":[{"embeddable":true,"href":"https:\/\/www.imakeyousmile.se\/es\/wp-json\/wp\/v2\/comments?post=18876"}],"version-history":[{"count":1,"href":"https:\/\/www.imakeyousmile.se\/es\/wp-json\/wp\/v2\/posts\/18876\/revisions"}],"predecessor-version":[{"id":18877,"href":"https:\/\/www.imakeyousmile.se\/es\/wp-json\/wp\/v2\/posts\/18876\/revisions\/18877"}],"wp:featuredmedia":[{"embeddable":true,"href":"https:\/\/www.imakeyousmile.se\/es\/wp-json\/wp\/v2\/media\/18887"}],"wp:attachment":[{"href":"https:\/\/www.imakeyousmile.se\/es\/wp-json\/wp\/v2\/media?parent=18876"}],"wp:term":[{"taxonomy":"category","embeddable":true,"href":"https:\/\/www.imakeyousmile.se\/es\/wp-json\/wp\/v2\/categories?post=18876"},{"taxonomy":"post_tag","embeddable":true,"href":"https:\/\/www.imakeyousmile.se\/es\/wp-json\/wp\/v2\/tags?post=18876"}],"curies":[{"name":"wp","href":"https:\/\/api.w.org\/{rel}","templated":true}]}}