{"id":1951,"date":"2015-02-06T06:26:29","date_gmt":"2015-02-06T05:26:29","guid":{"rendered":"http:\/\/finest.se\/helenaronnblad\/?p=1951"},"modified":"2021-09-29T05:15:26","modified_gmt":"2021-09-29T03:15:26","slug":"alla-hjartans-dag-sminkning-3","status":"publish","type":"post","link":"https:\/\/www.imakeyousmile.se\/es\/maquillaje-dia-todo-corazon-3\/","title":{"rendered":"Maquillaje de San Valent\u00edn"},"content":{"rendered":"<p>Pronto es el d\u00eda de San Valent\u00edn, \u00a1creo que es tan acogedor! Especialmente porque es s\u00e1bado, as\u00ed que tambi\u00e9n puedes pensar en algo :) \u00bfVas a hacer algo especial?<\/p>\n<p>\u00a1Por eso, hoy he hecho un maquillaje inspirado en el d\u00eda de San Valent\u00edn para ti! Lo que me encanta del maquillaje de San Valent\u00edn \/ maquillaje rom\u00e1ntico \/ maquillaje de cita, entiendes, es analizar mucho sobre la situaci\u00f3n :)<\/p>\n<p>Los detalles que me gustan en tal maquillaje son, por lo tanto:<br \/>\n* Pesta\u00f1as coquetas con una longitud agradable<br \/>\n* Base natural pero &quot;impecable&quot; con brillo agradable y mejillas rosadas<br \/>\n* Un maquillaje de ojos brillante que levanta y resalta la mirada.<br \/>\n* Labios y u\u00f1as brillantes con un color discreto<br \/>\n* Y el punto m\u00e1s importante: un clic de color en alg\u00fan lugar de la parte superior del ojo que es m\u00e1s visible al parpadear.<\/p>\n<p>Juntos, esto se convierte en un maquillaje que resalta sus rasgos finos sin cambiar, por lo que sigue siendo usted mismo, pero sigue siendo &quot;un poco m\u00e1s&quot;. Y, adem\u00e1s, los ojos se vuelven muy interesantes a la vista cuando se vislumbra un discreto clic de color al parpadear. \u00a1Maravillosamente!<\/p>\n<p>\u00a1Aqu\u00ed est\u00e1 mi interpretaci\u00f3n de esto! Fint va?<\/p>\n<p>Tambi\u00e9n ofrece una descripci\u00f3n paso a paso:<\/p>\n<p><img loading=\"lazy\" decoding=\"async\" class=\"alignnone size-large wp-image-22130\" src=\"https:\/\/www.imakeyousmile.se\/wp-content\/uploads\/2015\/09\/1421847171-7902-1024x694.jpg\" alt=\"\" width=\"696\" height=\"472\" srcset=\"https:\/\/www.imakeyousmile.se\/wp-content\/uploads\/2015\/09\/1421847171-7902-1024x694.jpg 1024w, https:\/\/www.imakeyousmile.se\/wp-content\/uploads\/2015\/09\/1421847171-7902-300x203.jpg 300w, https:\/\/www.imakeyousmile.se\/wp-content\/uploads\/2015\/09\/1421847171-7902-696x471.jpg 696w, https:\/\/www.imakeyousmile.se\/wp-content\/uploads\/2015\/09\/1421847171-7902-1068x723.jpg 1068w, https:\/\/www.imakeyousmile.se\/wp-content\/uploads\/2015\/09\/1421847171-7902-620x420.jpg 620w, https:\/\/www.imakeyousmile.se\/wp-content\/uploads\/2015\/09\/1421847171-7902.jpg 1500w\" sizes=\"(max-width: 696px) 100vw, 696px\" \/><\/p>\n<p>1.\u00a0<strong><span style=\"color: #ff99cc;\">Sombra de ojos rosa claro<\/span><\/strong>\u00a0en el p\u00e1rpado.<br \/>\n2.\u00a0<strong><span style=\"color: #993300;\">Sombra de ojos marr\u00f3n<\/span>\u00a0<\/strong>al final de la l\u00ednea de las pesta\u00f1as inferiores, al final del p\u00e1rpado y a lo largo de la l\u00ednea del globo.<br \/>\n3. Difumina los bordes.<br \/>\n4.\u00a0<strong><span style=\"color: #000000;\">Delineador de ojos negro<\/span><\/strong>\u00a0con ala.<br \/>\n+\u00a0<strong><span style=\"color: #999999;\">Sombra de ojos blanca<\/span><\/strong>\u00a0en el rabillo del ojo y debajo de la ceja.<br \/>\n5.\u00a0<strong><span style=\"color: #339966;\">Delineador de ojos verde<\/span>\u00a0<\/strong>delgado por encima del negro, y terminar con <strong>volumen<\/strong><span style=\"color: #000000;\"><strong>m\u00e1scara<\/strong>\u00a0en las pesta\u00f1as<\/span>!<\/p>\n<p>\u00bfY sabes qu\u00e9? \u00a1He usado completamente el maquillaje que recib\u00ed de Oriflame para hacer este maquillaje, y por simplicidad he fotografiado todo lo que he usado! :)<\/p>\n<p>Encontrar\u00e1s todos los productos que he usado\u00a0<a href=\"https:\/\/ion.lyko.com\/t\/t?a=1117786221&#038;as=1548102449&#038;t=2&#038;tk=1&#038;epi=search-replace-mascara&#038;url=https:\/\/lyko.com\/sv\/smink\/ogon\/mascara\" target=\"_blank\" rel=\"noopener\"><strong><span style=\"text-decoration: underline;\">aqu\u00ed<\/span><\/strong><\/a>!<\/p>\n<p>Esta base da un resultado completo que dura mucho tiempo y gracias a estas &quot;perlas ruborizadas&quot; la piel obtiene un brillo y un color s\u00faper agradables. No solo lo he usado en las mejillas sino tambi\u00e9n un poco en la frente y la barbilla.<\/p>\n<p><strong>Fundaci\u00f3n<\/strong> - The ONE EverLasting Foundation (beige natural)<br \/>\n<strong>Ocultador<\/strong> - Corrector Giordani Gold Age Defying (Marfil Beige)<br \/>\n<strong>Polvo<\/strong> - The ONE Illuskin Powder (Light)<br \/>\n<strong>Rouge \/ lyster<\/strong> - Perlas ruborizadas barrocas de Giordani Gold<\/p>\n<p>Las sombras de ojos que he usado son Pure Color Mono Eye Shadow en los tonos Shimmering white, Pink shimmer y Earthy brown.<\/p>\n<p>Y para sacar ese peque\u00f1o extra tambi\u00e9n, he terminado con estos productos:<\/p>\n<p><strong>Delineador de ojos negro<\/strong> - The ONE Eye Liner Stylo<br \/>\n<strong>Delineador de ojos verde<\/strong> - Delineador de ojos Very Me Clickit (verde)<br \/>\n<strong>R\u00edmel -<\/strong>\u00a0M\u00e1scara de pesta\u00f1as The ONE Eyes Wide Open - Negro<br \/>\n<strong>Brillo de labios<\/strong> - Brillo de labios The ONE Power Shine (coral suave)<br \/>\n<strong>Esmalte de u\u00f1as -<\/strong>\u00a0Esmalte de u\u00f1as de larga duraci\u00f3n The ONE (Ballerina Rose)<\/p>\n<p>Y como dije <a href=\"https:\/\/ion.lyko.com\/t\/t?a=1117786221&#038;as=1548102449&#038;t=2&#038;tk=1&#038;epi=search-replace-mascara&#038;url=https:\/\/lyko.com\/sv\/smink\/ogon\/mascara\" target=\"_blank\" rel=\"noopener\">haga clic aqu\u00ed<\/a>\u00a0luego tengo una lista de todos los productos que he usado en el maquillaje, \u00a1para que puedas comprar el look completo! :)<\/p>\n<p>Ahora me di cuenta de que logr\u00e9 elegir im\u00e1genes donde las pesta\u00f1as no son tan visibles, porque me enfoqu\u00e9 en los \u00e1ngulos donde se ve el delineador de ojos, \u00a1pero puedo decir que la m\u00e1scara da mucha longitud y volumen! \u00a1Es la nueva m\u00e1scara de pesta\u00f1as Eyes Wide Open de Oriflame! Lo mostraremos en una publicaci\u00f3n separada pronto, es genial para ti que te gustan muchas pesta\u00f1as :)<\/p>\n<p>No olvides que lo m\u00e1s importante es que debes <em>sensaci\u00f3n<\/em> mira bien, elige colores y detalles de maquillaje que te gusten y no olvides una gran sonrisa :) \u2665<\/p>\n<p>&nbsp;<\/p>\n<p><img decoding=\"async\" id=\"hola-icon-globe\" style=\"top: 2054.8712577819824px; left: 422px;\" src=\"safari-extension:\/\/com.devdanpro.HolaTranslator.Extension-5USUM255P7\/96a01806\/holaIconWhite.svg\" \/><\/p>","protected":false},"excerpt":{"rendered":"<p>Snart \u00e4r det Alla hj\u00e4rtans dag, s\u00e5 mysigt tycker jag! Speciellt att det \u00e4r en l\u00f6rdag s\u00e5 att man kan hitta p\u00e5 n\u00e5gonting ocks\u00e5 :) Ska ni g\u00f6ra n\u00e5gonting speciellt? Idag har jag d\u00e4rf\u00f6r gjort en Alla hj\u00e4rtans dag-inspirerad sminkning till er! Det jag \u00e4lskar med alla hj\u00e4rtans dag-sminkningar \/ romatiska sminkningar \/ dejtsminkningar, ni [&hellip;]<\/p>\n","protected":false},"author":30,"featured_media":18785,"comment_status":"open","ping_status":"open","sticky":false,"template":"","format":"standard","meta":{"footnotes":""},"categories":[2827],"tags":[3182,943,1328,3183,3110,505,302],"class_list":["post-1951","post","type-post","status-publish","format-standard","has-post-thumbnail","hentry","category-vardagssminkningar","tag-alla-hjartans-dag-smink","tag-eyeliner-med-vinge","tag-oriflame","tag-oriflame-smink","tag-romantic-makeup","tag-romantisk-sminkning","tag-vardagssminkning-steg-for-steg"],"yoast_head":"<!-- This site is optimized with the Yoast SEO Premium plugin v14.9 - https:\/\/yoast.com\/wordpress\/plugins\/seo\/ -->\n<meta name=\"description\" content=\"Alla hj\u00e4rtans dag-sminkning | Helena Amiley - H\u00e4r hittar du senaste infromation om sk\u00f6nhet, livsstil, entrepren\u00f6rskap, makeup &amp; tips.\" \/>\n<meta name=\"robots\" content=\"index, follow, max-snippet:-1, max-image-preview:large, max-video-preview:-1\" \/>\n<link rel=\"canonical\" href=\"https:\/\/www.imakeyousmile.se\/es\/alla-hjartans-dag-sminkning-3\/\" \/>\n<meta property=\"og:locale\" content=\"es_ES\" \/>\n<meta property=\"og:type\" content=\"article\" \/>\n<meta property=\"og:title\" content=\"Alla hj\u00e4rtans dag-sminkning | Imakeyousmile.se\" \/>\n<meta property=\"og:description\" content=\"Alla hj\u00e4rtans dag-sminkning | Helena Amiley - H\u00e4r hittar du senaste infromation om sk\u00f6nhet, livsstil, entrepren\u00f6rskap, makeup &amp; tips.\" \/>\n<meta property=\"og:url\" content=\"https:\/\/www.imakeyousmile.se\/es\/alla-hjartans-dag-sminkning-3\/\" \/>\n<meta property=\"og:site_name\" content=\"Imakeyousmile.se\" \/>\n<meta property=\"article:author\" content=\"https:\/\/www.facebook.com\/imakeyousmile.se\" \/>\n<meta property=\"article:published_time\" content=\"2015-02-06T05:26:29+00:00\" \/>\n<meta property=\"article:modified_time\" content=\"2021-09-29T03:15:26+00:00\" \/>\n<meta property=\"og:image\" content=\"https:\/\/www.imakeyousmile.se\/wp-content\/uploads\/2015\/02\/1421847171-7902.jpg\" \/>\n\t<meta property=\"og:image:width\" content=\"1500\" \/>\n\t<meta property=\"og:image:height\" content=\"1016\" \/>\n<meta name=\"twitter:card\" content=\"summary_large_image\" \/>\n<script type=\"application\/ld+json\" class=\"yoast-schema-graph\">{\"@context\":\"https:\/\/schema.org\",\"@graph\":[{\"@type\":\"Organization\",\"@id\":\"https:\/\/www.imakeyousmile.se\/es\/#organization\",\"name\":\"Imakeyousmile\",\"url\":\"https:\/\/www.imakeyousmile.se\/es\/\",\"sameAs\":[],\"logo\":{\"@type\":\"ImageObject\",\"@id\":\"https:\/\/www.imakeyousmile.se\/es\/#logo\",\"inLanguage\":\"es\",\"url\":\"https:\/\/www.imakeyousmile.se\/wp-content\/uploads\/2020\/10\/HELENA-AMILEY_SVART-1-e1603367975324.png\",\"width\":280,\"height\":93,\"caption\":\"Imakeyousmile\"},\"image\":{\"@id\":\"https:\/\/www.imakeyousmile.se\/es\/#logo\"}},{\"@type\":\"WebSite\",\"@id\":\"https:\/\/www.imakeyousmile.se\/es\/#website\",\"url\":\"https:\/\/www.imakeyousmile.se\/es\/\",\"name\":\"Imakeyousmile.se\",\"description\":\"Helena Amiley - Beauty, Entrepreneur, Lifestyle\",\"publisher\":{\"@id\":\"https:\/\/www.imakeyousmile.se\/es\/#organization\"},\"potentialAction\":[{\"@type\":\"SearchAction\",\"target\":\"https:\/\/www.imakeyousmile.se\/es\/?s={search_term_string}\",\"query-input\":\"required name=search_term_string\"}],\"inLanguage\":\"es\"},{\"@type\":\"ImageObject\",\"@id\":\"https:\/\/www.imakeyousmile.se\/alla-hjartans-dag-sminkning-3\/#primaryimage\",\"inLanguage\":\"es\",\"url\":\"https:\/\/www.imakeyousmile.se\/wp-content\/uploads\/2015\/02\/1421847171-7902.jpg\",\"width\":1500,\"height\":1016},{\"@type\":\"WebPage\",\"@id\":\"https:\/\/www.imakeyousmile.se\/alla-hjartans-dag-sminkning-3\/#webpage\",\"url\":\"https:\/\/www.imakeyousmile.se\/alla-hjartans-dag-sminkning-3\/\",\"name\":\"Alla hj\\u00e4rtans dag-sminkning | Imakeyousmile.se\",\"isPartOf\":{\"@id\":\"https:\/\/www.imakeyousmile.se\/es\/#website\"},\"primaryImageOfPage\":{\"@id\":\"https:\/\/www.imakeyousmile.se\/alla-hjartans-dag-sminkning-3\/#primaryimage\"},\"datePublished\":\"2015-02-06T05:26:29+00:00\",\"dateModified\":\"2021-09-29T03:15:26+00:00\",\"description\":\"Alla hj\\u00e4rtans dag-sminkning | Helena Amiley - H\\u00e4r hittar du senaste infromation om sk\\u00f6nhet, livsstil, entrepren\\u00f6rskap, makeup & tips.\",\"inLanguage\":\"es\",\"potentialAction\":[{\"@type\":\"ReadAction\",\"target\":[\"https:\/\/www.imakeyousmile.se\/alla-hjartans-dag-sminkning-3\/\"]}]},{\"@type\":\"Article\",\"@id\":\"https:\/\/www.imakeyousmile.se\/alla-hjartans-dag-sminkning-3\/#article\",\"isPartOf\":{\"@id\":\"https:\/\/www.imakeyousmile.se\/alla-hjartans-dag-sminkning-3\/#webpage\"},\"author\":{\"@id\":\"https:\/\/www.imakeyousmile.se\/es\/#\/schema\/person\/b0fd43b1c6bb1c60cfd68bff9b4a10fb\"},\"headline\":\"Alla hj\\u00e4rtans dag-sminkning\",\"datePublished\":\"2015-02-06T05:26:29+00:00\",\"dateModified\":\"2021-09-29T03:15:26+00:00\",\"mainEntityOfPage\":{\"@id\":\"https:\/\/www.imakeyousmile.se\/alla-hjartans-dag-sminkning-3\/#webpage\"},\"commentCount\":2,\"publisher\":{\"@id\":\"https:\/\/www.imakeyousmile.se\/es\/#organization\"},\"image\":{\"@id\":\"https:\/\/www.imakeyousmile.se\/alla-hjartans-dag-sminkning-3\/#primaryimage\"},\"keywords\":\"alla hj\\u00e4rtans dag smink,eyeliner med vinge,oriflame,oriflame smink,romantic makeup,romantisk sminkning,Vardagssminkning steg f\\u00f6r steg\",\"articleSection\":\"Neutrala \/ milda sminkningar\",\"inLanguage\":\"es\",\"potentialAction\":[{\"@type\":\"CommentAction\",\"name\":\"Comment\",\"target\":[\"https:\/\/www.imakeyousmile.se\/alla-hjartans-dag-sminkning-3\/#respond\"]}]},{\"@type\":\"Person\",\"@id\":\"https:\/\/www.imakeyousmile.se\/es\/#\/schema\/person\/b0fd43b1c6bb1c60cfd68bff9b4a10fb\",\"name\":\"Helena Amiley\",\"image\":{\"@type\":\"ImageObject\",\"@id\":\"https:\/\/www.imakeyousmile.se\/es\/#personlogo\",\"inLanguage\":\"es\",\"url\":\"https:\/\/secure.gravatar.com\/avatar\/5645558e1e355457a23368d7e1b4c904?s=96&d=mm&r=g\",\"caption\":\"Helena Amiley\"},\"description\":\"Jag skriver mest om sk\\u00f6nhet men bjuder \\u00e4ven p\\u00e5 glimtar fr\\u00e5n entrepren\\u00f6rlivet och bygget av v\\u00e5r egen camper van. Vanlife here we come!\",\"sameAs\":[\"https:\/\/www.facebook.com\/imakeyousmile.se\",\"https:\/\/www.instagram.com\/helenaamiley\",\"https:\/\/www.youtube.com\/channel\/UCR5iB6rvpV6Yr8ZjpQfr5mg?view_as=subscriber\"]}]}<\/script>\n<!-- \/ Yoast SEO Premium plugin. -->","_links":{"self":[{"href":"https:\/\/www.imakeyousmile.se\/es\/wp-json\/wp\/v2\/posts\/1951"}],"collection":[{"href":"https:\/\/www.imakeyousmile.se\/es\/wp-json\/wp\/v2\/posts"}],"about":[{"href":"https:\/\/www.imakeyousmile.se\/es\/wp-json\/wp\/v2\/types\/post"}],"author":[{"embeddable":true,"href":"https:\/\/www.imakeyousmile.se\/es\/wp-json\/wp\/v2\/users\/30"}],"replies":[{"embeddable":true,"href":"https:\/\/www.imakeyousmile.se\/es\/wp-json\/wp\/v2\/comments?post=1951"}],"version-history":[{"count":3,"href":"https:\/\/www.imakeyousmile.se\/es\/wp-json\/wp\/v2\/posts\/1951\/revisions"}],"predecessor-version":[{"id":41438,"href":"https:\/\/www.imakeyousmile.se\/es\/wp-json\/wp\/v2\/posts\/1951\/revisions\/41438"}],"wp:featuredmedia":[{"embeddable":true,"href":"https:\/\/www.imakeyousmile.se\/es\/wp-json\/wp\/v2\/media\/18785"}],"wp:attachment":[{"href":"https:\/\/www.imakeyousmile.se\/es\/wp-json\/wp\/v2\/media?parent=1951"}],"wp:term":[{"taxonomy":"category","embeddable":true,"href":"https:\/\/www.imakeyousmile.se\/es\/wp-json\/wp\/v2\/categories?post=1951"},{"taxonomy":"post_tag","embeddable":true,"href":"https:\/\/www.imakeyousmile.se\/es\/wp-json\/wp\/v2\/tags?post=1951"}],"curies":[{"name":"wp","href":"https:\/\/api.w.org\/{rel}","templated":true}]}}