{"id":19635,"date":"2015-04-21T14:01:09","date_gmt":"2015-04-21T12:01:09","guid":{"rendered":"http:\/\/www.imakeyousmile.se\/?p=19635"},"modified":"2015-04-21T14:01:09","modified_gmt":"2015-04-21T12:01:09","slug":"peach-makeup","status":"publish","type":"post","link":"https:\/\/www.imakeyousmile.se\/es\/maquillaje-melocoton\/","title":{"rendered":"Maquillaje melocot\u00f3n"},"content":{"rendered":"<p>El maquillaje de hoy est\u00e1 terminado con <a href=\"http:\/\/creativemakeup.se\/produkt\/paese-opal-eyeshadow\/\" target=\"_blank\">Sombra de ojos Paese Opal<\/a> en la sombra Melba: sombras de ojos brillantes y s\u00faper finas que van en la direcci\u00f3n del melocot\u00f3n.<\/p>\n<p>Estas paletas de \u00f3palo son algo entre mate y reluciente, porque no contienen brillo pero dan un lustre enormemente hermoso.<\/p>\n<p>El tono Melba se convirti\u00f3 inmediatamente en uno de mis tonos favoritos, tan veraniego y agradable :)<\/p>\n<p><a href=\"http:\/\/www.imakeyousmile.se\/wp-content\/uploads\/2015\/04\/IMG_1080_111.jpg\"><img loading=\"lazy\" decoding=\"async\" class=\"alignnone size-full wp-image-19636\" src=\"http:\/\/www.imakeyousmile.se\/wp-content\/uploads\/2015\/04\/IMG_1080_111.jpg\" alt=\"IMG_1080_111\" width=\"2052\" height=\"1932\" srcset=\"https:\/\/www.imakeyousmile.se\/wp-content\/uploads\/2015\/04\/IMG_1080_111.jpg 2052w, https:\/\/www.imakeyousmile.se\/wp-content\/uploads\/2015\/04\/IMG_1080_111-300x282.jpg 300w, https:\/\/www.imakeyousmile.se\/wp-content\/uploads\/2015\/04\/IMG_1080_111-1024x964.jpg 1024w, https:\/\/www.imakeyousmile.se\/wp-content\/uploads\/2015\/04\/IMG_1080_111-700x659.jpg 700w, https:\/\/www.imakeyousmile.se\/wp-content\/uploads\/2015\/04\/IMG_1080_111-379x357.jpg 379w, https:\/\/www.imakeyousmile.se\/wp-content\/uploads\/2015\/04\/IMG_1080_111-513x483.jpg 513w\" sizes=\"(max-width: 2052px) 100vw, 2052px\" \/><\/a><\/p>\n<p>Los palets cuestan 79 SEK <a href=\"http:\/\/creativemakeup.se\/produkt\/paese-opal-eyeshadow\/\" target=\"_blank\">Byher.se<\/a>.<\/p>\n<p><a href=\"http:\/\/www.imakeyousmile.se\/wp-content\/uploads\/2015\/04\/IMG_1099_111.jpg\"><img loading=\"lazy\" decoding=\"async\" class=\"alignnone size-full wp-image-19640\" src=\"http:\/\/www.imakeyousmile.se\/wp-content\/uploads\/2015\/04\/IMG_1099_111.jpg\" alt=\"IMG_1099_111\" width=\"1000\" height=\"755\" srcset=\"https:\/\/www.imakeyousmile.se\/wp-content\/uploads\/2015\/04\/IMG_1099_111.jpg 1000w, https:\/\/www.imakeyousmile.se\/wp-content\/uploads\/2015\/04\/IMG_1099_111-300x227.jpg 300w, https:\/\/www.imakeyousmile.se\/wp-content\/uploads\/2015\/04\/IMG_1099_111-700x529.jpg 700w, https:\/\/www.imakeyousmile.se\/wp-content\/uploads\/2015\/04\/IMG_1099_111-473x357.jpg 473w, https:\/\/www.imakeyousmile.se\/wp-content\/uploads\/2015\/04\/IMG_1099_111-640x483.jpg 640w\" sizes=\"(max-width: 1000px) 100vw, 1000px\" \/><\/a><\/p>\n<p>Fint va? :)<\/p>\n<p>\u00a1Tengo la sombra de color amarillo claro en la esquina del ojo y en el interior del p\u00e1rpado, la sombra de ojos rosada en la parte exterior del p\u00e1rpado y el marr\u00f3n claro a lo largo de la l\u00ednea de las pesta\u00f1as inferiores!<\/p>\n<p>La m\u00e1scara es<a href=\"http:\/\/creativemakeup.se\/produkt\/adore-3d-lash-mascara\/\" target=\"_blank\"> M\u00e1scara de pesta\u00f1as 3D Paese Adore<\/a>.<\/p>\n<p><a href=\"http:\/\/www.imakeyousmile.se\/wp-content\/uploads\/2015\/04\/IMG_1104_1_111.jpg\"><img loading=\"lazy\" decoding=\"async\" class=\"alignnone size-full wp-image-19637\" src=\"http:\/\/www.imakeyousmile.se\/wp-content\/uploads\/2015\/04\/IMG_1104_1_111.jpg\" alt=\"IMG_1104_1_111\" width=\"2000\" height=\"1922\" srcset=\"https:\/\/www.imakeyousmile.se\/wp-content\/uploads\/2015\/04\/IMG_1104_1_111.jpg 2000w, https:\/\/www.imakeyousmile.se\/wp-content\/uploads\/2015\/04\/IMG_1104_1_111-300x288.jpg 300w, https:\/\/www.imakeyousmile.se\/wp-content\/uploads\/2015\/04\/IMG_1104_1_111-1024x984.jpg 1024w, https:\/\/www.imakeyousmile.se\/wp-content\/uploads\/2015\/04\/IMG_1104_1_111-700x673.jpg 700w, https:\/\/www.imakeyousmile.se\/wp-content\/uploads\/2015\/04\/IMG_1104_1_111-371x357.jpg 371w, https:\/\/www.imakeyousmile.se\/wp-content\/uploads\/2015\/04\/IMG_1104_1_111-503x483.jpg 503w\" sizes=\"(max-width: 2000px) 100vw, 2000px\" \/><\/a> <a href=\"http:\/\/www.imakeyousmile.se\/wp-content\/uploads\/2015\/04\/IMG_1109_111.jpg\"><img loading=\"lazy\" decoding=\"async\" class=\"alignnone size-full wp-image-19638\" src=\"http:\/\/www.imakeyousmile.se\/wp-content\/uploads\/2015\/04\/IMG_1109_111.jpg\" alt=\"IMG_1109_111\" width=\"2000\" height=\"1889\" srcset=\"https:\/\/www.imakeyousmile.se\/wp-content\/uploads\/2015\/04\/IMG_1109_111.jpg 2000w, https:\/\/www.imakeyousmile.se\/wp-content\/uploads\/2015\/04\/IMG_1109_111-300x283.jpg 300w, https:\/\/www.imakeyousmile.se\/wp-content\/uploads\/2015\/04\/IMG_1109_111-1024x967.jpg 1024w, https:\/\/www.imakeyousmile.se\/wp-content\/uploads\/2015\/04\/IMG_1109_111-700x661.jpg 700w, https:\/\/www.imakeyousmile.se\/wp-content\/uploads\/2015\/04\/IMG_1109_111-378x357.jpg 378w, https:\/\/www.imakeyousmile.se\/wp-content\/uploads\/2015\/04\/IMG_1109_111-511x483.jpg 511w\" sizes=\"(max-width: 2000px) 100vw, 2000px\" \/><\/a> <a href=\"http:\/\/www.imakeyousmile.se\/wp-content\/uploads\/2015\/04\/IMG_1137_111.jpg\"><img loading=\"lazy\" decoding=\"async\" class=\"alignnone size-full wp-image-19639\" src=\"http:\/\/www.imakeyousmile.se\/wp-content\/uploads\/2015\/04\/IMG_1137_111.jpg\" alt=\"IMG_1137_111\" width=\"2000\" height=\"2000\" srcset=\"https:\/\/www.imakeyousmile.se\/wp-content\/uploads\/2015\/04\/IMG_1137_111.jpg 2000w, https:\/\/www.imakeyousmile.se\/wp-content\/uploads\/2015\/04\/IMG_1137_111-150x150.jpg 150w, https:\/\/www.imakeyousmile.se\/wp-content\/uploads\/2015\/04\/IMG_1137_111-300x300.jpg 300w, https:\/\/www.imakeyousmile.se\/wp-content\/uploads\/2015\/04\/IMG_1137_111-1024x1024.jpg 1024w, https:\/\/www.imakeyousmile.se\/wp-content\/uploads\/2015\/04\/IMG_1137_111-700x700.jpg 700w, https:\/\/www.imakeyousmile.se\/wp-content\/uploads\/2015\/04\/IMG_1137_111-357x357.jpg 357w, https:\/\/www.imakeyousmile.se\/wp-content\/uploads\/2015\/04\/IMG_1137_111-483x483.jpg 483w, https:\/\/www.imakeyousmile.se\/wp-content\/uploads\/2015\/04\/IMG_1137_111-210x210.jpg 210w\" sizes=\"(max-width: 2000px) 100vw, 2000px\" \/><\/a><\/p>\n<p>La barra de labios es de dos colores nude diferentes, he aplicado un color nude un poco m\u00e1s oscuro en todos los labios y luego apliqu\u00e9 un poco de color claro en el medio. Ambos son <a href=\"http:\/\/creativemakeup.se\/produkt\/paese-lappstift\/\" target=\"_blank\">Pintalabios Paese con aceite de arg\u00e1n <\/a>y he usado los tonos 17 y 35.<\/p>\n<p>El maquillaje b\u00e1sico es Zuii Organic - <a href=\"https:\/\/ion.jordklok.se\/t\/t?a=1236848151&#038;as=1548102449&#038;t=2&#038;tk=1&#038;epi=search-replace-zuiiprimer&#038;url=https:\/\/www.jordklok.se\/sv\/articles\/2.267.5455\/zuii-organic-flora-colour-corrective-primer-mint-30-ml?q=Zuii%20Organic%20Flora%20Colour%20Corrective%20Primer%20-%20Mint,%2030%20ml\/\" target=\"_blank\">imprimaci\u00f3n cc<\/a> (menta), <a href=\"https:\/\/ion.jordklok.se\/t\/t?a=1236848151&#038;as=1548102449&#038;t=2&#038;tk=1&#038;epi=search-replace-zuiifoundation&#038;url=https:\/\/www.jordklok.se\/sv\/articles\/2.60.5465\/zuii-organic-flora-powder-foundation-10-g?q=Zuii%20Organic%20Flora%20Powder%20Foundation,%2010%20g\/\" target=\"_blank\">base en polvo<\/a> (marfil) y <a href=\"https:\/\/ion.jordklok.se\/t\/t?a=1236848151&#038;as=1548102449&#038;t=2&#038;tk=1&#038;epi=search-replace-zuii&#038;url=https:\/\/www.jordklok.se\/sv\/search?q=zuii\/\" target=\"_blank\">rojo brillante<\/a> (mel\u00f3n). \u00a1Qui\u00e9ralo!<\/p>\n<p>\u00bfQu\u00e9 piensas? :)<\/p>","protected":false},"excerpt":{"rendered":"<p>Dagens sminkning \u00e4r gjord med Paese Opal Eyeshadow i nyansen Melba &#8211; ljusa och superfina \u00f6gonskuggor som g\u00e5r \u00e5t persika-h\u00e5llet. Dessa Opal-paletter \u00e4r ett mellanting mellan matt och skimrigt, f\u00f6r de inneh\u00e5ller inte skimmer men ger en enormt vacker lyster! Nyansen Melba blev direkt en av mina favoritnyanser, s\u00e5 somrig och fin :) Paletterna kostar [&hellip;]<\/p>\n","protected":false},"author":30,"featured_media":19640,"comment_status":"open","ping_status":"closed","sticky":false,"template":"","format":"standard","meta":{"footnotes":""},"categories":[2827],"tags":[3433,1380,3417,3432,3430,3431,3434,409,2274,408],"class_list":["post-19635","post","type-post","status-publish","format-standard","has-post-thumbnail","hentry","category-vardagssminkningar","tag-nude-lips","tag-nudelappar","tag-paese","tag-paese-opal","tag-peach-makeup","tag-peach-melba-eyeshadow","tag-persika-ogonskugga","tag-sommarsminkning","tag-summer-makeup","tag-varsminkning"],"yoast_head":"<!-- This site is optimized with the Yoast SEO Premium plugin v14.9 - https:\/\/yoast.com\/wordpress\/plugins\/seo\/ -->\n<meta name=\"description\" content=\"Peach makeup | Helena Amiley - H\u00e4r hittar du senaste infromation om sk\u00f6nhet, livsstil, entrepren\u00f6rskap, makeup &amp; tips.\" \/>\n<meta name=\"robots\" content=\"index, follow, max-snippet:-1, max-image-preview:large, max-video-preview:-1\" \/>\n<link rel=\"canonical\" href=\"https:\/\/www.imakeyousmile.se\/es\/peach-makeup\/\" \/>\n<meta property=\"og:locale\" content=\"es_ES\" \/>\n<meta property=\"og:type\" content=\"article\" \/>\n<meta property=\"og:title\" content=\"Peach makeup | Imakeyousmile.se\" \/>\n<meta property=\"og:description\" content=\"Peach makeup | Helena Amiley - H\u00e4r hittar du senaste infromation om sk\u00f6nhet, livsstil, entrepren\u00f6rskap, makeup &amp; tips.\" \/>\n<meta property=\"og:url\" content=\"https:\/\/www.imakeyousmile.se\/es\/peach-makeup\/\" \/>\n<meta property=\"og:site_name\" content=\"Imakeyousmile.se\" \/>\n<meta property=\"article:author\" content=\"https:\/\/www.facebook.com\/imakeyousmile.se\" \/>\n<meta property=\"article:published_time\" content=\"2015-04-21T12:01:09+00:00\" \/>\n<meta property=\"og:image\" content=\"https:\/\/www.imakeyousmile.se\/wp-content\/uploads\/2015\/04\/IMG_1099_111.jpg\" \/>\n\t<meta property=\"og:image:width\" content=\"1000\" \/>\n\t<meta property=\"og:image:height\" content=\"755\" \/>\n<meta name=\"twitter:card\" content=\"summary_large_image\" \/>\n<script type=\"application\/ld+json\" class=\"yoast-schema-graph\">{\"@context\":\"https:\/\/schema.org\",\"@graph\":[{\"@type\":\"Organization\",\"@id\":\"https:\/\/www.imakeyousmile.se\/es\/#organization\",\"name\":\"Imakeyousmile\",\"url\":\"https:\/\/www.imakeyousmile.se\/es\/\",\"sameAs\":[],\"logo\":{\"@type\":\"ImageObject\",\"@id\":\"https:\/\/www.imakeyousmile.se\/es\/#logo\",\"inLanguage\":\"es\",\"url\":\"https:\/\/www.imakeyousmile.se\/wp-content\/uploads\/2020\/10\/HELENA-AMILEY_SVART-1-e1603367975324.png\",\"width\":280,\"height\":93,\"caption\":\"Imakeyousmile\"},\"image\":{\"@id\":\"https:\/\/www.imakeyousmile.se\/es\/#logo\"}},{\"@type\":\"WebSite\",\"@id\":\"https:\/\/www.imakeyousmile.se\/es\/#website\",\"url\":\"https:\/\/www.imakeyousmile.se\/es\/\",\"name\":\"Imakeyousmile.se\",\"description\":\"Helena Amiley - Beauty, Entrepreneur, Lifestyle\",\"publisher\":{\"@id\":\"https:\/\/www.imakeyousmile.se\/es\/#organization\"},\"potentialAction\":[{\"@type\":\"SearchAction\",\"target\":\"https:\/\/www.imakeyousmile.se\/es\/?s={search_term_string}\",\"query-input\":\"required name=search_term_string\"}],\"inLanguage\":\"es\"},{\"@type\":\"ImageObject\",\"@id\":\"https:\/\/www.imakeyousmile.se\/peach-makeup\/#primaryimage\",\"inLanguage\":\"es\",\"url\":\"https:\/\/www.imakeyousmile.se\/wp-content\/uploads\/2015\/04\/IMG_1099_111.jpg\",\"width\":1000,\"height\":755},{\"@type\":\"WebPage\",\"@id\":\"https:\/\/www.imakeyousmile.se\/peach-makeup\/#webpage\",\"url\":\"https:\/\/www.imakeyousmile.se\/peach-makeup\/\",\"name\":\"Peach makeup | Imakeyousmile.se\",\"isPartOf\":{\"@id\":\"https:\/\/www.imakeyousmile.se\/es\/#website\"},\"primaryImageOfPage\":{\"@id\":\"https:\/\/www.imakeyousmile.se\/peach-makeup\/#primaryimage\"},\"datePublished\":\"2015-04-21T12:01:09+00:00\",\"dateModified\":\"2015-04-21T12:01:09+00:00\",\"description\":\"Peach makeup | Helena Amiley - H\\u00e4r hittar du senaste infromation om sk\\u00f6nhet, livsstil, entrepren\\u00f6rskap, makeup & tips.\",\"inLanguage\":\"es\",\"potentialAction\":[{\"@type\":\"ReadAction\",\"target\":[\"https:\/\/www.imakeyousmile.se\/peach-makeup\/\"]}]},{\"@type\":\"Article\",\"@id\":\"https:\/\/www.imakeyousmile.se\/peach-makeup\/#article\",\"isPartOf\":{\"@id\":\"https:\/\/www.imakeyousmile.se\/peach-makeup\/#webpage\"},\"author\":{\"@id\":\"https:\/\/www.imakeyousmile.se\/es\/#\/schema\/person\/b0fd43b1c6bb1c60cfd68bff9b4a10fb\"},\"headline\":\"Peach makeup\",\"datePublished\":\"2015-04-21T12:01:09+00:00\",\"dateModified\":\"2015-04-21T12:01:09+00:00\",\"mainEntityOfPage\":{\"@id\":\"https:\/\/www.imakeyousmile.se\/peach-makeup\/#webpage\"},\"commentCount\":5,\"publisher\":{\"@id\":\"https:\/\/www.imakeyousmile.se\/es\/#organization\"},\"image\":{\"@id\":\"https:\/\/www.imakeyousmile.se\/peach-makeup\/#primaryimage\"},\"keywords\":\"nude lips,nudel\\u00e4ppar,paese,paese opal,Peach makeup,peach melba eyeshadow,persika \\u00f6gonskugga,Sommarsminkning,summer makeup,V\\u00e5rsminkning\",\"articleSection\":\"Neutrala \/ milda sminkningar\",\"inLanguage\":\"es\",\"potentialAction\":[{\"@type\":\"CommentAction\",\"name\":\"Comment\",\"target\":[\"https:\/\/www.imakeyousmile.se\/peach-makeup\/#respond\"]}]},{\"@type\":\"Person\",\"@id\":\"https:\/\/www.imakeyousmile.se\/es\/#\/schema\/person\/b0fd43b1c6bb1c60cfd68bff9b4a10fb\",\"name\":\"Helena Amiley\",\"image\":{\"@type\":\"ImageObject\",\"@id\":\"https:\/\/www.imakeyousmile.se\/es\/#personlogo\",\"inLanguage\":\"es\",\"url\":\"https:\/\/secure.gravatar.com\/avatar\/5645558e1e355457a23368d7e1b4c904?s=96&d=mm&r=g\",\"caption\":\"Helena Amiley\"},\"description\":\"Jag skriver mest om sk\\u00f6nhet men bjuder \\u00e4ven p\\u00e5 glimtar fr\\u00e5n entrepren\\u00f6rlivet och bygget av v\\u00e5r egen camper van. Vanlife here we come!\",\"sameAs\":[\"https:\/\/www.facebook.com\/imakeyousmile.se\",\"https:\/\/www.instagram.com\/helenaamiley\",\"https:\/\/www.youtube.com\/channel\/UCR5iB6rvpV6Yr8ZjpQfr5mg?view_as=subscriber\"]}]}<\/script>\n<!-- \/ Yoast SEO Premium plugin. -->","_links":{"self":[{"href":"https:\/\/www.imakeyousmile.se\/es\/wp-json\/wp\/v2\/posts\/19635"}],"collection":[{"href":"https:\/\/www.imakeyousmile.se\/es\/wp-json\/wp\/v2\/posts"}],"about":[{"href":"https:\/\/www.imakeyousmile.se\/es\/wp-json\/wp\/v2\/types\/post"}],"author":[{"embeddable":true,"href":"https:\/\/www.imakeyousmile.se\/es\/wp-json\/wp\/v2\/users\/30"}],"replies":[{"embeddable":true,"href":"https:\/\/www.imakeyousmile.se\/es\/wp-json\/wp\/v2\/comments?post=19635"}],"version-history":[{"count":2,"href":"https:\/\/www.imakeyousmile.se\/es\/wp-json\/wp\/v2\/posts\/19635\/revisions"}],"predecessor-version":[{"id":19642,"href":"https:\/\/www.imakeyousmile.se\/es\/wp-json\/wp\/v2\/posts\/19635\/revisions\/19642"}],"wp:featuredmedia":[{"embeddable":true,"href":"https:\/\/www.imakeyousmile.se\/es\/wp-json\/wp\/v2\/media\/19640"}],"wp:attachment":[{"href":"https:\/\/www.imakeyousmile.se\/es\/wp-json\/wp\/v2\/media?parent=19635"}],"wp:term":[{"taxonomy":"category","embeddable":true,"href":"https:\/\/www.imakeyousmile.se\/es\/wp-json\/wp\/v2\/categories?post=19635"},{"taxonomy":"post_tag","embeddable":true,"href":"https:\/\/www.imakeyousmile.se\/es\/wp-json\/wp\/v2\/tags?post=19635"}],"curies":[{"name":"wp","href":"https:\/\/api.w.org\/{rel}","templated":true}]}}