{"id":19661,"date":"2015-04-23T07:03:59","date_gmt":"2015-04-23T05:03:59","guid":{"rendered":"http:\/\/www.imakeyousmile.se\/?p=19661"},"modified":"2015-04-23T07:03:59","modified_gmt":"2015-04-23T05:03:59","slug":"ekologisk-concealerpenna","status":"publish","type":"post","link":"https:\/\/www.imakeyousmile.se\/es\/lapiz-corrector-organico\/","title":{"rendered":"L\u00e1piz corrector org\u00e1nico"},"content":{"rendered":"<p>Hay muchas rese\u00f1as de productos de Byher.se aqu\u00ed en el blog ahora, \u00a1espero que les guste! Tengo algunas noticias y creo que es mejor para ti si todas las publicaciones salen bastante r\u00e1pido, para que no compres un producto y luego, cuando llegue una nueva publicaci\u00f3n despu\u00e9s de una semana, quieras comprar nuevamente. Ahora obtienes toda la informaci\u00f3n a la vez y puedes comprar todo lo que quieras de inmediato :)<\/p>\n<p>Ahora te iba a mostrar lo bueno <a href=\"https:\/\/ion.jordklok.se\/t\/t?a=1236848151&#038;as=1548102449&#038;t=2&#038;tk=1&#038;epi=search-replace-zuiiconcealer&#038;url=https:\/\/www.jordklok.se\/sv\/articles\/2.59.5478\/zuii-organic-flora-concealer-pencil-fair-18-g?q=Zuii%20Organic%20Flora%20Concealer%20Pencil%20-%20Fair,%201,8%20g\" target=\"_blank\">L\u00e1piz corrector org\u00e1nico Zuii<\/a> \u00a1es! Es un l\u00e1piz corrector que es s\u00faper f\u00e1cil de usar, sepa que tambi\u00e9n recib\u00ed pedidos antes, \u00a1as\u00ed que me sent\u00ed muy divertido tenerlo en g!<\/p>\n<p>Estos bol\u00edgrafos correctores son 100% natural y 95% org\u00e1nico.<\/p>\n<p><a href=\"http:\/\/www.imakeyousmile.se\/wp-content\/uploads\/2015\/04\/concealerpenna.jpg\"><img loading=\"lazy\" decoding=\"async\" class=\"alignnone size-large wp-image-19662\" src=\"http:\/\/www.imakeyousmile.se\/wp-content\/uploads\/2015\/04\/concealerpenna-1024x547.jpg\" alt=\"l\u00e1piz corrector\" width=\"700\" height=\"374\" srcset=\"https:\/\/www.imakeyousmile.se\/wp-content\/uploads\/2015\/04\/concealerpenna-1024x547.jpg 1024w, https:\/\/www.imakeyousmile.se\/wp-content\/uploads\/2015\/04\/concealerpenna-300x160.jpg 300w, https:\/\/www.imakeyousmile.se\/wp-content\/uploads\/2015\/04\/concealerpenna-700x374.jpg 700w, https:\/\/www.imakeyousmile.se\/wp-content\/uploads\/2015\/04\/concealerpenna-668x357.jpg 668w, https:\/\/www.imakeyousmile.se\/wp-content\/uploads\/2015\/04\/concealerpenna-904x483.jpg 904w\" sizes=\"(max-width: 700px) 100vw, 700px\" \/><\/a><\/p>\n<p><strong>\u00bfPor qu\u00e9 es bueno el corrector?<\/strong><br \/>\nCuando no est\u00e1s maquillado, solo ves muchas imperfecciones e irregularidades en el tono de la piel y piensas &quot;\u00a1Necesito mucha base!&quot;. Pero para obtener un resultado lo m\u00e1s natural y sostenible (\u00a1y econ\u00f3mico!), Debes esforzarte por aplicar la menor cantidad de maquillaje posible en la piel.<\/p>\n<p>Y lo que ve muy claramente cuando ha aplicado corrector en las peores irregularidades, es que la piel ahora se vuelve muy suave y fina a pesar de muy poco maquillaje, \u00a1y entonces no necesita tanta base para un resultado impecable!<\/p>\n<p><strong>\u00bfQu\u00e9 tienen de bueno los bol\u00edgrafos correctores?<\/strong><br \/>\nMe encanta trabajar con corrector en forma de bol\u00edgrafo, \u00a1va tan r\u00e1pido y no tienes que meterte con ning\u00fan pincel! Solo aplico peque\u00f1os puntos en mi cara y luego extiendo suavemente el color con mi dedo. El corrector se adhiere muy bien a las imperfecciones e irregularidades.<\/p>\n<p><strong>\u00bfFunciona debajo de los ojos?<\/strong><br \/>\nTambi\u00e9n funciona bien para tener debajo de los ojos, el tono Fair tambi\u00e9n es un poco amarillento y neutraliza el azul. \u00a1La precisi\u00f3n de un l\u00e1piz es s\u00faper buena si tienes bolsas transparentes o \u00e1reas empotradas! Debajo de los ojos, sin embargo, debes tener un poco de cuidado para que obtengas una capa fina, es f\u00e1cil de aplicar innecesariamente mucho sobre la piel fina.<\/p>\n<p><strong>\u00bfDeber\u00edas tenerlo antes o despu\u00e9s de la base?<\/strong><br \/>\nLa textura es relativamente cremosa y, por lo tanto, debe aplicarse antes de la base.<\/p>\n<p><a href=\"http:\/\/www.imakeyousmile.se\/wp-content\/uploads\/2015\/04\/zuii-concealerpennor.jpg\"><img loading=\"lazy\" decoding=\"async\" class=\"alignnone size-large wp-image-19665\" src=\"http:\/\/www.imakeyousmile.se\/wp-content\/uploads\/2015\/04\/zuii-concealerpennor-1024x959.jpg\" alt=\"bol\u00edgrafos correctores zuii\" width=\"700\" height=\"656\" srcset=\"https:\/\/www.imakeyousmile.se\/wp-content\/uploads\/2015\/04\/zuii-concealerpennor-1024x959.jpg 1024w, https:\/\/www.imakeyousmile.se\/wp-content\/uploads\/2015\/04\/zuii-concealerpennor-300x281.jpg 300w, https:\/\/www.imakeyousmile.se\/wp-content\/uploads\/2015\/04\/zuii-concealerpennor-700x655.jpg 700w, https:\/\/www.imakeyousmile.se\/wp-content\/uploads\/2015\/04\/zuii-concealerpennor-381x357.jpg 381w, https:\/\/www.imakeyousmile.se\/wp-content\/uploads\/2015\/04\/zuii-concealerpennor-516x483.jpg 516w\" sizes=\"(max-width: 700px) 100vw, 700px\" \/><\/a><\/p>\n<p>Zuii Organic Concealer Pencil est\u00e1 disponible en cuatro tonos diferentes, y yo, que todav\u00eda soy p\u00e1lido en invierno, lo uso justo y creo que es genial. Un corrector no tiene que ser exactamente como el tono de piel, solo puede ser bueno si es un poco m\u00e1s claro.<\/p>\n<p>Contiene, entre otras cosas:<br \/>\n<strong>Cera de carnauba org\u00e1nica<\/strong> - Cera vegetal fuerte que repele el agua y permite que la piel respire.<br \/>\n<strong>Cera de abejas org\u00e1nica -<\/strong> Hidrata y le da al bol\u00edgrafo una textura maravillosa.<br \/>\n<strong>Aceite de girasol ecol\u00f3gico -<\/strong> Protege, hidrata la piel y la mantiene suave y flexible. Rico en vitaminas A y E y \u00e1cidos grasos.<br \/>\n<strong>Aceite de c\u00e1rtamo org\u00e1nico (hierba) -<\/strong> Da al corrector los colores naturales.<br \/>\n<strong>Aceite de Jojoba Org\u00e1nico -\u00a0<\/strong>Tiene propiedades emolientes y es r\u00e1pidamente absorbido por la piel.<\/p>\n<p><a href=\"http:\/\/www.imakeyousmile.se\/wp-content\/uploads\/2015\/04\/IMG_0843_111.jpg\"><img loading=\"lazy\" decoding=\"async\" class=\"alignnone size-large wp-image-19664\" src=\"http:\/\/www.imakeyousmile.se\/wp-content\/uploads\/2015\/04\/IMG_0843_111-1024x660.jpg\" alt=\"IMG_0843_111\" width=\"700\" height=\"451\" srcset=\"https:\/\/www.imakeyousmile.se\/wp-content\/uploads\/2015\/04\/IMG_0843_111-1024x660.jpg 1024w, https:\/\/www.imakeyousmile.se\/wp-content\/uploads\/2015\/04\/IMG_0843_111-300x193.jpg 300w, https:\/\/www.imakeyousmile.se\/wp-content\/uploads\/2015\/04\/IMG_0843_111-700x451.jpg 700w, https:\/\/www.imakeyousmile.se\/wp-content\/uploads\/2015\/04\/IMG_0843_111-100x65.jpg 100w, https:\/\/www.imakeyousmile.se\/wp-content\/uploads\/2015\/04\/IMG_0843_111-554x357.jpg 554w, https:\/\/www.imakeyousmile.se\/wp-content\/uploads\/2015\/04\/IMG_0843_111-749x483.jpg 749w, https:\/\/www.imakeyousmile.se\/wp-content\/uploads\/2015\/04\/IMG_0843_111.jpg 1440w\" sizes=\"(max-width: 700px) 100vw, 700px\" \/><\/a><\/p>\n<p>\u00a1Aqu\u00ed puedes ver claramente los diferentes tonos!<\/p>\n<p><a href=\"http:\/\/www.imakeyousmile.se\/wp-content\/uploads\/2015\/04\/ekologisk-concealer.jpg\"><img loading=\"lazy\" decoding=\"async\" class=\"alignnone size-large wp-image-19663\" src=\"http:\/\/www.imakeyousmile.se\/wp-content\/uploads\/2015\/04\/ekologisk-concealer-1024x649.jpg\" alt=\"corrector org\u00e1nico\" width=\"700\" height=\"444\" srcset=\"https:\/\/www.imakeyousmile.se\/wp-content\/uploads\/2015\/04\/ekologisk-concealer-1024x649.jpg 1024w, https:\/\/www.imakeyousmile.se\/wp-content\/uploads\/2015\/04\/ekologisk-concealer-300x190.jpg 300w, https:\/\/www.imakeyousmile.se\/wp-content\/uploads\/2015\/04\/ekologisk-concealer-700x444.jpg 700w, https:\/\/www.imakeyousmile.se\/wp-content\/uploads\/2015\/04\/ekologisk-concealer-563x357.jpg 563w, https:\/\/www.imakeyousmile.se\/wp-content\/uploads\/2015\/04\/ekologisk-concealer-762x483.jpg 762w, https:\/\/www.imakeyousmile.se\/wp-content\/uploads\/2015\/04\/ekologisk-concealer.jpg 2000w\" sizes=\"(max-width: 700px) 100vw, 700px\" \/><\/a> <a href=\"http:\/\/www.imakeyousmile.se\/wp-content\/uploads\/2015\/04\/IMG_0843_111.jpg\"><br \/>\n<\/a><\/p>\n<p>Diferencia \u00bfeh? Te ves casi terminado con el maquillaje, solo desaparecen las irregularidades :)<\/p>\n<p>Grita si tienes alguna pregunta \u2665<\/p>","protected":false},"excerpt":{"rendered":"<p>Det \u00e4r mycket produktrecensioner fr\u00e5n Byher.se h\u00e4r i bloggen nu, jag hoppas ni gillar det! Jag har ju en del nyheter och jag t\u00e4nker att det \u00e4r b\u00e4ttre f\u00f6r er om alla inl\u00e4gg kommer ut ganska snabbt, s\u00e5 ni inte handlar en produkt och sen n\u00e4r ett nytt inl\u00e4gg kommer efter en vecka s\u00e5 vill [&hellip;]<\/p>\n","protected":false},"author":30,"featured_media":19662,"comment_status":"open","ping_status":"closed","sticky":false,"template":"","format":"standard","meta":{"footnotes":""},"categories":[24,59],"tags":[3450,3448,3449,3446,3444,3445,3451,3447],"class_list":["post-19661","post","type-post","status-publish","format-standard","has-post-thumbnail","hentry","category-grundsmink","category-recensioner-produkttips","tag-bra-concealer","tag-concealerpenna","tag-concealertips","tag-ekologisk-concealer","tag-ekologisk-concealerpenna","tag-naturlig-concealer","tag-tack-finnar","tag-zuii-organic"],"yoast_head":"<!-- This site is optimized with the Yoast SEO Premium plugin v14.9 - https:\/\/yoast.com\/wordpress\/plugins\/seo\/ -->\n<meta name=\"description\" content=\"Ekologisk concealerpenna | Helena Amiley - H\u00e4r hittar du senaste infromation om sk\u00f6nhet, livsstil, entrepren\u00f6rskap, makeup &amp; tips.\" \/>\n<meta name=\"robots\" content=\"index, follow, max-snippet:-1, max-image-preview:large, max-video-preview:-1\" \/>\n<link rel=\"canonical\" href=\"https:\/\/www.imakeyousmile.se\/es\/ekologisk-concealerpenna\/\" \/>\n<meta property=\"og:locale\" content=\"es_ES\" \/>\n<meta property=\"og:type\" content=\"article\" \/>\n<meta property=\"og:title\" content=\"Ekologisk concealerpenna | Imakeyousmile.se\" \/>\n<meta property=\"og:description\" content=\"Ekologisk concealerpenna | Helena Amiley - H\u00e4r hittar du senaste infromation om sk\u00f6nhet, livsstil, entrepren\u00f6rskap, makeup &amp; tips.\" \/>\n<meta property=\"og:url\" content=\"https:\/\/www.imakeyousmile.se\/es\/ekologisk-concealerpenna\/\" \/>\n<meta property=\"og:site_name\" content=\"Imakeyousmile.se\" \/>\n<meta property=\"article:author\" content=\"https:\/\/www.facebook.com\/imakeyousmile.se\" \/>\n<meta property=\"article:published_time\" content=\"2015-04-23T05:03:59+00:00\" \/>\n<meta property=\"og:image\" content=\"https:\/\/www.imakeyousmile.se\/wp-content\/uploads\/2015\/04\/concealerpenna.jpg\" \/>\n\t<meta property=\"og:image:width\" content=\"2560\" \/>\n\t<meta property=\"og:image:height\" content=\"1368\" \/>\n<meta name=\"twitter:card\" content=\"summary_large_image\" \/>\n<script type=\"application\/ld+json\" class=\"yoast-schema-graph\">{\"@context\":\"https:\/\/schema.org\",\"@graph\":[{\"@type\":\"Organization\",\"@id\":\"https:\/\/www.imakeyousmile.se\/es\/#organization\",\"name\":\"Imakeyousmile\",\"url\":\"https:\/\/www.imakeyousmile.se\/es\/\",\"sameAs\":[],\"logo\":{\"@type\":\"ImageObject\",\"@id\":\"https:\/\/www.imakeyousmile.se\/es\/#logo\",\"inLanguage\":\"es\",\"url\":\"https:\/\/www.imakeyousmile.se\/wp-content\/uploads\/2020\/10\/HELENA-AMILEY_SVART-1-e1603367975324.png\",\"width\":280,\"height\":93,\"caption\":\"Imakeyousmile\"},\"image\":{\"@id\":\"https:\/\/www.imakeyousmile.se\/es\/#logo\"}},{\"@type\":\"WebSite\",\"@id\":\"https:\/\/www.imakeyousmile.se\/es\/#website\",\"url\":\"https:\/\/www.imakeyousmile.se\/es\/\",\"name\":\"Imakeyousmile.se\",\"description\":\"Helena Amiley - Beauty, Entrepreneur, Lifestyle\",\"publisher\":{\"@id\":\"https:\/\/www.imakeyousmile.se\/es\/#organization\"},\"potentialAction\":[{\"@type\":\"SearchAction\",\"target\":\"https:\/\/www.imakeyousmile.se\/es\/?s={search_term_string}\",\"query-input\":\"required name=search_term_string\"}],\"inLanguage\":\"es\"},{\"@type\":\"ImageObject\",\"@id\":\"https:\/\/www.imakeyousmile.se\/ekologisk-concealerpenna\/#primaryimage\",\"inLanguage\":\"es\",\"url\":\"https:\/\/www.imakeyousmile.se\/wp-content\/uploads\/2015\/04\/concealerpenna.jpg\",\"width\":2560,\"height\":1368},{\"@type\":\"WebPage\",\"@id\":\"https:\/\/www.imakeyousmile.se\/ekologisk-concealerpenna\/#webpage\",\"url\":\"https:\/\/www.imakeyousmile.se\/ekologisk-concealerpenna\/\",\"name\":\"Ekologisk concealerpenna | Imakeyousmile.se\",\"isPartOf\":{\"@id\":\"https:\/\/www.imakeyousmile.se\/es\/#website\"},\"primaryImageOfPage\":{\"@id\":\"https:\/\/www.imakeyousmile.se\/ekologisk-concealerpenna\/#primaryimage\"},\"datePublished\":\"2015-04-23T05:03:59+00:00\",\"dateModified\":\"2015-04-23T05:03:59+00:00\",\"description\":\"Ekologisk concealerpenna | Helena Amiley - H\\u00e4r hittar du senaste infromation om sk\\u00f6nhet, livsstil, entrepren\\u00f6rskap, makeup & tips.\",\"inLanguage\":\"es\",\"potentialAction\":[{\"@type\":\"ReadAction\",\"target\":[\"https:\/\/www.imakeyousmile.se\/ekologisk-concealerpenna\/\"]}]},{\"@type\":\"Article\",\"@id\":\"https:\/\/www.imakeyousmile.se\/ekologisk-concealerpenna\/#article\",\"isPartOf\":{\"@id\":\"https:\/\/www.imakeyousmile.se\/ekologisk-concealerpenna\/#webpage\"},\"author\":{\"@id\":\"https:\/\/www.imakeyousmile.se\/es\/#\/schema\/person\/b0fd43b1c6bb1c60cfd68bff9b4a10fb\"},\"headline\":\"Ekologisk concealerpenna\",\"datePublished\":\"2015-04-23T05:03:59+00:00\",\"dateModified\":\"2015-04-23T05:03:59+00:00\",\"mainEntityOfPage\":{\"@id\":\"https:\/\/www.imakeyousmile.se\/ekologisk-concealerpenna\/#webpage\"},\"commentCount\":4,\"publisher\":{\"@id\":\"https:\/\/www.imakeyousmile.se\/es\/#organization\"},\"image\":{\"@id\":\"https:\/\/www.imakeyousmile.se\/ekologisk-concealerpenna\/#primaryimage\"},\"keywords\":\"bra concealer,concealerpenna,concealertips,ekologisk concealer,Ekologisk concealerpenna,naturlig concealer,t\\u00e4ck finnar,zuii organic\",\"articleSection\":\"Bassmink,Recensioner &amp; Produkttips\",\"inLanguage\":\"es\",\"potentialAction\":[{\"@type\":\"CommentAction\",\"name\":\"Comment\",\"target\":[\"https:\/\/www.imakeyousmile.se\/ekologisk-concealerpenna\/#respond\"]}]},{\"@type\":\"Person\",\"@id\":\"https:\/\/www.imakeyousmile.se\/es\/#\/schema\/person\/b0fd43b1c6bb1c60cfd68bff9b4a10fb\",\"name\":\"Helena Amiley\",\"image\":{\"@type\":\"ImageObject\",\"@id\":\"https:\/\/www.imakeyousmile.se\/es\/#personlogo\",\"inLanguage\":\"es\",\"url\":\"https:\/\/secure.gravatar.com\/avatar\/5645558e1e355457a23368d7e1b4c904?s=96&d=mm&r=g\",\"caption\":\"Helena Amiley\"},\"description\":\"Jag skriver mest om sk\\u00f6nhet men bjuder \\u00e4ven p\\u00e5 glimtar fr\\u00e5n entrepren\\u00f6rlivet och bygget av v\\u00e5r egen camper van. Vanlife here we come!\",\"sameAs\":[\"https:\/\/www.facebook.com\/imakeyousmile.se\",\"https:\/\/www.instagram.com\/helenaamiley\",\"https:\/\/www.youtube.com\/channel\/UCR5iB6rvpV6Yr8ZjpQfr5mg?view_as=subscriber\"]}]}<\/script>\n<!-- \/ Yoast SEO Premium plugin. -->","_links":{"self":[{"href":"https:\/\/www.imakeyousmile.se\/es\/wp-json\/wp\/v2\/posts\/19661"}],"collection":[{"href":"https:\/\/www.imakeyousmile.se\/es\/wp-json\/wp\/v2\/posts"}],"about":[{"href":"https:\/\/www.imakeyousmile.se\/es\/wp-json\/wp\/v2\/types\/post"}],"author":[{"embeddable":true,"href":"https:\/\/www.imakeyousmile.se\/es\/wp-json\/wp\/v2\/users\/30"}],"replies":[{"embeddable":true,"href":"https:\/\/www.imakeyousmile.se\/es\/wp-json\/wp\/v2\/comments?post=19661"}],"version-history":[{"count":2,"href":"https:\/\/www.imakeyousmile.se\/es\/wp-json\/wp\/v2\/posts\/19661\/revisions"}],"predecessor-version":[{"id":19667,"href":"https:\/\/www.imakeyousmile.se\/es\/wp-json\/wp\/v2\/posts\/19661\/revisions\/19667"}],"wp:featuredmedia":[{"embeddable":true,"href":"https:\/\/www.imakeyousmile.se\/es\/wp-json\/wp\/v2\/media\/19662"}],"wp:attachment":[{"href":"https:\/\/www.imakeyousmile.se\/es\/wp-json\/wp\/v2\/media?parent=19661"}],"wp:term":[{"taxonomy":"category","embeddable":true,"href":"https:\/\/www.imakeyousmile.se\/es\/wp-json\/wp\/v2\/categories?post=19661"},{"taxonomy":"post_tag","embeddable":true,"href":"https:\/\/www.imakeyousmile.se\/es\/wp-json\/wp\/v2\/tags?post=19661"}],"curies":[{"name":"wp","href":"https:\/\/api.w.org\/{rel}","templated":true}]}}