{"id":19792,"date":"2015-04-30T05:00:42","date_gmt":"2015-04-30T03:00:42","guid":{"rendered":"http:\/\/www.imakeyousmile.se\/?p=19792"},"modified":"2021-09-28T13:18:27","modified_gmt":"2021-09-28T11:18:27","slug":"snyggt-dagen-efter-har","status":"publish","type":"post","link":"https:\/\/www.imakeyousmile.se\/es\/agradable-el-dia-despues-tiene\/","title":{"rendered":"Bonito &quot;peinado para el d\u00eda despu\u00e9s&quot; con rizador"},"content":{"rendered":"<p>Como escrib\u00ed en mi publicaci\u00f3n &quot;<a href=\"http:\/\/www.imakeyousmile.se\/es\/shakira-curls-tutorial\/\" target=\"_blank\" rel=\"noopener\">tutorial de rizos de shakira<\/a>\u201cSi tienes el cabello rizado en estos d\u00edas, \u00a1es f\u00e1cil conseguir que los rizos se mantengan hermosos durante varios d\u00edas!<\/p>\n<p>Sobre todo gracias a que los rizos no tienen por qu\u00e9 ser del todo perfectos, el look puede resultar un poco &quot;descuidado&quot;, pero tambi\u00e9n gracias a que es super r\u00e1pido mejorar el peinado al d\u00eda siguiente.<\/p>\n<p>Tom\u00e9 algunas fotos del cabello tal como se ve\u00eda cuando me despert\u00e9, y despu\u00e9s de un poco de champ\u00fa seco que le dio volumen en el cuero cabelludo y una peque\u00f1a soluci\u00f3n con el rizador en solo algunos bucles, estaba como fresco nuevamente :)<\/p>\n<p><a href=\"http:\/\/www.imakeyousmile.se\/wp-content\/uploads\/2015\/04\/dagen-efter-h\u00e5r.jpg\"><img loading=\"lazy\" decoding=\"async\" class=\"alignnone size-large wp-image-19793\" src=\"http:\/\/www.imakeyousmile.se\/wp-content\/uploads\/2015\/04\/dagen-efter-h\u00e5r-1024x613.jpg\" alt=\"d\u00eda tras cabello\" width=\"700\" height=\"419\" srcset=\"https:\/\/www.imakeyousmile.se\/wp-content\/uploads\/2015\/04\/dagen-efter-h\u00e5r-1024x613.jpg 1024w, https:\/\/www.imakeyousmile.se\/wp-content\/uploads\/2015\/04\/dagen-efter-h\u00e5r-300x180.jpg 300w, https:\/\/www.imakeyousmile.se\/wp-content\/uploads\/2015\/04\/dagen-efter-h\u00e5r-700x419.jpg 700w, https:\/\/www.imakeyousmile.se\/wp-content\/uploads\/2015\/04\/dagen-efter-h\u00e5r-596x357.jpg 596w, https:\/\/www.imakeyousmile.se\/wp-content\/uploads\/2015\/04\/dagen-efter-h\u00e5r-806x483.jpg 806w, https:\/\/www.imakeyousmile.se\/wp-content\/uploads\/2015\/04\/dagen-efter-h\u00e5r.jpg 2000w\" sizes=\"(max-width: 700px) 100vw, 700px\" \/><\/a><br \/>\nSe ve\u00eda muy bien ya despu\u00e9s de ser el champ\u00fa seco, pero tambi\u00e9n he atra\u00eddo con el rizador en algunos bucles en la franja. Tom\u00f3 como un minuto :)<\/p>\n<p>Us\u00e9 champ\u00fa seco <a href=\"https:\/\/ion.lyko.com\/t\/t?a=1117786221&amp;as=1548102449&amp;t=2&amp;tk=1&amp;epi=search-replace-torrschmapo&amp;url=https:\/\/lyko.com\/sv\/harvard\/styling\/torrschampo?fromsearch=torrschampo\" target=\"_blank\" rel=\"noopener\">Cabello al d\u00eda siguiente<\/a>* por primera vez y est\u00e1 muy contento con la primera impresi\u00f3n! Sin embargo, debo probar unas cuantas veces m\u00e1s antes de poder dar una rese\u00f1a. En realidad, es m\u00e1s un spray de textura que un champ\u00fa seco, pero tambi\u00e9n tiene un efecto calmante, por lo que funciona bien despu\u00e9s de solo un d\u00eda, cuando es posible que no tenga el cuero cabelludo s\u00faper graso.<\/p>\n<p><a href=\"http:\/\/www.imakeyousmile.se\/wp-content\/uploads\/2015\/04\/IMG_1895_111.jpg\"><img loading=\"lazy\" decoding=\"async\" class=\"alignnone size-large wp-image-19795\" src=\"http:\/\/www.imakeyousmile.se\/wp-content\/uploads\/2015\/04\/IMG_1895_111-1024x1006.jpg\" alt=\"IMG_1895_111\" width=\"700\" height=\"688\" srcset=\"https:\/\/www.imakeyousmile.se\/wp-content\/uploads\/2015\/04\/IMG_1895_111-1024x1006.jpg 1024w, https:\/\/www.imakeyousmile.se\/wp-content\/uploads\/2015\/04\/IMG_1895_111-300x295.jpg 300w, https:\/\/www.imakeyousmile.se\/wp-content\/uploads\/2015\/04\/IMG_1895_111-700x687.jpg 700w, https:\/\/www.imakeyousmile.se\/wp-content\/uploads\/2015\/04\/IMG_1895_111-364x357.jpg 364w, https:\/\/www.imakeyousmile.se\/wp-content\/uploads\/2015\/04\/IMG_1895_111-492x483.jpg 492w, https:\/\/www.imakeyousmile.se\/wp-content\/uploads\/2015\/04\/IMG_1895_111.jpg 1500w\" sizes=\"(max-width: 700px) 100vw, 700px\" \/><\/a><\/p>\n<p><a href=\"http:\/\/www.imakeyousmile.se\/wp-content\/uploads\/2015\/04\/IMG_1986_111.jpg\"><img loading=\"lazy\" decoding=\"async\" class=\"alignnone size-large wp-image-19794\" src=\"http:\/\/www.imakeyousmile.se\/wp-content\/uploads\/2015\/04\/IMG_1986_111-1024x913.jpg\" alt=\"IMG_1986_111\" width=\"700\" height=\"624\" srcset=\"https:\/\/www.imakeyousmile.se\/wp-content\/uploads\/2015\/04\/IMG_1986_111-1024x913.jpg 1024w, https:\/\/www.imakeyousmile.se\/wp-content\/uploads\/2015\/04\/IMG_1986_111-300x268.jpg 300w, https:\/\/www.imakeyousmile.se\/wp-content\/uploads\/2015\/04\/IMG_1986_111-700x624.jpg 700w, https:\/\/www.imakeyousmile.se\/wp-content\/uploads\/2015\/04\/IMG_1986_111-400x357.jpg 400w, https:\/\/www.imakeyousmile.se\/wp-content\/uploads\/2015\/04\/IMG_1986_111-541x483.jpg 541w, https:\/\/www.imakeyousmile.se\/wp-content\/uploads\/2015\/04\/IMG_1986_111.jpg 2000w\" sizes=\"(max-width: 700px) 100vw, 700px\" \/><\/a><\/p>\n<p>Fint va? Creo que me he vuelto adicto, \u00a1probablemente nunca dejar\u00e9 de rizarme el cabello ahora, jaja! Me siento muy bien, tanto los rizos como el bonito volumen que obtienes de ellos :)<\/p>\n<p>\u00a1Ahora me voy a Uppsala! Empiezo a trabajar m\u00e1s temprano hoy para evitar tomar el autob\u00fas a Uppsala alrededor de las 10 en punto, Valborg es tan grande en Uppsala y es a las 10, todo comienza, entonces los autobuses generalmente ya est\u00e1n llenos. <em>antes de<\/em> Gimo.<\/p>\n<p>Pero en realidad tengo un 7.30-9.15 completo, por lo que los primeros tiempos parecen ser apreciados incluso por los clientes, \u00a1divertido! :) Entonces tambi\u00e9n tengo dos maquillajes, dos que quieren ser amables antes de Valborgskv\u00e4llen, \u00a1muy divertido!<\/p>\n<p>En Creative Make Up puedes reservar una consulta de maquillaje conmigo (funciona los jueves 10-18), cuesta 695 SEK y luego obtienes productos por el valor total. \u00a1As\u00ed que creo que deber\u00edas reservar a los vagabundos!<\/p>\n<p>Entonces son los productos del sal\u00f3n (la mayor\u00eda de Glominerals) los que uso, no los productos de mi propia tienda web, as\u00ed que ya sabes :)<\/p>\n<p>\u00a1Un abrazo para ti y feliz valborg, o lo que digas! \u2665<\/p>","protected":false},"excerpt":{"rendered":"<p>Som jag skrev i mitt inl\u00e4gg &#8221;shakira curls tutorial&#8221;\u00a0om sm\u00e5lockigt h\u00e5r h\u00e4r om dagen, s\u00e5 \u00e4r det enkelt att f\u00e5 lockarna att h\u00e5lla sig snygga i flera dagar! Mest tack vare att lockarna inte beh\u00f6ver vara helt perfekta, looken f\u00e5r g\u00e4rna vara lite &#8221;slarvig&#8221;, men ocks\u00e5 tack vare att det g\u00e5r supersnabbt att b\u00e4ttra p\u00e5 [&hellip;]<\/p>\n","protected":false},"author":30,"featured_media":19793,"comment_status":"open","ping_status":"closed","sticky":false,"template":"","format":"standard","meta":{"footnotes":""},"categories":[2862,59],"tags":[3505,3506],"class_list":["post-19792","post","type-post","status-publish","format-standard","has-post-thumbnail","hentry","category-har","category-recensioner-produkttips","tag-dagen-efter-har","tag-lockar-dagen-efter"],"yoast_head":"<!-- This site is optimized with the Yoast SEO Premium plugin v14.9 - https:\/\/yoast.com\/wordpress\/plugins\/seo\/ -->\n<meta name=\"description\" content=\"Snyggt &quot;dagen efter-h\u00e5r&quot; med lockt\u00e5ng | Helena Amiley - H\u00e4r hittar du senaste infromation om sk\u00f6nhet, livsstil, entrepren\u00f6rskap, makeup &amp; tips.\" \/>\n<meta name=\"robots\" content=\"index, follow, max-snippet:-1, max-image-preview:large, max-video-preview:-1\" \/>\n<link rel=\"canonical\" href=\"https:\/\/www.imakeyousmile.se\/es\/snyggt-dagen-efter-har\/\" \/>\n<meta property=\"og:locale\" content=\"es_ES\" \/>\n<meta property=\"og:type\" content=\"article\" \/>\n<meta property=\"og:title\" content=\"Snyggt &quot;dagen efter-h\u00e5r&quot; med lockt\u00e5ng | Imakeyousmile.se\" \/>\n<meta property=\"og:description\" content=\"Snyggt &quot;dagen efter-h\u00e5r&quot; med lockt\u00e5ng | Helena Amiley - H\u00e4r hittar du senaste infromation om sk\u00f6nhet, livsstil, entrepren\u00f6rskap, makeup &amp; tips.\" \/>\n<meta property=\"og:url\" content=\"https:\/\/www.imakeyousmile.se\/es\/snyggt-dagen-efter-har\/\" \/>\n<meta property=\"og:site_name\" content=\"Imakeyousmile.se\" \/>\n<meta property=\"article:author\" content=\"https:\/\/www.facebook.com\/imakeyousmile.se\" \/>\n<meta property=\"article:published_time\" content=\"2015-04-30T03:00:42+00:00\" \/>\n<meta property=\"article:modified_time\" content=\"2021-09-28T11:18:27+00:00\" \/>\n<meta property=\"og:image\" content=\"https:\/\/www.imakeyousmile.se\/wp-content\/uploads\/2015\/04\/dagen-efter-h\u00e5r.jpg\" \/>\n\t<meta property=\"og:image:width\" content=\"2000\" \/>\n\t<meta property=\"og:image:height\" content=\"1198\" \/>\n<meta name=\"twitter:card\" content=\"summary_large_image\" \/>\n<script type=\"application\/ld+json\" class=\"yoast-schema-graph\">{\"@context\":\"https:\/\/schema.org\",\"@graph\":[{\"@type\":\"Organization\",\"@id\":\"https:\/\/www.imakeyousmile.se\/es\/#organization\",\"name\":\"Imakeyousmile\",\"url\":\"https:\/\/www.imakeyousmile.se\/es\/\",\"sameAs\":[],\"logo\":{\"@type\":\"ImageObject\",\"@id\":\"https:\/\/www.imakeyousmile.se\/es\/#logo\",\"inLanguage\":\"es\",\"url\":\"https:\/\/www.imakeyousmile.se\/wp-content\/uploads\/2020\/10\/HELENA-AMILEY_SVART-1-e1603367975324.png\",\"width\":280,\"height\":93,\"caption\":\"Imakeyousmile\"},\"image\":{\"@id\":\"https:\/\/www.imakeyousmile.se\/es\/#logo\"}},{\"@type\":\"WebSite\",\"@id\":\"https:\/\/www.imakeyousmile.se\/es\/#website\",\"url\":\"https:\/\/www.imakeyousmile.se\/es\/\",\"name\":\"Imakeyousmile.se\",\"description\":\"Helena Amiley - Beauty, Entrepreneur, Lifestyle\",\"publisher\":{\"@id\":\"https:\/\/www.imakeyousmile.se\/es\/#organization\"},\"potentialAction\":[{\"@type\":\"SearchAction\",\"target\":\"https:\/\/www.imakeyousmile.se\/es\/?s={search_term_string}\",\"query-input\":\"required name=search_term_string\"}],\"inLanguage\":\"es\"},{\"@type\":\"ImageObject\",\"@id\":\"https:\/\/www.imakeyousmile.se\/snyggt-dagen-efter-har\/#primaryimage\",\"inLanguage\":\"es\",\"url\":\"https:\/\/www.imakeyousmile.se\/wp-content\/uploads\/2015\/04\/dagen-efter-h\\u00e5r.jpg\",\"width\":2000,\"height\":1198},{\"@type\":\"WebPage\",\"@id\":\"https:\/\/www.imakeyousmile.se\/snyggt-dagen-efter-har\/#webpage\",\"url\":\"https:\/\/www.imakeyousmile.se\/snyggt-dagen-efter-har\/\",\"name\":\"Snyggt \\\"dagen efter-h\\u00e5r\\\" med lockt\\u00e5ng | Imakeyousmile.se\",\"isPartOf\":{\"@id\":\"https:\/\/www.imakeyousmile.se\/es\/#website\"},\"primaryImageOfPage\":{\"@id\":\"https:\/\/www.imakeyousmile.se\/snyggt-dagen-efter-har\/#primaryimage\"},\"datePublished\":\"2015-04-30T03:00:42+00:00\",\"dateModified\":\"2021-09-28T11:18:27+00:00\",\"description\":\"Snyggt \\\"dagen efter-h\\u00e5r\\\" med lockt\\u00e5ng | Helena Amiley - H\\u00e4r hittar du senaste infromation om sk\\u00f6nhet, livsstil, entrepren\\u00f6rskap, makeup & tips.\",\"inLanguage\":\"es\",\"potentialAction\":[{\"@type\":\"ReadAction\",\"target\":[\"https:\/\/www.imakeyousmile.se\/snyggt-dagen-efter-har\/\"]}]},{\"@type\":\"Article\",\"@id\":\"https:\/\/www.imakeyousmile.se\/snyggt-dagen-efter-har\/#article\",\"isPartOf\":{\"@id\":\"https:\/\/www.imakeyousmile.se\/snyggt-dagen-efter-har\/#webpage\"},\"author\":{\"@id\":\"https:\/\/www.imakeyousmile.se\/es\/#\/schema\/person\/b0fd43b1c6bb1c60cfd68bff9b4a10fb\"},\"headline\":\"Snyggt &#8221;dagen efter-h\\u00e5r&#8221; med lockt\\u00e5ng\",\"datePublished\":\"2015-04-30T03:00:42+00:00\",\"dateModified\":\"2021-09-28T11:18:27+00:00\",\"mainEntityOfPage\":{\"@id\":\"https:\/\/www.imakeyousmile.se\/snyggt-dagen-efter-har\/#webpage\"},\"commentCount\":0,\"publisher\":{\"@id\":\"https:\/\/www.imakeyousmile.se\/es\/#organization\"},\"image\":{\"@id\":\"https:\/\/www.imakeyousmile.se\/snyggt-dagen-efter-har\/#primaryimage\"},\"keywords\":\"dagen efter h\\u00e5r,lockar dagen efter\",\"articleSection\":\"H\\u00e5r,Recensioner &amp; Produkttips\",\"inLanguage\":\"es\",\"potentialAction\":[{\"@type\":\"CommentAction\",\"name\":\"Comment\",\"target\":[\"https:\/\/www.imakeyousmile.se\/snyggt-dagen-efter-har\/#respond\"]}]},{\"@type\":\"Person\",\"@id\":\"https:\/\/www.imakeyousmile.se\/es\/#\/schema\/person\/b0fd43b1c6bb1c60cfd68bff9b4a10fb\",\"name\":\"Helena Amiley\",\"image\":{\"@type\":\"ImageObject\",\"@id\":\"https:\/\/www.imakeyousmile.se\/es\/#personlogo\",\"inLanguage\":\"es\",\"url\":\"https:\/\/secure.gravatar.com\/avatar\/5645558e1e355457a23368d7e1b4c904?s=96&d=mm&r=g\",\"caption\":\"Helena Amiley\"},\"description\":\"Jag skriver mest om sk\\u00f6nhet men bjuder \\u00e4ven p\\u00e5 glimtar fr\\u00e5n entrepren\\u00f6rlivet och bygget av v\\u00e5r egen camper van. Vanlife here we come!\",\"sameAs\":[\"https:\/\/www.facebook.com\/imakeyousmile.se\",\"https:\/\/www.instagram.com\/helenaamiley\",\"https:\/\/www.youtube.com\/channel\/UCR5iB6rvpV6Yr8ZjpQfr5mg?view_as=subscriber\"]}]}<\/script>\n<!-- \/ Yoast SEO Premium plugin. -->","_links":{"self":[{"href":"https:\/\/www.imakeyousmile.se\/es\/wp-json\/wp\/v2\/posts\/19792"}],"collection":[{"href":"https:\/\/www.imakeyousmile.se\/es\/wp-json\/wp\/v2\/posts"}],"about":[{"href":"https:\/\/www.imakeyousmile.se\/es\/wp-json\/wp\/v2\/types\/post"}],"author":[{"embeddable":true,"href":"https:\/\/www.imakeyousmile.se\/es\/wp-json\/wp\/v2\/users\/30"}],"replies":[{"embeddable":true,"href":"https:\/\/www.imakeyousmile.se\/es\/wp-json\/wp\/v2\/comments?post=19792"}],"version-history":[{"count":6,"href":"https:\/\/www.imakeyousmile.se\/es\/wp-json\/wp\/v2\/posts\/19792\/revisions"}],"predecessor-version":[{"id":41419,"href":"https:\/\/www.imakeyousmile.se\/es\/wp-json\/wp\/v2\/posts\/19792\/revisions\/41419"}],"wp:featuredmedia":[{"embeddable":true,"href":"https:\/\/www.imakeyousmile.se\/es\/wp-json\/wp\/v2\/media\/19793"}],"wp:attachment":[{"href":"https:\/\/www.imakeyousmile.se\/es\/wp-json\/wp\/v2\/media?parent=19792"}],"wp:term":[{"taxonomy":"category","embeddable":true,"href":"https:\/\/www.imakeyousmile.se\/es\/wp-json\/wp\/v2\/categories?post=19792"},{"taxonomy":"post_tag","embeddable":true,"href":"https:\/\/www.imakeyousmile.se\/es\/wp-json\/wp\/v2\/tags?post=19792"}],"curies":[{"name":"wp","href":"https:\/\/api.w.org\/{rel}","templated":true}]}}