{"id":19849,"date":"2015-05-04T13:35:09","date_gmt":"2015-05-04T11:35:09","guid":{"rendered":"http:\/\/www.imakeyousmile.se\/?p=19849"},"modified":"2021-10-07T11:50:57","modified_gmt":"2021-10-07T09:50:57","slug":"neon-eyeliner","status":"publish","type":"post","link":"https:\/\/www.imakeyousmile.se\/es\/delineador-de-ojos-de-neon\/","title":{"rendered":"Delineador de ojos ne\u00f3n - Maquillaje delineador de ojos en tonos"},"content":{"rendered":"<p>El maquillaje de hoy fue un bonito maquillaje diario con un clic de color rosa p\u00farpura, hecho con i.a. Paeses sombra de ojos ne\u00f3n 650!<\/p>\n<p>Romp\u00ed todo con labios naranjas, \u00a1muy bien! El brillo de labios es Paese Manifesto Liquid Lipstick en el tono 907. Ya est\u00e1 disponible <a href=\"http:\/\/creativemakeup.se\/produkt\/paese-manifesto-liquid-lipstick-907\/\" target=\"_blank\" rel=\"noopener\">rean<\/a> por solo SEK 59.<\/p>\n<p>\u00a1Espero que les guste el look! :)<\/p>\n<p><a href=\"http:\/\/www.imakeyousmile.se\/wp-content\/uploads\/2015\/05\/IMG_2294_1111.jpg\"><img loading=\"lazy\" decoding=\"async\" class=\"alignnone size-large wp-image-19854\" src=\"http:\/\/www.imakeyousmile.se\/wp-content\/uploads\/2015\/05\/IMG_2294_1111-1024x774.jpg\" alt=\"IMG_2294_111\" width=\"700\" height=\"529\" srcset=\"https:\/\/www.imakeyousmile.se\/wp-content\/uploads\/2015\/05\/IMG_2294_1111-1024x774.jpg 1024w, https:\/\/www.imakeyousmile.se\/wp-content\/uploads\/2015\/05\/IMG_2294_1111-300x227.jpg 300w, https:\/\/www.imakeyousmile.se\/wp-content\/uploads\/2015\/05\/IMG_2294_1111-700x529.jpg 700w, https:\/\/www.imakeyousmile.se\/wp-content\/uploads\/2015\/05\/IMG_2294_1111-473x357.jpg 473w, https:\/\/www.imakeyousmile.se\/wp-content\/uploads\/2015\/05\/IMG_2294_1111-639x483.jpg 639w, https:\/\/www.imakeyousmile.se\/wp-content\/uploads\/2015\/05\/IMG_2294_1111.jpg 1644w\" sizes=\"(max-width: 700px) 100vw, 700px\" \/><\/a><\/p>\n<p><strong><span style=\"color: #000000;\">Delineador de ojos negro<\/span><\/strong> con ala, <a href=\"http:\/\/creativemakeup.se\/produkt\/paese-penliner\/\" target=\"_blank\" rel=\"noopener\">Paese Penliner.<\/a><br \/>\n<strong><span style=\"color: #999999;\">Sombra de ojos blanca<\/span><\/strong> m\u00e1s interno de la l\u00ednea de las pesta\u00f1as superiores y debajo del ala del delineador de ojos, <a href=\"http:\/\/creativemakeup.se\/produkt\/paese-kasmir-matte-black-eyeshadow\/\" target=\"_blank\" rel=\"noopener\">Sombra de ojos Paese Kashmir (601)<\/a><br \/>\n<strong><span style=\"color: #eb36eb;\">Sombra de ojos rosa p\u00farpura<\/span><\/strong> al final de la l\u00ednea de las pesta\u00f1as superiores, <a href=\"http:\/\/creativemakeup.se\/produkt\/paese-neo-eyeshadow\/\" target=\"_blank\" rel=\"noopener\">Sombra de ojos Paese Neo (650)<\/a><br \/>\n<strong><span style=\"color: #ffcc99;\">Sombra de ojos con brillo ligero<\/span><\/strong> En el rabillo del ojo <a href=\"http:\/\/creativemakeup.se\/produkt\/paese-diamond-eyeshadow\/\" target=\"_blank\" rel=\"noopener\">Sombra de ojos Paese Diamond (9)<\/a><br \/>\n<strong><span style=\"color: #000000;\">R\u00edmel negro<\/span><\/strong> en las pesta\u00f1as, <a href=\"https:\/\/ion.lyko.com\/t\/t?a=1117786221&amp;as=1548102449&amp;t=2&amp;tk=1&amp;epi=search-replace-mascara&amp;url=https:\/\/lyko.com\/sv\/smink\/ogon\/mascara\" target=\"_blank\" rel=\"noopener\">M\u00e1scara de pesta\u00f1as Oriflame Wonderlash<\/a>.<br \/>\n<a href=\"http:\/\/www.imakeyousmile.se\/wp-content\/uploads\/2015\/05\/IMG_2302_111.jpg\"><br \/>\n<\/a> <a href=\"http:\/\/www.imakeyousmile.se\/wp-content\/uploads\/2015\/05\/IMG_2304_111.jpg\"><img loading=\"lazy\" decoding=\"async\" class=\"alignnone size-large wp-image-19852\" src=\"http:\/\/www.imakeyousmile.se\/wp-content\/uploads\/2015\/05\/IMG_2304_111-1024x910.jpg\" alt=\"IMG_2304_111\" width=\"700\" height=\"622\" srcset=\"https:\/\/www.imakeyousmile.se\/wp-content\/uploads\/2015\/05\/IMG_2304_111-1024x910.jpg 1024w, https:\/\/www.imakeyousmile.se\/wp-content\/uploads\/2015\/05\/IMG_2304_111-300x267.jpg 300w, https:\/\/www.imakeyousmile.se\/wp-content\/uploads\/2015\/05\/IMG_2304_111-700x622.jpg 700w, https:\/\/www.imakeyousmile.se\/wp-content\/uploads\/2015\/05\/IMG_2304_111-402x357.jpg 402w, https:\/\/www.imakeyousmile.se\/wp-content\/uploads\/2015\/05\/IMG_2304_111-543x483.jpg 543w, https:\/\/www.imakeyousmile.se\/wp-content\/uploads\/2015\/05\/IMG_2304_111.jpg 2000w\" sizes=\"(max-width: 700px) 100vw, 700px\" \/><\/a><\/p>\n<p><a href=\"http:\/\/www.imakeyousmile.se\/wp-content\/uploads\/2015\/05\/IMG_2312_111.jpg\"><img loading=\"lazy\" decoding=\"async\" class=\"alignnone size-large wp-image-19853\" src=\"http:\/\/www.imakeyousmile.se\/wp-content\/uploads\/2015\/05\/IMG_2312_111-1024x986.jpg\" alt=\"IMG_2312_111\" width=\"700\" height=\"674\" srcset=\"https:\/\/www.imakeyousmile.se\/wp-content\/uploads\/2015\/05\/IMG_2312_111-1024x986.jpg 1024w, https:\/\/www.imakeyousmile.se\/wp-content\/uploads\/2015\/05\/IMG_2312_111-300x289.jpg 300w, https:\/\/www.imakeyousmile.se\/wp-content\/uploads\/2015\/05\/IMG_2312_111-700x674.jpg 700w, https:\/\/www.imakeyousmile.se\/wp-content\/uploads\/2015\/05\/IMG_2312_111-371x357.jpg 371w, https:\/\/www.imakeyousmile.se\/wp-content\/uploads\/2015\/05\/IMG_2312_111-502x483.jpg 502w, https:\/\/www.imakeyousmile.se\/wp-content\/uploads\/2015\/05\/IMG_2312_111.jpg 2000w\" sizes=\"(max-width: 700px) 100vw, 700px\" \/><\/a><a href=\"http:\/\/www.imakeyousmile.se\/wp-content\/uploads\/2015\/05\/IMG_2302_111.jpg\"><br \/>\n<\/a>\u00a1Los abrazos son! \u2665<\/p>","protected":false},"excerpt":{"rendered":"<p>Dagens sminkning blev en\u00a0fin vardagssminkning med en lilarosa f\u00e4rgklick, gjord med bl.a. Paeses neon\u00f6gonskugga 650! Jag br\u00f6t av det hela med orangea l\u00e4ppar, galet snyggt! L\u00e4ppglanset \u00e4r Paese Manifesto Liquid Lipstick i nyansen 907. Den finns nu p\u00e5 rean f\u00f6r bara 59 kronor. Hoppas ni gillar looken! :) Svart eyeliner med vinge, Paese Penliner. Vit [&hellip;]<\/p>\n","protected":false},"author":30,"featured_media":19854,"comment_status":"open","ping_status":"closed","sticky":false,"template":"","format":"standard","meta":{"footnotes":""},"categories":[2828,2827],"tags":[441,1207,3519,2830,3518],"class_list":["post-19849","post","type-post","status-publish","format-standard","has-post-thumbnail","hentry","category-fargstarka-sminkningar","category-vardagssminkningar","tag-fargglad-eyeliner","tag-lila-eyeliner","tag-neon-eyeliner","tag-paese-manifesto","tag-paese-neon"],"yoast_head":"<!-- This site is optimized with the Yoast SEO Premium plugin v14.9 - https:\/\/yoast.com\/wordpress\/plugins\/seo\/ -->\n<meta name=\"description\" content=\"Neon eyeliner - Eyeliner-sminkning i nyanser | Helena Amiley - H\u00e4r hittar du senaste infromation om sk\u00f6nhet, livsstil, entrepren\u00f6rskap, makeup &amp; tips.\" \/>\n<meta name=\"robots\" content=\"index, follow, max-snippet:-1, max-image-preview:large, max-video-preview:-1\" \/>\n<link rel=\"canonical\" href=\"https:\/\/www.imakeyousmile.se\/es\/neon-eyeliner\/\" \/>\n<meta property=\"og:locale\" content=\"es_ES\" \/>\n<meta property=\"og:type\" content=\"article\" \/>\n<meta property=\"og:title\" content=\"Neon eyeliner - Eyeliner-sminkning i nyanser | Imakeyousmile.se\" \/>\n<meta property=\"og:description\" content=\"Neon eyeliner - Eyeliner-sminkning i nyanser | Helena Amiley - H\u00e4r hittar du senaste infromation om sk\u00f6nhet, livsstil, entrepren\u00f6rskap, makeup &amp; tips.\" \/>\n<meta property=\"og:url\" content=\"https:\/\/www.imakeyousmile.se\/es\/neon-eyeliner\/\" \/>\n<meta property=\"og:site_name\" content=\"Imakeyousmile.se\" \/>\n<meta property=\"article:author\" content=\"https:\/\/www.facebook.com\/imakeyousmile.se\" \/>\n<meta property=\"article:published_time\" content=\"2015-05-04T11:35:09+00:00\" \/>\n<meta property=\"article:modified_time\" content=\"2021-10-07T09:50:57+00:00\" \/>\n<meta property=\"og:image\" content=\"https:\/\/www.imakeyousmile.se\/wp-content\/uploads\/2015\/05\/IMG_2294_1111.jpg\" \/>\n\t<meta property=\"og:image:width\" content=\"1644\" \/>\n\t<meta property=\"og:image:height\" content=\"1242\" \/>\n<meta name=\"twitter:card\" content=\"summary_large_image\" \/>\n<script type=\"application\/ld+json\" class=\"yoast-schema-graph\">{\"@context\":\"https:\/\/schema.org\",\"@graph\":[{\"@type\":\"Organization\",\"@id\":\"https:\/\/www.imakeyousmile.se\/es\/#organization\",\"name\":\"Imakeyousmile\",\"url\":\"https:\/\/www.imakeyousmile.se\/es\/\",\"sameAs\":[],\"logo\":{\"@type\":\"ImageObject\",\"@id\":\"https:\/\/www.imakeyousmile.se\/es\/#logo\",\"inLanguage\":\"es\",\"url\":\"https:\/\/www.imakeyousmile.se\/wp-content\/uploads\/2020\/10\/HELENA-AMILEY_SVART-1-e1603367975324.png\",\"width\":280,\"height\":93,\"caption\":\"Imakeyousmile\"},\"image\":{\"@id\":\"https:\/\/www.imakeyousmile.se\/es\/#logo\"}},{\"@type\":\"WebSite\",\"@id\":\"https:\/\/www.imakeyousmile.se\/es\/#website\",\"url\":\"https:\/\/www.imakeyousmile.se\/es\/\",\"name\":\"Imakeyousmile.se\",\"description\":\"Helena Amiley - Beauty, Entrepreneur, Lifestyle\",\"publisher\":{\"@id\":\"https:\/\/www.imakeyousmile.se\/es\/#organization\"},\"potentialAction\":[{\"@type\":\"SearchAction\",\"target\":\"https:\/\/www.imakeyousmile.se\/es\/?s={search_term_string}\",\"query-input\":\"required name=search_term_string\"}],\"inLanguage\":\"es\"},{\"@type\":\"ImageObject\",\"@id\":\"https:\/\/www.imakeyousmile.se\/neon-eyeliner\/#primaryimage\",\"inLanguage\":\"es\",\"url\":\"https:\/\/www.imakeyousmile.se\/wp-content\/uploads\/2015\/05\/IMG_2294_1111.jpg\",\"width\":1644,\"height\":1242},{\"@type\":\"WebPage\",\"@id\":\"https:\/\/www.imakeyousmile.se\/neon-eyeliner\/#webpage\",\"url\":\"https:\/\/www.imakeyousmile.se\/neon-eyeliner\/\",\"name\":\"Neon eyeliner - Eyeliner-sminkning i nyanser | Imakeyousmile.se\",\"isPartOf\":{\"@id\":\"https:\/\/www.imakeyousmile.se\/es\/#website\"},\"primaryImageOfPage\":{\"@id\":\"https:\/\/www.imakeyousmile.se\/neon-eyeliner\/#primaryimage\"},\"datePublished\":\"2015-05-04T11:35:09+00:00\",\"dateModified\":\"2021-10-07T09:50:57+00:00\",\"description\":\"Neon eyeliner - Eyeliner-sminkning i nyanser | Helena Amiley - H\\u00e4r hittar du senaste infromation om sk\\u00f6nhet, livsstil, entrepren\\u00f6rskap, makeup & tips.\",\"inLanguage\":\"es\",\"potentialAction\":[{\"@type\":\"ReadAction\",\"target\":[\"https:\/\/www.imakeyousmile.se\/neon-eyeliner\/\"]}]},{\"@type\":\"Article\",\"@id\":\"https:\/\/www.imakeyousmile.se\/neon-eyeliner\/#article\",\"isPartOf\":{\"@id\":\"https:\/\/www.imakeyousmile.se\/neon-eyeliner\/#webpage\"},\"author\":{\"@id\":\"https:\/\/www.imakeyousmile.se\/es\/#\/schema\/person\/b0fd43b1c6bb1c60cfd68bff9b4a10fb\"},\"headline\":\"Neon eyeliner &#8211; Eyeliner-sminkning i nyanser\",\"datePublished\":\"2015-05-04T11:35:09+00:00\",\"dateModified\":\"2021-10-07T09:50:57+00:00\",\"mainEntityOfPage\":{\"@id\":\"https:\/\/www.imakeyousmile.se\/neon-eyeliner\/#webpage\"},\"commentCount\":2,\"publisher\":{\"@id\":\"https:\/\/www.imakeyousmile.se\/es\/#organization\"},\"image\":{\"@id\":\"https:\/\/www.imakeyousmile.se\/neon-eyeliner\/#primaryimage\"},\"keywords\":\"f\\u00e4rgglad eyeliner,lila eyeliner,neon eyeliner,paese manifesto,paese neon\",\"articleSection\":\"F\\u00e4rgstarka sminkningar,Neutrala \/ milda sminkningar\",\"inLanguage\":\"es\",\"potentialAction\":[{\"@type\":\"CommentAction\",\"name\":\"Comment\",\"target\":[\"https:\/\/www.imakeyousmile.se\/neon-eyeliner\/#respond\"]}]},{\"@type\":\"Person\",\"@id\":\"https:\/\/www.imakeyousmile.se\/es\/#\/schema\/person\/b0fd43b1c6bb1c60cfd68bff9b4a10fb\",\"name\":\"Helena Amiley\",\"image\":{\"@type\":\"ImageObject\",\"@id\":\"https:\/\/www.imakeyousmile.se\/es\/#personlogo\",\"inLanguage\":\"es\",\"url\":\"https:\/\/secure.gravatar.com\/avatar\/5645558e1e355457a23368d7e1b4c904?s=96&d=mm&r=g\",\"caption\":\"Helena Amiley\"},\"description\":\"Jag skriver mest om sk\\u00f6nhet men bjuder \\u00e4ven p\\u00e5 glimtar fr\\u00e5n entrepren\\u00f6rlivet och bygget av v\\u00e5r egen camper van. Vanlife here we come!\",\"sameAs\":[\"https:\/\/www.facebook.com\/imakeyousmile.se\",\"https:\/\/www.instagram.com\/helenaamiley\",\"https:\/\/www.youtube.com\/channel\/UCR5iB6rvpV6Yr8ZjpQfr5mg?view_as=subscriber\"]}]}<\/script>\n<!-- \/ Yoast SEO Premium plugin. -->","_links":{"self":[{"href":"https:\/\/www.imakeyousmile.se\/es\/wp-json\/wp\/v2\/posts\/19849"}],"collection":[{"href":"https:\/\/www.imakeyousmile.se\/es\/wp-json\/wp\/v2\/posts"}],"about":[{"href":"https:\/\/www.imakeyousmile.se\/es\/wp-json\/wp\/v2\/types\/post"}],"author":[{"embeddable":true,"href":"https:\/\/www.imakeyousmile.se\/es\/wp-json\/wp\/v2\/users\/30"}],"replies":[{"embeddable":true,"href":"https:\/\/www.imakeyousmile.se\/es\/wp-json\/wp\/v2\/comments?post=19849"}],"version-history":[{"count":3,"href":"https:\/\/www.imakeyousmile.se\/es\/wp-json\/wp\/v2\/posts\/19849\/revisions"}],"predecessor-version":[{"id":41930,"href":"https:\/\/www.imakeyousmile.se\/es\/wp-json\/wp\/v2\/posts\/19849\/revisions\/41930"}],"wp:featuredmedia":[{"embeddable":true,"href":"https:\/\/www.imakeyousmile.se\/es\/wp-json\/wp\/v2\/media\/19854"}],"wp:attachment":[{"href":"https:\/\/www.imakeyousmile.se\/es\/wp-json\/wp\/v2\/media?parent=19849"}],"wp:term":[{"taxonomy":"category","embeddable":true,"href":"https:\/\/www.imakeyousmile.se\/es\/wp-json\/wp\/v2\/categories?post=19849"},{"taxonomy":"post_tag","embeddable":true,"href":"https:\/\/www.imakeyousmile.se\/es\/wp-json\/wp\/v2\/tags?post=19849"}],"curies":[{"name":"wp","href":"https:\/\/api.w.org\/{rel}","templated":true}]}}