{"id":19960,"date":"2015-05-11T15:47:57","date_gmt":"2015-05-11T13:47:57","guid":{"rendered":"http:\/\/www.imakeyousmile.se\/?p=19960"},"modified":"2015-05-11T15:48:56","modified_gmt":"2015-05-11T13:48:56","slug":"solkram-till-oljig-hy-i-ansiktet","status":"publish","type":"post","link":"https:\/\/www.imakeyousmile.se\/es\/protector-solar-para-piel-grasa-en-la-cara\/","title":{"rendered":"Protector solar para pieles grasas en el rostro."},"content":{"rendered":"<p><em><strong>&quot;\u00a1Hola! Tengo una pregunta, \u00bfpodr\u00eda escribir sobre un buen factor de protecci\u00f3n solar para la cara? Al igual que usted, tengo la piel grasa \/ grasa y ustedes que saben de esto, tal vez puedan ayudarme :-) \u00bfQu\u00e9 producto y d\u00f3nde puedo encontrarlo? \u00a1gracias por adelantado!&quot;<\/strong><\/em><\/p>\n<p><em><strong>\u00bfTienes buenos consejos sobre un protector solar para pieles grasas? \u00a1gracias por adelantado!&quot;<\/strong><\/em><\/p>\n<p>Ahora son los tiempos de SPF y me encanta cuando preguntas sobre el protector solar, \u00a1porque significa que lo usas y es muy importante! \u00daltimamente tengo dos preguntas sobre el fps para pieles grasas, as\u00ed que pens\u00e9 en contarte sobre una crema que me gusta :)<\/p>\n<p>No he probado ning\u00fan buen spf para la cara que tiene m\u00e1s de 35 <em>y<\/em> que se adapta a mi piel grasa, pero una que creo que es s\u00faper buena tiene un factor de protecci\u00f3n solar 30 que se siente bien alto, y es <a href=\"http:\/\/skincity.se\/sv\/product\/4466\/paulas-choice-clear-ultra-light-daily-mattifying-fluid-spf-30\" target=\"_blank\">Fluido matificante diario ultraligero CLEAR de Paula&#039;s Choice<\/a>\u00a0que est\u00e1 adaptado para pieles grasas \/ mixtas y normales.<\/p>\n<p><a href=\"http:\/\/www.imakeyousmile.se\/wp-content\/uploads\/2015\/05\/IMG_2689_111.jpg\"><img loading=\"lazy\" decoding=\"async\" class=\"alignnone size-large wp-image-19961\" src=\"http:\/\/www.imakeyousmile.se\/wp-content\/uploads\/2015\/05\/IMG_2689_111-1024x783.jpg\" alt=\"IMG_2689_111\" width=\"700\" height=\"535\" srcset=\"https:\/\/www.imakeyousmile.se\/wp-content\/uploads\/2015\/05\/IMG_2689_111-1024x783.jpg 1024w, https:\/\/www.imakeyousmile.se\/wp-content\/uploads\/2015\/05\/IMG_2689_111-300x230.jpg 300w, https:\/\/www.imakeyousmile.se\/wp-content\/uploads\/2015\/05\/IMG_2689_111-700x536.jpg 700w, https:\/\/www.imakeyousmile.se\/wp-content\/uploads\/2015\/05\/IMG_2689_111-467x357.jpg 467w, https:\/\/www.imakeyousmile.se\/wp-content\/uploads\/2015\/05\/IMG_2689_111-631x483.jpg 631w, https:\/\/www.imakeyousmile.se\/wp-content\/uploads\/2015\/05\/IMG_2689_111.jpg 2000w\" sizes=\"(max-width: 700px) 100vw, 700px\" \/><\/a><\/p>\n<p>Efectivo para: poros dilatados; acn\u00e9; espinillas, anti-envejecimiento; arrugas manchas marrones (hiperpigmentaci\u00f3n).<\/p>\n<ul>\n<li>Hidrata la piel grasa y propensa al acn\u00e9, sin volverla grasa ni grasosa.<\/li>\n<li>Proporciona un protector solar de amplio espectro de alta tecnolog\u00eda que se siente sorprendentemente ligero.<\/li>\n<li>Fluido fino y transparente, que no obstruye los poros ni provoca acn\u00e9.<\/li>\n<li>Los antioxidantes y los ingredientes que comunican las c\u00e9lulas hacen que la piel luzca m\u00e1s joven.<\/li>\n<li>Regula eficazmente la producci\u00f3n de sebo y da un acabado mate fresco.<\/li>\n<li>Previene los signos del envejecimiento, incluidas las arrugas y las manchas marrones (hiperpigmentaci\u00f3n).<\/li>\n<li>100% sin perfume ni colorantes.<\/li>\n<\/ul>\n<p>Entonces esta encendido <a href=\"http:\/\/Effektiv f\u00f6r: F\u00f6rstorade porer; acne; pormaskar, anti-aging; rynkor; bruna fl\u00e4ckar (hyperpigmentering).  \u00c5terfuktar en fet, acne ben\u00e4gen hud, utan g\u00f6ra den oljig och fet.  Ger ett h\u00f6gteknologiskt bredspektrums solskydd som k\u00e4nns f\u00f6rv\u00e5nansv\u00e4rt l\u00e4tt.  Tunn och skir fluid, som inte t\u00e4pper till porerna eller orsakar acne.  Antioxidanter och cellkommunicerande ingredienser g\u00f6r att huden ser yngre ut.  Reglerar effektivt talg produktionen och ger en fr\u00e4sch, matt finish.  F\u00f6rhindrar tecken p\u00e5 \u00e5ldrande, bland annat rynkor och bruna fl\u00e4ckar (hyperpigmentering).  100% fri fr\u00e5n parfym och f\u00e4rg\u00e4mnen.\" target=\"_blank\">Skincity.se<\/a> donde cuesta SEK 129 por 60 ml.<\/p>\n<p>\u00a1Creo que es super bueno! Soy tan aceitoso, por lo que si tiene efectos particularmente debilitantes, es dif\u00edcil de decir, no es como una imprimaci\u00f3n debilitante o algo as\u00ed. Pero muchos protectores solares comunes pueden hacer que la cara sea extremadamente esponjosa, pero este funciona muy bien.<\/p>\n<p>La crema es bastante l\u00edquida y entra en la piel r\u00e1pidamente, y se siente hidratante y genial :)<\/p>\n<p><strong>\u00a1Dos pulgares arriba!<\/strong><\/p>","protected":false},"excerpt":{"rendered":"<p>&#8221;Hejsan! jag har en fr\u00e5ga, skulle du kunna skriva om bra solskyddsfaktor till ansiktet. Jag har som du fet\/oljig hud och du som har koll p\u00e5 detta, kanske kan hj\u00e4lpa mig :-) vilken produkt och var hittar jag den? tack p\u00e5 f\u00f6rhand!&#8221; &#8221;har du n\u00e5got bra tips p\u00e5 en solkr\u00e4m f\u00f6r fet hud? tack p\u00e5 [&hellip;]<\/p>\n","protected":false},"author":30,"featured_media":19961,"comment_status":"open","ping_status":"closed","sticky":false,"template":"","format":"standard","meta":{"footnotes":""},"categories":[40,59],"tags":[3546],"class_list":["post-19960","post","type-post","status-publish","format-standard","has-post-thumbnail","hentry","category-hudvard","category-recensioner-produkttips","tag-solkram-till-oljig-hy"],"yoast_head":"<!-- This site is optimized with the Yoast SEO Premium plugin v14.9 - https:\/\/yoast.com\/wordpress\/plugins\/seo\/ -->\n<meta name=\"description\" content=\"Solkr\u00e4m till oljig hy i ansiktet | Helena Amiley - H\u00e4r hittar du senaste infromation om sk\u00f6nhet, livsstil, entrepren\u00f6rskap, makeup &amp; tips.\" \/>\n<meta name=\"robots\" content=\"index, follow, max-snippet:-1, max-image-preview:large, max-video-preview:-1\" \/>\n<link rel=\"canonical\" href=\"https:\/\/www.imakeyousmile.se\/es\/solkram-till-oljig-hy-i-ansiktet\/\" \/>\n<meta property=\"og:locale\" content=\"es_ES\" \/>\n<meta property=\"og:type\" content=\"article\" \/>\n<meta property=\"og:title\" content=\"Solkr\u00e4m till oljig hy i ansiktet | Imakeyousmile.se\" \/>\n<meta property=\"og:description\" content=\"Solkr\u00e4m till oljig hy i ansiktet | Helena Amiley - H\u00e4r hittar du senaste infromation om sk\u00f6nhet, livsstil, entrepren\u00f6rskap, makeup &amp; tips.\" \/>\n<meta property=\"og:url\" content=\"https:\/\/www.imakeyousmile.se\/es\/solkram-till-oljig-hy-i-ansiktet\/\" \/>\n<meta property=\"og:site_name\" content=\"Imakeyousmile.se\" \/>\n<meta property=\"article:author\" content=\"https:\/\/www.facebook.com\/imakeyousmile.se\" \/>\n<meta property=\"article:published_time\" content=\"2015-05-11T13:47:57+00:00\" \/>\n<meta property=\"article:modified_time\" content=\"2015-05-11T13:48:56+00:00\" \/>\n<meta property=\"og:image\" content=\"https:\/\/www.imakeyousmile.se\/wp-content\/uploads\/2015\/05\/IMG_2689_111.jpg\" \/>\n\t<meta property=\"og:image:width\" content=\"2000\" \/>\n\t<meta property=\"og:image:height\" content=\"1530\" \/>\n<meta name=\"twitter:card\" content=\"summary_large_image\" \/>\n<script type=\"application\/ld+json\" class=\"yoast-schema-graph\">{\"@context\":\"https:\/\/schema.org\",\"@graph\":[{\"@type\":\"Organization\",\"@id\":\"https:\/\/www.imakeyousmile.se\/es\/#organization\",\"name\":\"Imakeyousmile\",\"url\":\"https:\/\/www.imakeyousmile.se\/es\/\",\"sameAs\":[],\"logo\":{\"@type\":\"ImageObject\",\"@id\":\"https:\/\/www.imakeyousmile.se\/es\/#logo\",\"inLanguage\":\"es\",\"url\":\"https:\/\/www.imakeyousmile.se\/wp-content\/uploads\/2020\/10\/HELENA-AMILEY_SVART-1-e1603367975324.png\",\"width\":280,\"height\":93,\"caption\":\"Imakeyousmile\"},\"image\":{\"@id\":\"https:\/\/www.imakeyousmile.se\/es\/#logo\"}},{\"@type\":\"WebSite\",\"@id\":\"https:\/\/www.imakeyousmile.se\/es\/#website\",\"url\":\"https:\/\/www.imakeyousmile.se\/es\/\",\"name\":\"Imakeyousmile.se\",\"description\":\"Helena Amiley - Beauty, Entrepreneur, Lifestyle\",\"publisher\":{\"@id\":\"https:\/\/www.imakeyousmile.se\/es\/#organization\"},\"potentialAction\":[{\"@type\":\"SearchAction\",\"target\":\"https:\/\/www.imakeyousmile.se\/es\/?s={search_term_string}\",\"query-input\":\"required name=search_term_string\"}],\"inLanguage\":\"es\"},{\"@type\":\"ImageObject\",\"@id\":\"https:\/\/www.imakeyousmile.se\/solkram-till-oljig-hy-i-ansiktet\/#primaryimage\",\"inLanguage\":\"es\",\"url\":\"https:\/\/www.imakeyousmile.se\/wp-content\/uploads\/2015\/05\/IMG_2689_111.jpg\",\"width\":2000,\"height\":1530},{\"@type\":\"WebPage\",\"@id\":\"https:\/\/www.imakeyousmile.se\/solkram-till-oljig-hy-i-ansiktet\/#webpage\",\"url\":\"https:\/\/www.imakeyousmile.se\/solkram-till-oljig-hy-i-ansiktet\/\",\"name\":\"Solkr\\u00e4m till oljig hy i ansiktet | Imakeyousmile.se\",\"isPartOf\":{\"@id\":\"https:\/\/www.imakeyousmile.se\/es\/#website\"},\"primaryImageOfPage\":{\"@id\":\"https:\/\/www.imakeyousmile.se\/solkram-till-oljig-hy-i-ansiktet\/#primaryimage\"},\"datePublished\":\"2015-05-11T13:47:57+00:00\",\"dateModified\":\"2015-05-11T13:48:56+00:00\",\"description\":\"Solkr\\u00e4m till oljig hy i ansiktet | Helena Amiley - H\\u00e4r hittar du senaste infromation om sk\\u00f6nhet, livsstil, entrepren\\u00f6rskap, makeup & tips.\",\"inLanguage\":\"es\",\"potentialAction\":[{\"@type\":\"ReadAction\",\"target\":[\"https:\/\/www.imakeyousmile.se\/solkram-till-oljig-hy-i-ansiktet\/\"]}]},{\"@type\":\"Article\",\"@id\":\"https:\/\/www.imakeyousmile.se\/solkram-till-oljig-hy-i-ansiktet\/#article\",\"isPartOf\":{\"@id\":\"https:\/\/www.imakeyousmile.se\/solkram-till-oljig-hy-i-ansiktet\/#webpage\"},\"author\":{\"@id\":\"https:\/\/www.imakeyousmile.se\/es\/#\/schema\/person\/b0fd43b1c6bb1c60cfd68bff9b4a10fb\"},\"headline\":\"Solkr\\u00e4m till oljig hy i ansiktet\",\"datePublished\":\"2015-05-11T13:47:57+00:00\",\"dateModified\":\"2015-05-11T13:48:56+00:00\",\"mainEntityOfPage\":{\"@id\":\"https:\/\/www.imakeyousmile.se\/solkram-till-oljig-hy-i-ansiktet\/#webpage\"},\"commentCount\":10,\"publisher\":{\"@id\":\"https:\/\/www.imakeyousmile.se\/es\/#organization\"},\"image\":{\"@id\":\"https:\/\/www.imakeyousmile.se\/solkram-till-oljig-hy-i-ansiktet\/#primaryimage\"},\"keywords\":\"Solkr\\u00e4m till oljig hy\",\"articleSection\":\"Hudv\\u00e5rd,Recensioner &amp; Produkttips\",\"inLanguage\":\"es\",\"potentialAction\":[{\"@type\":\"CommentAction\",\"name\":\"Comment\",\"target\":[\"https:\/\/www.imakeyousmile.se\/solkram-till-oljig-hy-i-ansiktet\/#respond\"]}]},{\"@type\":\"Person\",\"@id\":\"https:\/\/www.imakeyousmile.se\/es\/#\/schema\/person\/b0fd43b1c6bb1c60cfd68bff9b4a10fb\",\"name\":\"Helena Amiley\",\"image\":{\"@type\":\"ImageObject\",\"@id\":\"https:\/\/www.imakeyousmile.se\/es\/#personlogo\",\"inLanguage\":\"es\",\"url\":\"https:\/\/secure.gravatar.com\/avatar\/5645558e1e355457a23368d7e1b4c904?s=96&d=mm&r=g\",\"caption\":\"Helena Amiley\"},\"description\":\"Jag skriver mest om sk\\u00f6nhet men bjuder \\u00e4ven p\\u00e5 glimtar fr\\u00e5n entrepren\\u00f6rlivet och bygget av v\\u00e5r egen camper van. Vanlife here we come!\",\"sameAs\":[\"https:\/\/www.facebook.com\/imakeyousmile.se\",\"https:\/\/www.instagram.com\/helenaamiley\",\"https:\/\/www.youtube.com\/channel\/UCR5iB6rvpV6Yr8ZjpQfr5mg?view_as=subscriber\"]}]}<\/script>\n<!-- \/ Yoast SEO Premium plugin. -->","_links":{"self":[{"href":"https:\/\/www.imakeyousmile.se\/es\/wp-json\/wp\/v2\/posts\/19960"}],"collection":[{"href":"https:\/\/www.imakeyousmile.se\/es\/wp-json\/wp\/v2\/posts"}],"about":[{"href":"https:\/\/www.imakeyousmile.se\/es\/wp-json\/wp\/v2\/types\/post"}],"author":[{"embeddable":true,"href":"https:\/\/www.imakeyousmile.se\/es\/wp-json\/wp\/v2\/users\/30"}],"replies":[{"embeddable":true,"href":"https:\/\/www.imakeyousmile.se\/es\/wp-json\/wp\/v2\/comments?post=19960"}],"version-history":[{"count":2,"href":"https:\/\/www.imakeyousmile.se\/es\/wp-json\/wp\/v2\/posts\/19960\/revisions"}],"predecessor-version":[{"id":19965,"href":"https:\/\/www.imakeyousmile.se\/es\/wp-json\/wp\/v2\/posts\/19960\/revisions\/19965"}],"wp:featuredmedia":[{"embeddable":true,"href":"https:\/\/www.imakeyousmile.se\/es\/wp-json\/wp\/v2\/media\/19961"}],"wp:attachment":[{"href":"https:\/\/www.imakeyousmile.se\/es\/wp-json\/wp\/v2\/media?parent=19960"}],"wp:term":[{"taxonomy":"category","embeddable":true,"href":"https:\/\/www.imakeyousmile.se\/es\/wp-json\/wp\/v2\/categories?post=19960"},{"taxonomy":"post_tag","embeddable":true,"href":"https:\/\/www.imakeyousmile.se\/es\/wp-json\/wp\/v2\/tags?post=19960"}],"curies":[{"name":"wp","href":"https:\/\/api.w.org\/{rel}","templated":true}]}}