{"id":20001,"date":"2015-05-14T17:34:46","date_gmt":"2015-05-14T15:34:46","guid":{"rendered":"http:\/\/www.imakeyousmile.se\/?p=20001"},"modified":"2015-05-14T14:40:40","modified_gmt":"2015-05-14T12:40:40","slug":"somriga-naglar","status":"publish","type":"post","link":"https:\/\/www.imakeyousmile.se\/es\/unas-veraniegas\/","title":{"rendered":"U\u00f1as veraniegas"},"content":{"rendered":"<p>No soy particularmente colorida cuando se trata de ropa, pero cuando se trata de maquillaje y esmalte de u\u00f1as, <em>amor<\/em> Yo coloreo! No menos ahora que se acerca el verano :)<\/p>\n<p>Aqu\u00ed hay dos esmaltes de u\u00f1as de colores que he tenido en las \u00faltimas semanas:<\/p>\n<p><a href=\"http:\/\/www.imakeyousmile.se\/wp-content\/uploads\/2015\/05\/gr\u00f6na-naglar.jpg\"><img loading=\"lazy\" decoding=\"async\" class=\"alignnone size-large wp-image-20002\" src=\"http:\/\/www.imakeyousmile.se\/wp-content\/uploads\/2015\/05\/gr\u00f6na-naglar-1024x681.jpg\" alt=\"u\u00f1as verdes\" width=\"700\" height=\"466\" srcset=\"https:\/\/www.imakeyousmile.se\/wp-content\/uploads\/2015\/05\/gr\u00f6na-naglar-1024x681.jpg 1024w, https:\/\/www.imakeyousmile.se\/wp-content\/uploads\/2015\/05\/gr\u00f6na-naglar-300x200.jpg 300w, https:\/\/www.imakeyousmile.se\/wp-content\/uploads\/2015\/05\/gr\u00f6na-naglar-768x511.jpg 768w, https:\/\/www.imakeyousmile.se\/wp-content\/uploads\/2015\/05\/gr\u00f6na-naglar-1536x1021.jpg 1536w, https:\/\/www.imakeyousmile.se\/wp-content\/uploads\/2015\/05\/gr\u00f6na-naglar-16x12.jpg 16w, https:\/\/www.imakeyousmile.se\/wp-content\/uploads\/2015\/05\/gr\u00f6na-naglar-20x13.jpg 20w, https:\/\/www.imakeyousmile.se\/wp-content\/uploads\/2015\/05\/gr\u00f6na-naglar.jpg 2000w\" sizes=\"(max-width: 700px) 100vw, 700px\" \/><\/a><\/p>\n<p>Alfombra de u\u00f1as verdes, \u00a1no importa lo bonitas que sean! Obtuve la superficie mate con la ayuda de una capa superior mate que se puede usar en cualquier esmalte de u\u00f1as.<\/p>\n<p>Esmalte de u\u00f1as verde - <a href=\"https:\/\/ion.lyko.com\/t\/t?a=1117786221&#038;as=1548102449&#038;t=2&#038;tk=1&#038;epi=search-replace-nagellack&#038;url=https:\/\/lyko.com\/sv\/smink\/naglar\/nagellack?fromsearch=nagellack\/\" target=\"_blank\">Esmalte de u\u00f1as Paese<\/a> en tono 38 (solo ha pintado una capa)<br \/>\nCapa superior mate - <a href=\"https:\/\/ion.lyko.com\/t\/t?a=1117786221&#038;as=1548102449&#038;t=2&#038;tk=1&#038;epi=search-replace-mattetopcoat&#038;url=https:\/\/lyko.com\/sv\/sok?q=matte+top+coat\" target=\"_blank\">Abrigo superior mate Paese<\/a><\/p>\n<p><a href=\"http:\/\/www.imakeyousmile.se\/wp-content\/uploads\/2015\/05\/lila-naglar.jpg\"><img loading=\"lazy\" decoding=\"async\" class=\"alignnone size-large wp-image-20003\" src=\"http:\/\/www.imakeyousmile.se\/wp-content\/uploads\/2015\/05\/lila-naglar-1024x709.jpg\" alt=\"lila-naglar\" width=\"700\" height=\"485\" srcset=\"https:\/\/www.imakeyousmile.se\/wp-content\/uploads\/2015\/05\/lila-naglar-1024x709.jpg 1024w, https:\/\/www.imakeyousmile.se\/wp-content\/uploads\/2015\/05\/lila-naglar-300x208.jpg 300w, https:\/\/www.imakeyousmile.se\/wp-content\/uploads\/2015\/05\/lila-naglar-768x532.jpg 768w, https:\/\/www.imakeyousmile.se\/wp-content\/uploads\/2015\/05\/lila-naglar-1536x1064.jpg 1536w, https:\/\/www.imakeyousmile.se\/wp-content\/uploads\/2015\/05\/lila-naglar-16x12.jpg 16w, https:\/\/www.imakeyousmile.se\/wp-content\/uploads\/2015\/05\/lila-naglar-20x14.jpg 20w, https:\/\/www.imakeyousmile.se\/wp-content\/uploads\/2015\/05\/lila-naglar.jpg 2000w\" sizes=\"(max-width: 700px) 100vw, 700px\" \/><\/a><\/p>\n<p>Y este color p\u00farpura lavanda del que estoy completamente enamorado, \u00a1tan celestialmente agradable! Es<a href=\"https:\/\/ion.lyko.com\/t\/t?a=1117786221&#038;as=1548102449&#038;t=2&#038;tk=1&#038;epi=search-replace-nagellack&#038;url=https:\/\/lyko.com\/sv\/smink\/naglar\/nagellack?fromsearch=nagellack\/\" target=\"_blank\"> Esmalte de u\u00f1as Paese<\/a> en el tono 21, y he pintado una capa de esmalte de u\u00f1as blanco debajo y una capa de p\u00farpura.<\/p>\n<p>\u00bfCu\u00e1l crees que es el m\u00e1s bonito? :)<\/p>","protected":false},"excerpt":{"rendered":"<p>Jag \u00e4r inte speciellt f\u00e4rgglad n\u00e4r det kommer till kl\u00e4der, men n\u00e4r det g\u00e4ller smink och nagellack s\u00e5 \u00e4lskar jag f\u00e4rg! Inte minst nu n\u00e4r det b\u00f6rjar nalkas sommar :) H\u00e4r kommer tv\u00e5 f\u00e4rgstarka nagellack som jag har haft de senaste veckorna: Matta gr\u00f6na naglar, hur fint som helst! Jag har f\u00e5tt den matta ytan [&hellip;]<\/p>\n","protected":false},"author":30,"featured_media":20003,"comment_status":"open","ping_status":"closed","sticky":false,"template":"","format":"standard","meta":{"footnotes":""},"categories":[863,59],"tags":[3566,3564,3563,3565,2510],"class_list":["post-20001","post","type-post","status-publish","format-standard","has-post-thumbnail","hentry","category-naglar","category-recensioner-produkttips","tag-fargglada-naglar","tag-gront-nagellack","tag-lila-nagellack","tag-matta-naglar","tag-somriga-naglar"],"yoast_head":"<!-- This site is optimized with the Yoast SEO Premium plugin v14.9 - https:\/\/yoast.com\/wordpress\/plugins\/seo\/ -->\n<meta name=\"description\" content=\"Somriga naglar | Helena Amiley - H\u00e4r hittar du senaste infromation om sk\u00f6nhet, livsstil, entrepren\u00f6rskap, makeup &amp; tips.\" \/>\n<meta name=\"robots\" content=\"index, follow, max-snippet:-1, max-image-preview:large, max-video-preview:-1\" \/>\n<link rel=\"canonical\" href=\"https:\/\/www.imakeyousmile.se\/es\/somriga-naglar\/\" \/>\n<meta property=\"og:locale\" content=\"es_ES\" \/>\n<meta property=\"og:type\" content=\"article\" \/>\n<meta property=\"og:title\" content=\"Somriga naglar | Imakeyousmile.se\" \/>\n<meta property=\"og:description\" content=\"Somriga naglar | Helena Amiley - H\u00e4r hittar du senaste infromation om sk\u00f6nhet, livsstil, entrepren\u00f6rskap, makeup &amp; tips.\" \/>\n<meta property=\"og:url\" content=\"https:\/\/www.imakeyousmile.se\/es\/somriga-naglar\/\" \/>\n<meta property=\"og:site_name\" content=\"Imakeyousmile.se\" \/>\n<meta property=\"article:author\" content=\"https:\/\/www.facebook.com\/imakeyousmile.se\" \/>\n<meta property=\"article:published_time\" content=\"2015-05-14T15:34:46+00:00\" \/>\n<meta property=\"article:modified_time\" content=\"2015-05-14T12:40:40+00:00\" \/>\n<meta property=\"og:image\" content=\"https:\/\/www.imakeyousmile.se\/wp-content\/uploads\/2015\/05\/lila-naglar.jpg\" \/>\n\t<meta property=\"og:image:width\" content=\"2000\" \/>\n\t<meta property=\"og:image:height\" content=\"1385\" \/>\n<meta name=\"twitter:card\" content=\"summary_large_image\" \/>\n<script type=\"application\/ld+json\" class=\"yoast-schema-graph\">{\"@context\":\"https:\/\/schema.org\",\"@graph\":[{\"@type\":\"Organization\",\"@id\":\"https:\/\/www.imakeyousmile.se\/es\/#organization\",\"name\":\"Imakeyousmile\",\"url\":\"https:\/\/www.imakeyousmile.se\/es\/\",\"sameAs\":[],\"logo\":{\"@type\":\"ImageObject\",\"@id\":\"https:\/\/www.imakeyousmile.se\/es\/#logo\",\"inLanguage\":\"es\",\"url\":\"https:\/\/www.imakeyousmile.se\/wp-content\/uploads\/2020\/10\/HELENA-AMILEY_SVART-1-e1603367975324.png\",\"width\":280,\"height\":93,\"caption\":\"Imakeyousmile\"},\"image\":{\"@id\":\"https:\/\/www.imakeyousmile.se\/es\/#logo\"}},{\"@type\":\"WebSite\",\"@id\":\"https:\/\/www.imakeyousmile.se\/es\/#website\",\"url\":\"https:\/\/www.imakeyousmile.se\/es\/\",\"name\":\"Imakeyousmile.se\",\"description\":\"Helena Amiley - Beauty, Entrepreneur, Lifestyle\",\"publisher\":{\"@id\":\"https:\/\/www.imakeyousmile.se\/es\/#organization\"},\"potentialAction\":[{\"@type\":\"SearchAction\",\"target\":\"https:\/\/www.imakeyousmile.se\/es\/?s={search_term_string}\",\"query-input\":\"required name=search_term_string\"}],\"inLanguage\":\"es\"},{\"@type\":\"ImageObject\",\"@id\":\"https:\/\/www.imakeyousmile.se\/somriga-naglar\/#primaryimage\",\"inLanguage\":\"es\",\"url\":\"https:\/\/www.imakeyousmile.se\/wp-content\/uploads\/2015\/05\/lila-naglar.jpg\",\"width\":2000,\"height\":1385},{\"@type\":\"WebPage\",\"@id\":\"https:\/\/www.imakeyousmile.se\/somriga-naglar\/#webpage\",\"url\":\"https:\/\/www.imakeyousmile.se\/somriga-naglar\/\",\"name\":\"Somriga naglar | Imakeyousmile.se\",\"isPartOf\":{\"@id\":\"https:\/\/www.imakeyousmile.se\/es\/#website\"},\"primaryImageOfPage\":{\"@id\":\"https:\/\/www.imakeyousmile.se\/somriga-naglar\/#primaryimage\"},\"datePublished\":\"2015-05-14T15:34:46+00:00\",\"dateModified\":\"2015-05-14T12:40:40+00:00\",\"description\":\"Somriga naglar | Helena Amiley - H\\u00e4r hittar du senaste infromation om sk\\u00f6nhet, livsstil, entrepren\\u00f6rskap, makeup & tips.\",\"inLanguage\":\"es\",\"potentialAction\":[{\"@type\":\"ReadAction\",\"target\":[\"https:\/\/www.imakeyousmile.se\/somriga-naglar\/\"]}]},{\"@type\":\"Article\",\"@id\":\"https:\/\/www.imakeyousmile.se\/somriga-naglar\/#article\",\"isPartOf\":{\"@id\":\"https:\/\/www.imakeyousmile.se\/somriga-naglar\/#webpage\"},\"author\":{\"@id\":\"https:\/\/www.imakeyousmile.se\/es\/#\/schema\/person\/b0fd43b1c6bb1c60cfd68bff9b4a10fb\"},\"headline\":\"Somriga naglar\",\"datePublished\":\"2015-05-14T15:34:46+00:00\",\"dateModified\":\"2015-05-14T12:40:40+00:00\",\"mainEntityOfPage\":{\"@id\":\"https:\/\/www.imakeyousmile.se\/somriga-naglar\/#webpage\"},\"commentCount\":4,\"publisher\":{\"@id\":\"https:\/\/www.imakeyousmile.se\/es\/#organization\"},\"image\":{\"@id\":\"https:\/\/www.imakeyousmile.se\/somriga-naglar\/#primaryimage\"},\"keywords\":\"f\\u00e4rgglada naglar,gr\\u00f6nt nagellack,lila nagellack,matta naglar,somriga naglar\",\"articleSection\":\"Naglar,Recensioner &amp; Produkttips\",\"inLanguage\":\"es\",\"potentialAction\":[{\"@type\":\"CommentAction\",\"name\":\"Comment\",\"target\":[\"https:\/\/www.imakeyousmile.se\/somriga-naglar\/#respond\"]}]},{\"@type\":\"Person\",\"@id\":\"https:\/\/www.imakeyousmile.se\/es\/#\/schema\/person\/b0fd43b1c6bb1c60cfd68bff9b4a10fb\",\"name\":\"Helena Amiley\",\"image\":{\"@type\":\"ImageObject\",\"@id\":\"https:\/\/www.imakeyousmile.se\/es\/#personlogo\",\"inLanguage\":\"es\",\"url\":\"https:\/\/secure.gravatar.com\/avatar\/5645558e1e355457a23368d7e1b4c904?s=96&d=mm&r=g\",\"caption\":\"Helena Amiley\"},\"description\":\"Jag skriver mest om sk\\u00f6nhet men bjuder \\u00e4ven p\\u00e5 glimtar fr\\u00e5n entrepren\\u00f6rlivet och bygget av v\\u00e5r egen camper van. Vanlife here we come!\",\"sameAs\":[\"https:\/\/www.facebook.com\/imakeyousmile.se\",\"https:\/\/www.instagram.com\/helenaamiley\",\"https:\/\/www.youtube.com\/channel\/UCR5iB6rvpV6Yr8ZjpQfr5mg?view_as=subscriber\"]}]}<\/script>\n<!-- \/ Yoast SEO Premium plugin. -->","_links":{"self":[{"href":"https:\/\/www.imakeyousmile.se\/es\/wp-json\/wp\/v2\/posts\/20001"}],"collection":[{"href":"https:\/\/www.imakeyousmile.se\/es\/wp-json\/wp\/v2\/posts"}],"about":[{"href":"https:\/\/www.imakeyousmile.se\/es\/wp-json\/wp\/v2\/types\/post"}],"author":[{"embeddable":true,"href":"https:\/\/www.imakeyousmile.se\/es\/wp-json\/wp\/v2\/users\/30"}],"replies":[{"embeddable":true,"href":"https:\/\/www.imakeyousmile.se\/es\/wp-json\/wp\/v2\/comments?post=20001"}],"version-history":[{"count":3,"href":"https:\/\/www.imakeyousmile.se\/es\/wp-json\/wp\/v2\/posts\/20001\/revisions"}],"predecessor-version":[{"id":20037,"href":"https:\/\/www.imakeyousmile.se\/es\/wp-json\/wp\/v2\/posts\/20001\/revisions\/20037"}],"wp:featuredmedia":[{"embeddable":true,"href":"https:\/\/www.imakeyousmile.se\/es\/wp-json\/wp\/v2\/media\/20003"}],"wp:attachment":[{"href":"https:\/\/www.imakeyousmile.se\/es\/wp-json\/wp\/v2\/media?parent=20001"}],"wp:term":[{"taxonomy":"category","embeddable":true,"href":"https:\/\/www.imakeyousmile.se\/es\/wp-json\/wp\/v2\/categories?post=20001"},{"taxonomy":"post_tag","embeddable":true,"href":"https:\/\/www.imakeyousmile.se\/es\/wp-json\/wp\/v2\/tags?post=20001"}],"curies":[{"name":"wp","href":"https:\/\/api.w.org\/{rel}","templated":true}]}}