{"id":20038,"date":"2015-05-15T05:00:14","date_gmt":"2015-05-15T03:00:14","guid":{"rendered":"http:\/\/www.imakeyousmile.se\/?p=20038"},"modified":"2015-05-14T17:05:50","modified_gmt":"2015-05-14T15:05:50","slug":"ogonskuggsprimer-under-eyeliner","status":"publish","type":"post","link":"https:\/\/www.imakeyousmile.se\/es\/delineador-de-ojos-y-prebase-de-sombra\/","title":{"rendered":"\u00bfPrebase de sombra de ojos debajo del delineador de ojos?"},"content":{"rendered":"<p><strong><em>&quot;\u00a1Multa! Cuando solo usas delineador de ojos, \u00bfqu\u00e9 tienes debajo? \u00bfSigues usando prebase para ojos en el p\u00e1rpado sin usar sombra de ojos? \u00bfO solo lo tiene donde hizo clic en verde? \u00bfQu\u00e9 tienes que preguntarte acerca de tener el delineador de ojos en su lugar, especialmente si lo vas a ensuciar? :) \u201d<\/em><\/strong><\/p>\n<p>Sobre el maquillaje en particular que comentaste, no he usado prebase de sombra de ojos debajo, solo base. Pero es solo para poner a prueba la sostenibilidad correctamente, revisa el nerd como eres :)<\/p>\n<p>\u00a1Esto se debe a que una prebase de sombra de ojos tambi\u00e9n hace que los delineadores de ojos sean m\u00e1s duraderos! Los p\u00e1rpados grasos pueden hacer que el delineador de ojos se manche alrededor del ojo, incluso si es un delineador de ojos resistente al agua (el agua no es resistente al aceite) y, por lo tanto, el delineador de ojos se vuelve m\u00e1s duradero con la prebase porque los p\u00e1rpados se mantienen mate.<\/p>\n<p>Y dado que es importante saturar la prebase de sombra de ojos correctamente con sombra de ojos, para que se fije y deje de estar h\u00fameda, por lo general solo aplico un poco de polvo si no quieres sombra de ojos.<\/p>\n<p>La base + polvo para sombras de ojos tambi\u00e9n es una buena idea si tiene problemas con el r\u00edmel que se mancha el p\u00e1rpado \/ ceja durante el d\u00eda, ya que a menudo tambi\u00e9n se debe a los p\u00e1rpados grasos.<\/p>\n<p>En otras palabras, \u00a1la prebase + el polvo de sombra de ojos (si no quieres sombra de ojos) nunca es una mala idea! :)<\/p>\n<p><a href=\"http:\/\/www.imakeyousmile.se\/wp-content\/uploads\/2015\/05\/IMG_2966_111.jpg\"><img loading=\"lazy\" decoding=\"async\" class=\"alignnone size-large wp-image-20030\" src=\"http:\/\/www.imakeyousmile.se\/wp-content\/uploads\/2015\/05\/IMG_2966_111-1024x748.jpg\" alt=\"IMG_2966_111\" width=\"700\" height=\"511\" srcset=\"https:\/\/www.imakeyousmile.se\/wp-content\/uploads\/2015\/05\/IMG_2966_111-1024x748.jpg 1024w, https:\/\/www.imakeyousmile.se\/wp-content\/uploads\/2015\/05\/IMG_2966_111-300x219.jpg 300w, https:\/\/www.imakeyousmile.se\/wp-content\/uploads\/2015\/05\/IMG_2966_111-700x511.jpg 700w, https:\/\/www.imakeyousmile.se\/wp-content\/uploads\/2015\/05\/IMG_2966_111-489x357.jpg 489w, https:\/\/www.imakeyousmile.se\/wp-content\/uploads\/2015\/05\/IMG_2966_111-661x483.jpg 661w, https:\/\/www.imakeyousmile.se\/wp-content\/uploads\/2015\/05\/IMG_2966_111.jpg 1466w\" sizes=\"(max-width: 700px) 100vw, 700px\" \/><\/a><\/p>","protected":false},"excerpt":{"rendered":"<p>&#8221;Fint! N\u00e4r du bara anv\u00e4nder eyeliner, vad har du under d\u00e5? Anv\u00e4nder du fortfarande \u00f6gonprimer p\u00e5 \u00f6gonlocket utan att ha \u00f6gonskugga p\u00e5? Eller har du det bara d\u00e4r du \u201dklickade\u201d gr\u00f6nt? Vad har du under f\u00f6r att ha eyelinern p\u00e5 plats, s\u00e4rskilt om du ska sota den? :)&#8221; P\u00e5 just den sminkning som du kommenterade [&hellip;]<\/p>\n","protected":false},"author":30,"featured_media":20030,"comment_status":"open","ping_status":"closed","sticky":false,"template":"","format":"standard","meta":{"footnotes":""},"categories":[59],"tags":[3567],"class_list":["post-20038","post","type-post","status-publish","format-standard","has-post-thumbnail","hentry","category-recensioner-produkttips","tag-primer-under-eyeliner"],"yoast_head":"<!-- This site is optimized with the Yoast SEO Premium plugin v14.9 - https:\/\/yoast.com\/wordpress\/plugins\/seo\/ -->\n<meta name=\"description\" content=\"\u00d6gonskuggsprimer under eyeliner? | Helena Amiley - H\u00e4r hittar du senaste infromation om sk\u00f6nhet, livsstil, entrepren\u00f6rskap, makeup &amp; tips.\" \/>\n<meta name=\"robots\" content=\"index, follow, max-snippet:-1, max-image-preview:large, max-video-preview:-1\" \/>\n<link rel=\"canonical\" href=\"https:\/\/www.imakeyousmile.se\/es\/ogonskuggsprimer-under-eyeliner\/\" \/>\n<meta property=\"og:locale\" content=\"es_ES\" \/>\n<meta property=\"og:type\" content=\"article\" \/>\n<meta property=\"og:title\" content=\"\u00d6gonskuggsprimer under eyeliner? | Imakeyousmile.se\" \/>\n<meta property=\"og:description\" content=\"\u00d6gonskuggsprimer under eyeliner? | Helena Amiley - H\u00e4r hittar du senaste infromation om sk\u00f6nhet, livsstil, entrepren\u00f6rskap, makeup &amp; tips.\" \/>\n<meta property=\"og:url\" content=\"https:\/\/www.imakeyousmile.se\/es\/ogonskuggsprimer-under-eyeliner\/\" \/>\n<meta property=\"og:site_name\" content=\"Imakeyousmile.se\" \/>\n<meta property=\"article:author\" content=\"https:\/\/www.facebook.com\/imakeyousmile.se\" \/>\n<meta property=\"article:published_time\" content=\"2015-05-15T03:00:14+00:00\" \/>\n<meta property=\"article:modified_time\" content=\"2015-05-14T15:05:50+00:00\" \/>\n<meta property=\"og:image\" content=\"https:\/\/www.imakeyousmile.se\/wp-content\/uploads\/2015\/05\/IMG_2966_111.jpg\" \/>\n\t<meta property=\"og:image:width\" content=\"1466\" \/>\n\t<meta property=\"og:image:height\" content=\"1071\" \/>\n<meta name=\"twitter:card\" content=\"summary_large_image\" \/>\n<script type=\"application\/ld+json\" class=\"yoast-schema-graph\">{\"@context\":\"https:\/\/schema.org\",\"@graph\":[{\"@type\":\"Organization\",\"@id\":\"https:\/\/www.imakeyousmile.se\/es\/#organization\",\"name\":\"Imakeyousmile\",\"url\":\"https:\/\/www.imakeyousmile.se\/es\/\",\"sameAs\":[],\"logo\":{\"@type\":\"ImageObject\",\"@id\":\"https:\/\/www.imakeyousmile.se\/es\/#logo\",\"inLanguage\":\"es\",\"url\":\"https:\/\/www.imakeyousmile.se\/wp-content\/uploads\/2020\/10\/HELENA-AMILEY_SVART-1-e1603367975324.png\",\"width\":280,\"height\":93,\"caption\":\"Imakeyousmile\"},\"image\":{\"@id\":\"https:\/\/www.imakeyousmile.se\/es\/#logo\"}},{\"@type\":\"WebSite\",\"@id\":\"https:\/\/www.imakeyousmile.se\/es\/#website\",\"url\":\"https:\/\/www.imakeyousmile.se\/es\/\",\"name\":\"Imakeyousmile.se\",\"description\":\"Helena Amiley - Beauty, Entrepreneur, Lifestyle\",\"publisher\":{\"@id\":\"https:\/\/www.imakeyousmile.se\/es\/#organization\"},\"potentialAction\":[{\"@type\":\"SearchAction\",\"target\":\"https:\/\/www.imakeyousmile.se\/es\/?s={search_term_string}\",\"query-input\":\"required name=search_term_string\"}],\"inLanguage\":\"es\"},{\"@type\":\"ImageObject\",\"@id\":\"https:\/\/www.imakeyousmile.se\/ogonskuggsprimer-under-eyeliner\/#primaryimage\",\"inLanguage\":\"es\",\"url\":\"https:\/\/www.imakeyousmile.se\/wp-content\/uploads\/2015\/05\/IMG_2966_111.jpg\",\"width\":1466,\"height\":1071},{\"@type\":\"WebPage\",\"@id\":\"https:\/\/www.imakeyousmile.se\/ogonskuggsprimer-under-eyeliner\/#webpage\",\"url\":\"https:\/\/www.imakeyousmile.se\/ogonskuggsprimer-under-eyeliner\/\",\"name\":\"\\u00d6gonskuggsprimer under eyeliner? | Imakeyousmile.se\",\"isPartOf\":{\"@id\":\"https:\/\/www.imakeyousmile.se\/es\/#website\"},\"primaryImageOfPage\":{\"@id\":\"https:\/\/www.imakeyousmile.se\/ogonskuggsprimer-under-eyeliner\/#primaryimage\"},\"datePublished\":\"2015-05-15T03:00:14+00:00\",\"dateModified\":\"2015-05-14T15:05:50+00:00\",\"description\":\"\\u00d6gonskuggsprimer under eyeliner? | Helena Amiley - H\\u00e4r hittar du senaste infromation om sk\\u00f6nhet, livsstil, entrepren\\u00f6rskap, makeup & tips.\",\"inLanguage\":\"es\",\"potentialAction\":[{\"@type\":\"ReadAction\",\"target\":[\"https:\/\/www.imakeyousmile.se\/ogonskuggsprimer-under-eyeliner\/\"]}]},{\"@type\":\"Article\",\"@id\":\"https:\/\/www.imakeyousmile.se\/ogonskuggsprimer-under-eyeliner\/#article\",\"isPartOf\":{\"@id\":\"https:\/\/www.imakeyousmile.se\/ogonskuggsprimer-under-eyeliner\/#webpage\"},\"author\":{\"@id\":\"https:\/\/www.imakeyousmile.se\/es\/#\/schema\/person\/b0fd43b1c6bb1c60cfd68bff9b4a10fb\"},\"headline\":\"\\u00d6gonskuggsprimer under eyeliner?\",\"datePublished\":\"2015-05-15T03:00:14+00:00\",\"dateModified\":\"2015-05-14T15:05:50+00:00\",\"mainEntityOfPage\":{\"@id\":\"https:\/\/www.imakeyousmile.se\/ogonskuggsprimer-under-eyeliner\/#webpage\"},\"commentCount\":2,\"publisher\":{\"@id\":\"https:\/\/www.imakeyousmile.se\/es\/#organization\"},\"image\":{\"@id\":\"https:\/\/www.imakeyousmile.se\/ogonskuggsprimer-under-eyeliner\/#primaryimage\"},\"keywords\":\"primer under eyeliner\",\"articleSection\":\"Recensioner &amp; Produkttips\",\"inLanguage\":\"es\",\"potentialAction\":[{\"@type\":\"CommentAction\",\"name\":\"Comment\",\"target\":[\"https:\/\/www.imakeyousmile.se\/ogonskuggsprimer-under-eyeliner\/#respond\"]}]},{\"@type\":\"Person\",\"@id\":\"https:\/\/www.imakeyousmile.se\/es\/#\/schema\/person\/b0fd43b1c6bb1c60cfd68bff9b4a10fb\",\"name\":\"Helena Amiley\",\"image\":{\"@type\":\"ImageObject\",\"@id\":\"https:\/\/www.imakeyousmile.se\/es\/#personlogo\",\"inLanguage\":\"es\",\"url\":\"https:\/\/secure.gravatar.com\/avatar\/5645558e1e355457a23368d7e1b4c904?s=96&d=mm&r=g\",\"caption\":\"Helena Amiley\"},\"description\":\"Jag skriver mest om sk\\u00f6nhet men bjuder \\u00e4ven p\\u00e5 glimtar fr\\u00e5n entrepren\\u00f6rlivet och bygget av v\\u00e5r egen camper van. Vanlife here we come!\",\"sameAs\":[\"https:\/\/www.facebook.com\/imakeyousmile.se\",\"https:\/\/www.instagram.com\/helenaamiley\",\"https:\/\/www.youtube.com\/channel\/UCR5iB6rvpV6Yr8ZjpQfr5mg?view_as=subscriber\"]}]}<\/script>\n<!-- \/ Yoast SEO Premium plugin. -->","_links":{"self":[{"href":"https:\/\/www.imakeyousmile.se\/es\/wp-json\/wp\/v2\/posts\/20038"}],"collection":[{"href":"https:\/\/www.imakeyousmile.se\/es\/wp-json\/wp\/v2\/posts"}],"about":[{"href":"https:\/\/www.imakeyousmile.se\/es\/wp-json\/wp\/v2\/types\/post"}],"author":[{"embeddable":true,"href":"https:\/\/www.imakeyousmile.se\/es\/wp-json\/wp\/v2\/users\/30"}],"replies":[{"embeddable":true,"href":"https:\/\/www.imakeyousmile.se\/es\/wp-json\/wp\/v2\/comments?post=20038"}],"version-history":[{"count":3,"href":"https:\/\/www.imakeyousmile.se\/es\/wp-json\/wp\/v2\/posts\/20038\/revisions"}],"predecessor-version":[{"id":20041,"href":"https:\/\/www.imakeyousmile.se\/es\/wp-json\/wp\/v2\/posts\/20038\/revisions\/20041"}],"wp:featuredmedia":[{"embeddable":true,"href":"https:\/\/www.imakeyousmile.se\/es\/wp-json\/wp\/v2\/media\/20030"}],"wp:attachment":[{"href":"https:\/\/www.imakeyousmile.se\/es\/wp-json\/wp\/v2\/media?parent=20038"}],"wp:term":[{"taxonomy":"category","embeddable":true,"href":"https:\/\/www.imakeyousmile.se\/es\/wp-json\/wp\/v2\/categories?post=20038"},{"taxonomy":"post_tag","embeddable":true,"href":"https:\/\/www.imakeyousmile.se\/es\/wp-json\/wp\/v2\/tags?post=20038"}],"curies":[{"name":"wp","href":"https:\/\/api.w.org\/{rel}","templated":true}]}}