{"id":20119,"date":"2015-05-20T09:12:56","date_gmt":"2015-05-20T07:12:56","guid":{"rendered":"http:\/\/www.imakeyousmile.se\/?p=20119"},"modified":"2021-10-07T11:31:43","modified_gmt":"2021-10-07T09:31:43","slug":"dr-brandt-cc-glow","status":"publish","type":"post","link":"https:\/\/www.imakeyousmile.se\/es\/dr-brandt-cc-glow\/","title":{"rendered":"Dr. Brandt CC Glow"},"content":{"rendered":"<p>En verano queda muy bien con una buena crema BB o CC, que en definitiva es menos opaca que una base pero m\u00e1s opaca que una crema de d\u00eda de color. Est\u00e1 lubricado como una loci\u00f3n normal, pero contiene un color que unifica el tono de la piel y, a menudo, contiene ingredientes para el cuidado y spf.<\/p>\n<p>El otro d\u00eda escrib\u00ed sobre uno <a href=\"http:\/\/www.imakeyousmile.se\/es\/solkram-till-oljig-hy-i-ansiktet\/\" target=\"_blank\" rel=\"noopener\">crema de d\u00eda con spf 30<\/a> para el rostro que funciona bien incluso en pieles grasas, por lo que ahora pens\u00e9 en recomendar una CC-Cream con spf 30 que unifica el tono de la piel y que combina bien con la piel grasa.<\/p>\n<p><a href=\"http:\/\/www.imakeyousmile.se\/wp-content\/uploads\/2015\/05\/IMG_3340_1111111.jpg\"><img loading=\"lazy\" decoding=\"async\" class=\"alignnone size-large wp-image-20122\" src=\"http:\/\/www.imakeyousmile.se\/wp-content\/uploads\/2015\/05\/IMG_3340_1111111-1024x568.jpg\" alt=\"dr brandt cc crema\" width=\"700\" height=\"388\" srcset=\"https:\/\/www.imakeyousmile.se\/wp-content\/uploads\/2015\/05\/IMG_3340_1111111-1024x568.jpg 1024w, https:\/\/www.imakeyousmile.se\/wp-content\/uploads\/2015\/05\/IMG_3340_1111111-300x166.jpg 300w, https:\/\/www.imakeyousmile.se\/wp-content\/uploads\/2015\/05\/IMG_3340_1111111-700x388.jpg 700w, https:\/\/www.imakeyousmile.se\/wp-content\/uploads\/2015\/05\/IMG_3340_1111111-643x357.jpg 643w, https:\/\/www.imakeyousmile.se\/wp-content\/uploads\/2015\/05\/IMG_3340_1111111-871x483.jpg 871w, https:\/\/www.imakeyousmile.se\/wp-content\/uploads\/2015\/05\/IMG_3340_1111111.jpg 1752w\" sizes=\"(max-width: 700px) 100vw, 700px\" \/><\/a><\/p>\n<p>Me acabo de te\u00f1ir las cejas y justo despu\u00e9s se asentaron bastante en la piel, por eso son tan oscuras si te lo est\u00e1s preguntando :)<\/p>\n<p>La crema que te recomiendo es <a href=\"https:\/\/ion.lyko.com\/t\/t?a=1117786221&amp;as=1548102449&amp;t=2&amp;tk=1&amp;epi=search-replace-ccream&amp;url=https:\/\/lyko.com\/sv\/smink\/ansikte\/bbccdd-cream?fromsearch=cc%20cream\" target=\"_blank\" rel=\"noopener\">Dr. brandt cc resplandor<\/a>\u00a0que es una CC-Cream que debe proporcionar una cobertura ligera, mucha luminosidad, un efecto iluminador en la piel (por ejemplo, en las manchas de pigmento) y contiene factor de protecci\u00f3n solar 30.<\/p>\n<p>Se adapta a todo tipo de pieles, dice en la descripci\u00f3n, y yo, que soy muy graso, puedo decir que hay pocos productos similares que deber\u00edan &quot;adaptarse a todo tipo de piel&quot; que realmente van bien con la piel grasa, \u00a1pero este s\u00ed!<br \/>\n<a href=\"http:\/\/www.imakeyousmile.se\/wp-content\/uploads\/2015\/05\/IMG_3340_11111.jpg\"><br \/>\n<\/a> <a href=\"http:\/\/www.imakeyousmile.se\/wp-content\/uploads\/2015\/05\/IMG_3340_111111.jpg\"><img loading=\"lazy\" decoding=\"async\" class=\"alignnone size-large wp-image-20121\" src=\"http:\/\/www.imakeyousmile.se\/wp-content\/uploads\/2015\/05\/IMG_3340_111111-1024x815.jpg\" alt=\"dr brandt cc crema\" width=\"700\" height=\"557\" srcset=\"https:\/\/www.imakeyousmile.se\/wp-content\/uploads\/2015\/05\/IMG_3340_111111-1024x815.jpg 1024w, https:\/\/www.imakeyousmile.se\/wp-content\/uploads\/2015\/05\/IMG_3340_111111-300x239.jpg 300w, https:\/\/www.imakeyousmile.se\/wp-content\/uploads\/2015\/05\/IMG_3340_111111-700x557.jpg 700w, https:\/\/www.imakeyousmile.se\/wp-content\/uploads\/2015\/05\/IMG_3340_111111-448x357.jpg 448w, https:\/\/www.imakeyousmile.se\/wp-content\/uploads\/2015\/05\/IMG_3340_111111-607x483.jpg 607w, https:\/\/www.imakeyousmile.se\/wp-content\/uploads\/2015\/05\/IMG_3340_111111.jpg 1984w\" sizes=\"(max-width: 700px) 100vw, 700px\" \/><\/a><\/p>\n<p><strong>Aplicaci\u00f3n \/ Resultados \/ Sostenibilidad<\/strong><br \/>\n\u2665 La f\u00f3rmula es delgada y simple y c\u00f3moda para lubricar la piel. Se vuelve uniforme y agradable de inmediato.<br \/>\n\u2665 La cobertura es la correcta, no cubre por completo, por lo que se vuelve muy natural y fina, y la piel natural brilla. Elimina las zonas rojas y hace que las imperfecciones parezcan un poco m\u00e1s peque\u00f1as. \u00a1El tono de la piel se ve uniforme y agradable pero al mismo tiempo desordenado! Y obtienes un brillo discreto y agradable.<br \/>\n\u2665 Penetra r\u00e1pidamente en la piel y se vuelve opaco, no se siente en absoluto. \u00a1Ten\u00eda polvo deprimente encima y luego permaneci\u00f3 sin brillo durante mucho tiempo!<br \/>\n\u2665 Yo, que quiero un poco m\u00e1s de cobertura, he intentado aplicar una base mineral encima de esto donde creo que es necesario, y ser\u00e1 s\u00faper bueno. Por lo tanto, es bueno si tiene un grano o algo que desea cubrir un poco m\u00e1s, o si desea una cobertura ligera durante el d\u00eda y luego un poco m\u00e1s antes de la noche; entonces puede aplicar un poco de base mineral en la parte superior.<\/p>\n<p><strong>Caracteristicas<\/strong><br \/>\n\u2665 El SPF 30 es muy bueno, cuanto m\u00e1s alto mejor, pero muchos productos similares tienen un SPF 15-20, por lo que 30 se siente absolutamente genial.<br \/>\n\u2665 La crema contiene vitamina C que ilumina las manchas de pigmento.<br \/>\n\u2665 Tambi\u00e9n contiene cristales de microrubina que le dan a la piel un brillo agradable, y creo que lo obtienes, brillar sin lucir brillante o reluciente, \u00a1muy natural!<\/p>\n<p><strong>Sombras<\/strong><br \/>\n<strong>X<\/strong> El \u00fanico aspecto negativo, y que desafortunadamente probablemente ser\u00e1 un factor decisivo para muchos, es que solo est\u00e1 disponible en un tono &quot;claro a medio&quot; y, aunque se mezcla bien con la piel y se adapta relativamente bien al tono de piel, ser\u00e1 demasiado oscuro. en muchos. Me queda bien ahora porque tengo bronceado sin sol, pero antes era demasiado oscuro.<\/p>\n<p>Se ve muy oscuro inmediatamente despu\u00e9s de la aplicaci\u00f3n, pero despu\u00e9s de un tiempo se vuelve m\u00e1s parecido al tono de piel. Pero para las personas con piel clara (muy parecida a m\u00ed antes de las travesuras y m\u00e1s clara) probablemente no podr\u00e1 usar esto.<\/p>\n<p><strong>Premio<\/strong><br \/>\n\u2665 Precio recomendado SEK 395 por 30 gramos, y eso probablemente durar\u00e1 mucho tiempo porque no necesita mucho. Y ahora tambi\u00e9n est\u00e1 rebajado\u00a0<a href=\"https:\/\/ion.lyko.com\/t\/t?a=1117786221&amp;as=1548102449&amp;t=2&amp;tk=1&amp;epi=search-replace-ccream&amp;url=https:\/\/lyko.com\/sv\/smink\/ansikte\/bbccdd-cream?fromsearch=cc%20cream\" target=\"_blank\" rel=\"noopener\">AQU\u00cd,<\/a>\u00a0\u00a1donde actualmente solo cuesta 277 SEK! :)<\/p>\n<p><a href=\"http:\/\/www.imakeyousmile.se\/wp-content\/uploads\/2015\/05\/IMG_3340_1111111.jpg\"><br \/>\n<\/a> <a href=\"http:\/\/www.imakeyousmile.se\/wp-content\/uploads\/2015\/05\/IMG_3340_1111111111.jpg\"><img loading=\"lazy\" decoding=\"async\" class=\"alignnone size-full wp-image-20123\" src=\"http:\/\/www.imakeyousmile.se\/wp-content\/uploads\/2015\/05\/IMG_3340_1111111111.jpg\" alt=\"dr brandt cc crema\" width=\"960\" height=\"552\" srcset=\"https:\/\/www.imakeyousmile.se\/wp-content\/uploads\/2015\/05\/IMG_3340_1111111111.jpg 960w, https:\/\/www.imakeyousmile.se\/wp-content\/uploads\/2015\/05\/IMG_3340_1111111111-300x173.jpg 300w, https:\/\/www.imakeyousmile.se\/wp-content\/uploads\/2015\/05\/IMG_3340_1111111111-700x403.jpg 700w, https:\/\/www.imakeyousmile.se\/wp-content\/uploads\/2015\/05\/IMG_3340_1111111111-621x357.jpg 621w, https:\/\/www.imakeyousmile.se\/wp-content\/uploads\/2015\/05\/IMG_3340_1111111111-840x483.jpg 840w\" sizes=\"(max-width: 960px) 100vw, 960px\" \/><\/a><\/p>\n<p><a href=\"http:\/\/www.imakeyousmile.se\/wp-content\/uploads\/2015\/05\/IMG_8685_222.jpg\"><img loading=\"lazy\" decoding=\"async\" class=\"alignnone size-large wp-image-20124\" src=\"http:\/\/www.imakeyousmile.se\/wp-content\/uploads\/2015\/05\/IMG_8685_222-1024x677.jpg\" alt=\"IMG_8685_222\" width=\"700\" height=\"463\" srcset=\"https:\/\/www.imakeyousmile.se\/wp-content\/uploads\/2015\/05\/IMG_8685_222-1024x677.jpg 1024w, https:\/\/www.imakeyousmile.se\/wp-content\/uploads\/2015\/05\/IMG_8685_222-300x198.jpg 300w, https:\/\/www.imakeyousmile.se\/wp-content\/uploads\/2015\/05\/IMG_8685_222-700x463.jpg 700w, https:\/\/www.imakeyousmile.se\/wp-content\/uploads\/2015\/05\/IMG_8685_222-100x65.jpg 100w, https:\/\/www.imakeyousmile.se\/wp-content\/uploads\/2015\/05\/IMG_8685_222-540x357.jpg 540w, https:\/\/www.imakeyousmile.se\/wp-content\/uploads\/2015\/05\/IMG_8685_222-730x483.jpg 730w\" sizes=\"(max-width: 700px) 100vw, 700px\" \/><\/a><\/p>\n<p>As\u00ed es como se ve la sombra en comparaci\u00f3n con mi mano (antes de broncearme sin sol) y como pueden ver no es s\u00faper oscura, pero tampoco para pieles muy claras.<\/p>\n<p><a href=\"http:\/\/www.imakeyousmile.se\/wp-content\/uploads\/2015\/05\/IMG_3340_11111.jpg\"><img loading=\"lazy\" decoding=\"async\" class=\"alignnone size-large wp-image-20120\" src=\"http:\/\/www.imakeyousmile.se\/wp-content\/uploads\/2015\/05\/IMG_3340_11111-1024x948.jpg\" alt=\"dr brandt cc resplandor\" width=\"700\" height=\"648\" srcset=\"https:\/\/www.imakeyousmile.se\/wp-content\/uploads\/2015\/05\/IMG_3340_11111-1024x948.jpg 1024w, https:\/\/www.imakeyousmile.se\/wp-content\/uploads\/2015\/05\/IMG_3340_11111-300x278.jpg 300w, https:\/\/www.imakeyousmile.se\/wp-content\/uploads\/2015\/05\/IMG_3340_11111-700x648.jpg 700w, https:\/\/www.imakeyousmile.se\/wp-content\/uploads\/2015\/05\/IMG_3340_11111-386x357.jpg 386w, https:\/\/www.imakeyousmile.se\/wp-content\/uploads\/2015\/05\/IMG_3340_11111-522x483.jpg 522w, https:\/\/www.imakeyousmile.se\/wp-content\/uploads\/2015\/05\/IMG_3340_11111.jpg 1984w\" sizes=\"(max-width: 700px) 100vw, 700px\" \/><\/a><\/p>\n<p>Pero como puede ver, \u00a1se vuelve muy natural y agradable! No me queda polvo aqu\u00ed, me lo pongo m\u00e1s tarde :)<\/p>\n<p>\u00a1Dos pulgares arriba!<\/p>\n<p>\u00bfAlguno de ustedes que ha probado esto?<\/p>\n<p>&nbsp;<\/p>","protected":false},"excerpt":{"rendered":"<p>P\u00e5 sommaren \u00e4r det riktigt sk\u00f6nt med en bra BB eller CC-cream, som allts\u00e5 kortfattat \u00e4r mindre t\u00e4ckande \u00e4n en foundation men mer t\u00e4ckande \u00e4n en f\u00e4rgad dagkr\u00e4m. Man sm\u00f6rjer in den som en vanlig lotion men den inneh\u00e5ller f\u00e4rg som j\u00e4mnar ut hudtonen, och inneh\u00e5ller ofta v\u00e5rdande ingredienser och spf. H\u00e4r om dagen skrev [&hellip;]<\/p>\n","protected":false},"author":30,"featured_media":20122,"comment_status":"open","ping_status":"closed","sticky":false,"template":"","format":"standard","meta":{"footnotes":""},"categories":[24],"tags":[3600,3599,3598,3601],"class_list":["post-20119","post","type-post","status-publish","format-standard","has-post-thumbnail","hentry","category-grundsmink","tag-cc-cream-oljig-hy","tag-dr-brandt-cc-cream","tag-dr-brandt-cc-glow","tag-oljig-hy-spf-30"],"yoast_head":"<!-- This site is optimized with the Yoast SEO Premium plugin v14.9 - https:\/\/yoast.com\/wordpress\/plugins\/seo\/ -->\n<meta name=\"description\" content=\"Dr. Brandt CC Glow | Helena Amiley - H\u00e4r hittar du senaste infromation om sk\u00f6nhet, livsstil, entrepren\u00f6rskap, makeup &amp; tips.\" \/>\n<meta name=\"robots\" content=\"index, follow, max-snippet:-1, max-image-preview:large, max-video-preview:-1\" \/>\n<link rel=\"canonical\" href=\"https:\/\/www.imakeyousmile.se\/es\/dr-brandt-cc-glow\/\" \/>\n<meta property=\"og:locale\" content=\"es_ES\" \/>\n<meta property=\"og:type\" content=\"article\" \/>\n<meta property=\"og:title\" content=\"Dr. Brandt CC Glow | Imakeyousmile.se\" \/>\n<meta property=\"og:description\" content=\"Dr. Brandt CC Glow | Helena Amiley - H\u00e4r hittar du senaste infromation om sk\u00f6nhet, livsstil, entrepren\u00f6rskap, makeup &amp; tips.\" \/>\n<meta property=\"og:url\" content=\"https:\/\/www.imakeyousmile.se\/es\/dr-brandt-cc-glow\/\" \/>\n<meta property=\"og:site_name\" content=\"Imakeyousmile.se\" \/>\n<meta property=\"article:author\" content=\"https:\/\/www.facebook.com\/imakeyousmile.se\" \/>\n<meta property=\"article:published_time\" content=\"2015-05-20T07:12:56+00:00\" \/>\n<meta property=\"article:modified_time\" content=\"2021-10-07T09:31:43+00:00\" \/>\n<meta property=\"og:image\" content=\"https:\/\/www.imakeyousmile.se\/wp-content\/uploads\/2015\/05\/IMG_3340_1111111.jpg\" \/>\n\t<meta property=\"og:image:width\" content=\"1752\" \/>\n\t<meta property=\"og:image:height\" content=\"972\" \/>\n<meta name=\"twitter:card\" content=\"summary_large_image\" \/>\n<script type=\"application\/ld+json\" class=\"yoast-schema-graph\">{\"@context\":\"https:\/\/schema.org\",\"@graph\":[{\"@type\":\"Organization\",\"@id\":\"https:\/\/www.imakeyousmile.se\/es\/#organization\",\"name\":\"Imakeyousmile\",\"url\":\"https:\/\/www.imakeyousmile.se\/es\/\",\"sameAs\":[],\"logo\":{\"@type\":\"ImageObject\",\"@id\":\"https:\/\/www.imakeyousmile.se\/es\/#logo\",\"inLanguage\":\"es\",\"url\":\"https:\/\/www.imakeyousmile.se\/wp-content\/uploads\/2020\/10\/HELENA-AMILEY_SVART-1-e1603367975324.png\",\"width\":280,\"height\":93,\"caption\":\"Imakeyousmile\"},\"image\":{\"@id\":\"https:\/\/www.imakeyousmile.se\/es\/#logo\"}},{\"@type\":\"WebSite\",\"@id\":\"https:\/\/www.imakeyousmile.se\/es\/#website\",\"url\":\"https:\/\/www.imakeyousmile.se\/es\/\",\"name\":\"Imakeyousmile.se\",\"description\":\"Helena Amiley - Beauty, Entrepreneur, Lifestyle\",\"publisher\":{\"@id\":\"https:\/\/www.imakeyousmile.se\/es\/#organization\"},\"potentialAction\":[{\"@type\":\"SearchAction\",\"target\":\"https:\/\/www.imakeyousmile.se\/es\/?s={search_term_string}\",\"query-input\":\"required name=search_term_string\"}],\"inLanguage\":\"es\"},{\"@type\":\"ImageObject\",\"@id\":\"https:\/\/www.imakeyousmile.se\/dr-brandt-cc-glow\/#primaryimage\",\"inLanguage\":\"es\",\"url\":\"https:\/\/www.imakeyousmile.se\/wp-content\/uploads\/2015\/05\/IMG_3340_1111111.jpg\",\"width\":1752,\"height\":972},{\"@type\":\"WebPage\",\"@id\":\"https:\/\/www.imakeyousmile.se\/dr-brandt-cc-glow\/#webpage\",\"url\":\"https:\/\/www.imakeyousmile.se\/dr-brandt-cc-glow\/\",\"name\":\"Dr. Brandt CC Glow | Imakeyousmile.se\",\"isPartOf\":{\"@id\":\"https:\/\/www.imakeyousmile.se\/es\/#website\"},\"primaryImageOfPage\":{\"@id\":\"https:\/\/www.imakeyousmile.se\/dr-brandt-cc-glow\/#primaryimage\"},\"datePublished\":\"2015-05-20T07:12:56+00:00\",\"dateModified\":\"2021-10-07T09:31:43+00:00\",\"description\":\"Dr. Brandt CC Glow | Helena Amiley - H\\u00e4r hittar du senaste infromation om sk\\u00f6nhet, livsstil, entrepren\\u00f6rskap, makeup & tips.\",\"inLanguage\":\"es\",\"potentialAction\":[{\"@type\":\"ReadAction\",\"target\":[\"https:\/\/www.imakeyousmile.se\/dr-brandt-cc-glow\/\"]}]},{\"@type\":\"Article\",\"@id\":\"https:\/\/www.imakeyousmile.se\/dr-brandt-cc-glow\/#article\",\"isPartOf\":{\"@id\":\"https:\/\/www.imakeyousmile.se\/dr-brandt-cc-glow\/#webpage\"},\"author\":{\"@id\":\"https:\/\/www.imakeyousmile.se\/es\/#\/schema\/person\/b0fd43b1c6bb1c60cfd68bff9b4a10fb\"},\"headline\":\"Dr. Brandt CC Glow\",\"datePublished\":\"2015-05-20T07:12:56+00:00\",\"dateModified\":\"2021-10-07T09:31:43+00:00\",\"mainEntityOfPage\":{\"@id\":\"https:\/\/www.imakeyousmile.se\/dr-brandt-cc-glow\/#webpage\"},\"commentCount\":0,\"publisher\":{\"@id\":\"https:\/\/www.imakeyousmile.se\/es\/#organization\"},\"image\":{\"@id\":\"https:\/\/www.imakeyousmile.se\/dr-brandt-cc-glow\/#primaryimage\"},\"keywords\":\"cc cream oljig hy,Dr. Brandt CC cream,Dr. Brandt CC Glow,oljig hy spf 30\",\"articleSection\":\"Bassmink\",\"inLanguage\":\"es\",\"potentialAction\":[{\"@type\":\"CommentAction\",\"name\":\"Comment\",\"target\":[\"https:\/\/www.imakeyousmile.se\/dr-brandt-cc-glow\/#respond\"]}]},{\"@type\":\"Person\",\"@id\":\"https:\/\/www.imakeyousmile.se\/es\/#\/schema\/person\/b0fd43b1c6bb1c60cfd68bff9b4a10fb\",\"name\":\"Helena Amiley\",\"image\":{\"@type\":\"ImageObject\",\"@id\":\"https:\/\/www.imakeyousmile.se\/es\/#personlogo\",\"inLanguage\":\"es\",\"url\":\"https:\/\/secure.gravatar.com\/avatar\/5645558e1e355457a23368d7e1b4c904?s=96&d=mm&r=g\",\"caption\":\"Helena Amiley\"},\"description\":\"Jag skriver mest om sk\\u00f6nhet men bjuder \\u00e4ven p\\u00e5 glimtar fr\\u00e5n entrepren\\u00f6rlivet och bygget av v\\u00e5r egen camper van. Vanlife here we come!\",\"sameAs\":[\"https:\/\/www.facebook.com\/imakeyousmile.se\",\"https:\/\/www.instagram.com\/helenaamiley\",\"https:\/\/www.youtube.com\/channel\/UCR5iB6rvpV6Yr8ZjpQfr5mg?view_as=subscriber\"]}]}<\/script>\n<!-- \/ Yoast SEO Premium plugin. -->","_links":{"self":[{"href":"https:\/\/www.imakeyousmile.se\/es\/wp-json\/wp\/v2\/posts\/20119"}],"collection":[{"href":"https:\/\/www.imakeyousmile.se\/es\/wp-json\/wp\/v2\/posts"}],"about":[{"href":"https:\/\/www.imakeyousmile.se\/es\/wp-json\/wp\/v2\/types\/post"}],"author":[{"embeddable":true,"href":"https:\/\/www.imakeyousmile.se\/es\/wp-json\/wp\/v2\/users\/30"}],"replies":[{"embeddable":true,"href":"https:\/\/www.imakeyousmile.se\/es\/wp-json\/wp\/v2\/comments?post=20119"}],"version-history":[{"count":5,"href":"https:\/\/www.imakeyousmile.se\/es\/wp-json\/wp\/v2\/posts\/20119\/revisions"}],"predecessor-version":[{"id":41923,"href":"https:\/\/www.imakeyousmile.se\/es\/wp-json\/wp\/v2\/posts\/20119\/revisions\/41923"}],"wp:featuredmedia":[{"embeddable":true,"href":"https:\/\/www.imakeyousmile.se\/es\/wp-json\/wp\/v2\/media\/20122"}],"wp:attachment":[{"href":"https:\/\/www.imakeyousmile.se\/es\/wp-json\/wp\/v2\/media?parent=20119"}],"wp:term":[{"taxonomy":"category","embeddable":true,"href":"https:\/\/www.imakeyousmile.se\/es\/wp-json\/wp\/v2\/categories?post=20119"},{"taxonomy":"post_tag","embeddable":true,"href":"https:\/\/www.imakeyousmile.se\/es\/wp-json\/wp\/v2\/tags?post=20119"}],"curies":[{"name":"wp","href":"https:\/\/api.w.org\/{rel}","templated":true}]}}