{"id":20178,"date":"2015-05-23T11:56:51","date_gmt":"2015-05-23T09:56:51","guid":{"rendered":"http:\/\/www.imakeyousmile.se\/?p=20178"},"modified":"2020-10-29T17:26:09","modified_gmt":"2020-10-29T16:26:09","slug":"permanenta-ogonfransarna-2","status":"publish","type":"post","link":"https:\/\/www.imakeyousmile.se\/es\/pestanas-permanentes-2\/","title":{"rendered":"Pesta\u00f1as permanentes (Lash Lift)"},"content":{"rendered":"<p>En el sal\u00f3n, recibo muchas preguntas sobre las pesta\u00f1as permanentes (Lash Lift), lo que significa que las doblas hacia arriba para que se curven constantemente. Perfecto para el verano si no quieres r\u00edmel, o si quieres r\u00edmel pero tienes dificultad para mantenerlas dobladas y no tienes la fuerza para luchar con rizadores de pesta\u00f1as y r\u00edmel impermeable todos los d\u00edas.<\/p>\n<p>Yo no hago estos tratamientos yo mismo, solo me ti\u00f1o pesta\u00f1as y arreglo las cejas, pero Jeanette en el sal\u00f3n pesta\u00f1as permanentemente y trabaja cuatro d\u00edas a la semana (de lunes a viernes, pero no los jueves) para que puedas ir con ella :)<a href=\"http:\/\/www.imakeyousmile.se\/wp-content\/uploads\/2015\/05\/permanentade-\u00f6gonfransara.png\"><br \/>\n<\/a><\/p>\n<p>Pero el jueves, Jeanette quer\u00eda ayuda para arreglar la suya, es un poco dif\u00edcil por su cuenta, as\u00ed que tuve que probarla y ahora que s\u00e9 m\u00e1s exactamente c\u00f3mo funciona todo, \u00a1pens\u00e9 en escribir una publicaci\u00f3n al respecto!<\/p>\n<p><a href=\"http:\/\/www.imakeyousmile.se\/wp-content\/uploads\/2015\/05\/permanenta-\u00f6gonfransarna.jpg\"><img loading=\"lazy\" decoding=\"async\" class=\"alignnone wp-image-20181 size-full\" src=\"https:\/\/www.imakeyousmile.se\/wp-content\/uploads\/2015\/05\/permanenta-\u00f6gonfransarna.jpg\" alt=\"pesta\u00f1as permanentes\" width=\"444\" height=\"356\" srcset=\"https:\/\/www.imakeyousmile.se\/wp-content\/uploads\/2015\/05\/permanenta-\u00f6gonfransarna.jpg 444w, https:\/\/www.imakeyousmile.se\/wp-content\/uploads\/2015\/05\/permanenta-\u00f6gonfransarna-300x241.jpg 300w\" sizes=\"(max-width: 444px) 100vw, 444px\" \/><\/a><\/p>\n<p><a href=\"http:\/\/www.imakeyousmile.se\/wp-content\/uploads\/2015\/05\/permanenta-fransarna.jpg\"><img loading=\"lazy\" decoding=\"async\" class=\"alignnone size-full wp-image-20180\" src=\"http:\/\/www.imakeyousmile.se\/wp-content\/uploads\/2015\/05\/permanenta-fransarna.jpg\" alt=\"pesta\u00f1as permanentes\" width=\"620\" height=\"896\" srcset=\"https:\/\/www.imakeyousmile.se\/wp-content\/uploads\/2015\/05\/permanenta-fransarna.jpg 620w, https:\/\/www.imakeyousmile.se\/wp-content\/uploads\/2015\/05\/permanenta-fransarna-208x300.jpg 208w, https:\/\/www.imakeyousmile.se\/wp-content\/uploads\/2015\/05\/permanenta-fransarna-247x357.jpg 247w, https:\/\/www.imakeyousmile.se\/wp-content\/uploads\/2015\/05\/permanenta-fransarna-334x483.jpg 334w\" sizes=\"(max-width: 620px) 100vw, 620px\" \/><\/a><\/p>\n<p>\u00a1Aqu\u00ed ves una foto de mi primera permanente de pesta\u00f1as! Ustedes que son profesionales en esto pueden ver muchos errores, fue dif\u00edcil tomar instrucciones y aprender de alguien que \u00e9l mismo no pod\u00eda ver lo que estaba haciendo jaja. \u00a1Pero el resultado final fue bueno en cualquier caso!<\/p>\n<p>Mi c\u00e1mara de sistema muri\u00f3 despu\u00e9s de 2 fotos y me hab\u00eda olvidado el cargador en casa, as\u00ed que lamentablemente tienes que conformarte con las malas fotos del m\u00f3vil. \u00a1Espero que est\u00e9 bien! Por supuesto, tambi\u00e9n olvid\u00e9 las fotos del antes y el despu\u00e9s. Pero publique fotos antiguas de mis propias pesta\u00f1as al final de la publicaci\u00f3n para que pueda ver el principio de todos modos :)<\/p>\n<h3><strong>Pesta\u00f1as permanentes, \u00bfc\u00f3mo lo haces?:<\/strong><\/h3>\n<p>1. Usted elige bobinas en funci\u00f3n de los resultados que desea obtener y lo que los clientes tienen para las pesta\u00f1as. Hay diferentes tama\u00f1os dependiendo de la longitud de las pesta\u00f1as, pero tambi\u00e9n puede tomar diferentes formas: una forma m\u00e1s redondeada y gruesa da una curva suave y fina, mientras que una espiral m\u00e1s plana da una curva m\u00e1s pronunciada.<\/p>\n<p>2. Pegue el carrete a lo largo del borde del flequillo, lo m\u00e1s cerca posible de las pesta\u00f1as.<\/p>\n<p>3. El pegamento tambi\u00e9n se aplica en el exterior, y luego levantas las pesta\u00f1as y las pegas en el carrete.<\/p>\n<p>4. Luego aplique una crema que abra el tallo del cabello. Esto funciona por un cuarto.<\/p>\n<p>5. Despu\u00e9s del efecto, se limpia la crema y luego se aplica otra crema que cierra el cabello y hace que se doble. Esto tambi\u00e9n funciona para una cuarta parte.<\/p>\n<p>6. Las pesta\u00f1as y la bobina se quitan con un removedor de pegamento, este estaba agotado ahora, as\u00ed que us\u00e9 agua caliente en su lugar, funcion\u00f3, \u00a1pero era muy quisquilloso!<\/p>\n<p>7. Si tambi\u00e9n desea colorear las pesta\u00f1as, puede hacerlo inmediatamente despu\u00e9s del tratamiento permanente. No antes, porque el permanente puede hacer que la pintura se desprenda.<\/p>\n<p><a href=\"http:\/\/www.imakeyousmile.se\/wp-content\/uploads\/2015\/05\/\u00f6gonfranspermanent.jpg\"><img loading=\"lazy\" decoding=\"async\" class=\"alignnone wp-image-20179 size-full\" src=\"https:\/\/www.imakeyousmile.se\/wp-content\/uploads\/2015\/05\/\u00f6gonfranspermanent.jpg\" alt=\"levantamiento de pesta\u00f1as permanente\" width=\"670\" height=\"222\" srcset=\"https:\/\/www.imakeyousmile.se\/wp-content\/uploads\/2015\/05\/\u00f6gonfranspermanent.jpg 670w, https:\/\/www.imakeyousmile.se\/wp-content\/uploads\/2015\/05\/\u00f6gonfranspermanent-300x99.jpg 300w\" sizes=\"(max-width: 670px) 100vw, 670px\" \/><\/a><\/p>\n<p>\u00a1Aqu\u00ed est\u00e1n mis pesta\u00f1as! En el modelo son completamente naturales y en el modelo los he coloreado y permanente en Creative Makeup.<\/p>\n<h4><strong>Coloraci\u00f3n de pesta\u00f1as:<\/strong><\/h4>\n<p><strong>tiempo de tratamiento<\/strong>: unos 20 min<br \/>\n<strong>Participaci\u00f3n:<\/strong>\u00a0alrededor de 4-6 semanas<br \/>\n<strong>Kostar<\/strong>: <a href=\"https:\/\/creativemakeup.se\/fransar-bryn-behandlingar-priser\/\">Ver lista de precios en maquillaje creativo<\/a><br \/>\nLa durabilidad var\u00eda bastante dependiendo, por ejemplo, de cu\u00e1nto te lavas la cara. Si nada en cloro o agua salada y toma mucho sol, el color se desvanece m\u00e1s r\u00e1pido.<\/p>\n<p>Las personas que piensan que pueden te\u00f1irse las pesta\u00f1as para evitar el uso de r\u00edmel, a veces se decepcionan con el resultado porque la coloraci\u00f3n solo hace que las pesta\u00f1as sean m\u00e1s negras. (El r\u00edmel le da a las pesta\u00f1as un poco m\u00e1s de volumen, porque se asienta como una capa en la parte exterior del cabello).<\/p>\n<h4><strong>Pesta\u00f1as permanentes:<\/strong><\/h4>\n<p><strong>Tiempo de procesamiento:<\/strong>\u00a0unos 60 min<br \/>\n<strong>Participaci\u00f3n:<\/strong>\u00a0alrededor de 6-10 semanas<br \/>\n<strong>Kostar<\/strong>: <a href=\"https:\/\/creativemakeup.se\/fransar-bryn-behandlingar-priser\/\">Ver lista de precios en maquillaje creativo<\/a><br \/>\nAl igual que con la permanencia regular del cabello, la vida \u00fatil tambi\u00e9n var\u00eda seg\u00fan la permanencia de las pesta\u00f1as. Depende de la calidad del cabello que tengas.<\/p>\n<p>Por lo general, digo brevemente que las pesta\u00f1as duran hasta que las pajitas se reemplazan de forma natural, lo cual es muy individual, pero entre 4 y 8 semanas suele ser normal. Y el resultado despu\u00e9s de que tanto el color como el permanente no desaparecen de la noche a la ma\u00f1ana, pero algunas de las pesta\u00f1as tratadas pueden haber estado ya sentadas durante varias semanas, mientras que otras son m\u00e1s nuevas, por lo que cuando las pesta\u00f1as se reemplazan una y otra vez, el efecto del tratamiento desaparece m\u00e1s y m\u00e1s.<\/p>\n<p><a href=\"http:\/\/www.imakeyousmile.se\/wp-content\/uploads\/2015\/05\/permanentade-\u00f6gonfransara.png\"><img loading=\"lazy\" decoding=\"async\" class=\"alignnone wp-image-20184 size-full\" src=\"https:\/\/www.imakeyousmile.se\/wp-content\/uploads\/2015\/05\/permanentade-\u00f6gonfransara.png\" alt=\"pesta\u00f1as permanentes\" width=\"1019\" height=\"356\" srcset=\"https:\/\/www.imakeyousmile.se\/wp-content\/uploads\/2015\/05\/permanentade-\u00f6gonfransara.png 1019w, https:\/\/www.imakeyousmile.se\/wp-content\/uploads\/2015\/05\/permanentade-\u00f6gonfransara-300x105.png 300w, https:\/\/www.imakeyousmile.se\/wp-content\/uploads\/2015\/05\/permanentade-\u00f6gonfransara-700x245.png 700w\" sizes=\"(max-width: 1019px) 100vw, 1019px\" \/><\/a><\/p>\n<p>\u00a1Grita si tienes alguna pregunta sobre las pesta\u00f1as permanentes! :)<\/p>\n<p>Lea tambi\u00e9n: <a href=\"https:\/\/www.imakeyousmile.se\/es\/radda-misslyckad-ogonfranspermanent\/\">Guardar permanente de pesta\u00f1as fallidas<\/a><\/p>","protected":false},"excerpt":{"rendered":"<p>P\u00e5 salongen f\u00e5r jag m\u00e5nga fr\u00e5gor om att permanenta \u00f6gonfransarna (Lash Lift),\u00a0vilket inneb\u00e4r att man b\u00f6jer upp dom s\u00e5 att dom \u00e4r konstant b\u00f6jda. Perfekt till sommaren om man inte vill ha mascara, eller om man vill ha mascara men har sv\u00e5rt att h\u00e5lla dom uppb\u00f6jda och inte orkar br\u00e5ka med \u00f6gonfransb\u00f6jare och vattenfast mascara [&hellip;]<\/p>\n","protected":false},"author":30,"featured_media":20181,"comment_status":"open","ping_status":"closed","sticky":false,"template":"","format":"standard","meta":{"footnotes":""},"categories":[61,59],"tags":[3617,3061,3615,3616,3618,3614],"class_list":["post-20178","post","type-post","status-publish","format-standard","has-post-thumbnail","hentry","category-ogonfransar","category-recensioner-produkttips","tag-billig-ogonfranspermanent","tag-boja-ogonfransarna","tag-ogonfranspermanent","tag-ogonfranspermanent-uppsala","tag-permanent-ogonfransbojning","tag-permanenta-ogonfransarna"],"yoast_head":"<!-- This site is optimized with the Yoast SEO Premium plugin v14.9 - https:\/\/yoast.com\/wordpress\/plugins\/seo\/ -->\n<meta name=\"description\" content=\"P\u00e5 salongen f\u00e5r jag m\u00e5nga fr\u00e5gor om att permanenta \u00f6gonfransarna (Lash Lift),\u00a0det inneb\u00e4r att man b\u00f6jer upp dom s\u00e5 att dom \u00e4r konstant b\u00f6jda.\" \/>\n<meta name=\"robots\" content=\"index, follow, max-snippet:-1, max-image-preview:large, max-video-preview:-1\" \/>\n<link rel=\"canonical\" href=\"https:\/\/www.imakeyousmile.se\/es\/permanenta-ogonfransarna-2\/\" \/>\n<meta property=\"og:locale\" content=\"es_ES\" \/>\n<meta property=\"og:type\" content=\"article\" \/>\n<meta property=\"og:title\" content=\"Permanenta \u00f6gonfransarna (Lash Lift) | Imakeyousmile.se\" \/>\n<meta property=\"og:description\" content=\"P\u00e5 salongen f\u00e5r jag m\u00e5nga fr\u00e5gor om att permanenta \u00f6gonfransarna (Lash Lift),\u00a0det inneb\u00e4r att man b\u00f6jer upp dom s\u00e5 att dom \u00e4r konstant b\u00f6jda.\" \/>\n<meta property=\"og:url\" content=\"https:\/\/www.imakeyousmile.se\/es\/permanenta-ogonfransarna-2\/\" \/>\n<meta property=\"og:site_name\" content=\"Imakeyousmile.se\" \/>\n<meta property=\"article:author\" content=\"https:\/\/www.facebook.com\/imakeyousmile.se\" \/>\n<meta property=\"article:published_time\" content=\"2015-05-23T09:56:51+00:00\" \/>\n<meta property=\"article:modified_time\" content=\"2020-10-29T16:26:09+00:00\" \/>\n<meta property=\"og:image\" content=\"https:\/\/www.imakeyousmile.se\/wp-content\/uploads\/2015\/05\/permanenta-\u00f6gonfransarna.jpg\" \/>\n\t<meta property=\"og:image:width\" content=\"444\" \/>\n\t<meta property=\"og:image:height\" content=\"356\" \/>\n<meta name=\"twitter:card\" content=\"summary_large_image\" \/>\n<script type=\"application\/ld+json\" class=\"yoast-schema-graph\">{\"@context\":\"https:\/\/schema.org\",\"@graph\":[{\"@type\":\"Organization\",\"@id\":\"https:\/\/www.imakeyousmile.se\/es\/#organization\",\"name\":\"Imakeyousmile\",\"url\":\"https:\/\/www.imakeyousmile.se\/es\/\",\"sameAs\":[],\"logo\":{\"@type\":\"ImageObject\",\"@id\":\"https:\/\/www.imakeyousmile.se\/es\/#logo\",\"inLanguage\":\"es\",\"url\":\"https:\/\/www.imakeyousmile.se\/wp-content\/uploads\/2020\/10\/HELENA-AMILEY_SVART-1-e1603367975324.png\",\"width\":280,\"height\":93,\"caption\":\"Imakeyousmile\"},\"image\":{\"@id\":\"https:\/\/www.imakeyousmile.se\/es\/#logo\"}},{\"@type\":\"WebSite\",\"@id\":\"https:\/\/www.imakeyousmile.se\/es\/#website\",\"url\":\"https:\/\/www.imakeyousmile.se\/es\/\",\"name\":\"Imakeyousmile.se\",\"description\":\"Helena Amiley - Beauty, Entrepreneur, Lifestyle\",\"publisher\":{\"@id\":\"https:\/\/www.imakeyousmile.se\/es\/#organization\"},\"potentialAction\":[{\"@type\":\"SearchAction\",\"target\":\"https:\/\/www.imakeyousmile.se\/es\/?s={search_term_string}\",\"query-input\":\"required name=search_term_string\"}],\"inLanguage\":\"es\"},{\"@type\":\"ImageObject\",\"@id\":\"https:\/\/www.imakeyousmile.se\/permanenta-ogonfransarna-2\/#primaryimage\",\"inLanguage\":\"es\",\"url\":\"https:\/\/www.imakeyousmile.se\/wp-content\/uploads\/2015\/05\/permanenta-\\u00f6gonfransarna.jpg\",\"width\":444,\"height\":356},{\"@type\":\"WebPage\",\"@id\":\"https:\/\/www.imakeyousmile.se\/permanenta-ogonfransarna-2\/#webpage\",\"url\":\"https:\/\/www.imakeyousmile.se\/permanenta-ogonfransarna-2\/\",\"name\":\"Permanenta \\u00f6gonfransarna (Lash Lift) | Imakeyousmile.se\",\"isPartOf\":{\"@id\":\"https:\/\/www.imakeyousmile.se\/es\/#website\"},\"primaryImageOfPage\":{\"@id\":\"https:\/\/www.imakeyousmile.se\/permanenta-ogonfransarna-2\/#primaryimage\"},\"datePublished\":\"2015-05-23T09:56:51+00:00\",\"dateModified\":\"2020-10-29T16:26:09+00:00\",\"description\":\"P\\u00e5 salongen f\\u00e5r jag m\\u00e5nga fr\\u00e5gor om att permanenta \\u00f6gonfransarna (Lash Lift),\\u00a0det inneb\\u00e4r att man b\\u00f6jer upp dom s\\u00e5 att dom \\u00e4r konstant b\\u00f6jda.\",\"inLanguage\":\"es\",\"potentialAction\":[{\"@type\":\"ReadAction\",\"target\":[\"https:\/\/www.imakeyousmile.se\/permanenta-ogonfransarna-2\/\"]}]},{\"@type\":\"Article\",\"@id\":\"https:\/\/www.imakeyousmile.se\/permanenta-ogonfransarna-2\/#article\",\"isPartOf\":{\"@id\":\"https:\/\/www.imakeyousmile.se\/permanenta-ogonfransarna-2\/#webpage\"},\"author\":{\"@id\":\"https:\/\/www.imakeyousmile.se\/es\/#\/schema\/person\/b0fd43b1c6bb1c60cfd68bff9b4a10fb\"},\"headline\":\"Permanenta \\u00f6gonfransarna (Lash Lift)\",\"datePublished\":\"2015-05-23T09:56:51+00:00\",\"dateModified\":\"2020-10-29T16:26:09+00:00\",\"mainEntityOfPage\":{\"@id\":\"https:\/\/www.imakeyousmile.se\/permanenta-ogonfransarna-2\/#webpage\"},\"commentCount\":11,\"publisher\":{\"@id\":\"https:\/\/www.imakeyousmile.se\/es\/#organization\"},\"image\":{\"@id\":\"https:\/\/www.imakeyousmile.se\/permanenta-ogonfransarna-2\/#primaryimage\"},\"keywords\":\"billig \\u00f6gonfranspermanent,b\\u00f6ja \\u00f6gonfransarna,\\u00f6gonfranspermanent,\\u00f6gonfranspermanent uppsala,permanent \\u00f6gonfransb\\u00f6jning,Permanenta \\u00f6gonfransarna\",\"articleSection\":\"\\u00d6gonfransar,Recensioner &amp; Produkttips\",\"inLanguage\":\"es\",\"potentialAction\":[{\"@type\":\"CommentAction\",\"name\":\"Comment\",\"target\":[\"https:\/\/www.imakeyousmile.se\/permanenta-ogonfransarna-2\/#respond\"]}]},{\"@type\":\"Person\",\"@id\":\"https:\/\/www.imakeyousmile.se\/es\/#\/schema\/person\/b0fd43b1c6bb1c60cfd68bff9b4a10fb\",\"name\":\"Helena Amiley\",\"image\":{\"@type\":\"ImageObject\",\"@id\":\"https:\/\/www.imakeyousmile.se\/es\/#personlogo\",\"inLanguage\":\"es\",\"url\":\"https:\/\/secure.gravatar.com\/avatar\/5645558e1e355457a23368d7e1b4c904?s=96&d=mm&r=g\",\"caption\":\"Helena Amiley\"},\"description\":\"Jag skriver mest om sk\\u00f6nhet men bjuder \\u00e4ven p\\u00e5 glimtar fr\\u00e5n entrepren\\u00f6rlivet och bygget av v\\u00e5r egen camper van. Vanlife here we come!\",\"sameAs\":[\"https:\/\/www.facebook.com\/imakeyousmile.se\",\"https:\/\/www.instagram.com\/helenaamiley\",\"https:\/\/www.youtube.com\/channel\/UCR5iB6rvpV6Yr8ZjpQfr5mg?view_as=subscriber\"]}]}<\/script>\n<!-- \/ Yoast SEO Premium plugin. -->","_links":{"self":[{"href":"https:\/\/www.imakeyousmile.se\/es\/wp-json\/wp\/v2\/posts\/20178"}],"collection":[{"href":"https:\/\/www.imakeyousmile.se\/es\/wp-json\/wp\/v2\/posts"}],"about":[{"href":"https:\/\/www.imakeyousmile.se\/es\/wp-json\/wp\/v2\/types\/post"}],"author":[{"embeddable":true,"href":"https:\/\/www.imakeyousmile.se\/es\/wp-json\/wp\/v2\/users\/30"}],"replies":[{"embeddable":true,"href":"https:\/\/www.imakeyousmile.se\/es\/wp-json\/wp\/v2\/comments?post=20178"}],"version-history":[{"count":6,"href":"https:\/\/www.imakeyousmile.se\/es\/wp-json\/wp\/v2\/posts\/20178\/revisions"}],"predecessor-version":[{"id":38050,"href":"https:\/\/www.imakeyousmile.se\/es\/wp-json\/wp\/v2\/posts\/20178\/revisions\/38050"}],"wp:featuredmedia":[{"embeddable":true,"href":"https:\/\/www.imakeyousmile.se\/es\/wp-json\/wp\/v2\/media\/20181"}],"wp:attachment":[{"href":"https:\/\/www.imakeyousmile.se\/es\/wp-json\/wp\/v2\/media?parent=20178"}],"wp:term":[{"taxonomy":"category","embeddable":true,"href":"https:\/\/www.imakeyousmile.se\/es\/wp-json\/wp\/v2\/categories?post=20178"},{"taxonomy":"post_tag","embeddable":true,"href":"https:\/\/www.imakeyousmile.se\/es\/wp-json\/wp\/v2\/tags?post=20178"}],"curies":[{"name":"wp","href":"https:\/\/api.w.org\/{rel}","templated":true}]}}