{"id":20190,"date":"2015-05-23T22:35:12","date_gmt":"2015-05-23T20:35:12","guid":{"rendered":"http:\/\/www.imakeyousmile.se\/?p=20190"},"modified":"2015-05-23T22:35:12","modified_gmt":"2015-05-23T20:35:12","slug":"eurovision-song-contest-makeup","status":"publish","type":"post","link":"https:\/\/www.imakeyousmile.se\/es\/concurso-de-canciones-de-eurovision\/","title":{"rendered":"Maquillaje del Festival de la Canci\u00f3n de Eurovisi\u00f3n"},"content":{"rendered":"<p>Miska y yo acabamos de encender la estufa de le\u00f1a y sentarnos frente al Festival de Eurovisi\u00f3n, \u00a1s\u00faper acogedor! Y se vuelve a\u00fan m\u00e1s acogedor tan pronto como termino de escribir esta publicaci\u00f3n y puedo dejar mi computadora jaja, tampoco es posible escribir de inmediato cuando miro la televisi\u00f3n todo el tiempo :)<\/p>\n<p>\u00bfEst\u00e1s viendo? \u00a1Me encanta el cabello en la contribuci\u00f3n de Serbia que brilla mucho! &quot;Piensa cu\u00e1nto brillo tiene en su caja&quot; fue lo primero que dije jaja.<\/p>\n<p>El maquillaje de hoy es definitivamente una apariencia que podr\u00eda imaginar en el Festival de la Canci\u00f3n de Eurovisi\u00f3n, si estuviera compitiendo, si de repente dejara de ser sordo y nasal, es decir, ser\u00eda genial si de repente tuvieras la peor voz para cantar :)<\/p>\n<p>De todos modos, aqu\u00ed viene un paso a paso sobre un maquillaje divertido, estiloso y reluciente, \u00a1espero que os guste!<\/p>\n<p><a href=\"http:\/\/www.imakeyousmile.se\/wp-content\/uploads\/2015\/05\/Namnl\u00f6st-11111.jpg\"><img loading=\"lazy\" decoding=\"async\" class=\"alignnone size-large wp-image-20195\" src=\"http:\/\/www.imakeyousmile.se\/wp-content\/uploads\/2015\/05\/Namnl\u00f6st-11111.jpg\" alt=\"An\u00f3nimo-11111\" width=\"700\" height=\"502\" srcset=\"https:\/\/www.imakeyousmile.se\/wp-content\/uploads\/2015\/05\/Namnl\u00f6st-11111.jpg 984w, https:\/\/www.imakeyousmile.se\/wp-content\/uploads\/2015\/05\/Namnl\u00f6st-11111-300x215.jpg 300w, https:\/\/www.imakeyousmile.se\/wp-content\/uploads\/2015\/05\/Namnl\u00f6st-11111-700x502.jpg 700w, https:\/\/www.imakeyousmile.se\/wp-content\/uploads\/2015\/05\/Namnl\u00f6st-11111-326x235.jpg 326w, https:\/\/www.imakeyousmile.se\/wp-content\/uploads\/2015\/05\/Namnl\u00f6st-11111-498x357.jpg 498w, https:\/\/www.imakeyousmile.se\/wp-content\/uploads\/2015\/05\/Namnl\u00f6st-11111-674x483.jpg 674w, https:\/\/www.imakeyousmile.se\/wp-content\/uploads\/2015\/05\/Namnl\u00f6st-11111-198x143.jpg 198w\" sizes=\"(max-width: 700px) 100vw, 700px\" \/><\/a><\/p>\n<p><a href=\"http:\/\/www.imakeyousmile.se\/wp-content\/uploads\/2015\/05\/makeup-tutorial_1111.jpg\"><img loading=\"lazy\" decoding=\"async\" class=\"alignnone size-large wp-image-20194\" src=\"http:\/\/www.imakeyousmile.se\/wp-content\/uploads\/2015\/05\/makeup-tutorial_1111-1024x878.jpg\" alt=\"maquillaje-tutorial_1111\" width=\"700\" height=\"600\" srcset=\"https:\/\/www.imakeyousmile.se\/wp-content\/uploads\/2015\/05\/makeup-tutorial_1111-1024x878.jpg 1024w, https:\/\/www.imakeyousmile.se\/wp-content\/uploads\/2015\/05\/makeup-tutorial_1111-300x257.jpg 300w, https:\/\/www.imakeyousmile.se\/wp-content\/uploads\/2015\/05\/makeup-tutorial_1111-700x600.jpg 700w, https:\/\/www.imakeyousmile.se\/wp-content\/uploads\/2015\/05\/makeup-tutorial_1111-416x357.jpg 416w, https:\/\/www.imakeyousmile.se\/wp-content\/uploads\/2015\/05\/makeup-tutorial_1111-563x483.jpg 563w, https:\/\/www.imakeyousmile.se\/wp-content\/uploads\/2015\/05\/makeup-tutorial_1111.jpg 2000w\" sizes=\"(max-width: 700px) 100vw, 700px\" \/><\/a><\/p>\n<p>1. <strong><span style=\"color: #008000;\">Delineador de ojos verde<\/span> <\/strong>a lo largo de la l\u00ednea de flotaci\u00f3n, <a href=\"http:\/\/creativemakeup.se\/produkt\/paese-linea-automatic-eyeliner\/\">Delineador de ojos autom\u00e1tico Paese Linea (Olive Glam)<\/a><br \/>\n2. <strong><span style=\"color: #008000;\">Sombra de ojos verde<\/span><\/strong> a lo largo de la l\u00ednea de las pesta\u00f1as inferiores, P<a href=\"http:\/\/creativemakeup.se\/produkt\/paese-kasmir-matte-black-eyeshadow\/\" target=\"_blank\">Sombra de ojos aese Kashmir (668)<\/a> - Aplicado con <a href=\"https:\/\/tidd.ly\/2W1ptQF\" target=\"_blank\">Pincel de l\u00e1piz Nanshy.<\/a><br \/>\n3. <strong><span style=\"color: #33cccc;\">Sombra de ojos verde turquesa<\/span><\/strong> en la parte inferior de la l\u00ednea de las pesta\u00f1as inferiores, <a href=\"http:\/\/creativemakeup.se\/produkt\/paese-neo-eyeshadow\/\" target=\"_blank\">Sombra de ojos Paese Neo (687)<\/a> - Aplicado con <a href=\"https:\/\/tidd.ly\/39qsqNE\" target=\"_blank\">Cepillo de detalle en \u00e1ngulo Nanshy.<\/a><br \/>\n4. <strong><span style=\"color: #339966;\">Brillo verde<\/span><\/strong> en la parte inferior de la l\u00ednea de las pesta\u00f1as inferiores, <a href=\"https:\/\/ion.lyko.com\/t\/t?a=1117786221&#038;as=1548102449&#038;t=2&#038;tk=1&#038;epi=search-replace-MUSglitter&#038;url=https:\/\/lyko.com\/sv\/sok?q=make+up+store+glitter\">Tienda de maquillaje Glitter (Peacock)<\/a> adjunto con <a href=\"https:\/\/ion.lyko.com\/t\/t?a=1117786221&#038;as=1548102449&#038;t=2&#038;tk=1&#038;epi=search-replace-MUSglitter&#038;url=https:\/\/lyko.com\/sv\/sok?q=make+up+store+glitter\">Tienda de maquillaje l\u00edquido para mezclar<\/a>.<br \/>\n5. <strong><span style=\"color: #b0acac;\">Blanco,<\/span> <span style=\"color: #808080;\">gris <\/span><\/strong>y <strong><span style=\"color: #000000;\">sombra de ojos negra<\/span><\/strong> uno al lado del otro en el p\u00e1rpado, <a href=\"http:\/\/creativemakeup.se\/produkt\/paese-kasmir-matte-black-eyeshadow\/\" target=\"_blank\">Sombra de ojos Paese Kashmir (601)<\/a> Y <a href=\"http:\/\/creativemakeup.se\/produkt\/paese-kashmir-trio-eyeshadow\/\" target=\"_blank\">Sombra de ojos Paese Kashmir Trio (685)<\/a> - Aplicado con <a href=\"https:\/\/tidd.ly\/3u2SPLi\">Cepillo para pliegues c\u00f3nicos Nanshy<\/a>.<br \/>\n6. Difumina los bordes con <a href=\"https:\/\/tidd.ly\/3lLMq35\" target=\"_blank\">Cepillo para pliegues Nanshy.<br \/>\n<\/a><br \/>\n7. &quot;Ata&quot; el maquillaje y m\u00e1s <strong><span style=\"color: #33cccc;\">sombra de ojos turquesa<\/span><\/strong> en el rabillo del ojo como una peque\u00f1a punta, y <span style=\"color: #339966;\">delineador de ojos verde<\/span> dando un borde recto a la sombra verde en la esquina exterior del ojo, <a href=\"https:\/\/ion.lyko.com\/t\/t?a=1117786221&#038;as=1548102449&#038;t=2&#038;tk=1&#038;epi=search-replace-eyeliner&#038;url=https:\/\/lyko.com\/sv\/sok?q=eyeliner\" target=\"_blank\">Delineador de ojos Pure Minerals Double Ego (Queensland)<\/a><br \/>\n\u2026Y <strong><span style=\"color: #000000;\">delineador de ojos negro<\/span> <\/strong>con ala, <a href=\"http:\/\/creativemakeup.se\/produkt\/paese-penliner\/\" target=\"_blank\">Paese Penliner<\/a>.<br \/>\n\u2026Y <strong><span style=\"color: #b0acac;\">sombra de ojos blanca<\/span><\/strong> como dos guiones entre el delineador de ojos negro y verde en la esquina exterior del ojo.<\/p>\n<p>8. <strong><span style=\"color: #000000;\">R\u00edmel negro<\/span><\/strong> en las pesta\u00f1as superiores, <a href=\"https:\/\/ion.lyko.com\/t\/t?a=1117786221&#038;as=1548102449&#038;t=2&#038;tk=1&#038;epi=search-replace-mascara&#038;url=https:\/\/lyko.com\/sv\/smink\/ogon\/mascara\" target=\"_blank\">M\u00e1scara de pesta\u00f1as Oriflame Wonderlash.<\/a>*<br \/>\n<strong><span style=\"color: #339966;\">R\u00edmel verde<\/span><\/strong> en las pesta\u00f1as inferiores, Zuii Organic (Esmeralda)<\/p>\n<p><a href=\"http:\/\/www.imakeyousmile.se\/wp-content\/uploads\/2015\/05\/IMG_3850_111.jpg\"><img loading=\"lazy\" decoding=\"async\" class=\"alignnone size-large wp-image-20191\" src=\"http:\/\/www.imakeyousmile.se\/wp-content\/uploads\/2015\/05\/IMG_3850_111-927x1024.jpg\" alt=\"IMG_3850_111\" width=\"700\" height=\"773\" srcset=\"https:\/\/www.imakeyousmile.se\/wp-content\/uploads\/2015\/05\/IMG_3850_111-927x1024.jpg 927w, https:\/\/www.imakeyousmile.se\/wp-content\/uploads\/2015\/05\/IMG_3850_111-272x300.jpg 272w, https:\/\/www.imakeyousmile.se\/wp-content\/uploads\/2015\/05\/IMG_3850_111-700x773.jpg 700w, https:\/\/www.imakeyousmile.se\/wp-content\/uploads\/2015\/05\/IMG_3850_111-323x357.jpg 323w, https:\/\/www.imakeyousmile.se\/wp-content\/uploads\/2015\/05\/IMG_3850_111-437x483.jpg 437w\" sizes=\"(max-width: 700px) 100vw, 700px\" \/><\/a><\/p>\n<p><span style=\"color: #cc5068;\"><strong> L\u00e1piz labial<\/strong><\/span>, <a href=\"http:\/\/creativemakeup.se\/produkt\/paese-lappstift\/\" target=\"_blank\">Pintalabios Paese con aceite de arg\u00e1n (25)<\/a><br \/>\n<span style=\"color: #ffcc99;\"><strong>Fundaci\u00f3n<\/strong><\/span>,\u00a0<a href=\"https:\/\/ion.jordklok.se\/t\/t?a=1236848151&#038;as=1548102449&#038;t=2&#038;tk=1&#038;epi=search-replace-zuiifoundation&#038;url=https:\/\/www.jordklok.se\/sv\/articles\/2.60.5465\/zuii-organic-flora-powder-foundation-10-g?q=Zuii%20Organic%20Flora%20Powder%20Foundation,%2010%20g\/\">Base de maquillaje en polvo org\u00e1nico Zuii (crema)<\/a><br \/>\n<strong><span style=\"color: #993300;\">Bronceador<\/span><\/strong> <a href=\"http:\/\/creativemakeup.se\/produkt\/paese-bronzing-powder\/\">Polvo bronceador Paese (1M)<\/a><br \/>\n<strong><span style=\"color: #b0acac;\">Esmalte de u\u00f1as<\/span><\/strong>, <a href=\"https:\/\/ion.lyko.com\/t\/t?a=1117786221&#038;as=1548102449&#038;t=2&#038;tk=1&#038;epi=search-replace-nagellack&#038;url=https:\/\/lyko.com\/sv\/smink\/naglar\/nagellack?fromsearch=nagellack\/\">Esmalte de u\u00f1as Paese (102)<\/a><\/p>\n<p><a href=\"http:\/\/www.imakeyousmile.se\/wp-content\/uploads\/2015\/05\/IMG_3859.jpg\"><img loading=\"lazy\" decoding=\"async\" class=\"alignnone size-large wp-image-20192\" src=\"http:\/\/www.imakeyousmile.se\/wp-content\/uploads\/2015\/05\/IMG_3859-1024x683.jpg\" alt=\"IMG_3859\" width=\"700\" height=\"467\" srcset=\"https:\/\/www.imakeyousmile.se\/wp-content\/uploads\/2015\/05\/IMG_3859-1024x683.jpg 1024w, https:\/\/www.imakeyousmile.se\/wp-content\/uploads\/2015\/05\/IMG_3859-300x200.jpg 300w, https:\/\/www.imakeyousmile.se\/wp-content\/uploads\/2015\/05\/IMG_3859-700x467.jpg 700w, https:\/\/www.imakeyousmile.se\/wp-content\/uploads\/2015\/05\/IMG_3859-536x357.jpg 536w, https:\/\/www.imakeyousmile.se\/wp-content\/uploads\/2015\/05\/IMG_3859-725x483.jpg 725w\" sizes=\"(max-width: 700px) 100vw, 700px\" \/><\/a><\/p>\n<p><a href=\"http:\/\/www.imakeyousmile.se\/wp-content\/uploads\/2015\/05\/IMG_3873_111.jpg\"><img loading=\"lazy\" decoding=\"async\" class=\"alignnone size-large wp-image-20193\" src=\"http:\/\/www.imakeyousmile.se\/wp-content\/uploads\/2015\/05\/IMG_3873_111-1024x755.jpg\" alt=\"IMG_3873_111\" width=\"700\" height=\"516\" srcset=\"https:\/\/www.imakeyousmile.se\/wp-content\/uploads\/2015\/05\/IMG_3873_111-1024x755.jpg 1024w, https:\/\/www.imakeyousmile.se\/wp-content\/uploads\/2015\/05\/IMG_3873_111-300x221.jpg 300w, https:\/\/www.imakeyousmile.se\/wp-content\/uploads\/2015\/05\/IMG_3873_111-700x516.jpg 700w, https:\/\/www.imakeyousmile.se\/wp-content\/uploads\/2015\/05\/IMG_3873_111-484x357.jpg 484w, https:\/\/www.imakeyousmile.se\/wp-content\/uploads\/2015\/05\/IMG_3873_111-655x483.jpg 655w, https:\/\/www.imakeyousmile.se\/wp-content\/uploads\/2015\/05\/IMG_3873_111.jpg 2000w\" sizes=\"(max-width: 700px) 100vw, 700px\" \/><\/a><\/p>\n<p>\u00bfQu\u00e9 piensas? :)<\/p>\n<p>Ahora voy a dejar mi computadora. \u00a1Salud, M\u00e5ns!<\/p>\n<p>\u2665<\/p>","protected":false},"excerpt":{"rendered":"<p>Jag och Miska har precis t\u00e4nt i braskaminen och slagit oss ner framf\u00f6r\u00a0Eurovision Song Contest, supermysigt! Och \u00e4nnu mysigare blir det s\u00e5 fort jag skrivit klart det h\u00e4r inl\u00e4gget och kan l\u00e4gga ifr\u00e5n mig datorn haha, det g\u00e5r ju inte direkt snabbt att skriva n\u00e4r jag tittar upp p\u00e5 tv:en hela tiden heller :) Tittar [&hellip;]<\/p>\n","protected":false},"author":30,"featured_media":20195,"comment_status":"open","ping_status":"closed","sticky":false,"template":"","format":"standard","meta":{"footnotes":""},"categories":[9],"tags":[1985,3619,58,3620,386,54,1103],"class_list":["post-20190","post","type-post","status-publish","format-standard","has-post-thumbnail","hentry","category-partysminkningar","tag-creative-makeup","tag-euro-vision-song-contest-makeup","tag-makeup-tutorial","tag-melodifestivalen-sminkning","tag-party-makeup","tag-sminkblogg","tag-steg-for-steg-sminkning"],"yoast_head":"<!-- This site is optimized with the Yoast SEO Premium plugin v14.9 - https:\/\/yoast.com\/wordpress\/plugins\/seo\/ -->\n<meta name=\"description\" content=\"Eurovision Song Contest Makeup | Helena Amiley - H\u00e4r hittar du senaste infromation om sk\u00f6nhet, livsstil, entrepren\u00f6rskap, makeup &amp; tips.\" \/>\n<meta name=\"robots\" content=\"index, follow, max-snippet:-1, max-image-preview:large, max-video-preview:-1\" \/>\n<link rel=\"canonical\" href=\"https:\/\/www.imakeyousmile.se\/es\/eurovision-song-contest-makeup\/\" \/>\n<meta property=\"og:locale\" content=\"es_ES\" \/>\n<meta property=\"og:type\" content=\"article\" \/>\n<meta property=\"og:title\" content=\"Eurovision Song Contest Makeup | Imakeyousmile.se\" \/>\n<meta property=\"og:description\" content=\"Eurovision Song Contest Makeup | Helena Amiley - H\u00e4r hittar du senaste infromation om sk\u00f6nhet, livsstil, entrepren\u00f6rskap, makeup &amp; tips.\" \/>\n<meta property=\"og:url\" content=\"https:\/\/www.imakeyousmile.se\/es\/eurovision-song-contest-makeup\/\" \/>\n<meta property=\"og:site_name\" content=\"Imakeyousmile.se\" \/>\n<meta property=\"article:author\" content=\"https:\/\/www.facebook.com\/imakeyousmile.se\" \/>\n<meta property=\"article:published_time\" content=\"2015-05-23T20:35:12+00:00\" \/>\n<meta property=\"og:image\" content=\"https:\/\/www.imakeyousmile.se\/wp-content\/uploads\/2015\/05\/Namnl\u00f6st-11111.jpg\" \/>\n\t<meta property=\"og:image:width\" content=\"984\" \/>\n\t<meta property=\"og:image:height\" content=\"705\" \/>\n<meta name=\"twitter:card\" content=\"summary_large_image\" \/>\n<script type=\"application\/ld+json\" class=\"yoast-schema-graph\">{\"@context\":\"https:\/\/schema.org\",\"@graph\":[{\"@type\":\"Organization\",\"@id\":\"https:\/\/www.imakeyousmile.se\/es\/#organization\",\"name\":\"Imakeyousmile\",\"url\":\"https:\/\/www.imakeyousmile.se\/es\/\",\"sameAs\":[],\"logo\":{\"@type\":\"ImageObject\",\"@id\":\"https:\/\/www.imakeyousmile.se\/es\/#logo\",\"inLanguage\":\"es\",\"url\":\"https:\/\/www.imakeyousmile.se\/wp-content\/uploads\/2020\/10\/HELENA-AMILEY_SVART-1-e1603367975324.png\",\"width\":280,\"height\":93,\"caption\":\"Imakeyousmile\"},\"image\":{\"@id\":\"https:\/\/www.imakeyousmile.se\/es\/#logo\"}},{\"@type\":\"WebSite\",\"@id\":\"https:\/\/www.imakeyousmile.se\/es\/#website\",\"url\":\"https:\/\/www.imakeyousmile.se\/es\/\",\"name\":\"Imakeyousmile.se\",\"description\":\"Helena Amiley - Beauty, Entrepreneur, Lifestyle\",\"publisher\":{\"@id\":\"https:\/\/www.imakeyousmile.se\/es\/#organization\"},\"potentialAction\":[{\"@type\":\"SearchAction\",\"target\":\"https:\/\/www.imakeyousmile.se\/es\/?s={search_term_string}\",\"query-input\":\"required name=search_term_string\"}],\"inLanguage\":\"es\"},{\"@type\":\"ImageObject\",\"@id\":\"https:\/\/www.imakeyousmile.se\/eurovision-song-contest-makeup\/#primaryimage\",\"inLanguage\":\"es\",\"url\":\"https:\/\/www.imakeyousmile.se\/wp-content\/uploads\/2015\/05\/Namnl\\u00f6st-11111.jpg\",\"width\":984,\"height\":705},{\"@type\":\"WebPage\",\"@id\":\"https:\/\/www.imakeyousmile.se\/eurovision-song-contest-makeup\/#webpage\",\"url\":\"https:\/\/www.imakeyousmile.se\/eurovision-song-contest-makeup\/\",\"name\":\"Eurovision Song Contest Makeup | Imakeyousmile.se\",\"isPartOf\":{\"@id\":\"https:\/\/www.imakeyousmile.se\/es\/#website\"},\"primaryImageOfPage\":{\"@id\":\"https:\/\/www.imakeyousmile.se\/eurovision-song-contest-makeup\/#primaryimage\"},\"datePublished\":\"2015-05-23T20:35:12+00:00\",\"dateModified\":\"2015-05-23T20:35:12+00:00\",\"description\":\"Eurovision Song Contest Makeup | Helena Amiley - H\\u00e4r hittar du senaste infromation om sk\\u00f6nhet, livsstil, entrepren\\u00f6rskap, makeup & tips.\",\"inLanguage\":\"es\",\"potentialAction\":[{\"@type\":\"ReadAction\",\"target\":[\"https:\/\/www.imakeyousmile.se\/eurovision-song-contest-makeup\/\"]}]},{\"@type\":\"Article\",\"@id\":\"https:\/\/www.imakeyousmile.se\/eurovision-song-contest-makeup\/#article\",\"isPartOf\":{\"@id\":\"https:\/\/www.imakeyousmile.se\/eurovision-song-contest-makeup\/#webpage\"},\"author\":{\"@id\":\"https:\/\/www.imakeyousmile.se\/es\/#\/schema\/person\/b0fd43b1c6bb1c60cfd68bff9b4a10fb\"},\"headline\":\"Eurovision Song Contest Makeup\",\"datePublished\":\"2015-05-23T20:35:12+00:00\",\"dateModified\":\"2015-05-23T20:35:12+00:00\",\"mainEntityOfPage\":{\"@id\":\"https:\/\/www.imakeyousmile.se\/eurovision-song-contest-makeup\/#webpage\"},\"commentCount\":4,\"publisher\":{\"@id\":\"https:\/\/www.imakeyousmile.se\/es\/#organization\"},\"image\":{\"@id\":\"https:\/\/www.imakeyousmile.se\/eurovision-song-contest-makeup\/#primaryimage\"},\"keywords\":\"creative makeup,euro vision song contest makeup,makeup tutorial,melodifestivalen sminkning,party makeup,sminkblogg,steg f\\u00f6r steg sminkning\",\"articleSection\":\"M\\u00f6rka \/ festliga sminkningar\",\"inLanguage\":\"es\",\"potentialAction\":[{\"@type\":\"CommentAction\",\"name\":\"Comment\",\"target\":[\"https:\/\/www.imakeyousmile.se\/eurovision-song-contest-makeup\/#respond\"]}]},{\"@type\":\"Person\",\"@id\":\"https:\/\/www.imakeyousmile.se\/es\/#\/schema\/person\/b0fd43b1c6bb1c60cfd68bff9b4a10fb\",\"name\":\"Helena Amiley\",\"image\":{\"@type\":\"ImageObject\",\"@id\":\"https:\/\/www.imakeyousmile.se\/es\/#personlogo\",\"inLanguage\":\"es\",\"url\":\"https:\/\/secure.gravatar.com\/avatar\/5645558e1e355457a23368d7e1b4c904?s=96&d=mm&r=g\",\"caption\":\"Helena Amiley\"},\"description\":\"Jag skriver mest om sk\\u00f6nhet men bjuder \\u00e4ven p\\u00e5 glimtar fr\\u00e5n entrepren\\u00f6rlivet och bygget av v\\u00e5r egen camper van. Vanlife here we come!\",\"sameAs\":[\"https:\/\/www.facebook.com\/imakeyousmile.se\",\"https:\/\/www.instagram.com\/helenaamiley\",\"https:\/\/www.youtube.com\/channel\/UCR5iB6rvpV6Yr8ZjpQfr5mg?view_as=subscriber\"]}]}<\/script>\n<!-- \/ Yoast SEO Premium plugin. -->","_links":{"self":[{"href":"https:\/\/www.imakeyousmile.se\/es\/wp-json\/wp\/v2\/posts\/20190"}],"collection":[{"href":"https:\/\/www.imakeyousmile.se\/es\/wp-json\/wp\/v2\/posts"}],"about":[{"href":"https:\/\/www.imakeyousmile.se\/es\/wp-json\/wp\/v2\/types\/post"}],"author":[{"embeddable":true,"href":"https:\/\/www.imakeyousmile.se\/es\/wp-json\/wp\/v2\/users\/30"}],"replies":[{"embeddable":true,"href":"https:\/\/www.imakeyousmile.se\/es\/wp-json\/wp\/v2\/comments?post=20190"}],"version-history":[{"count":1,"href":"https:\/\/www.imakeyousmile.se\/es\/wp-json\/wp\/v2\/posts\/20190\/revisions"}],"predecessor-version":[{"id":20196,"href":"https:\/\/www.imakeyousmile.se\/es\/wp-json\/wp\/v2\/posts\/20190\/revisions\/20196"}],"wp:featuredmedia":[{"embeddable":true,"href":"https:\/\/www.imakeyousmile.se\/es\/wp-json\/wp\/v2\/media\/20195"}],"wp:attachment":[{"href":"https:\/\/www.imakeyousmile.se\/es\/wp-json\/wp\/v2\/media?parent=20190"}],"wp:term":[{"taxonomy":"category","embeddable":true,"href":"https:\/\/www.imakeyousmile.se\/es\/wp-json\/wp\/v2\/categories?post=20190"},{"taxonomy":"post_tag","embeddable":true,"href":"https:\/\/www.imakeyousmile.se\/es\/wp-json\/wp\/v2\/tags?post=20190"}],"curies":[{"name":"wp","href":"https:\/\/api.w.org\/{rel}","templated":true}]}}