{"id":20202,"date":"2015-05-24T13:00:00","date_gmt":"2015-05-24T11:00:00","guid":{"rendered":"http:\/\/www.imakeyousmile.se\/?p=20202"},"modified":"2021-09-28T10:31:33","modified_gmt":"2021-09-28T08:31:33","slug":"basta-torrschampot","status":"publish","type":"post","link":"https:\/\/www.imakeyousmile.se\/es\/champu-basta-dry\/","title":{"rendered":"\u00a1El mejor champ\u00fa seco!"},"content":{"rendered":"<p>\u00a1Finalmente encontr\u00e9 el champ\u00fa seco perfecto para mi cabello! Maravilloso as\u00ed antes del verano cuando b\u00e1sicamente como champ\u00fa seco, quiero comprar un stock completo de este ahora, as\u00ed que tengo el resto del a\u00f1o, \u00a1jaja! :)<\/p>\n<p>Consegu\u00ed algunas muestras de prensa de Oriflame el otro d\u00eda con productos mixtos de verano, y all\u00ed estaba, entre otras cosas <em>Champ\u00fa seco Oriflame HairX Volume Boost<\/em> del que me enamor\u00e9 en el primer uso.<\/p>\n<p><a href=\"http:\/\/www.imakeyousmile.se\/wp-content\/uploads\/2015\/05\/oriflame-torrschampo.jpg\"><img loading=\"lazy\" decoding=\"async\" class=\"alignnone size-large wp-image-20200\" src=\"http:\/\/www.imakeyousmile.se\/wp-content\/uploads\/2015\/05\/oriflame-torrschampo-1024x532.jpg\" alt=\"champ\u00fa seco oriflame\" width=\"700\" height=\"364\" srcset=\"https:\/\/www.imakeyousmile.se\/wp-content\/uploads\/2015\/05\/oriflame-torrschampo-1024x532.jpg 1024w, https:\/\/www.imakeyousmile.se\/wp-content\/uploads\/2015\/05\/oriflame-torrschampo-300x156.jpg 300w, https:\/\/www.imakeyousmile.se\/wp-content\/uploads\/2015\/05\/oriflame-torrschampo-700x364.jpg 700w, https:\/\/www.imakeyousmile.se\/wp-content\/uploads\/2015\/05\/oriflame-torrschampo-687x357.jpg 687w, https:\/\/www.imakeyousmile.se\/wp-content\/uploads\/2015\/05\/oriflame-torrschampo-930x483.jpg 930w\" sizes=\"(max-width: 700px) 100vw, 700px\" \/><\/a><\/p>\n<p>Me encanta revisar el champ\u00fa en seco, entonces no tienes que sentirte perezoso si te saltas la ducha y te lo haces un nudo (como he visto en los \u00faltimos d\u00edas) porque es mi trabajo probar qu\u00e9 tan bien funcionan los productos. un pelo muy sucio;)<\/p>\n<p>Esta fue una gran diferencia en mi cabello<a href=\"https:\/\/go.nordicfeel.se\/t\/t?a=872761485&amp;as=1548102449&amp;t=2&amp;tk=1&amp;epi=search-replace-torrshampo&amp;url=https:\/\/www.nordicfeel.se\/search?q=torrshampo\" target=\"_blank\" rel=\"noopener\">\u00a0Champ\u00fa en seco Volume Boost<\/a>, \u00a1tan asombrosamente bueno!<\/p>\n<p><a href=\"http:\/\/www.imakeyousmile.se\/wp-content\/uploads\/2015\/05\/IMG_4095_111.jpg\"><img loading=\"lazy\" decoding=\"async\" class=\"alignnone size-large wp-image-20198\" src=\"http:\/\/www.imakeyousmile.se\/wp-content\/uploads\/2015\/05\/IMG_4095_111-1024x830.jpg\" alt=\"IMG_4095_111\" width=\"700\" height=\"567\" srcset=\"https:\/\/www.imakeyousmile.se\/wp-content\/uploads\/2015\/05\/IMG_4095_111-1024x830.jpg 1024w, https:\/\/www.imakeyousmile.se\/wp-content\/uploads\/2015\/05\/IMG_4095_111-300x243.jpg 300w, https:\/\/www.imakeyousmile.se\/wp-content\/uploads\/2015\/05\/IMG_4095_111-700x568.jpg 700w, https:\/\/www.imakeyousmile.se\/wp-content\/uploads\/2015\/05\/IMG_4095_111-440x357.jpg 440w, https:\/\/www.imakeyousmile.se\/wp-content\/uploads\/2015\/05\/IMG_4095_111-596x483.jpg 596w, https:\/\/www.imakeyousmile.se\/wp-content\/uploads\/2015\/05\/IMG_4095_111.jpg 2000w\" sizes=\"(max-width: 700px) 100vw, 700px\" \/><\/a><\/p>\n<p><strong>Breve repaso -<\/strong> El tipo de champ\u00fa seco que quieras var\u00eda, pero un champ\u00fa seco perfecto deber\u00eda ser incre\u00edblemente efectivo para m\u00ed (ya que r\u00e1pidamente obtengo cabello graso y no me ducho con tanta frecuencia, ya que tambi\u00e9n se usa con facilidad) y da un volumen aireado y agradable porque me veo como un gato lamido de otra manera. \u00a1Y estos dos criterios importantes cumplen con este champ\u00fa seco galantemente!<\/p>\n<p>La propia descripci\u00f3n de Oriflame:<br \/>\n<em>\u201cChamp\u00fa seco con Ceramide Complex que absorbe la grasa y refresca el cabello entre lavados. Pulverizar sobre el cuero cabelludo para evitar que el cabello se sienta grasoso entre lavados y restaurar el cabello que se siente limpio, fresco y lleno de vida &quot;.<\/em><\/p>\n<p><a href=\"http:\/\/www.imakeyousmile.se\/wp-content\/uploads\/2015\/05\/IMG_4100_111.jpg\"><img loading=\"lazy\" decoding=\"async\" class=\"alignnone size-large wp-image-20199\" src=\"http:\/\/www.imakeyousmile.se\/wp-content\/uploads\/2015\/05\/IMG_4100_111-1024x671.jpg\" alt=\"IMG_4100_111\" width=\"700\" height=\"459\" srcset=\"https:\/\/www.imakeyousmile.se\/wp-content\/uploads\/2015\/05\/IMG_4100_111-1024x671.jpg 1024w, https:\/\/www.imakeyousmile.se\/wp-content\/uploads\/2015\/05\/IMG_4100_111-300x196.jpg 300w, https:\/\/www.imakeyousmile.se\/wp-content\/uploads\/2015\/05\/IMG_4100_111-700x458.jpg 700w, https:\/\/www.imakeyousmile.se\/wp-content\/uploads\/2015\/05\/IMG_4100_111-100x65.jpg 100w, https:\/\/www.imakeyousmile.se\/wp-content\/uploads\/2015\/05\/IMG_4100_111-545x357.jpg 545w, https:\/\/www.imakeyousmile.se\/wp-content\/uploads\/2015\/05\/IMG_4100_111-737x483.jpg 737w\" sizes=\"(max-width: 700px) 100vw, 700px\" \/><\/a><\/p>\n<p><strong>Utilizar<\/strong><br \/>\n\u2665 El spray est\u00e1 finamente dividido y tiene una presi\u00f3n fuerte y buena.<br \/>\n\u2665 Se seca r\u00e1pidamente en el cabello y, por lo tanto, es r\u00e1pido y f\u00e1cil de usar.<\/p>\n<p><strong>Resultados<\/strong><br \/>\n\u2665 El spray tambi\u00e9n funciona en cabellos oscuros y en largos ya que no da un tono gris\u00e1ceo.<br \/>\n\u2665 \u00a1El cabello adquiere un volumen realmente agradable!<br \/>\n\u2665 No se siente \u00e1spero en absoluto en el cuero cabelludo, a\u00fan puede pasar los dedos por el cabello que se siente aireado y fresco.<br \/>\n\u2665 Eficaz incluso en cabellos muy grasos, sin necesidad de rociar demasiado.<br \/>\n\u2665 Tengo un cuero cabelludo muy sensible que f\u00e1cilmente comienza a picar con muchos champ\u00fas secos, pero este se siente suave y bueno, \u00a1sin picaz\u00f3n!<\/p>\n<p><strong>Fragancia<\/strong><br \/>\n\u2665 El champ\u00fa seco huele fresco y bien, sin un olor espec\u00edfico de inmediato, simplemente bueno.<\/p>\n<p><strong>sustentabilidad<\/strong><br \/>\n\u2665 Aunque haya tenido el cabello muy graso antes de usarlo, todav\u00eda se siente fresco al d\u00eda siguiente. Es posible que necesites mejorarlo un poco todos los d\u00edas cuando hace mucho tiempo que no te duchas el cabello, pero esos d\u00edas inmediatamente despu\u00e9s de la ducha, el resultado puede durar m\u00e1s sin que tengas que mejorar con m\u00e1s spray.<\/p>\n<p><strong>Premio<\/strong><br \/>\nCuesta 95 SEK y se puede comprar en l\u00ednea. <strong><a href=\"https:\/\/go.nordicfeel.se\/t\/t?a=872761485&amp;as=1548102449&amp;t=2&amp;tk=1&amp;epi=search-replace-torrshampo&amp;url=https:\/\/www.nordicfeel.se\/search?q=torrshampo\">AQU\u00cd<\/a><\/strong>\u00a0y una botella contiene 150 ml, un precio perfectamente aceptable para un producto tan bueno. \u00a1Vale la pena el dinero!<\/p>\n<p><a href=\"http:\/\/www.imakeyousmile.se\/wp-content\/uploads\/2015\/05\/oriflame-volume-dry-schampo.jpg\"><img loading=\"lazy\" decoding=\"async\" class=\"alignnone size-large wp-image-20201\" src=\"http:\/\/www.imakeyousmile.se\/wp-content\/uploads\/2015\/05\/oriflame-volume-dry-schampo-1024x631.jpg\" alt=\"champ\u00fa-en-seco-volumen-oriflame\" width=\"700\" height=\"431\" srcset=\"https:\/\/www.imakeyousmile.se\/wp-content\/uploads\/2015\/05\/oriflame-volume-dry-schampo-1024x631.jpg 1024w, https:\/\/www.imakeyousmile.se\/wp-content\/uploads\/2015\/05\/oriflame-volume-dry-schampo-300x185.jpg 300w, https:\/\/www.imakeyousmile.se\/wp-content\/uploads\/2015\/05\/oriflame-volume-dry-schampo-700x431.jpg 700w, https:\/\/www.imakeyousmile.se\/wp-content\/uploads\/2015\/05\/oriflame-volume-dry-schampo-579x357.jpg 579w, https:\/\/www.imakeyousmile.se\/wp-content\/uploads\/2015\/05\/oriflame-volume-dry-schampo-784x483.jpg 784w\" sizes=\"(max-width: 700px) 100vw, 700px\" \/><\/a><\/p>\n<p>Aqu\u00ed obtienes una imagen m\u00e1s &quot;seria&quot; de antes y despu\u00e9s, \u00a1una gran diferencia! Pens\u00e9 en echar un vistazo m\u00e1s de cerca al cuero cabelludo del modelo, pero se ve\u00eda tan asqueroso que no quer\u00eda jaja. Era incluso m\u00e1s aceitoso de lo que parece en la imagen :)<\/p>\n<p><a href=\"http:\/\/www.imakeyousmile.se\/wp-content\/uploads\/2015\/05\/IMG_4135_111.jpg\"><img loading=\"lazy\" decoding=\"async\" class=\"alignnone size-large wp-image-20203\" src=\"http:\/\/www.imakeyousmile.se\/wp-content\/uploads\/2015\/05\/IMG_4135_111-1024x945.jpg\" alt=\"IMG_4135_111\" width=\"700\" height=\"646\" srcset=\"https:\/\/www.imakeyousmile.se\/wp-content\/uploads\/2015\/05\/IMG_4135_111-1024x945.jpg 1024w, https:\/\/www.imakeyousmile.se\/wp-content\/uploads\/2015\/05\/IMG_4135_111-300x277.jpg 300w, https:\/\/www.imakeyousmile.se\/wp-content\/uploads\/2015\/05\/IMG_4135_111-700x646.jpg 700w, https:\/\/www.imakeyousmile.se\/wp-content\/uploads\/2015\/05\/IMG_4135_111-387x357.jpg 387w, https:\/\/www.imakeyousmile.se\/wp-content\/uploads\/2015\/05\/IMG_4135_111-523x483.jpg 523w, https:\/\/www.imakeyousmile.se\/wp-content\/uploads\/2015\/05\/IMG_4135_111.jpg 2000w\" sizes=\"(max-width: 700px) 100vw, 700px\" \/><\/a><\/p>\n<p>\u00a1Dos grandes pulgares arriba! No hay nada de qu\u00e9 quejarse \u2665<\/p>\n<p>&nbsp;<\/p>\n<p>&nbsp;<\/p>\n<p>&nbsp;<\/p>","protected":false},"excerpt":{"rendered":"<p>\u00c4ntligen har jag hittat det perfekta torrschampot f\u00f6r mitt h\u00e5r! Underbart s\u00e5 h\u00e4r innan sommaren d\u00e5 jag i princip \u00e4ter torrschampo, jag vill k\u00f6pa upp ett helt lager av det h\u00e4r nu s\u00e5 jag har resten av \u00e5ret haha! :) Jag fick lite pressprover fr\u00e5n Oriflame h\u00e4r om dagen med blandade sommarprodukter, och d\u00e4r i [&hellip;]<\/p>\n","protected":false},"author":30,"featured_media":20200,"comment_status":"open","ping_status":"closed","sticky":false,"template":"","format":"standard","meta":{"footnotes":""},"categories":[2862,59],"tags":[3625,3621,3627,3626,3622,3623,3624,3629,3628],"class_list":["post-20202","post","type-post","status-publish","format-standard","has-post-thumbnail","hentry","category-har","category-recensioner-produkttips","tag-bast-i-test-torrschampo","tag-basta-torrschampot","tag-effektivt-torrschampo","tag-oljigt-har","tag-oriflame-hairx-volume-boost-dry-schampoo","tag-oriflame-torrschampo-recension","tag-torrschampo-bast-i-test","tag-torrschampo-for-jatteoljigt-har","tag-torrschampo-som-ger-volym"],"yoast_head":"<!-- This site is optimized with the Yoast SEO Premium plugin v14.9 - https:\/\/yoast.com\/wordpress\/plugins\/seo\/ -->\n<meta name=\"description\" content=\"B\u00e4sta torrschampot! | Helena Amiley - H\u00e4r hittar du senaste infromation om sk\u00f6nhet, livsstil, entrepren\u00f6rskap, makeup &amp; tips.\" \/>\n<meta name=\"robots\" content=\"index, follow, max-snippet:-1, max-image-preview:large, max-video-preview:-1\" \/>\n<link rel=\"canonical\" href=\"https:\/\/www.imakeyousmile.se\/es\/basta-torrschampot\/\" \/>\n<meta property=\"og:locale\" content=\"es_ES\" \/>\n<meta property=\"og:type\" content=\"article\" \/>\n<meta property=\"og:title\" content=\"B\u00e4sta torrschampot! | Imakeyousmile.se\" \/>\n<meta property=\"og:description\" content=\"B\u00e4sta torrschampot! | Helena Amiley - H\u00e4r hittar du senaste infromation om sk\u00f6nhet, livsstil, entrepren\u00f6rskap, makeup &amp; tips.\" \/>\n<meta property=\"og:url\" content=\"https:\/\/www.imakeyousmile.se\/es\/basta-torrschampot\/\" \/>\n<meta property=\"og:site_name\" content=\"Imakeyousmile.se\" \/>\n<meta property=\"article:author\" content=\"https:\/\/www.facebook.com\/imakeyousmile.se\" \/>\n<meta property=\"article:published_time\" content=\"2015-05-24T11:00:00+00:00\" \/>\n<meta property=\"article:modified_time\" content=\"2021-09-28T08:31:33+00:00\" \/>\n<meta property=\"og:image\" content=\"https:\/\/www.imakeyousmile.se\/wp-content\/uploads\/2015\/05\/oriflame-torrschampo.jpg\" \/>\n\t<meta property=\"og:image:width\" content=\"2560\" \/>\n\t<meta property=\"og:image:height\" content=\"1330\" \/>\n<meta name=\"twitter:card\" content=\"summary_large_image\" \/>\n<script type=\"application\/ld+json\" class=\"yoast-schema-graph\">{\"@context\":\"https:\/\/schema.org\",\"@graph\":[{\"@type\":\"Organization\",\"@id\":\"https:\/\/www.imakeyousmile.se\/es\/#organization\",\"name\":\"Imakeyousmile\",\"url\":\"https:\/\/www.imakeyousmile.se\/es\/\",\"sameAs\":[],\"logo\":{\"@type\":\"ImageObject\",\"@id\":\"https:\/\/www.imakeyousmile.se\/es\/#logo\",\"inLanguage\":\"es\",\"url\":\"https:\/\/www.imakeyousmile.se\/wp-content\/uploads\/2020\/10\/HELENA-AMILEY_SVART-1-e1603367975324.png\",\"width\":280,\"height\":93,\"caption\":\"Imakeyousmile\"},\"image\":{\"@id\":\"https:\/\/www.imakeyousmile.se\/es\/#logo\"}},{\"@type\":\"WebSite\",\"@id\":\"https:\/\/www.imakeyousmile.se\/es\/#website\",\"url\":\"https:\/\/www.imakeyousmile.se\/es\/\",\"name\":\"Imakeyousmile.se\",\"description\":\"Helena Amiley - Beauty, Entrepreneur, Lifestyle\",\"publisher\":{\"@id\":\"https:\/\/www.imakeyousmile.se\/es\/#organization\"},\"potentialAction\":[{\"@type\":\"SearchAction\",\"target\":\"https:\/\/www.imakeyousmile.se\/es\/?s={search_term_string}\",\"query-input\":\"required name=search_term_string\"}],\"inLanguage\":\"es\"},{\"@type\":\"ImageObject\",\"@id\":\"https:\/\/www.imakeyousmile.se\/basta-torrschampot\/#primaryimage\",\"inLanguage\":\"es\",\"url\":\"https:\/\/www.imakeyousmile.se\/wp-content\/uploads\/2015\/05\/oriflame-torrschampo.jpg\",\"width\":2560,\"height\":1330},{\"@type\":\"WebPage\",\"@id\":\"https:\/\/www.imakeyousmile.se\/basta-torrschampot\/#webpage\",\"url\":\"https:\/\/www.imakeyousmile.se\/basta-torrschampot\/\",\"name\":\"B\\u00e4sta torrschampot! | Imakeyousmile.se\",\"isPartOf\":{\"@id\":\"https:\/\/www.imakeyousmile.se\/es\/#website\"},\"primaryImageOfPage\":{\"@id\":\"https:\/\/www.imakeyousmile.se\/basta-torrschampot\/#primaryimage\"},\"datePublished\":\"2015-05-24T11:00:00+00:00\",\"dateModified\":\"2021-09-28T08:31:33+00:00\",\"description\":\"B\\u00e4sta torrschampot! | Helena Amiley - H\\u00e4r hittar du senaste infromation om sk\\u00f6nhet, livsstil, entrepren\\u00f6rskap, makeup & tips.\",\"inLanguage\":\"es\",\"potentialAction\":[{\"@type\":\"ReadAction\",\"target\":[\"https:\/\/www.imakeyousmile.se\/basta-torrschampot\/\"]}]},{\"@type\":\"Article\",\"@id\":\"https:\/\/www.imakeyousmile.se\/basta-torrschampot\/#article\",\"isPartOf\":{\"@id\":\"https:\/\/www.imakeyousmile.se\/basta-torrschampot\/#webpage\"},\"author\":{\"@id\":\"https:\/\/www.imakeyousmile.se\/es\/#\/schema\/person\/b0fd43b1c6bb1c60cfd68bff9b4a10fb\"},\"headline\":\"B\\u00e4sta torrschampot!\",\"datePublished\":\"2015-05-24T11:00:00+00:00\",\"dateModified\":\"2021-09-28T08:31:33+00:00\",\"mainEntityOfPage\":{\"@id\":\"https:\/\/www.imakeyousmile.se\/basta-torrschampot\/#webpage\"},\"commentCount\":6,\"publisher\":{\"@id\":\"https:\/\/www.imakeyousmile.se\/es\/#organization\"},\"image\":{\"@id\":\"https:\/\/www.imakeyousmile.se\/basta-torrschampot\/#primaryimage\"},\"keywords\":\"b\\u00e4st i test torrschampo,B\\u00e4sta torrschampot,effektivt torrschampo,oljigt h\\u00e5r,Oriflame HairX Volume Boost Dry Schampoo,oriflame torrschampo recension,torrschampo b\\u00e4st i test,torrschampo f\\u00f6r j\\u00e4tteoljigt h\\u00e5r,torrschampo som ger volym\",\"articleSection\":\"H\\u00e5r,Recensioner &amp; Produkttips\",\"inLanguage\":\"es\",\"potentialAction\":[{\"@type\":\"CommentAction\",\"name\":\"Comment\",\"target\":[\"https:\/\/www.imakeyousmile.se\/basta-torrschampot\/#respond\"]}]},{\"@type\":\"Person\",\"@id\":\"https:\/\/www.imakeyousmile.se\/es\/#\/schema\/person\/b0fd43b1c6bb1c60cfd68bff9b4a10fb\",\"name\":\"Helena Amiley\",\"image\":{\"@type\":\"ImageObject\",\"@id\":\"https:\/\/www.imakeyousmile.se\/es\/#personlogo\",\"inLanguage\":\"es\",\"url\":\"https:\/\/secure.gravatar.com\/avatar\/5645558e1e355457a23368d7e1b4c904?s=96&d=mm&r=g\",\"caption\":\"Helena Amiley\"},\"description\":\"Jag skriver mest om sk\\u00f6nhet men bjuder \\u00e4ven p\\u00e5 glimtar fr\\u00e5n entrepren\\u00f6rlivet och bygget av v\\u00e5r egen camper van. Vanlife here we come!\",\"sameAs\":[\"https:\/\/www.facebook.com\/imakeyousmile.se\",\"https:\/\/www.instagram.com\/helenaamiley\",\"https:\/\/www.youtube.com\/channel\/UCR5iB6rvpV6Yr8ZjpQfr5mg?view_as=subscriber\"]}]}<\/script>\n<!-- \/ Yoast SEO Premium plugin. -->","_links":{"self":[{"href":"https:\/\/www.imakeyousmile.se\/es\/wp-json\/wp\/v2\/posts\/20202"}],"collection":[{"href":"https:\/\/www.imakeyousmile.se\/es\/wp-json\/wp\/v2\/posts"}],"about":[{"href":"https:\/\/www.imakeyousmile.se\/es\/wp-json\/wp\/v2\/types\/post"}],"author":[{"embeddable":true,"href":"https:\/\/www.imakeyousmile.se\/es\/wp-json\/wp\/v2\/users\/30"}],"replies":[{"embeddable":true,"href":"https:\/\/www.imakeyousmile.se\/es\/wp-json\/wp\/v2\/comments?post=20202"}],"version-history":[{"count":6,"href":"https:\/\/www.imakeyousmile.se\/es\/wp-json\/wp\/v2\/posts\/20202\/revisions"}],"predecessor-version":[{"id":41399,"href":"https:\/\/www.imakeyousmile.se\/es\/wp-json\/wp\/v2\/posts\/20202\/revisions\/41399"}],"wp:featuredmedia":[{"embeddable":true,"href":"https:\/\/www.imakeyousmile.se\/es\/wp-json\/wp\/v2\/media\/20200"}],"wp:attachment":[{"href":"https:\/\/www.imakeyousmile.se\/es\/wp-json\/wp\/v2\/media?parent=20202"}],"wp:term":[{"taxonomy":"category","embeddable":true,"href":"https:\/\/www.imakeyousmile.se\/es\/wp-json\/wp\/v2\/categories?post=20202"},{"taxonomy":"post_tag","embeddable":true,"href":"https:\/\/www.imakeyousmile.se\/es\/wp-json\/wp\/v2\/tags?post=20202"}],"curies":[{"name":"wp","href":"https:\/\/api.w.org\/{rel}","templated":true}]}}