{"id":20333,"date":"2015-06-01T09:36:07","date_gmt":"2015-06-01T07:36:07","guid":{"rendered":"http:\/\/www.imakeyousmile.se\/?p=20333"},"modified":"2021-09-28T10:30:03","modified_gmt":"2021-09-28T08:30:03","slug":"lowengrip-care-color-18-hours-mascara","status":"publish","type":"post","link":"https:\/\/www.imakeyousmile.se\/es\/mascara-de-pestanas-lowengrip-care-color-18-hours\/","title":{"rendered":"M\u00e1scara de pesta\u00f1as L\u00f6wengrip Care &amp; Color 18 hours"},"content":{"rendered":"<p>Ahora finalmente prob\u00e9 la m\u00e1scara de pesta\u00f1as de LCC que he estado anhelando durante mucho tiempo, no principalmente porque parezca tan celestialmente buena, sino principalmente porque he escuchado opiniones tan divididas al respecto. Entonces siempre me da tanta curiosidad y quiero ver lo que yo mismo pensar\u00e9 jaja :)<\/p>\n<p>Lea tambi\u00e9n mi gran publicaci\u00f3n de r\u00edmel:\u00a0<a href=\"https:\/\/www.imakeyousmile.se\/es\/mascara\/\">R\u00edmel Mejor en prueba \u21d2 Mejor r\u00edmel (2021) \u21d4 (Revisi\u00f3n)<\/a><\/p>\n<p>Y si miro muchas de las fotos de pesta\u00f1as con \u00e9l, no es el tipo de r\u00edmel que realmente me enamora, pesta\u00f1as que adquieren tanto volumen que casi se ven pegajosas, \u00bfsabes a qu\u00e9 me refiero? Pero tambi\u00e9n he visto muchas fotos geniales de pesta\u00f1as, lo que me ha hecho a\u00fan m\u00e1s hambriento de pruebas.<\/p>\n<p>Pero ahora tambi\u00e9n lo prob\u00e9 cuando llegu\u00e9 a casa hace un tiempo una muestra de prensa, \u00a1y creo que es INCRE\u00cdBLE de hecho!<\/p>\n<p><a href=\"http:\/\/www.imakeyousmile.se\/wp-content\/uploads\/2015\/06\/IMG_3912_111.jpg\"><img loading=\"lazy\" decoding=\"async\" class=\"alignnone size-large wp-image-20334\" src=\"http:\/\/www.imakeyousmile.se\/wp-content\/uploads\/2015\/06\/IMG_3912_111-1024x815.jpg\" alt=\"IMG_3912_111\" width=\"700\" height=\"557\" srcset=\"https:\/\/www.imakeyousmile.se\/wp-content\/uploads\/2015\/06\/IMG_3912_111-1024x815.jpg 1024w, https:\/\/www.imakeyousmile.se\/wp-content\/uploads\/2015\/06\/IMG_3912_111-300x239.jpg 300w, https:\/\/www.imakeyousmile.se\/wp-content\/uploads\/2015\/06\/IMG_3912_111-700x557.jpg 700w, https:\/\/www.imakeyousmile.se\/wp-content\/uploads\/2015\/06\/IMG_3912_111-449x357.jpg 449w, https:\/\/www.imakeyousmile.se\/wp-content\/uploads\/2015\/06\/IMG_3912_111-607x483.jpg 607w, https:\/\/www.imakeyousmile.se\/wp-content\/uploads\/2015\/06\/IMG_3912_111.jpg 2000w\" sizes=\"(max-width: 700px) 100vw, 700px\" \/><\/a><\/p>\n<p>Un poco de texto dif\u00edcil de pisar en la m\u00e1scara al disparar con flash como puedes ver jeje. Pero creo que la funda es muy bonita, negra mate con texto dorado brillante.<\/p>\n<p><strong>Breve rese\u00f1a: una m\u00e1scara de pesta\u00f1as que proporciona longitud y volumen mientras las pesta\u00f1as permanecen separadas y finas. Tiene una gran durabilidad y es muy f\u00e1cil de lavar (no impermeable) y, por lo tanto, \u00a1es genial este verano!<\/strong><\/p>\n<p>\u2665 La durabilidad es cruel, no se desmorona y no mancha lo aceitoso que estoy en el p\u00e1rpado. Las pesta\u00f1as quedan igual de bonitas de la ma\u00f1ana a la noche.<br \/>\n\u2665 Y a pesar de su buena durabilidad, sigue siendo muy f\u00e1cil de lavar, me deshago de \u00e9l solo con agua.<br \/>\n\u2665 Las pesta\u00f1as adquieren una longitud y un volumen agradables sin verse &quot;demasiado&quot;.<br \/>\n\u2665 Las pesta\u00f1as tambi\u00e9n est\u00e1n bien separadas.<br \/>\n\u2665 F\u00e1cil de aplicar, no da grumos y puedes trabajar bien las pesta\u00f1as si t\u00fa, como yo, no tienes pesta\u00f1as que se vean bien de inmediato.<br \/>\n\u2665 El cepillo se adapta a ojos grandes y peque\u00f1os, ya que es muy estrecho en el borde delantero y muy ancho en el borde exterior.<\/p>\n<p>Est\u00e1 disponible para su compra en, entre otros lugares <strong><a href=\"https:\/\/ion.lyko.com\/t\/t?a=1117786221&amp;as=1548102449&amp;t=2&amp;tk=1&amp;epi=search-replace-mascara&amp;url=https:\/\/lyko.com\/sv\/smink\/ogon\/mascara\" target=\"_blank\" rel=\"noopener\">AQU\u00cd<\/a><\/strong>\u00a0por SEK 159, donde tambi\u00e9n puede comprar dos piezas al mismo tiempo por SEK 289 (en lugar del precio habitual de dos piezas, que es SEK 318). La m\u00e1scara contiene 14 ml, que es bastante en comparaci\u00f3n con muchas otras m\u00e1scaras.<br \/>\n<a href=\"http:\/\/www.imakeyousmile.se\/wp-content\/uploads\/2015\/06\/IMG_3912_111.jpg\"><br \/>\n<\/a> <a href=\"http:\/\/www.imakeyousmile.se\/wp-content\/uploads\/2015\/06\/IMG_3924_111.jpg\"><img loading=\"lazy\" decoding=\"async\" class=\"alignnone size-large wp-image-20335\" src=\"http:\/\/www.imakeyousmile.se\/wp-content\/uploads\/2015\/06\/IMG_3924_111-903x1024.jpg\" alt=\"IMG_3924_111\" width=\"700\" height=\"794\" srcset=\"https:\/\/www.imakeyousmile.se\/wp-content\/uploads\/2015\/06\/IMG_3924_111-903x1024.jpg 903w, https:\/\/www.imakeyousmile.se\/wp-content\/uploads\/2015\/06\/IMG_3924_111-265x300.jpg 265w, https:\/\/www.imakeyousmile.se\/wp-content\/uploads\/2015\/06\/IMG_3924_111-700x794.jpg 700w, https:\/\/www.imakeyousmile.se\/wp-content\/uploads\/2015\/06\/IMG_3924_111-315x357.jpg 315w, https:\/\/www.imakeyousmile.se\/wp-content\/uploads\/2015\/06\/IMG_3924_111-426x483.jpg 426w, https:\/\/www.imakeyousmile.se\/wp-content\/uploads\/2015\/06\/IMG_3924_111.jpg 1392w\" sizes=\"(max-width: 700px) 100vw, 700px\" \/><\/a><\/p>\n<p>Como dije, el cepillo es muy estrecho en la parte superior para que puedas acceder f\u00e1cilmente a las pesta\u00f1as por el rabillo del ojo. Creo que el cepillo tambi\u00e9n recibe una buena cantidad de r\u00edmel, soy &quot;al\u00e9rgico&quot; a los cepillos de r\u00edmel que tienen demasiado r\u00edmel, lo cual es bastante com\u00fan entre las m\u00e1scaras de volumen. \u00a1Pero este pincel es genial!<\/p>\n<p><a href=\"http:\/\/www.imakeyousmile.se\/wp-content\/uploads\/2015\/06\/IMG_4657_111.jpg\"><img loading=\"lazy\" decoding=\"async\" class=\"alignnone size-large wp-image-20336\" src=\"http:\/\/www.imakeyousmile.se\/wp-content\/uploads\/2015\/06\/IMG_4657_111-1024x422.jpg\" alt=\"IMG_4657_111\" width=\"700\" height=\"288\" srcset=\"https:\/\/www.imakeyousmile.se\/wp-content\/uploads\/2015\/06\/IMG_4657_111-1024x422.jpg 1024w, https:\/\/www.imakeyousmile.se\/wp-content\/uploads\/2015\/06\/IMG_4657_111-300x124.jpg 300w, https:\/\/www.imakeyousmile.se\/wp-content\/uploads\/2015\/06\/IMG_4657_111-700x288.jpg 700w, https:\/\/www.imakeyousmile.se\/wp-content\/uploads\/2015\/06\/IMG_4657_111-867x357.jpg 867w, https:\/\/www.imakeyousmile.se\/wp-content\/uploads\/2015\/06\/IMG_4657_111-1173x483.jpg 1173w\" sizes=\"(max-width: 700px) 100vw, 700px\" \/><\/a><\/p>\n<p>Aqu\u00ed ves mis pesta\u00f1as, he usado rizadores de pesta\u00f1as antes. Fina va? :)<\/p>\n<p><a href=\"http:\/\/www.imakeyousmile.se\/wp-content\/uploads\/2015\/06\/IMG_4660_111.jpg\"><img loading=\"lazy\" decoding=\"async\" class=\"alignnone size-large wp-image-20337\" src=\"http:\/\/www.imakeyousmile.se\/wp-content\/uploads\/2015\/06\/IMG_4660_111-1024x727.jpg\" alt=\"IMG_4660_111\" width=\"700\" height=\"497\" srcset=\"https:\/\/www.imakeyousmile.se\/wp-content\/uploads\/2015\/06\/IMG_4660_111-1024x727.jpg 1024w, https:\/\/www.imakeyousmile.se\/wp-content\/uploads\/2015\/06\/IMG_4660_111-300x213.jpg 300w, https:\/\/www.imakeyousmile.se\/wp-content\/uploads\/2015\/06\/IMG_4660_111-700x497.jpg 700w, https:\/\/www.imakeyousmile.se\/wp-content\/uploads\/2015\/06\/IMG_4660_111-503x357.jpg 503w, https:\/\/www.imakeyousmile.se\/wp-content\/uploads\/2015\/06\/IMG_4660_111-680x483.jpg 680w, https:\/\/www.imakeyousmile.se\/wp-content\/uploads\/2015\/06\/IMG_4660_111.jpg 1716w\" sizes=\"(max-width: 700px) 100vw, 700px\" \/><\/a><\/p>\n<p><a href=\"http:\/\/www.imakeyousmile.se\/wp-content\/uploads\/2015\/06\/IMG_4684_111.jpg\"><img loading=\"lazy\" decoding=\"async\" class=\"alignnone size-large wp-image-20338\" src=\"http:\/\/www.imakeyousmile.se\/wp-content\/uploads\/2015\/06\/IMG_4684_111-867x1024.jpg\" alt=\"IMG_4684_111\" width=\"700\" height=\"827\" srcset=\"https:\/\/www.imakeyousmile.se\/wp-content\/uploads\/2015\/06\/IMG_4684_111-867x1024.jpg 867w, https:\/\/www.imakeyousmile.se\/wp-content\/uploads\/2015\/06\/IMG_4684_111-254x300.jpg 254w, https:\/\/www.imakeyousmile.se\/wp-content\/uploads\/2015\/06\/IMG_4684_111-700x827.jpg 700w, https:\/\/www.imakeyousmile.se\/wp-content\/uploads\/2015\/06\/IMG_4684_111-302x357.jpg 302w, https:\/\/www.imakeyousmile.se\/wp-content\/uploads\/2015\/06\/IMG_4684_111-409x483.jpg 409w\" sizes=\"(max-width: 700px) 100vw, 700px\" \/><\/a><\/p>\n<p>Y as\u00ed es como se ven las pesta\u00f1as cuando miro al frente.<\/p>\n<p>\u00a1Solo puedo dar dos pulgares hacia arriba! Y el s\u00e1bado tengo un maquillaje de novia que estuvo aqu\u00ed para un maquillaje de prueba el viernes pasado, luego hubo mucha charla de maquillaje y ella dijo que el r\u00edmel de LCC es su favorito, as\u00ed que fue divertido escucharlo cuando estaba haciendo una rese\u00f1a :)<\/p>\n<p>Ha estado en el rango por un tiempo, entonces, \u00bfvarios de ustedes que leen probablemente hayan tenido tiempo de probarlo tambi\u00e9n? \u00bfQue piensas de eso? Como dije, he le\u00eddo opiniones divididas, algunos que piensan que da<em> para<\/em> mucho volumen, pero este es el caso de todas las m\u00e1scaras, pueden dar distintos resultados en distintas pesta\u00f1as. \u00a1Entonces ser\u00eda divertido saber lo que piensas!<\/p>\n<p>Ahora volver\u00e9 a llenar la taza de caf\u00e9 y esperar\u00e9 a que la lluvia se tome un descanso para poder ir con la bolsa de pintura facial a mi hermana que es incre\u00edblemente linda y \u00a1me ayudar\u00e1 a lavar todos los pinceles que he usado este fin de semana! Lleva mucho tiempo (y es aburrido) y tengo tanto que hacer, as\u00ed que se ofreci\u00f3 a ayudar. Hombre maravilloso :) \u2665<\/p>\n<p>\u00a1Espero que tengas un buen comienzo para la nueva semana!<\/p>","protected":false},"excerpt":{"rendered":"<p>Nu har jag \u00e4ntligen testat mascaran fr\u00e5n LCC\u00a0som jag varit sugen p\u00e5 j\u00e4ttel\u00e4nge,\u00a0inte fr\u00e4mst f\u00f6r att den verkar s\u00e5 himla bra utan mest f\u00f6r att jag har h\u00f6rt s\u00e5 delade meningar om den. D\u00e5 blir jag alltid s\u00e5 nyfiken och vill se vad jag sj\u00e4lv kommer tycka haha :) L\u00e4s \u00e4ven mitt stora mascara inl\u00e4gg:\u00a0Mascara [&hellip;]<\/p>\n","protected":false},"author":30,"featured_media":20337,"comment_status":"open","ping_status":"closed","sticky":false,"template":"","format":"standard","meta":{"footnotes":""},"categories":[61,59],"tags":[3666,3212,3665,3663,3664],"class_list":["post-20333","post","type-post","status-publish","format-standard","has-post-thumbnail","hentry","category-ogonfransar","category-recensioner-produkttips","tag-blondinbella-mascara","tag-bra-volymmascara","tag-lcc-mascara","tag-lowengrip-care-color-18-hours-mascara","tag-lowengrip-care-color-18-hours-mascara-recension"],"yoast_head":"<!-- This site is optimized with the Yoast SEO Premium plugin v14.9 - https:\/\/yoast.com\/wordpress\/plugins\/seo\/ -->\n<meta name=\"description\" content=\"L\u00f6wengrip Care &amp; Color 18 Hours Mascara | Helena Amiley - H\u00e4r hittar du senaste infromation om sk\u00f6nhet, livsstil, entrepren\u00f6rskap, makeup &amp; tips.\" \/>\n<meta name=\"robots\" content=\"index, follow, max-snippet:-1, max-image-preview:large, max-video-preview:-1\" \/>\n<link rel=\"canonical\" href=\"https:\/\/www.imakeyousmile.se\/es\/lowengrip-care-color-18-hours-mascara\/\" \/>\n<meta property=\"og:locale\" content=\"es_ES\" \/>\n<meta property=\"og:type\" content=\"article\" \/>\n<meta property=\"og:title\" content=\"L\u00f6wengrip Care &amp; Color 18 Hours Mascara | Imakeyousmile.se\" \/>\n<meta property=\"og:description\" content=\"L\u00f6wengrip Care &amp; Color 18 Hours Mascara | Helena Amiley - H\u00e4r hittar du senaste infromation om sk\u00f6nhet, livsstil, entrepren\u00f6rskap, makeup &amp; tips.\" \/>\n<meta property=\"og:url\" content=\"https:\/\/www.imakeyousmile.se\/es\/lowengrip-care-color-18-hours-mascara\/\" \/>\n<meta property=\"og:site_name\" content=\"Imakeyousmile.se\" \/>\n<meta property=\"article:author\" content=\"https:\/\/www.facebook.com\/imakeyousmile.se\" \/>\n<meta property=\"article:published_time\" content=\"2015-06-01T07:36:07+00:00\" \/>\n<meta property=\"article:modified_time\" content=\"2021-09-28T08:30:03+00:00\" \/>\n<meta property=\"og:image\" content=\"https:\/\/www.imakeyousmile.se\/wp-content\/uploads\/2015\/06\/IMG_4660_111.jpg\" \/>\n\t<meta property=\"og:image:width\" content=\"1716\" \/>\n\t<meta property=\"og:image:height\" content=\"1218\" \/>\n<meta name=\"twitter:card\" content=\"summary_large_image\" \/>\n<script type=\"application\/ld+json\" class=\"yoast-schema-graph\">{\"@context\":\"https:\/\/schema.org\",\"@graph\":[{\"@type\":\"Organization\",\"@id\":\"https:\/\/www.imakeyousmile.se\/es\/#organization\",\"name\":\"Imakeyousmile\",\"url\":\"https:\/\/www.imakeyousmile.se\/es\/\",\"sameAs\":[],\"logo\":{\"@type\":\"ImageObject\",\"@id\":\"https:\/\/www.imakeyousmile.se\/es\/#logo\",\"inLanguage\":\"es\",\"url\":\"https:\/\/www.imakeyousmile.se\/wp-content\/uploads\/2020\/10\/HELENA-AMILEY_SVART-1-e1603367975324.png\",\"width\":280,\"height\":93,\"caption\":\"Imakeyousmile\"},\"image\":{\"@id\":\"https:\/\/www.imakeyousmile.se\/es\/#logo\"}},{\"@type\":\"WebSite\",\"@id\":\"https:\/\/www.imakeyousmile.se\/es\/#website\",\"url\":\"https:\/\/www.imakeyousmile.se\/es\/\",\"name\":\"Imakeyousmile.se\",\"description\":\"Helena Amiley - Beauty, Entrepreneur, Lifestyle\",\"publisher\":{\"@id\":\"https:\/\/www.imakeyousmile.se\/es\/#organization\"},\"potentialAction\":[{\"@type\":\"SearchAction\",\"target\":\"https:\/\/www.imakeyousmile.se\/es\/?s={search_term_string}\",\"query-input\":\"required name=search_term_string\"}],\"inLanguage\":\"es\"},{\"@type\":\"ImageObject\",\"@id\":\"https:\/\/www.imakeyousmile.se\/lowengrip-care-color-18-hours-mascara\/#primaryimage\",\"inLanguage\":\"es\",\"url\":\"https:\/\/www.imakeyousmile.se\/wp-content\/uploads\/2015\/06\/IMG_4660_111.jpg\",\"width\":1716,\"height\":1218},{\"@type\":\"WebPage\",\"@id\":\"https:\/\/www.imakeyousmile.se\/lowengrip-care-color-18-hours-mascara\/#webpage\",\"url\":\"https:\/\/www.imakeyousmile.se\/lowengrip-care-color-18-hours-mascara\/\",\"name\":\"L\\u00f6wengrip Care & Color 18 Hours Mascara | Imakeyousmile.se\",\"isPartOf\":{\"@id\":\"https:\/\/www.imakeyousmile.se\/es\/#website\"},\"primaryImageOfPage\":{\"@id\":\"https:\/\/www.imakeyousmile.se\/lowengrip-care-color-18-hours-mascara\/#primaryimage\"},\"datePublished\":\"2015-06-01T07:36:07+00:00\",\"dateModified\":\"2021-09-28T08:30:03+00:00\",\"description\":\"L\\u00f6wengrip Care & Color 18 Hours Mascara | Helena Amiley - H\\u00e4r hittar du senaste infromation om sk\\u00f6nhet, livsstil, entrepren\\u00f6rskap, makeup & tips.\",\"inLanguage\":\"es\",\"potentialAction\":[{\"@type\":\"ReadAction\",\"target\":[\"https:\/\/www.imakeyousmile.se\/lowengrip-care-color-18-hours-mascara\/\"]}]},{\"@type\":\"Article\",\"@id\":\"https:\/\/www.imakeyousmile.se\/lowengrip-care-color-18-hours-mascara\/#article\",\"isPartOf\":{\"@id\":\"https:\/\/www.imakeyousmile.se\/lowengrip-care-color-18-hours-mascara\/#webpage\"},\"author\":{\"@id\":\"https:\/\/www.imakeyousmile.se\/es\/#\/schema\/person\/b0fd43b1c6bb1c60cfd68bff9b4a10fb\"},\"headline\":\"L\\u00f6wengrip Care &#038; Color 18 Hours Mascara\",\"datePublished\":\"2015-06-01T07:36:07+00:00\",\"dateModified\":\"2021-09-28T08:30:03+00:00\",\"mainEntityOfPage\":{\"@id\":\"https:\/\/www.imakeyousmile.se\/lowengrip-care-color-18-hours-mascara\/#webpage\"},\"commentCount\":6,\"publisher\":{\"@id\":\"https:\/\/www.imakeyousmile.se\/es\/#organization\"},\"image\":{\"@id\":\"https:\/\/www.imakeyousmile.se\/lowengrip-care-color-18-hours-mascara\/#primaryimage\"},\"keywords\":\"blondinbella mascara,bra volymmascara,lcc mascara,L\\u00f6wengrip Care &amp; Color 18 Hours Mascara,L\\u00f6wengrip Care &amp; Color 18 Hours Mascara recension\",\"articleSection\":\"\\u00d6gonfransar,Recensioner &amp; Produkttips\",\"inLanguage\":\"es\",\"potentialAction\":[{\"@type\":\"CommentAction\",\"name\":\"Comment\",\"target\":[\"https:\/\/www.imakeyousmile.se\/lowengrip-care-color-18-hours-mascara\/#respond\"]}]},{\"@type\":\"Person\",\"@id\":\"https:\/\/www.imakeyousmile.se\/es\/#\/schema\/person\/b0fd43b1c6bb1c60cfd68bff9b4a10fb\",\"name\":\"Helena Amiley\",\"image\":{\"@type\":\"ImageObject\",\"@id\":\"https:\/\/www.imakeyousmile.se\/es\/#personlogo\",\"inLanguage\":\"es\",\"url\":\"https:\/\/secure.gravatar.com\/avatar\/5645558e1e355457a23368d7e1b4c904?s=96&d=mm&r=g\",\"caption\":\"Helena Amiley\"},\"description\":\"Jag skriver mest om sk\\u00f6nhet men bjuder \\u00e4ven p\\u00e5 glimtar fr\\u00e5n entrepren\\u00f6rlivet och bygget av v\\u00e5r egen camper van. Vanlife here we come!\",\"sameAs\":[\"https:\/\/www.facebook.com\/imakeyousmile.se\",\"https:\/\/www.instagram.com\/helenaamiley\",\"https:\/\/www.youtube.com\/channel\/UCR5iB6rvpV6Yr8ZjpQfr5mg?view_as=subscriber\"]}]}<\/script>\n<!-- \/ Yoast SEO Premium plugin. -->","_links":{"self":[{"href":"https:\/\/www.imakeyousmile.se\/es\/wp-json\/wp\/v2\/posts\/20333"}],"collection":[{"href":"https:\/\/www.imakeyousmile.se\/es\/wp-json\/wp\/v2\/posts"}],"about":[{"href":"https:\/\/www.imakeyousmile.se\/es\/wp-json\/wp\/v2\/types\/post"}],"author":[{"embeddable":true,"href":"https:\/\/www.imakeyousmile.se\/es\/wp-json\/wp\/v2\/users\/30"}],"replies":[{"embeddable":true,"href":"https:\/\/www.imakeyousmile.se\/es\/wp-json\/wp\/v2\/comments?post=20333"}],"version-history":[{"count":4,"href":"https:\/\/www.imakeyousmile.se\/es\/wp-json\/wp\/v2\/posts\/20333\/revisions"}],"predecessor-version":[{"id":41398,"href":"https:\/\/www.imakeyousmile.se\/es\/wp-json\/wp\/v2\/posts\/20333\/revisions\/41398"}],"wp:featuredmedia":[{"embeddable":true,"href":"https:\/\/www.imakeyousmile.se\/es\/wp-json\/wp\/v2\/media\/20337"}],"wp:attachment":[{"href":"https:\/\/www.imakeyousmile.se\/es\/wp-json\/wp\/v2\/media?parent=20333"}],"wp:term":[{"taxonomy":"category","embeddable":true,"href":"https:\/\/www.imakeyousmile.se\/es\/wp-json\/wp\/v2\/categories?post=20333"},{"taxonomy":"post_tag","embeddable":true,"href":"https:\/\/www.imakeyousmile.se\/es\/wp-json\/wp\/v2\/tags?post=20333"}],"curies":[{"name":"wp","href":"https:\/\/api.w.org\/{rel}","templated":true}]}}