{"id":20346,"date":"2015-06-02T08:26:34","date_gmt":"2015-06-02T06:26:34","guid":{"rendered":"http:\/\/www.imakeyousmile.se\/?p=20346"},"modified":"2018-01-03T15:28:03","modified_gmt":"2018-01-03T14:28:03","slug":"ogonbrynstatuering-efter-lakning","status":"publish","type":"post","link":"https:\/\/www.imakeyousmile.se\/es\/tatuaje-de-cejas-despues-del-barnizado\/","title":{"rendered":"Tatuaje de cejas despu\u00e9s de la curaci\u00f3n."},"content":{"rendered":"<p>S\u00e9 que es popular cuando escribo sobre maquillaje permanente, y ahora he comenzado a ayudar un poco a Creative Make Up con sus im\u00e1genes, ya que Annika preferir\u00eda tener tiempo para otra clienta que sentarse y pegar con mil fotos de antes y despu\u00e9s, as\u00ed que ahora cuando tenga acceso a todas las fotos, no puedo evitar mostrarles un poco su trabajo de vez en cuando, espero que se aprecie? :)<\/p>\n<p>La mayor\u00eda de las im\u00e1genes solo se toman antes e inmediatamente despu\u00e9s del tratamiento, porque cuando el tatuaje se ha curado y el resultado final es bueno, el cliente no regresar\u00e1. Pero tambi\u00e9n he molestado un poco a Annika sobre las im\u00e1genes despu\u00e9s de la curaci\u00f3n, as\u00ed que ahora que un cliente vino para una visita de regreso donde solo era necesario rellenar una ceja, \u00a1aprovech\u00f3 la oportunidad para tomar una foto posterior a la curaci\u00f3n en la otra!<\/p>\n<p><a href=\"http:\/\/www.imakeyousmile.se\/wp-content\/uploads\/2015\/06\/permanent-makeup-efter-l\u00e4kning.jpg\"><img loading=\"lazy\" decoding=\"async\" class=\"alignnone size-large wp-image-20347\" src=\"http:\/\/www.imakeyousmile.se\/wp-content\/uploads\/2015\/06\/permanent-makeup-efter-l\u00e4kning-1024x264.jpg\" alt=\"maquillaje-permanente-despues-de-curacion\" width=\"700\" height=\"180\" srcset=\"https:\/\/www.imakeyousmile.se\/wp-content\/uploads\/2015\/06\/permanent-makeup-efter-l\u00e4kning-1024x264.jpg 1024w, https:\/\/www.imakeyousmile.se\/wp-content\/uploads\/2015\/06\/permanent-makeup-efter-l\u00e4kning-300x77.jpg 300w, https:\/\/www.imakeyousmile.se\/wp-content\/uploads\/2015\/06\/permanent-makeup-efter-l\u00e4kning-700x180.jpg 700w, https:\/\/www.imakeyousmile.se\/wp-content\/uploads\/2015\/06\/permanent-makeup-efter-l\u00e4kning-1385x357.jpg 1385w, https:\/\/www.imakeyousmile.se\/wp-content\/uploads\/2015\/06\/permanent-makeup-efter-l\u00e4kning-1874x483.jpg 1874w\" sizes=\"(max-width: 700px) 100vw, 700px\" \/><\/a><\/p>\n<p>Aqu\u00ed puede ver claramente la diferencia entre no atra\u00eddo, c\u00f3mo se ve inmediatamente despu\u00e9s (n\u00edtido y m\u00e1s oscuro que el resultado final) y luego qu\u00e9 tan natural y agradable es despu\u00e9s de la curaci\u00f3n.<\/p>\n<p>Annika ha desarrollado su propio m\u00e9todo para tatuarse las cejas y coloca las pajitas de una manera que no lo hace un tatuaje 3D normal. Publicar\u00e9 m\u00e1s im\u00e1genes inmediatamente despu\u00e9s del tratamiento para que pueda ver con m\u00e1s claridad c\u00f3mo est\u00e1n tatuadas las pajitas:<\/p>\n<p><a href=\"http:\/\/www.imakeyousmile.se\/wp-content\/uploads\/2015\/06\/\u00f6gonbrynisarjpgg-f\u00f6re-och-efter_111.jpg\"><img loading=\"lazy\" decoding=\"async\" class=\"alignnone size-large wp-image-20349\" src=\"http:\/\/www.imakeyousmile.se\/wp-content\/uploads\/2015\/06\/\u00f6gonbrynisarjpgg-f\u00f6re-och-efter_111-1024x945.jpg\" alt=\"eyebrowsarjpgg-antes-y-despu\u00e9s_111\" width=\"700\" height=\"646\" srcset=\"https:\/\/www.imakeyousmile.se\/wp-content\/uploads\/2015\/06\/\u00f6gonbrynisarjpgg-f\u00f6re-och-efter_111-1024x945.jpg 1024w, https:\/\/www.imakeyousmile.se\/wp-content\/uploads\/2015\/06\/\u00f6gonbrynisarjpgg-f\u00f6re-och-efter_111-300x277.jpg 300w, https:\/\/www.imakeyousmile.se\/wp-content\/uploads\/2015\/06\/\u00f6gonbrynisarjpgg-f\u00f6re-och-efter_111-700x646.jpg 700w, https:\/\/www.imakeyousmile.se\/wp-content\/uploads\/2015\/06\/\u00f6gonbrynisarjpgg-f\u00f6re-och-efter_111-387x357.jpg 387w, https:\/\/www.imakeyousmile.se\/wp-content\/uploads\/2015\/06\/\u00f6gonbrynisarjpgg-f\u00f6re-och-efter_111-523x483.jpg 523w\" sizes=\"(max-width: 700px) 100vw, 700px\" \/><\/a><\/p>\n<p><a href=\"http:\/\/www.imakeyousmile.se\/wp-content\/uploads\/2015\/06\/\u00f6gonbrynissar-f\u00f6re-och-efter_111.jpg\"><img loading=\"lazy\" decoding=\"async\" class=\"alignnone size-large wp-image-20350\" src=\"http:\/\/www.imakeyousmile.se\/wp-content\/uploads\/2015\/06\/\u00f6gonbrynissar-f\u00f6re-och-efter_111-1024x376.jpg\" alt=\"cejas-antes-y-despues_111\" width=\"700\" height=\"257\" srcset=\"https:\/\/www.imakeyousmile.se\/wp-content\/uploads\/2015\/06\/\u00f6gonbrynissar-f\u00f6re-och-efter_111-1024x376.jpg 1024w, https:\/\/www.imakeyousmile.se\/wp-content\/uploads\/2015\/06\/\u00f6gonbrynissar-f\u00f6re-och-efter_111-300x110.jpg 300w, https:\/\/www.imakeyousmile.se\/wp-content\/uploads\/2015\/06\/\u00f6gonbrynissar-f\u00f6re-och-efter_111-700x257.jpg 700w, https:\/\/www.imakeyousmile.se\/wp-content\/uploads\/2015\/06\/\u00f6gonbrynissar-f\u00f6re-och-efter_111-973x357.jpg 973w, https:\/\/www.imakeyousmile.se\/wp-content\/uploads\/2015\/06\/\u00f6gonbrynissar-f\u00f6re-och-efter_111-1316x483.jpg 1316w\" sizes=\"(max-width: 700px) 100vw, 700px\" \/><\/a><\/p>\n<p>Y as\u00ed es como se ve despu\u00e9s de la curaci\u00f3n:<\/p>\n<p><a href=\"http:\/\/www.imakeyousmile.se\/wp-content\/uploads\/2015\/06\/\u00f6gonbrynstatuering-efter-l\u00e4kning.jpg\"><img loading=\"lazy\" decoding=\"async\" class=\"alignnone size-large wp-image-20348\" src=\"http:\/\/www.imakeyousmile.se\/wp-content\/uploads\/2015\/06\/\u00f6gonbrynstatuering-efter-l\u00e4kning-1024x799.jpg\" alt=\"tatuaje de cejas despu\u00e9s de la curaci\u00f3n\" width=\"700\" height=\"546\" srcset=\"https:\/\/www.imakeyousmile.se\/wp-content\/uploads\/2015\/06\/\u00f6gonbrynstatuering-efter-l\u00e4kning-1024x799.jpg 1024w, https:\/\/www.imakeyousmile.se\/wp-content\/uploads\/2015\/06\/\u00f6gonbrynstatuering-efter-l\u00e4kning-300x234.jpg 300w, https:\/\/www.imakeyousmile.se\/wp-content\/uploads\/2015\/06\/\u00f6gonbrynstatuering-efter-l\u00e4kning-700x546.jpg 700w, https:\/\/www.imakeyousmile.se\/wp-content\/uploads\/2015\/06\/\u00f6gonbrynstatuering-efter-l\u00e4kning-457x357.jpg 457w, https:\/\/www.imakeyousmile.se\/wp-content\/uploads\/2015\/06\/\u00f6gonbrynstatuering-efter-l\u00e4kning-619x483.jpg 619w, https:\/\/www.imakeyousmile.se\/wp-content\/uploads\/2015\/06\/\u00f6gonbrynstatuering-efter-l\u00e4kning.jpg 1614w\" sizes=\"(max-width: 700px) 100vw, 700px\" \/><\/a><\/p>\n<p>\u00a1Abrazo! \u2665<\/p>","protected":false},"excerpt":{"rendered":"<p>Jag vet att det \u00e4r popul\u00e4rt n\u00e4r jag skriver om permanent makeup, och nu har jag b\u00f6rjat hj\u00e4lpa Creative Make Up litegrann med sina bilder d\u00e5 Annika hellre vill ha tid f\u00f6r en till kund \u00e4n att sitta och klistra med tusen f\u00f6re- och efterbilder, s\u00e5 nu\u00a0n\u00e4r jag har tillg\u00e5ng till alla bilderna s\u00e5 kan [&hellip;]<\/p>\n","protected":false},"author":30,"featured_media":20348,"comment_status":"open","ping_status":"closed","sticky":false,"template":"","format":"standard","meta":{"footnotes":""},"categories":[65],"tags":[2824,1984,3673,1986],"class_list":["post-20346","post","type-post","status-publish","format-standard","has-post-thumbnail","hentry","category-permanent-make-up","tag-3d-tatuering-ogonbryn","tag-kosmetisk-tatuering-ogonbryn","tag-ogonbrynstatuering-efter-lakning","tag-permanent-makeup-ogonbryn"],"yoast_head":"<!-- This site is optimized with the Yoast SEO Premium plugin v14.9 - https:\/\/yoast.com\/wordpress\/plugins\/seo\/ -->\n<meta name=\"description\" content=\"\u00d6gonbrynstatuering efter l\u00e4kning | Helena Amiley - H\u00e4r hittar du senaste infromation om sk\u00f6nhet, livsstil, entrepren\u00f6rskap, makeup &amp; tips.\" \/>\n<meta name=\"robots\" content=\"index, follow, max-snippet:-1, max-image-preview:large, max-video-preview:-1\" \/>\n<link rel=\"canonical\" href=\"https:\/\/www.imakeyousmile.se\/es\/ogonbrynstatuering-efter-lakning\/\" \/>\n<meta property=\"og:locale\" content=\"es_ES\" \/>\n<meta property=\"og:type\" content=\"article\" \/>\n<meta property=\"og:title\" content=\"\u00d6gonbrynstatuering efter l\u00e4kning | Imakeyousmile.se\" \/>\n<meta property=\"og:description\" content=\"\u00d6gonbrynstatuering efter l\u00e4kning | Helena Amiley - H\u00e4r hittar du senaste infromation om sk\u00f6nhet, livsstil, entrepren\u00f6rskap, makeup &amp; tips.\" \/>\n<meta property=\"og:url\" content=\"https:\/\/www.imakeyousmile.se\/es\/ogonbrynstatuering-efter-lakning\/\" \/>\n<meta property=\"og:site_name\" content=\"Imakeyousmile.se\" \/>\n<meta property=\"article:author\" content=\"https:\/\/www.facebook.com\/imakeyousmile.se\" \/>\n<meta property=\"article:published_time\" content=\"2015-06-02T06:26:34+00:00\" \/>\n<meta property=\"article:modified_time\" content=\"2018-01-03T14:28:03+00:00\" \/>\n<meta property=\"og:image\" content=\"https:\/\/www.imakeyousmile.se\/wp-content\/uploads\/2015\/06\/\u00f6gonbrynstatuering-efter-l\u00e4kning.jpg\" \/>\n\t<meta property=\"og:image:width\" content=\"1614\" \/>\n\t<meta property=\"og:image:height\" content=\"1260\" \/>\n<meta name=\"twitter:card\" content=\"summary_large_image\" \/>\n<script type=\"application\/ld+json\" class=\"yoast-schema-graph\">{\"@context\":\"https:\/\/schema.org\",\"@graph\":[{\"@type\":\"Organization\",\"@id\":\"https:\/\/www.imakeyousmile.se\/es\/#organization\",\"name\":\"Imakeyousmile\",\"url\":\"https:\/\/www.imakeyousmile.se\/es\/\",\"sameAs\":[],\"logo\":{\"@type\":\"ImageObject\",\"@id\":\"https:\/\/www.imakeyousmile.se\/es\/#logo\",\"inLanguage\":\"es\",\"url\":\"https:\/\/www.imakeyousmile.se\/wp-content\/uploads\/2020\/10\/HELENA-AMILEY_SVART-1-e1603367975324.png\",\"width\":280,\"height\":93,\"caption\":\"Imakeyousmile\"},\"image\":{\"@id\":\"https:\/\/www.imakeyousmile.se\/es\/#logo\"}},{\"@type\":\"WebSite\",\"@id\":\"https:\/\/www.imakeyousmile.se\/es\/#website\",\"url\":\"https:\/\/www.imakeyousmile.se\/es\/\",\"name\":\"Imakeyousmile.se\",\"description\":\"Helena Amiley - Beauty, Entrepreneur, Lifestyle\",\"publisher\":{\"@id\":\"https:\/\/www.imakeyousmile.se\/es\/#organization\"},\"potentialAction\":[{\"@type\":\"SearchAction\",\"target\":\"https:\/\/www.imakeyousmile.se\/es\/?s={search_term_string}\",\"query-input\":\"required name=search_term_string\"}],\"inLanguage\":\"es\"},{\"@type\":\"ImageObject\",\"@id\":\"https:\/\/www.imakeyousmile.se\/ogonbrynstatuering-efter-lakning\/#primaryimage\",\"inLanguage\":\"es\",\"url\":\"https:\/\/www.imakeyousmile.se\/wp-content\/uploads\/2015\/06\/\\u00f6gonbrynstatuering-efter-l\\u00e4kning.jpg\",\"width\":1614,\"height\":1260},{\"@type\":\"WebPage\",\"@id\":\"https:\/\/www.imakeyousmile.se\/ogonbrynstatuering-efter-lakning\/#webpage\",\"url\":\"https:\/\/www.imakeyousmile.se\/ogonbrynstatuering-efter-lakning\/\",\"name\":\"\\u00d6gonbrynstatuering efter l\\u00e4kning | Imakeyousmile.se\",\"isPartOf\":{\"@id\":\"https:\/\/www.imakeyousmile.se\/es\/#website\"},\"primaryImageOfPage\":{\"@id\":\"https:\/\/www.imakeyousmile.se\/ogonbrynstatuering-efter-lakning\/#primaryimage\"},\"datePublished\":\"2015-06-02T06:26:34+00:00\",\"dateModified\":\"2018-01-03T14:28:03+00:00\",\"description\":\"\\u00d6gonbrynstatuering efter l\\u00e4kning | Helena Amiley - H\\u00e4r hittar du senaste infromation om sk\\u00f6nhet, livsstil, entrepren\\u00f6rskap, makeup & tips.\",\"inLanguage\":\"es\",\"potentialAction\":[{\"@type\":\"ReadAction\",\"target\":[\"https:\/\/www.imakeyousmile.se\/ogonbrynstatuering-efter-lakning\/\"]}]},{\"@type\":\"Article\",\"@id\":\"https:\/\/www.imakeyousmile.se\/ogonbrynstatuering-efter-lakning\/#article\",\"isPartOf\":{\"@id\":\"https:\/\/www.imakeyousmile.se\/ogonbrynstatuering-efter-lakning\/#webpage\"},\"author\":{\"@id\":\"https:\/\/www.imakeyousmile.se\/es\/#\/schema\/person\/b0fd43b1c6bb1c60cfd68bff9b4a10fb\"},\"headline\":\"\\u00d6gonbrynstatuering efter l\\u00e4kning\",\"datePublished\":\"2015-06-02T06:26:34+00:00\",\"dateModified\":\"2018-01-03T14:28:03+00:00\",\"mainEntityOfPage\":{\"@id\":\"https:\/\/www.imakeyousmile.se\/ogonbrynstatuering-efter-lakning\/#webpage\"},\"commentCount\":3,\"publisher\":{\"@id\":\"https:\/\/www.imakeyousmile.se\/es\/#organization\"},\"image\":{\"@id\":\"https:\/\/www.imakeyousmile.se\/ogonbrynstatuering-efter-lakning\/#primaryimage\"},\"keywords\":\"3d tatuering \\u00f6gonbryn,kosmetisk tatuering \\u00f6gonbryn,\\u00f6gonbrynstatuering efter l\\u00e4kning,permanent makeup \\u00f6gonbryn\",\"articleSection\":\"Permanent makeup\",\"inLanguage\":\"es\",\"potentialAction\":[{\"@type\":\"CommentAction\",\"name\":\"Comment\",\"target\":[\"https:\/\/www.imakeyousmile.se\/ogonbrynstatuering-efter-lakning\/#respond\"]}]},{\"@type\":\"Person\",\"@id\":\"https:\/\/www.imakeyousmile.se\/es\/#\/schema\/person\/b0fd43b1c6bb1c60cfd68bff9b4a10fb\",\"name\":\"Helena Amiley\",\"image\":{\"@type\":\"ImageObject\",\"@id\":\"https:\/\/www.imakeyousmile.se\/es\/#personlogo\",\"inLanguage\":\"es\",\"url\":\"https:\/\/secure.gravatar.com\/avatar\/5645558e1e355457a23368d7e1b4c904?s=96&d=mm&r=g\",\"caption\":\"Helena Amiley\"},\"description\":\"Jag skriver mest om sk\\u00f6nhet men bjuder \\u00e4ven p\\u00e5 glimtar fr\\u00e5n entrepren\\u00f6rlivet och bygget av v\\u00e5r egen camper van. Vanlife here we come!\",\"sameAs\":[\"https:\/\/www.facebook.com\/imakeyousmile.se\",\"https:\/\/www.instagram.com\/helenaamiley\",\"https:\/\/www.youtube.com\/channel\/UCR5iB6rvpV6Yr8ZjpQfr5mg?view_as=subscriber\"]}]}<\/script>\n<!-- \/ Yoast SEO Premium plugin. -->","_links":{"self":[{"href":"https:\/\/www.imakeyousmile.se\/es\/wp-json\/wp\/v2\/posts\/20346"}],"collection":[{"href":"https:\/\/www.imakeyousmile.se\/es\/wp-json\/wp\/v2\/posts"}],"about":[{"href":"https:\/\/www.imakeyousmile.se\/es\/wp-json\/wp\/v2\/types\/post"}],"author":[{"embeddable":true,"href":"https:\/\/www.imakeyousmile.se\/es\/wp-json\/wp\/v2\/users\/30"}],"replies":[{"embeddable":true,"href":"https:\/\/www.imakeyousmile.se\/es\/wp-json\/wp\/v2\/comments?post=20346"}],"version-history":[{"count":2,"href":"https:\/\/www.imakeyousmile.se\/es\/wp-json\/wp\/v2\/posts\/20346\/revisions"}],"predecessor-version":[{"id":30980,"href":"https:\/\/www.imakeyousmile.se\/es\/wp-json\/wp\/v2\/posts\/20346\/revisions\/30980"}],"wp:featuredmedia":[{"embeddable":true,"href":"https:\/\/www.imakeyousmile.se\/es\/wp-json\/wp\/v2\/media\/20348"}],"wp:attachment":[{"href":"https:\/\/www.imakeyousmile.se\/es\/wp-json\/wp\/v2\/media?parent=20346"}],"wp:term":[{"taxonomy":"category","embeddable":true,"href":"https:\/\/www.imakeyousmile.se\/es\/wp-json\/wp\/v2\/categories?post=20346"},{"taxonomy":"post_tag","embeddable":true,"href":"https:\/\/www.imakeyousmile.se\/es\/wp-json\/wp\/v2\/tags?post=20346"}],"curies":[{"name":"wp","href":"https:\/\/api.w.org\/{rel}","templated":true}]}}