{"id":20371,"date":"2015-06-03T17:30:00","date_gmt":"2015-06-03T15:30:00","guid":{"rendered":"http:\/\/www.imakeyousmile.se\/?p=20371"},"modified":"2021-10-07T11:26:55","modified_gmt":"2021-10-07T09:26:55","slug":"oriflame-cc-cream-spf-35-recension","status":"publish","type":"post","link":"https:\/\/www.imakeyousmile.se\/es\/oriflame-cc-cream-spf-35-review\/","title":{"rendered":"Revisi\u00f3n de Oriflame CC-Cream spf 35"},"content":{"rendered":"<p>Para aquellos de ustedes que buscan una CC-Cream con un factor de protecci\u00f3n solar alto, les puedo recomendar <a href=\"https:\/\/ion.lyko.com\/t\/t?a=1117786221&amp;as=1548102449&amp;t=2&amp;tk=1&amp;epi=search-replace-ccream&amp;url=https:\/\/lyko.com\/sv\/smink\/ansikte\/bbccdd-cream?fromsearch=cc%20cream\" target=\"_blank\" rel=\"noopener\">Oriflame Giordani Gold CC-Crema spf 35<\/a>\u00a0que es semiopaco y tiene un factor de protecci\u00f3n solar de 35, y filtros tanto UVA como UVB.<\/p>\n<p><a href=\"http:\/\/www.imakeyousmile.se\/wp-content\/uploads\/2015\/06\/oriflame-cc-cream-recension.jpg\"><img loading=\"lazy\" decoding=\"async\" class=\"alignnone size-large wp-image-20375\" src=\"http:\/\/www.imakeyousmile.se\/wp-content\/uploads\/2015\/06\/oriflame-cc-cream-recension-1024x691.jpg\" alt=\"oriflame-cc-crema-revisi\u00f3n\" width=\"700\" height=\"472\" srcset=\"https:\/\/www.imakeyousmile.se\/wp-content\/uploads\/2015\/06\/oriflame-cc-cream-recension-1024x691.jpg 1024w, https:\/\/www.imakeyousmile.se\/wp-content\/uploads\/2015\/06\/oriflame-cc-cream-recension-300x202.jpg 300w, https:\/\/www.imakeyousmile.se\/wp-content\/uploads\/2015\/06\/oriflame-cc-cream-recension-700x472.jpg 700w, https:\/\/www.imakeyousmile.se\/wp-content\/uploads\/2015\/06\/oriflame-cc-cream-recension-529x357.jpg 529w, https:\/\/www.imakeyousmile.se\/wp-content\/uploads\/2015\/06\/oriflame-cc-cream-recension-716x483.jpg 716w, https:\/\/www.imakeyousmile.se\/wp-content\/uploads\/2015\/06\/oriflame-cc-cream-recension.jpg 1705w\" sizes=\"(max-width: 700px) 100vw, 700px\" \/><\/a><\/p>\n<p><strong>Solicitud<\/strong><br \/>\nLa crema es fina y muy f\u00e1cil de aplicar en el rostro, se siente como una crema de d\u00eda normal. \u00a1Se iguala y es agradable y va r\u00e1pido!<\/p>\n<p><strong>Fragancia<\/strong><br \/>\nHuele bastante a perfume, bien y no huele tanto tiempo, pero puede ser bueno saberlo para ti que no te gustan los productos perfumados.<\/p>\n<p><strong>Sombras<\/strong><br \/>\nDisponible en dos tonos, tengo Light, y creo que se adapta muy bien a mi propio tono de piel.<\/p>\n<p><strong>Resultados<\/strong><br \/>\nUnifica el tono de la piel y cubre eficazmente las zonas rojas y, en cierta medida, tambi\u00e9n las imperfecciones. Sin iluminar todo el rostro, tambi\u00e9n tiene un efecto iluminador alrededor de los ojos, que siempre es agradable.<\/p>\n<p>Tambi\u00e9n tengo (no en estas fotos) polvos en la cara para arreglar y conseguir una superficie mate, pero si tienes la piel seca, no creo que se necesiten polvos porque no es para nada pegajoso ni brillante como muchas otras marcas. Se fija bastante bien y tampoco siento que se pliegue alrededor de los ojos y cosas por el estilo antes de aplicar el polvo.<\/p>\n<p>La crema penetra bien en la piel y se ve muy natural y agradable.<\/p>\n<p><strong>sustentabilidad<\/strong><br \/>\nNo es del todo \u00f3ptimo para m\u00ed con piel grasa, pero tampoco est\u00e1 mal. Se mantiene bien todo el d\u00eda, pero tengo que matizar la piel con m\u00e1s frecuencia que con p. Ej. almohadas minerales. No tengo la piel seca para nada pero se siente en la consistencia que es perfecta para ti con piel seca sin enfatizar la picaz\u00f3n.<\/p>\n<p><strong>Premio<\/strong><br \/>\nActualmente cuesta 199: - (precio ord. 295 :-) por 40 ml que se siente asequible. Disponible para compra\u00a0<strong><a href=\"https:\/\/ion.lyko.com\/t\/t?a=1117786221&amp;as=1548102449&amp;t=2&amp;tk=1&amp;epi=search-replace-ccream&amp;url=https:\/\/lyko.com\/sv\/smink\/ansikte\/bbccdd-cream?fromsearch=cc%20cream\">AQU\u00cd<\/a><\/strong>.<\/p>\n<p><strong>Revisi\u00f3n resumida<\/strong> - CC-crema perfecta para ti con piel seca \/ normal que quieres un tono de piel uniforme y agradable sin cubrirla por completo. \u00a1Producto superior este verano!<\/p>\n<p><a href=\"http:\/\/www.imakeyousmile.se\/wp-content\/uploads\/2015\/06\/oriflame-cc-cream.jpg\"><img loading=\"lazy\" decoding=\"async\" class=\"alignnone size-large wp-image-20373\" src=\"http:\/\/www.imakeyousmile.se\/wp-content\/uploads\/2015\/06\/oriflame-cc-cream-1024x457.jpg\" alt=\"crema de oriflame cc\" width=\"700\" height=\"312\" srcset=\"https:\/\/www.imakeyousmile.se\/wp-content\/uploads\/2015\/06\/oriflame-cc-cream-1024x457.jpg 1024w, https:\/\/www.imakeyousmile.se\/wp-content\/uploads\/2015\/06\/oriflame-cc-cream-300x134.jpg 300w, https:\/\/www.imakeyousmile.se\/wp-content\/uploads\/2015\/06\/oriflame-cc-cream-700x312.jpg 700w, https:\/\/www.imakeyousmile.se\/wp-content\/uploads\/2015\/06\/oriflame-cc-cream-801x357.jpg 801w, https:\/\/www.imakeyousmile.se\/wp-content\/uploads\/2015\/06\/oriflame-cc-cream-1083x483.jpg 1083w\" sizes=\"(max-width: 700px) 100vw, 700px\" \/><\/a><\/p>\n<p>Me gusta que tambi\u00e9n viene en un tubo, se siente pr\u00e1ctico, cuando comienza a agotarse, puedes sacar f\u00e1cilmente lo \u00faltimo.<\/p>\n<p><a href=\"http:\/\/www.imakeyousmile.se\/wp-content\/uploads\/2015\/06\/IMG_3977_111.jpg\"><img loading=\"lazy\" decoding=\"async\" class=\"alignnone size-full wp-image-20372\" src=\"http:\/\/www.imakeyousmile.se\/wp-content\/uploads\/2015\/06\/IMG_3977_111.jpg\" alt=\"IMG_3977_111\" width=\"981\" height=\"564\" srcset=\"https:\/\/www.imakeyousmile.se\/wp-content\/uploads\/2015\/06\/IMG_3977_111.jpg 981w, https:\/\/www.imakeyousmile.se\/wp-content\/uploads\/2015\/06\/IMG_3977_111-300x172.jpg 300w, https:\/\/www.imakeyousmile.se\/wp-content\/uploads\/2015\/06\/IMG_3977_111-700x402.jpg 700w, https:\/\/www.imakeyousmile.se\/wp-content\/uploads\/2015\/06\/IMG_3977_111-621x357.jpg 621w, https:\/\/www.imakeyousmile.se\/wp-content\/uploads\/2015\/06\/IMG_3977_111-840x483.jpg 840w\" sizes=\"(max-width: 981px) 100vw, 981px\" \/><\/a> <a href=\"http:\/\/www.imakeyousmile.se\/wp-content\/uploads\/2015\/06\/oriflame-cc-cream.jpg\"><br \/>\n<\/a> <a href=\"http:\/\/www.imakeyousmile.se\/wp-content\/uploads\/2015\/06\/IMG_4856_111.jpg\"><img loading=\"lazy\" decoding=\"async\" class=\"alignnone size-large wp-image-20374\" src=\"http:\/\/www.imakeyousmile.se\/wp-content\/uploads\/2015\/06\/IMG_4856_111-922x1024.jpg\" alt=\"IMG_4856_111\" width=\"700\" height=\"777\" srcset=\"https:\/\/www.imakeyousmile.se\/wp-content\/uploads\/2015\/06\/IMG_4856_111-922x1024.jpg 922w, https:\/\/www.imakeyousmile.se\/wp-content\/uploads\/2015\/06\/IMG_4856_111-270x300.jpg 270w, https:\/\/www.imakeyousmile.se\/wp-content\/uploads\/2015\/06\/IMG_4856_111-700x778.jpg 700w, https:\/\/www.imakeyousmile.se\/wp-content\/uploads\/2015\/06\/IMG_4856_111-321x357.jpg 321w, https:\/\/www.imakeyousmile.se\/wp-content\/uploads\/2015\/06\/IMG_4856_111-435x483.jpg 435w, https:\/\/www.imakeyousmile.se\/wp-content\/uploads\/2015\/06\/IMG_4856_111.jpg 2000w\" sizes=\"(max-width: 700px) 100vw, 700px\" \/><\/a><\/p>\n<p>En esta imagen puedes ver claramente que el tono de piel es uniforme, pero a\u00fan natural y con algunas peque\u00f1as imperfecciones que brillan, b\u00e1sicamente pensar\u00edas que estoy deshecho.<\/p>\n<p>Este es un bonito borde para nosotros con zonas muy rojas, si quieres un tono de piel uniforme y sentirte &quot;impecable&quot;, no puedes, como muchos otros, simplemente tapar las imperfecciones si quieres lucir deshecho. Cubrimos tanto el rojo <em>y<\/em> las imperfecciones, de repente eres tan &quot;perfecto&quot; que te sientes maquillada. As\u00ed que suelo pensar que en realidad no importa si brillan unas peque\u00f1as imperfecciones si quieres lucir lo m\u00e1s natural posible, prefiero que el rojo desaparezca.<\/p>\n<p>Y como dije, ahora estoy hablando de lucir completamente deshecho, que te gustar\u00eda si no te vas a maquillar con otros productos. Si me maquillo los ojos, me gustar\u00eda tener una base completa :)<\/p>\n<p>\u00bfAlguno de ustedes ha probado esta crema CC? \u00bfQue piensas de eso? \u2665<\/p>","protected":false},"excerpt":{"rendered":"<p>F\u00f6r er som letar efter en\u00a0CC-Cream med h\u00f6g solskyddsfaktor s\u00e5 kan jag rekommendera Oriflame Giordani Gold CC-Cream spf 35\u00a0som \u00e4r halvt\u00e4ckande och har solskyddsfaktor 35, och\u00a0b\u00e5de UVA och UVB-filter. Applicering Kr\u00e4men \u00e4r tunn och v\u00e4ldigt l\u00e4tt att sm\u00f6rja in i ansiktet, k\u00e4nns som en vanlig dagkr\u00e4m ungef\u00e4r. Blir j\u00e4mn och fin och det g\u00e5r snabbt! [&hellip;]<\/p>\n","protected":false},"author":30,"featured_media":20375,"comment_status":"open","ping_status":"closed","sticky":false,"template":"","format":"standard","meta":{"footnotes":""},"categories":[24,59],"tags":[516,3684,1328,3682,3683],"class_list":["post-20371","post","type-post","status-publish","format-standard","has-post-thumbnail","hentry","category-grundsmink","category-recensioner-produkttips","tag-cc-cream","tag-foundation-med-hog-spf","tag-oriflame","tag-oriflame-cc-cream-spf-35-recension","tag-oriflame-cc-cream-spf-35-review"],"yoast_head":"<!-- This site is optimized with the Yoast SEO Premium plugin v14.9 - https:\/\/yoast.com\/wordpress\/plugins\/seo\/ -->\n<meta name=\"description\" content=\"Oriflame CC-Cream spf 35 recension | Helena Amiley - H\u00e4r hittar du senaste infromation om sk\u00f6nhet, livsstil, entrepren\u00f6rskap, makeup &amp; tips.\" \/>\n<meta name=\"robots\" content=\"index, follow, max-snippet:-1, max-image-preview:large, max-video-preview:-1\" \/>\n<link rel=\"canonical\" href=\"https:\/\/www.imakeyousmile.se\/es\/oriflame-cc-cream-spf-35-recension\/\" \/>\n<meta property=\"og:locale\" content=\"es_ES\" \/>\n<meta property=\"og:type\" content=\"article\" \/>\n<meta property=\"og:title\" content=\"Oriflame CC-Cream spf 35 recension | Imakeyousmile.se\" \/>\n<meta property=\"og:description\" content=\"Oriflame CC-Cream spf 35 recension | Helena Amiley - H\u00e4r hittar du senaste infromation om sk\u00f6nhet, livsstil, entrepren\u00f6rskap, makeup &amp; tips.\" \/>\n<meta property=\"og:url\" content=\"https:\/\/www.imakeyousmile.se\/es\/oriflame-cc-cream-spf-35-recension\/\" \/>\n<meta property=\"og:site_name\" content=\"Imakeyousmile.se\" \/>\n<meta property=\"article:author\" content=\"https:\/\/www.facebook.com\/imakeyousmile.se\" \/>\n<meta property=\"article:published_time\" content=\"2015-06-03T15:30:00+00:00\" \/>\n<meta property=\"article:modified_time\" content=\"2021-10-07T09:26:55+00:00\" \/>\n<meta property=\"og:image\" content=\"https:\/\/www.imakeyousmile.se\/wp-content\/uploads\/2015\/06\/oriflame-cc-cream-recension.jpg\" \/>\n\t<meta property=\"og:image:width\" content=\"1705\" \/>\n\t<meta property=\"og:image:height\" content=\"1150\" \/>\n<meta name=\"twitter:card\" content=\"summary_large_image\" \/>\n<script type=\"application\/ld+json\" class=\"yoast-schema-graph\">{\"@context\":\"https:\/\/schema.org\",\"@graph\":[{\"@type\":\"Organization\",\"@id\":\"https:\/\/www.imakeyousmile.se\/es\/#organization\",\"name\":\"Imakeyousmile\",\"url\":\"https:\/\/www.imakeyousmile.se\/es\/\",\"sameAs\":[],\"logo\":{\"@type\":\"ImageObject\",\"@id\":\"https:\/\/www.imakeyousmile.se\/es\/#logo\",\"inLanguage\":\"es\",\"url\":\"https:\/\/www.imakeyousmile.se\/wp-content\/uploads\/2020\/10\/HELENA-AMILEY_SVART-1-e1603367975324.png\",\"width\":280,\"height\":93,\"caption\":\"Imakeyousmile\"},\"image\":{\"@id\":\"https:\/\/www.imakeyousmile.se\/es\/#logo\"}},{\"@type\":\"WebSite\",\"@id\":\"https:\/\/www.imakeyousmile.se\/es\/#website\",\"url\":\"https:\/\/www.imakeyousmile.se\/es\/\",\"name\":\"Imakeyousmile.se\",\"description\":\"Helena Amiley - Beauty, Entrepreneur, Lifestyle\",\"publisher\":{\"@id\":\"https:\/\/www.imakeyousmile.se\/es\/#organization\"},\"potentialAction\":[{\"@type\":\"SearchAction\",\"target\":\"https:\/\/www.imakeyousmile.se\/es\/?s={search_term_string}\",\"query-input\":\"required name=search_term_string\"}],\"inLanguage\":\"es\"},{\"@type\":\"ImageObject\",\"@id\":\"https:\/\/www.imakeyousmile.se\/oriflame-cc-cream-spf-35-recension\/#primaryimage\",\"inLanguage\":\"es\",\"url\":\"https:\/\/www.imakeyousmile.se\/wp-content\/uploads\/2015\/06\/oriflame-cc-cream-recension.jpg\",\"width\":1705,\"height\":1150},{\"@type\":\"WebPage\",\"@id\":\"https:\/\/www.imakeyousmile.se\/oriflame-cc-cream-spf-35-recension\/#webpage\",\"url\":\"https:\/\/www.imakeyousmile.se\/oriflame-cc-cream-spf-35-recension\/\",\"name\":\"Oriflame CC-Cream spf 35 recension | Imakeyousmile.se\",\"isPartOf\":{\"@id\":\"https:\/\/www.imakeyousmile.se\/es\/#website\"},\"primaryImageOfPage\":{\"@id\":\"https:\/\/www.imakeyousmile.se\/oriflame-cc-cream-spf-35-recension\/#primaryimage\"},\"datePublished\":\"2015-06-03T15:30:00+00:00\",\"dateModified\":\"2021-10-07T09:26:55+00:00\",\"description\":\"Oriflame CC-Cream spf 35 recension | Helena Amiley - H\\u00e4r hittar du senaste infromation om sk\\u00f6nhet, livsstil, entrepren\\u00f6rskap, makeup & tips.\",\"inLanguage\":\"es\",\"potentialAction\":[{\"@type\":\"ReadAction\",\"target\":[\"https:\/\/www.imakeyousmile.se\/oriflame-cc-cream-spf-35-recension\/\"]}]},{\"@type\":\"Article\",\"@id\":\"https:\/\/www.imakeyousmile.se\/oriflame-cc-cream-spf-35-recension\/#article\",\"isPartOf\":{\"@id\":\"https:\/\/www.imakeyousmile.se\/oriflame-cc-cream-spf-35-recension\/#webpage\"},\"author\":{\"@id\":\"https:\/\/www.imakeyousmile.se\/es\/#\/schema\/person\/b0fd43b1c6bb1c60cfd68bff9b4a10fb\"},\"headline\":\"Oriflame CC-Cream spf 35 recension\",\"datePublished\":\"2015-06-03T15:30:00+00:00\",\"dateModified\":\"2021-10-07T09:26:55+00:00\",\"mainEntityOfPage\":{\"@id\":\"https:\/\/www.imakeyousmile.se\/oriflame-cc-cream-spf-35-recension\/#webpage\"},\"commentCount\":0,\"publisher\":{\"@id\":\"https:\/\/www.imakeyousmile.se\/es\/#organization\"},\"image\":{\"@id\":\"https:\/\/www.imakeyousmile.se\/oriflame-cc-cream-spf-35-recension\/#primaryimage\"},\"keywords\":\"cc cream,foundation med h\\u00f6g spf,oriflame,Oriflame CC-Cream spf 35 recension,Oriflame CC-Cream spf 35 review\",\"articleSection\":\"Bassmink,Recensioner &amp; Produkttips\",\"inLanguage\":\"es\",\"potentialAction\":[{\"@type\":\"CommentAction\",\"name\":\"Comment\",\"target\":[\"https:\/\/www.imakeyousmile.se\/oriflame-cc-cream-spf-35-recension\/#respond\"]}]},{\"@type\":\"Person\",\"@id\":\"https:\/\/www.imakeyousmile.se\/es\/#\/schema\/person\/b0fd43b1c6bb1c60cfd68bff9b4a10fb\",\"name\":\"Helena Amiley\",\"image\":{\"@type\":\"ImageObject\",\"@id\":\"https:\/\/www.imakeyousmile.se\/es\/#personlogo\",\"inLanguage\":\"es\",\"url\":\"https:\/\/secure.gravatar.com\/avatar\/5645558e1e355457a23368d7e1b4c904?s=96&d=mm&r=g\",\"caption\":\"Helena Amiley\"},\"description\":\"Jag skriver mest om sk\\u00f6nhet men bjuder \\u00e4ven p\\u00e5 glimtar fr\\u00e5n entrepren\\u00f6rlivet och bygget av v\\u00e5r egen camper van. Vanlife here we come!\",\"sameAs\":[\"https:\/\/www.facebook.com\/imakeyousmile.se\",\"https:\/\/www.instagram.com\/helenaamiley\",\"https:\/\/www.youtube.com\/channel\/UCR5iB6rvpV6Yr8ZjpQfr5mg?view_as=subscriber\"]}]}<\/script>\n<!-- \/ Yoast SEO Premium plugin. -->","_links":{"self":[{"href":"https:\/\/www.imakeyousmile.se\/es\/wp-json\/wp\/v2\/posts\/20371"}],"collection":[{"href":"https:\/\/www.imakeyousmile.se\/es\/wp-json\/wp\/v2\/posts"}],"about":[{"href":"https:\/\/www.imakeyousmile.se\/es\/wp-json\/wp\/v2\/types\/post"}],"author":[{"embeddable":true,"href":"https:\/\/www.imakeyousmile.se\/es\/wp-json\/wp\/v2\/users\/30"}],"replies":[{"embeddable":true,"href":"https:\/\/www.imakeyousmile.se\/es\/wp-json\/wp\/v2\/comments?post=20371"}],"version-history":[{"count":6,"href":"https:\/\/www.imakeyousmile.se\/es\/wp-json\/wp\/v2\/posts\/20371\/revisions"}],"predecessor-version":[{"id":41920,"href":"https:\/\/www.imakeyousmile.se\/es\/wp-json\/wp\/v2\/posts\/20371\/revisions\/41920"}],"wp:featuredmedia":[{"embeddable":true,"href":"https:\/\/www.imakeyousmile.se\/es\/wp-json\/wp\/v2\/media\/20375"}],"wp:attachment":[{"href":"https:\/\/www.imakeyousmile.se\/es\/wp-json\/wp\/v2\/media?parent=20371"}],"wp:term":[{"taxonomy":"category","embeddable":true,"href":"https:\/\/www.imakeyousmile.se\/es\/wp-json\/wp\/v2\/categories?post=20371"},{"taxonomy":"post_tag","embeddable":true,"href":"https:\/\/www.imakeyousmile.se\/es\/wp-json\/wp\/v2\/tags?post=20371"}],"curies":[{"name":"wp","href":"https:\/\/api.w.org\/{rel}","templated":true}]}}