{"id":20383,"date":"2015-06-04T05:02:46","date_gmt":"2015-06-04T03:02:46","guid":{"rendered":"http:\/\/www.imakeyousmile.se\/?p=20383"},"modified":"2015-06-03T14:25:26","modified_gmt":"2015-06-03T12:25:26","slug":"intervju-jag-ar-mest-party-i-ansiktet","status":"publish","type":"post","link":"https:\/\/www.imakeyousmile.se\/es\/entrevista-soy-el-mas-partido-en-la-cara\/","title":{"rendered":"Entrevista: soy mayoritariamente fiestero"},"content":{"rendered":"<p>Uppsalatidningen me hizo una peque\u00f1a entrevista telef\u00f3nica sobre &quot;mi salida nocturna&quot; en el peri\u00f3dico que sali\u00f3 durante la semana pasada, me sent\u00ed un poco raro hablando de mi vida nocturna en Uppsala cuando salgo tan incre\u00edblemente raramente jaja, pero me han preguntado varias veces sobre esto. ahora dije que s\u00ed esta vez :)<\/p>\n<p>La revista sali\u00f3 hace exactamente una semana y es una revista semanal, as\u00ed que no creo que est\u00e9 por ah\u00ed, pero ayer Miska se la llev\u00f3 a casa as\u00ed que tuve que mirar, as\u00ed que le hice algunas fotos y pens\u00e9 en mostrarte si te parece un poco kul:<\/p>\n<p><a href=\"http:\/\/www.imakeyousmile.se\/wp-content\/uploads\/2015\/06\/helena-r\u00f6nnblad-uppsala.jpg\"><img loading=\"lazy\" decoding=\"async\" class=\"alignnone size-large wp-image-20386\" src=\"http:\/\/www.imakeyousmile.se\/wp-content\/uploads\/2015\/06\/helena-r\u00f6nnblad-uppsala-1024x784.jpg\" alt=\"helena-r\u00f6nnblad-uppsala\" width=\"700\" height=\"536\" srcset=\"https:\/\/www.imakeyousmile.se\/wp-content\/uploads\/2015\/06\/helena-r\u00f6nnblad-uppsala-1024x784.jpg 1024w, https:\/\/www.imakeyousmile.se\/wp-content\/uploads\/2015\/06\/helena-r\u00f6nnblad-uppsala-300x230.jpg 300w, https:\/\/www.imakeyousmile.se\/wp-content\/uploads\/2015\/06\/helena-r\u00f6nnblad-uppsala-700x536.jpg 700w, https:\/\/www.imakeyousmile.se\/wp-content\/uploads\/2015\/06\/helena-r\u00f6nnblad-uppsala-466x357.jpg 466w, https:\/\/www.imakeyousmile.se\/wp-content\/uploads\/2015\/06\/helena-r\u00f6nnblad-uppsala-631x483.jpg 631w, https:\/\/www.imakeyousmile.se\/wp-content\/uploads\/2015\/06\/helena-r\u00f6nnblad-uppsala.jpg 2000w\" sizes=\"(max-width: 700px) 100vw, 700px\" \/><\/a><\/p>\n<p>Me fotografiaron en la ma\u00f1ana antes de ir a Monica en Fris\u00f6rerna y te\u00f1irme el cabello, y por lo tanto no ten\u00eda ning\u00fan producto en mi cabello, por eso mi volante es tan plano y aburrido. Aunque puede que no sea lo primero en lo que pensaste cuando viste la foto, como lo fue para m\u00ed;)<\/p>\n<p>Quiz\u00e1s le resulte dif\u00edcil de leer, aqu\u00ed hay una imagen m\u00e1s ampliada de las respuestas:<\/p>\n<p><a href=\"http:\/\/www.imakeyousmile.se\/wp-content\/uploads\/2015\/06\/helena-r\u00f6nnblad-uppsala-kopia.jpg\"><img loading=\"lazy\" decoding=\"async\" class=\"alignnone size-large wp-image-20388\" src=\"http:\/\/www.imakeyousmile.se\/wp-content\/uploads\/2015\/06\/helena-r\u00f6nnblad-uppsala-kopia-1024x856.jpg\" alt=\"copia de helena-r\u00f6nnblad-uppsala\" width=\"700\" height=\"585\" srcset=\"https:\/\/www.imakeyousmile.se\/wp-content\/uploads\/2015\/06\/helena-r\u00f6nnblad-uppsala-kopia-1024x856.jpg 1024w, https:\/\/www.imakeyousmile.se\/wp-content\/uploads\/2015\/06\/helena-r\u00f6nnblad-uppsala-kopia-300x251.jpg 300w, https:\/\/www.imakeyousmile.se\/wp-content\/uploads\/2015\/06\/helena-r\u00f6nnblad-uppsala-kopia-700x585.jpg 700w, https:\/\/www.imakeyousmile.se\/wp-content\/uploads\/2015\/06\/helena-r\u00f6nnblad-uppsala-kopia-427x357.jpg 427w, https:\/\/www.imakeyousmile.se\/wp-content\/uploads\/2015\/06\/helena-r\u00f6nnblad-uppsala-kopia-578x483.jpg 578w, https:\/\/www.imakeyousmile.se\/wp-content\/uploads\/2015\/06\/helena-r\u00f6nnblad-uppsala-kopia.jpg 1191w\" sizes=\"(max-width: 700px) 100vw, 700px\" \/><\/a><\/p>\n<p>Mis hermanas se burlaron mucho de estas respuestas:<\/p>\n<p><a href=\"http:\/\/www.imakeyousmile.se\/wp-content\/uploads\/2015\/06\/h-r\u00f6nnblad.jpg\"><img loading=\"lazy\" decoding=\"async\" class=\"alignnone size-large wp-image-20384\" src=\"http:\/\/www.imakeyousmile.se\/wp-content\/uploads\/2015\/06\/h-r\u00f6nnblad-1024x367.jpg\" alt=\"hoja de h-rowan\" width=\"700\" height=\"251\" srcset=\"https:\/\/www.imakeyousmile.se\/wp-content\/uploads\/2015\/06\/h-r\u00f6nnblad-1024x367.jpg 1024w, https:\/\/www.imakeyousmile.se\/wp-content\/uploads\/2015\/06\/h-r\u00f6nnblad-300x108.jpg 300w, https:\/\/www.imakeyousmile.se\/wp-content\/uploads\/2015\/06\/h-r\u00f6nnblad-700x251.jpg 700w, https:\/\/www.imakeyousmile.se\/wp-content\/uploads\/2015\/06\/h-r\u00f6nnblad-996x357.jpg 996w, https:\/\/www.imakeyousmile.se\/wp-content\/uploads\/2015\/06\/h-r\u00f6nnblad-1347x483.jpg 1347w\" sizes=\"(max-width: 700px) 100vw, 700px\" \/><\/a><\/p>\n<p>Se siente tan celestialmente genial y &quot;por dentro&quot;, \u00a1el pinball de fiesta n\u00famero uno realmente! ;)<a href=\"http:\/\/www.imakeyousmile.se\/wp-content\/uploads\/2015\/06\/helena-r.jpg\"><br \/>\n<\/a> <a href=\"http:\/\/www.imakeyousmile.se\/wp-content\/uploads\/2015\/06\/helena-r\u00f6nnblad-uppsala.jpg\"><br \/>\n<\/a> <a href=\"http:\/\/www.imakeyousmile.se\/wp-content\/uploads\/2015\/06\/helena-r\u00f6nnblad.jpg\"><img loading=\"lazy\" decoding=\"async\" class=\"alignnone size-large wp-image-20387\" src=\"http:\/\/www.imakeyousmile.se\/wp-content\/uploads\/2015\/06\/helena-r\u00f6nnblad-1024x520.jpg\" alt=\"helena-r\u00f6nnblad\" width=\"700\" height=\"355\" srcset=\"https:\/\/www.imakeyousmile.se\/wp-content\/uploads\/2015\/06\/helena-r\u00f6nnblad-1024x520.jpg 1024w, https:\/\/www.imakeyousmile.se\/wp-content\/uploads\/2015\/06\/helena-r\u00f6nnblad-300x152.jpg 300w, https:\/\/www.imakeyousmile.se\/wp-content\/uploads\/2015\/06\/helena-r\u00f6nnblad-700x355.jpg 700w, https:\/\/www.imakeyousmile.se\/wp-content\/uploads\/2015\/06\/helena-r\u00f6nnblad-703x357.jpg 703w, https:\/\/www.imakeyousmile.se\/wp-content\/uploads\/2015\/06\/helena-r\u00f6nnblad-952x483.jpg 952w\" sizes=\"(max-width: 700px) 100vw, 700px\" \/><\/a><\/p>\n<p>\u00a1Tambi\u00e9n tuve una charla de belleza! :)<\/p>\n<p>Y as\u00ed es como se ve la portada de la revista:<\/p>\n<p><a href=\"http:\/\/www.imakeyousmile.se\/wp-content\/uploads\/2015\/06\/helena-r.jpg\"><img loading=\"lazy\" decoding=\"async\" class=\"alignnone size-large wp-image-20385\" src=\"http:\/\/www.imakeyousmile.se\/wp-content\/uploads\/2015\/06\/helena-r-1024x727.jpg\" alt=\"helena-r\" width=\"700\" height=\"497\" srcset=\"https:\/\/www.imakeyousmile.se\/wp-content\/uploads\/2015\/06\/helena-r-1024x727.jpg 1024w, https:\/\/www.imakeyousmile.se\/wp-content\/uploads\/2015\/06\/helena-r-300x213.jpg 300w, https:\/\/www.imakeyousmile.se\/wp-content\/uploads\/2015\/06\/helena-r-700x497.jpg 700w, https:\/\/www.imakeyousmile.se\/wp-content\/uploads\/2015\/06\/helena-r-503x357.jpg 503w, https:\/\/www.imakeyousmile.se\/wp-content\/uploads\/2015\/06\/helena-r-680x483.jpg 680w, https:\/\/www.imakeyousmile.se\/wp-content\/uploads\/2015\/06\/helena-r.jpg 2000w\" sizes=\"(max-width: 700px) 100vw, 700px\" \/><\/a><\/p>\n<p>Bar con los m\u00e1s cool :)<\/p>\n<p>\u00a1Ahora ir\u00e9 a Creative Make Up y trabajar\u00e9 en el sal\u00f3n todo el d\u00eda!<\/p>\n<p>Los abrazos son \u2665<\/p>","protected":false},"excerpt":{"rendered":"<p>Uppsalatidningen gjorde en liten telefonintervju med mig om &#8221;min utekv\u00e4ll&#8221; i tidningen som kom ut under\u00a0veckan som varit, k\u00e4nde mig lite\u00a0t\u00f6ntig som pratar om mitt uteliv i Uppsala n\u00e4r jag g\u00e5r ut s\u00e5 otroligt s\u00e4llan haha, men dom har fr\u00e5gat flera g\u00e5nger om detta nu s\u00e5\u00a0jag sa ja den h\u00e4r g\u00e5ngen :) Tidningen kom ut [&hellip;]<\/p>\n","protected":false},"author":30,"featured_media":20386,"comment_status":"open","ping_status":"closed","sticky":false,"template":"","format":"standard","meta":{"footnotes":""},"categories":[3],"tags":[],"class_list":["post-20383","post","type-post","status-publish","format-standard","has-post-thumbnail","hentry","category-allmant"],"yoast_head":"<!-- This site is optimized with the Yoast SEO Premium plugin v14.9 - https:\/\/yoast.com\/wordpress\/plugins\/seo\/ -->\n<meta name=\"description\" content=\"Intervju - Jag \u00e4r mest party i ansiktet | Helena Amiley - H\u00e4r hittar du senaste infromation om sk\u00f6nhet, livsstil, entrepren\u00f6rskap, makeup &amp; tips.\" \/>\n<meta name=\"robots\" content=\"index, follow, max-snippet:-1, max-image-preview:large, max-video-preview:-1\" \/>\n<link rel=\"canonical\" href=\"https:\/\/www.imakeyousmile.se\/es\/intervju-jag-ar-mest-party-i-ansiktet\/\" \/>\n<meta property=\"og:locale\" content=\"es_ES\" \/>\n<meta property=\"og:type\" content=\"article\" \/>\n<meta property=\"og:title\" content=\"Intervju - Jag \u00e4r mest party i ansiktet | Imakeyousmile.se\" \/>\n<meta property=\"og:description\" content=\"Intervju - Jag \u00e4r mest party i ansiktet | Helena Amiley - H\u00e4r hittar du senaste infromation om sk\u00f6nhet, livsstil, entrepren\u00f6rskap, makeup &amp; tips.\" \/>\n<meta property=\"og:url\" content=\"https:\/\/www.imakeyousmile.se\/es\/intervju-jag-ar-mest-party-i-ansiktet\/\" \/>\n<meta property=\"og:site_name\" content=\"Imakeyousmile.se\" \/>\n<meta property=\"article:author\" content=\"https:\/\/www.facebook.com\/imakeyousmile.se\" \/>\n<meta property=\"article:published_time\" content=\"2015-06-04T03:02:46+00:00\" \/>\n<meta property=\"article:modified_time\" content=\"2015-06-03T12:25:26+00:00\" \/>\n<meta property=\"og:image\" content=\"https:\/\/www.imakeyousmile.se\/wp-content\/uploads\/2015\/06\/helena-r\u00f6nnblad-uppsala.jpg\" \/>\n\t<meta property=\"og:image:width\" content=\"2000\" \/>\n\t<meta property=\"og:image:height\" content=\"1532\" \/>\n<meta name=\"twitter:card\" content=\"summary_large_image\" \/>\n<script type=\"application\/ld+json\" class=\"yoast-schema-graph\">{\"@context\":\"https:\/\/schema.org\",\"@graph\":[{\"@type\":\"Organization\",\"@id\":\"https:\/\/www.imakeyousmile.se\/es\/#organization\",\"name\":\"Imakeyousmile\",\"url\":\"https:\/\/www.imakeyousmile.se\/es\/\",\"sameAs\":[],\"logo\":{\"@type\":\"ImageObject\",\"@id\":\"https:\/\/www.imakeyousmile.se\/es\/#logo\",\"inLanguage\":\"es\",\"url\":\"https:\/\/www.imakeyousmile.se\/wp-content\/uploads\/2020\/10\/HELENA-AMILEY_SVART-1-e1603367975324.png\",\"width\":280,\"height\":93,\"caption\":\"Imakeyousmile\"},\"image\":{\"@id\":\"https:\/\/www.imakeyousmile.se\/es\/#logo\"}},{\"@type\":\"WebSite\",\"@id\":\"https:\/\/www.imakeyousmile.se\/es\/#website\",\"url\":\"https:\/\/www.imakeyousmile.se\/es\/\",\"name\":\"Imakeyousmile.se\",\"description\":\"Helena Amiley - Beauty, Entrepreneur, Lifestyle\",\"publisher\":{\"@id\":\"https:\/\/www.imakeyousmile.se\/es\/#organization\"},\"potentialAction\":[{\"@type\":\"SearchAction\",\"target\":\"https:\/\/www.imakeyousmile.se\/es\/?s={search_term_string}\",\"query-input\":\"required name=search_term_string\"}],\"inLanguage\":\"es\"},{\"@type\":\"ImageObject\",\"@id\":\"https:\/\/www.imakeyousmile.se\/intervju-jag-ar-mest-party-i-ansiktet\/#primaryimage\",\"inLanguage\":\"es\",\"url\":\"https:\/\/www.imakeyousmile.se\/wp-content\/uploads\/2015\/06\/helena-r\\u00f6nnblad-uppsala.jpg\",\"width\":2000,\"height\":1532},{\"@type\":\"WebPage\",\"@id\":\"https:\/\/www.imakeyousmile.se\/intervju-jag-ar-mest-party-i-ansiktet\/#webpage\",\"url\":\"https:\/\/www.imakeyousmile.se\/intervju-jag-ar-mest-party-i-ansiktet\/\",\"name\":\"Intervju - Jag \\u00e4r mest party i ansiktet | Imakeyousmile.se\",\"isPartOf\":{\"@id\":\"https:\/\/www.imakeyousmile.se\/es\/#website\"},\"primaryImageOfPage\":{\"@id\":\"https:\/\/www.imakeyousmile.se\/intervju-jag-ar-mest-party-i-ansiktet\/#primaryimage\"},\"datePublished\":\"2015-06-04T03:02:46+00:00\",\"dateModified\":\"2015-06-03T12:25:26+00:00\",\"description\":\"Intervju - Jag \\u00e4r mest party i ansiktet | Helena Amiley - H\\u00e4r hittar du senaste infromation om sk\\u00f6nhet, livsstil, entrepren\\u00f6rskap, makeup & tips.\",\"inLanguage\":\"es\",\"potentialAction\":[{\"@type\":\"ReadAction\",\"target\":[\"https:\/\/www.imakeyousmile.se\/intervju-jag-ar-mest-party-i-ansiktet\/\"]}]},{\"@type\":\"Article\",\"@id\":\"https:\/\/www.imakeyousmile.se\/intervju-jag-ar-mest-party-i-ansiktet\/#article\",\"isPartOf\":{\"@id\":\"https:\/\/www.imakeyousmile.se\/intervju-jag-ar-mest-party-i-ansiktet\/#webpage\"},\"author\":{\"@id\":\"https:\/\/www.imakeyousmile.se\/es\/#\/schema\/person\/b0fd43b1c6bb1c60cfd68bff9b4a10fb\"},\"headline\":\"Intervju &#8211; Jag \\u00e4r mest party i ansiktet\",\"datePublished\":\"2015-06-04T03:02:46+00:00\",\"dateModified\":\"2015-06-03T12:25:26+00:00\",\"mainEntityOfPage\":{\"@id\":\"https:\/\/www.imakeyousmile.se\/intervju-jag-ar-mest-party-i-ansiktet\/#webpage\"},\"commentCount\":4,\"publisher\":{\"@id\":\"https:\/\/www.imakeyousmile.se\/es\/#organization\"},\"image\":{\"@id\":\"https:\/\/www.imakeyousmile.se\/intervju-jag-ar-mest-party-i-ansiktet\/#primaryimage\"},\"articleSection\":\"\\u00d6vrigt\",\"inLanguage\":\"es\",\"potentialAction\":[{\"@type\":\"CommentAction\",\"name\":\"Comment\",\"target\":[\"https:\/\/www.imakeyousmile.se\/intervju-jag-ar-mest-party-i-ansiktet\/#respond\"]}]},{\"@type\":\"Person\",\"@id\":\"https:\/\/www.imakeyousmile.se\/es\/#\/schema\/person\/b0fd43b1c6bb1c60cfd68bff9b4a10fb\",\"name\":\"Helena Amiley\",\"image\":{\"@type\":\"ImageObject\",\"@id\":\"https:\/\/www.imakeyousmile.se\/es\/#personlogo\",\"inLanguage\":\"es\",\"url\":\"https:\/\/secure.gravatar.com\/avatar\/5645558e1e355457a23368d7e1b4c904?s=96&d=mm&r=g\",\"caption\":\"Helena Amiley\"},\"description\":\"Jag skriver mest om sk\\u00f6nhet men bjuder \\u00e4ven p\\u00e5 glimtar fr\\u00e5n entrepren\\u00f6rlivet och bygget av v\\u00e5r egen camper van. Vanlife here we come!\",\"sameAs\":[\"https:\/\/www.facebook.com\/imakeyousmile.se\",\"https:\/\/www.instagram.com\/helenaamiley\",\"https:\/\/www.youtube.com\/channel\/UCR5iB6rvpV6Yr8ZjpQfr5mg?view_as=subscriber\"]}]}<\/script>\n<!-- \/ Yoast SEO Premium plugin. -->","_links":{"self":[{"href":"https:\/\/www.imakeyousmile.se\/es\/wp-json\/wp\/v2\/posts\/20383"}],"collection":[{"href":"https:\/\/www.imakeyousmile.se\/es\/wp-json\/wp\/v2\/posts"}],"about":[{"href":"https:\/\/www.imakeyousmile.se\/es\/wp-json\/wp\/v2\/types\/post"}],"author":[{"embeddable":true,"href":"https:\/\/www.imakeyousmile.se\/es\/wp-json\/wp\/v2\/users\/30"}],"replies":[{"embeddable":true,"href":"https:\/\/www.imakeyousmile.se\/es\/wp-json\/wp\/v2\/comments?post=20383"}],"version-history":[{"count":4,"href":"https:\/\/www.imakeyousmile.se\/es\/wp-json\/wp\/v2\/posts\/20383\/revisions"}],"predecessor-version":[{"id":20392,"href":"https:\/\/www.imakeyousmile.se\/es\/wp-json\/wp\/v2\/posts\/20383\/revisions\/20392"}],"wp:featuredmedia":[{"embeddable":true,"href":"https:\/\/www.imakeyousmile.se\/es\/wp-json\/wp\/v2\/media\/20386"}],"wp:attachment":[{"href":"https:\/\/www.imakeyousmile.se\/es\/wp-json\/wp\/v2\/media?parent=20383"}],"wp:term":[{"taxonomy":"category","embeddable":true,"href":"https:\/\/www.imakeyousmile.se\/es\/wp-json\/wp\/v2\/categories?post=20383"},{"taxonomy":"post_tag","embeddable":true,"href":"https:\/\/www.imakeyousmile.se\/es\/wp-json\/wp\/v2\/tags?post=20383"}],"curies":[{"name":"wp","href":"https:\/\/api.w.org\/{rel}","templated":true}]}}