{"id":20393,"date":"2015-06-04T11:55:13","date_gmt":"2015-06-04T09:55:13","guid":{"rendered":"http:\/\/www.imakeyousmile.se\/?p=20393"},"modified":"2015-06-07T18:22:36","modified_gmt":"2015-06-07T16:22:36","slug":"sminkning-som-forstorar-ogonen-4","status":"publish","type":"post","link":"https:\/\/www.imakeyousmile.se\/es\/maquillaje-que-agranda-los-ojos-4\/","title":{"rendered":"Maquillaje que agranda los ojos"},"content":{"rendered":"<p>En principio, cada vez que he usado sombra de ojos blanca \u00faltimamente, ha sido en un maquillaje de pliegues de corte muy definido, p. Ej. el que te mostr\u00e9 ayer. Pero una buena sombra de ojos blanca es realmente agradable incluso para un maquillaje de ojos m\u00e1s suave, as\u00ed que pens\u00e9 en mostrarte hoy :)<\/p>\n<p>Este es un maquillaje muy ampliador que es perfecto para ti que quieres que tus ojos se vean m\u00e1s grandes.<\/p>\n<p>No tengo im\u00e1genes paso a paso, pero en realidad film\u00e9, as\u00ed que si todo sale como deber\u00eda, en un futuro pr\u00f3ximo se publicar\u00e1 un video tutorial sobre esto. \u00a1Mant\u00e9n los dedos cruzados para eso!<\/p>\n<p><a href=\"http:\/\/www.imakeyousmile.se\/wp-content\/uploads\/2015\/06\/IMG_5100_111.jpg\"><img loading=\"lazy\" decoding=\"async\" class=\"alignnone size-large wp-image-20397\" src=\"http:\/\/www.imakeyousmile.se\/wp-content\/uploads\/2015\/06\/IMG_5100_111-1024x755.jpg\" alt=\"IMG_5100_111\" width=\"700\" height=\"516\" srcset=\"https:\/\/www.imakeyousmile.se\/wp-content\/uploads\/2015\/06\/IMG_5100_111-1024x755.jpg 1024w, https:\/\/www.imakeyousmile.se\/wp-content\/uploads\/2015\/06\/IMG_5100_111-300x221.jpg 300w, https:\/\/www.imakeyousmile.se\/wp-content\/uploads\/2015\/06\/IMG_5100_111-700x516.jpg 700w, https:\/\/www.imakeyousmile.se\/wp-content\/uploads\/2015\/06\/IMG_5100_111-484x357.jpg 484w, https:\/\/www.imakeyousmile.se\/wp-content\/uploads\/2015\/06\/IMG_5100_111-655x483.jpg 655w, https:\/\/www.imakeyousmile.se\/wp-content\/uploads\/2015\/06\/IMG_5100_111.jpg 1530w\" sizes=\"(max-width: 700px) 100vw, 700px\" \/><\/a><\/p>\n<p><strong>Ojos:<\/strong><br \/>\n<strong><span style=\"color: #999999;\">Sombra de ojos blanca<\/span><\/strong> m\u00e1s interno en el p\u00e1rpado y en la esquina del ojo, <a href=\"http:\/\/creativemakeup.se\/produkt\/paese-kasmir-matte-black-eyeshadow\/\">Sombra de ojos Paese Kashmir (601)<\/a><br \/>\n<strong><span style=\"color: #993300;\">Sombra de ojos marr\u00f3n<\/span> <\/strong>al final del p\u00e1rpado, a lo largo de la l\u00ednea del globo y la l\u00ednea de las pesta\u00f1as inferiores, P<a href=\"http:\/\/creativemakeup.se\/produkt\/paese-opal-eyeshadow\/\" target=\"_blank\">Sombra de ojos aese Opal (Caffe Latte)<\/a><br \/>\n<strong><span style=\"color: #000000;\">Delineador de ojos negro<\/span> <\/strong>a lo largo de la l\u00ednea de las pesta\u00f1as superiores, <a href=\"https:\/\/ion.lyko.com\/t\/t?a=1117786221&#038;as=1548102449&#038;t=2&#038;tk=1&#038;epi=search-replace-eyeliner&#038;url=https:\/\/lyko.com\/sv\/sok?q=eyeliner\" target=\"_blank\">Palina Drama Queen Perfect Liner Negro.<\/a><br \/>\n<strong><span style=\"color: #000000;\">R\u00edmel negro<\/span><\/strong> en todas las pesta\u00f1as, <a href=\"http:\/\/creativemakeup.se\/produkt\/adore-3d-lash-mascara\/\" target=\"_blank\">M\u00e1scara de pesta\u00f1as 3D Paese Adore<\/a>.<\/p>\n<p><strong>El resto de la cara:<\/strong><br \/>\nLabios <a href=\"http:\/\/creativemakeup.se\/produkt\/paese-manifesto-liquid-lipstick-904\/\" target=\"_blank\">L\u00e1piz labial l\u00edquido Paese Manifesto (904)<\/a><br \/>\nPrebase facial -\u00a0<a href=\"http:\/\/creativemakeup.se\/produkt\/paese-makeup-base\/\">Base de maquillaje Paese mate<br \/>\n<\/a>Corrector - <a href=\"https:\/\/click.adrecord.com?c=5979&#038;p=1041&#038;url=https%3A\/\/kissedbyeco.se\/brand\/yag\/\/\">Corrector mineral Yag (Covers Purple)<\/a><br \/>\nFundaci\u00f3n -<a href=\"https:\/\/ion.jordklok.se\/t\/t?a=1236848151&#038;as=1548102449&#038;t=2&#038;tk=1&#038;epi=search-replace-zuiifoundation&#038;url=https:\/\/www.jordklok.se\/sv\/articles\/2.60.5465\/zuii-organic-flora-powder-foundation-10-g?q=Zuii%20Organic%20Flora%20Powder%20Foundation,%2010%20g\/\" target=\"_blank\">\u00a0Base de maquillaje en polvo org\u00e1nico Zuii (marfil)<\/a><br \/>\nPolvos deshidratantes -\u00a0<a href=\"http:\/\/creativemakeup.se\/produkt\/paese-bamboo-silk-powder\/\">Polvo de seda de bamb\u00fa Paese<\/a><br \/>\nBronceador -\u00a0<a href=\"http:\/\/creativemakeup.se\/produkt\/paese-bronzing-powder\/\">Polvo bronceador Paese (1M)<\/a><br \/>\nColorete - <a href=\"http:\/\/creativemakeup.se\/produkt\/paese-powder-blush-med-arganolja\/\" target=\"_blank\">Colorete en polvo Paese (43)<\/a><\/p>\n<p><a href=\"http:\/\/www.imakeyousmile.se\/wp-content\/uploads\/2015\/06\/IMG_5064_111.jpg\"><img loading=\"lazy\" decoding=\"async\" class=\"alignnone size-large wp-image-20398\" src=\"http:\/\/www.imakeyousmile.se\/wp-content\/uploads\/2015\/06\/IMG_5064_111-1024x957.jpg\" alt=\"IMG_5064_111\" width=\"700\" height=\"654\" srcset=\"https:\/\/www.imakeyousmile.se\/wp-content\/uploads\/2015\/06\/IMG_5064_111-1024x957.jpg 1024w, https:\/\/www.imakeyousmile.se\/wp-content\/uploads\/2015\/06\/IMG_5064_111-300x281.jpg 300w, https:\/\/www.imakeyousmile.se\/wp-content\/uploads\/2015\/06\/IMG_5064_111-700x655.jpg 700w, https:\/\/www.imakeyousmile.se\/wp-content\/uploads\/2015\/06\/IMG_5064_111-382x357.jpg 382w, https:\/\/www.imakeyousmile.se\/wp-content\/uploads\/2015\/06\/IMG_5064_111-517x483.jpg 517w, https:\/\/www.imakeyousmile.se\/wp-content\/uploads\/2015\/06\/IMG_5064_111.jpg 2000w\" sizes=\"(max-width: 700px) 100vw, 700px\" \/><\/a><a href=\"http:\/\/www.imakeyousmile.se\/wp-content\/uploads\/2015\/06\/IMG_5064_111.jpg\"><br \/>\n<\/a> <a href=\"http:\/\/www.imakeyousmile.se\/wp-content\/uploads\/2015\/06\/IMG_5072_111.jpg\"><img loading=\"lazy\" decoding=\"async\" class=\"alignnone size-large wp-image-20395\" src=\"http:\/\/www.imakeyousmile.se\/wp-content\/uploads\/2015\/06\/IMG_5072_111-959x1024.jpg\" alt=\"IMG_5072_111\" width=\"700\" height=\"747\" srcset=\"https:\/\/www.imakeyousmile.se\/wp-content\/uploads\/2015\/06\/IMG_5072_111-959x1024.jpg 959w, https:\/\/www.imakeyousmile.se\/wp-content\/uploads\/2015\/06\/IMG_5072_111-281x300.jpg 281w, https:\/\/www.imakeyousmile.se\/wp-content\/uploads\/2015\/06\/IMG_5072_111-700x747.jpg 700w, https:\/\/www.imakeyousmile.se\/wp-content\/uploads\/2015\/06\/IMG_5072_111-334x357.jpg 334w, https:\/\/www.imakeyousmile.se\/wp-content\/uploads\/2015\/06\/IMG_5072_111-452x483.jpg 452w, https:\/\/www.imakeyousmile.se\/wp-content\/uploads\/2015\/06\/IMG_5072_111.jpg 2000w\" sizes=\"(max-width: 700px) 100vw, 700px\" \/><\/a><\/p>\n<p><a href=\"http:\/\/www.imakeyousmile.se\/wp-content\/uploads\/2015\/06\/IMG_5092_111.jpg\"><img loading=\"lazy\" decoding=\"async\" class=\"alignnone size-large wp-image-20396\" src=\"http:\/\/www.imakeyousmile.se\/wp-content\/uploads\/2015\/06\/IMG_5092_111-962x1024.jpg\" alt=\"IMG_5092_111\" width=\"700\" height=\"745\" srcset=\"https:\/\/www.imakeyousmile.se\/wp-content\/uploads\/2015\/06\/IMG_5092_111-962x1024.jpg 962w, https:\/\/www.imakeyousmile.se\/wp-content\/uploads\/2015\/06\/IMG_5092_111-282x300.jpg 282w, https:\/\/www.imakeyousmile.se\/wp-content\/uploads\/2015\/06\/IMG_5092_111-700x745.jpg 700w, https:\/\/www.imakeyousmile.se\/wp-content\/uploads\/2015\/06\/IMG_5092_111-335x357.jpg 335w, https:\/\/www.imakeyousmile.se\/wp-content\/uploads\/2015\/06\/IMG_5092_111-454x483.jpg 454w, https:\/\/www.imakeyousmile.se\/wp-content\/uploads\/2015\/06\/IMG_5092_111.jpg 2000w\" sizes=\"(max-width: 700px) 100vw, 700px\" \/><\/a><\/p>\n<p>\u00bfQu\u00e9 piensas? :)<\/p>","protected":false},"excerpt":{"rendered":"<p>I princip varje g\u00e5ng jag har anv\u00e4nt vit \u00f6gonskugga den senaste tiden s\u00e5 har det varit i v\u00e4ldigt skarpa cut crease-sminkningar, t.ex. den jag visade er ig\u00e5r. Men en bra vit \u00f6gonskugga \u00e4r riktigt snygg \u00e4ven till mjukare \u00f6gonmakeuper s\u00e5 det t\u00e4nkte jag visa er idag :) Det h\u00e4r \u00e4r en v\u00e4ldigt f\u00f6rstorande sminkning som [&hellip;]<\/p>\n","protected":false},"author":30,"featured_media":20397,"comment_status":"open","ping_status":"closed","sticky":false,"template":"","format":"standard","meta":{"footnotes":""},"categories":[9,2827],"tags":[2579,2830,3432,54,2014,1990],"class_list":["post-20393","post","type-post","status-publish","format-standard","has-post-thumbnail","hentry","category-partysminkningar","category-vardagssminkningar","tag-paese-kashmir","tag-paese-manifesto","tag-paese-opal","tag-sminkblogg","tag-sminkning-som-forstorar-ogonen","tag-vit-ogonskugga"],"yoast_head":"<!-- This site is optimized with the Yoast SEO Premium plugin v14.9 - https:\/\/yoast.com\/wordpress\/plugins\/seo\/ -->\n<meta name=\"description\" content=\"Sminkning som f\u00f6rstorar \u00f6gonen | Helena Amiley - H\u00e4r hittar du senaste infromation om sk\u00f6nhet, livsstil, entrepren\u00f6rskap, makeup &amp; tips.\" \/>\n<meta name=\"robots\" content=\"index, follow, max-snippet:-1, max-image-preview:large, max-video-preview:-1\" \/>\n<link rel=\"canonical\" href=\"https:\/\/www.imakeyousmile.se\/es\/sminkning-som-forstorar-ogonen-4\/\" \/>\n<meta property=\"og:locale\" content=\"es_ES\" \/>\n<meta property=\"og:type\" content=\"article\" \/>\n<meta property=\"og:title\" content=\"Sminkning som f\u00f6rstorar \u00f6gonen | Imakeyousmile.se\" \/>\n<meta property=\"og:description\" content=\"Sminkning som f\u00f6rstorar \u00f6gonen | Helena Amiley - H\u00e4r hittar du senaste infromation om sk\u00f6nhet, livsstil, entrepren\u00f6rskap, makeup &amp; tips.\" \/>\n<meta property=\"og:url\" content=\"https:\/\/www.imakeyousmile.se\/es\/sminkning-som-forstorar-ogonen-4\/\" \/>\n<meta property=\"og:site_name\" content=\"Imakeyousmile.se\" \/>\n<meta property=\"article:author\" content=\"https:\/\/www.facebook.com\/imakeyousmile.se\" \/>\n<meta property=\"article:published_time\" content=\"2015-06-04T09:55:13+00:00\" \/>\n<meta property=\"article:modified_time\" content=\"2015-06-07T16:22:36+00:00\" \/>\n<meta property=\"og:image\" content=\"https:\/\/www.imakeyousmile.se\/wp-content\/uploads\/2015\/06\/IMG_5100_111.jpg\" \/>\n\t<meta property=\"og:image:width\" content=\"1530\" \/>\n\t<meta property=\"og:image:height\" content=\"1128\" \/>\n<meta name=\"twitter:card\" content=\"summary_large_image\" \/>\n<script type=\"application\/ld+json\" class=\"yoast-schema-graph\">{\"@context\":\"https:\/\/schema.org\",\"@graph\":[{\"@type\":\"Organization\",\"@id\":\"https:\/\/www.imakeyousmile.se\/es\/#organization\",\"name\":\"Imakeyousmile\",\"url\":\"https:\/\/www.imakeyousmile.se\/es\/\",\"sameAs\":[],\"logo\":{\"@type\":\"ImageObject\",\"@id\":\"https:\/\/www.imakeyousmile.se\/es\/#logo\",\"inLanguage\":\"es\",\"url\":\"https:\/\/www.imakeyousmile.se\/wp-content\/uploads\/2020\/10\/HELENA-AMILEY_SVART-1-e1603367975324.png\",\"width\":280,\"height\":93,\"caption\":\"Imakeyousmile\"},\"image\":{\"@id\":\"https:\/\/www.imakeyousmile.se\/es\/#logo\"}},{\"@type\":\"WebSite\",\"@id\":\"https:\/\/www.imakeyousmile.se\/es\/#website\",\"url\":\"https:\/\/www.imakeyousmile.se\/es\/\",\"name\":\"Imakeyousmile.se\",\"description\":\"Helena Amiley - Beauty, Entrepreneur, Lifestyle\",\"publisher\":{\"@id\":\"https:\/\/www.imakeyousmile.se\/es\/#organization\"},\"potentialAction\":[{\"@type\":\"SearchAction\",\"target\":\"https:\/\/www.imakeyousmile.se\/es\/?s={search_term_string}\",\"query-input\":\"required name=search_term_string\"}],\"inLanguage\":\"es\"},{\"@type\":\"ImageObject\",\"@id\":\"https:\/\/www.imakeyousmile.se\/sminkning-som-forstorar-ogonen-4\/#primaryimage\",\"inLanguage\":\"es\",\"url\":\"https:\/\/www.imakeyousmile.se\/wp-content\/uploads\/2015\/06\/IMG_5100_111.jpg\",\"width\":1530,\"height\":1128},{\"@type\":\"WebPage\",\"@id\":\"https:\/\/www.imakeyousmile.se\/sminkning-som-forstorar-ogonen-4\/#webpage\",\"url\":\"https:\/\/www.imakeyousmile.se\/sminkning-som-forstorar-ogonen-4\/\",\"name\":\"Sminkning som f\\u00f6rstorar \\u00f6gonen | Imakeyousmile.se\",\"isPartOf\":{\"@id\":\"https:\/\/www.imakeyousmile.se\/es\/#website\"},\"primaryImageOfPage\":{\"@id\":\"https:\/\/www.imakeyousmile.se\/sminkning-som-forstorar-ogonen-4\/#primaryimage\"},\"datePublished\":\"2015-06-04T09:55:13+00:00\",\"dateModified\":\"2015-06-07T16:22:36+00:00\",\"description\":\"Sminkning som f\\u00f6rstorar \\u00f6gonen | Helena Amiley - H\\u00e4r hittar du senaste infromation om sk\\u00f6nhet, livsstil, entrepren\\u00f6rskap, makeup & tips.\",\"inLanguage\":\"es\",\"potentialAction\":[{\"@type\":\"ReadAction\",\"target\":[\"https:\/\/www.imakeyousmile.se\/sminkning-som-forstorar-ogonen-4\/\"]}]},{\"@type\":\"Article\",\"@id\":\"https:\/\/www.imakeyousmile.se\/sminkning-som-forstorar-ogonen-4\/#article\",\"isPartOf\":{\"@id\":\"https:\/\/www.imakeyousmile.se\/sminkning-som-forstorar-ogonen-4\/#webpage\"},\"author\":{\"@id\":\"https:\/\/www.imakeyousmile.se\/es\/#\/schema\/person\/b0fd43b1c6bb1c60cfd68bff9b4a10fb\"},\"headline\":\"Sminkning som f\\u00f6rstorar \\u00f6gonen\",\"datePublished\":\"2015-06-04T09:55:13+00:00\",\"dateModified\":\"2015-06-07T16:22:36+00:00\",\"mainEntityOfPage\":{\"@id\":\"https:\/\/www.imakeyousmile.se\/sminkning-som-forstorar-ogonen-4\/#webpage\"},\"commentCount\":0,\"publisher\":{\"@id\":\"https:\/\/www.imakeyousmile.se\/es\/#organization\"},\"image\":{\"@id\":\"https:\/\/www.imakeyousmile.se\/sminkning-som-forstorar-ogonen-4\/#primaryimage\"},\"keywords\":\"paese kashmir,paese manifesto,paese opal,sminkblogg,Sminkning som f\\u00f6rstorar \\u00f6gonen,vit \\u00f6gonskugga\",\"articleSection\":\"M\\u00f6rka \/ festliga sminkningar,Neutrala \/ milda sminkningar\",\"inLanguage\":\"es\",\"potentialAction\":[{\"@type\":\"CommentAction\",\"name\":\"Comment\",\"target\":[\"https:\/\/www.imakeyousmile.se\/sminkning-som-forstorar-ogonen-4\/#respond\"]}]},{\"@type\":\"Person\",\"@id\":\"https:\/\/www.imakeyousmile.se\/es\/#\/schema\/person\/b0fd43b1c6bb1c60cfd68bff9b4a10fb\",\"name\":\"Helena Amiley\",\"image\":{\"@type\":\"ImageObject\",\"@id\":\"https:\/\/www.imakeyousmile.se\/es\/#personlogo\",\"inLanguage\":\"es\",\"url\":\"https:\/\/secure.gravatar.com\/avatar\/5645558e1e355457a23368d7e1b4c904?s=96&d=mm&r=g\",\"caption\":\"Helena Amiley\"},\"description\":\"Jag skriver mest om sk\\u00f6nhet men bjuder \\u00e4ven p\\u00e5 glimtar fr\\u00e5n entrepren\\u00f6rlivet och bygget av v\\u00e5r egen camper van. Vanlife here we come!\",\"sameAs\":[\"https:\/\/www.facebook.com\/imakeyousmile.se\",\"https:\/\/www.instagram.com\/helenaamiley\",\"https:\/\/www.youtube.com\/channel\/UCR5iB6rvpV6Yr8ZjpQfr5mg?view_as=subscriber\"]}]}<\/script>\n<!-- \/ Yoast SEO Premium plugin. -->","_links":{"self":[{"href":"https:\/\/www.imakeyousmile.se\/es\/wp-json\/wp\/v2\/posts\/20393"}],"collection":[{"href":"https:\/\/www.imakeyousmile.se\/es\/wp-json\/wp\/v2\/posts"}],"about":[{"href":"https:\/\/www.imakeyousmile.se\/es\/wp-json\/wp\/v2\/types\/post"}],"author":[{"embeddable":true,"href":"https:\/\/www.imakeyousmile.se\/es\/wp-json\/wp\/v2\/users\/30"}],"replies":[{"embeddable":true,"href":"https:\/\/www.imakeyousmile.se\/es\/wp-json\/wp\/v2\/comments?post=20393"}],"version-history":[{"count":4,"href":"https:\/\/www.imakeyousmile.se\/es\/wp-json\/wp\/v2\/posts\/20393\/revisions"}],"predecessor-version":[{"id":20446,"href":"https:\/\/www.imakeyousmile.se\/es\/wp-json\/wp\/v2\/posts\/20393\/revisions\/20446"}],"wp:featuredmedia":[{"embeddable":true,"href":"https:\/\/www.imakeyousmile.se\/es\/wp-json\/wp\/v2\/media\/20397"}],"wp:attachment":[{"href":"https:\/\/www.imakeyousmile.se\/es\/wp-json\/wp\/v2\/media?parent=20393"}],"wp:term":[{"taxonomy":"category","embeddable":true,"href":"https:\/\/www.imakeyousmile.se\/es\/wp-json\/wp\/v2\/categories?post=20393"},{"taxonomy":"post_tag","embeddable":true,"href":"https:\/\/www.imakeyousmile.se\/es\/wp-json\/wp\/v2\/tags?post=20393"}],"curies":[{"name":"wp","href":"https:\/\/api.w.org\/{rel}","templated":true}]}}