{"id":20538,"date":"2015-06-12T17:07:15","date_gmt":"2015-06-12T15:07:15","guid":{"rendered":"http:\/\/www.imakeyousmile.se\/?p=20538"},"modified":"2015-06-12T09:37:56","modified_gmt":"2015-06-12T07:37:56","slug":"min-dagliga-frustration-fel-kork-pa-kajalpennan","status":"publish","type":"post","link":"https:\/\/www.imakeyousmile.se\/es\/mi-diario-frustracion-mal-corcho-en-el-lapiz-delineador-de-ojos\/","title":{"rendered":"Mi frustraci\u00f3n diaria: el corcho incorrecto en el delineador de ojos"},"content":{"rendered":"<p>No tienes idea de la frecuencia con la que cometo este error ... Cuando est\u00e1s en medio de un maquillaje divertido, tienes maquillaje y productos por toda la mesa, y luego te pones <strong>\u00a1Corcho incorrecto en el delineador de ojos!<\/strong> Y <em>siempre<\/em> \u00bfEs un corcho demasiado corto que machaca toda la punta fina?<\/p>\n<p>\u00bfTodos los corchos tienen que verse iguales? Negro o transparente, sin importar el aspecto del bol\u00edgrafo. Al menos har\u00e9 corchos largos que quepan exactamente en todos los l\u00e1pices, as\u00ed que no importa cu\u00e1l te pongas jaja.<\/p>\n<p>\u00bfSoy el \u00fanico con este problema? Como tal, puede que no haya tantos de ustedes que creen tanto caos de maquillaje como yo cada vez que se maquillan;)<\/p>\n<p><a href=\"http:\/\/www.imakeyousmile.se\/wp-content\/uploads\/2015\/06\/IMG_6053_111.png\"><img loading=\"lazy\" decoding=\"async\" class=\"alignnone size-large wp-image-20539\" src=\"http:\/\/www.imakeyousmile.se\/wp-content\/uploads\/2015\/06\/IMG_6053_111-885x1024.png\" alt=\"IMG_6053_111\" width=\"700\" height=\"810\" \/><\/a><\/p>\n<p>Una Helena cansada de s\u00ed misma:<br \/>\n<a href=\"http:\/\/www.imakeyousmile.se\/wp-content\/uploads\/2015\/06\/IMG_6053_111.png\"><br \/>\n<\/a><a href=\"http:\/\/www.imakeyousmile.se\/wp-content\/uploads\/2015\/06\/IMG_5097_111.jpg\"><img loading=\"lazy\" decoding=\"async\" class=\"alignnone size-large wp-image-20540\" src=\"http:\/\/www.imakeyousmile.se\/wp-content\/uploads\/2015\/06\/IMG_5097_111-981x1024.jpg\" alt=\"IMG_5097_111\" width=\"700\" height=\"731\" srcset=\"https:\/\/www.imakeyousmile.se\/wp-content\/uploads\/2015\/06\/IMG_5097_111-981x1024.jpg 981w, https:\/\/www.imakeyousmile.se\/wp-content\/uploads\/2015\/06\/IMG_5097_111-287x300.jpg 287w, https:\/\/www.imakeyousmile.se\/wp-content\/uploads\/2015\/06\/IMG_5097_111-700x730.jpg 700w, https:\/\/www.imakeyousmile.se\/wp-content\/uploads\/2015\/06\/IMG_5097_111-342x357.jpg 342w, https:\/\/www.imakeyousmile.se\/wp-content\/uploads\/2015\/06\/IMG_5097_111-463x483.jpg 463w, https:\/\/www.imakeyousmile.se\/wp-content\/uploads\/2015\/06\/IMG_5097_111.jpg 2000w\" sizes=\"(max-width: 700px) 100vw, 700px\" \/><\/a><\/p>","protected":false},"excerpt":{"rendered":"<p>Ni anar inte hur ofta jag g\u00f6r det h\u00e4r misstaget&#8230; N\u00e4r man \u00e4r mitt uppe i en rolig sminkning, har smink och produkter \u00f6ver hela bordet, och s\u00e5\u00a0s\u00e4tter man p\u00e5 fel kork p\u00e5 kajalpennan! Och alltid \u00e4r det en f\u00f6r kort kork som mosar hela den fina spetsen! M\u00e5ste alla korkar se likadana ut?? Svarta [&hellip;]<\/p>\n","protected":false},"author":30,"featured_media":20539,"comment_status":"open","ping_status":"closed","sticky":false,"template":"","format":"standard","meta":{"footnotes":""},"categories":[3],"tags":[3719,3718,3717,54],"class_list":["post-20538","post","type-post","status-publish","format-standard","has-post-thumbnail","hentry","category-allmant","tag-daglig-frustration","tag-kork-kajalpenna","tag-min-dagliga-frustration-fel-kork-pa-kajalpennan","tag-sminkblogg"],"yoast_head":"<!-- This site is optimized with the Yoast SEO Premium plugin v14.9 - https:\/\/yoast.com\/wordpress\/plugins\/seo\/ -->\n<meta name=\"description\" content=\"Min dagliga frustration - fel kork p\u00e5 kajalpennan | Helena Amiley - H\u00e4r hittar du senaste infromation om sk\u00f6nhet, livsstil, entrepren\u00f6rskap, makeup &amp; tips.\" \/>\n<meta name=\"robots\" content=\"index, follow, max-snippet:-1, max-image-preview:large, max-video-preview:-1\" \/>\n<link rel=\"canonical\" href=\"https:\/\/www.imakeyousmile.se\/es\/min-dagliga-frustration-fel-kork-pa-kajalpennan\/\" \/>\n<meta property=\"og:locale\" content=\"es_ES\" \/>\n<meta property=\"og:type\" content=\"article\" \/>\n<meta property=\"og:title\" content=\"Min dagliga frustration - fel kork p\u00e5 kajalpennan | Imakeyousmile.se\" \/>\n<meta property=\"og:description\" content=\"Min dagliga frustration - fel kork p\u00e5 kajalpennan | Helena Amiley - H\u00e4r hittar du senaste infromation om sk\u00f6nhet, livsstil, entrepren\u00f6rskap, makeup &amp; tips.\" \/>\n<meta property=\"og:url\" content=\"https:\/\/www.imakeyousmile.se\/es\/min-dagliga-frustration-fel-kork-pa-kajalpennan\/\" \/>\n<meta property=\"og:site_name\" content=\"Imakeyousmile.se\" \/>\n<meta property=\"article:author\" content=\"https:\/\/www.facebook.com\/imakeyousmile.se\" \/>\n<meta property=\"article:published_time\" content=\"2015-06-12T15:07:15+00:00\" \/>\n<meta property=\"article:modified_time\" content=\"2015-06-12T07:37:56+00:00\" \/>\n<meta property=\"og:image\" content=\"https:\/\/www.imakeyousmile.se\/wp-content\/uploads\/2015\/06\/IMG_6053_111-e1605642487264.png\" \/>\n\t<meta property=\"og:image:width\" content=\"696\" \/>\n\t<meta property=\"og:image:height\" content=\"806\" \/>\n<meta name=\"twitter:card\" content=\"summary_large_image\" \/>\n<script type=\"application\/ld+json\" class=\"yoast-schema-graph\">{\"@context\":\"https:\/\/schema.org\",\"@graph\":[{\"@type\":\"Organization\",\"@id\":\"https:\/\/www.imakeyousmile.se\/es\/#organization\",\"name\":\"Imakeyousmile\",\"url\":\"https:\/\/www.imakeyousmile.se\/es\/\",\"sameAs\":[],\"logo\":{\"@type\":\"ImageObject\",\"@id\":\"https:\/\/www.imakeyousmile.se\/es\/#logo\",\"inLanguage\":\"es\",\"url\":\"https:\/\/www.imakeyousmile.se\/wp-content\/uploads\/2020\/10\/HELENA-AMILEY_SVART-1-e1603367975324.png\",\"width\":280,\"height\":93,\"caption\":\"Imakeyousmile\"},\"image\":{\"@id\":\"https:\/\/www.imakeyousmile.se\/es\/#logo\"}},{\"@type\":\"WebSite\",\"@id\":\"https:\/\/www.imakeyousmile.se\/es\/#website\",\"url\":\"https:\/\/www.imakeyousmile.se\/es\/\",\"name\":\"Imakeyousmile.se\",\"description\":\"Helena Amiley - Beauty, Entrepreneur, Lifestyle\",\"publisher\":{\"@id\":\"https:\/\/www.imakeyousmile.se\/es\/#organization\"},\"potentialAction\":[{\"@type\":\"SearchAction\",\"target\":\"https:\/\/www.imakeyousmile.se\/es\/?s={search_term_string}\",\"query-input\":\"required name=search_term_string\"}],\"inLanguage\":\"es\"},{\"@type\":\"ImageObject\",\"@id\":\"https:\/\/www.imakeyousmile.se\/min-dagliga-frustration-fel-kork-pa-kajalpennan\/#primaryimage\",\"inLanguage\":\"es\",\"url\":\"https:\/\/www.imakeyousmile.se\/wp-content\/uploads\/2015\/06\/IMG_6053_111-e1605642487264.png\",\"width\":696,\"height\":806},{\"@type\":\"WebPage\",\"@id\":\"https:\/\/www.imakeyousmile.se\/min-dagliga-frustration-fel-kork-pa-kajalpennan\/#webpage\",\"url\":\"https:\/\/www.imakeyousmile.se\/min-dagliga-frustration-fel-kork-pa-kajalpennan\/\",\"name\":\"Min dagliga frustration - fel kork p\\u00e5 kajalpennan | Imakeyousmile.se\",\"isPartOf\":{\"@id\":\"https:\/\/www.imakeyousmile.se\/es\/#website\"},\"primaryImageOfPage\":{\"@id\":\"https:\/\/www.imakeyousmile.se\/min-dagliga-frustration-fel-kork-pa-kajalpennan\/#primaryimage\"},\"datePublished\":\"2015-06-12T15:07:15+00:00\",\"dateModified\":\"2015-06-12T07:37:56+00:00\",\"description\":\"Min dagliga frustration - fel kork p\\u00e5 kajalpennan | Helena Amiley - H\\u00e4r hittar du senaste infromation om sk\\u00f6nhet, livsstil, entrepren\\u00f6rskap, makeup & tips.\",\"inLanguage\":\"es\",\"potentialAction\":[{\"@type\":\"ReadAction\",\"target\":[\"https:\/\/www.imakeyousmile.se\/min-dagliga-frustration-fel-kork-pa-kajalpennan\/\"]}]},{\"@type\":\"Article\",\"@id\":\"https:\/\/www.imakeyousmile.se\/min-dagliga-frustration-fel-kork-pa-kajalpennan\/#article\",\"isPartOf\":{\"@id\":\"https:\/\/www.imakeyousmile.se\/min-dagliga-frustration-fel-kork-pa-kajalpennan\/#webpage\"},\"author\":{\"@id\":\"https:\/\/www.imakeyousmile.se\/es\/#\/schema\/person\/b0fd43b1c6bb1c60cfd68bff9b4a10fb\"},\"headline\":\"Min dagliga frustration &#8211; fel kork p\\u00e5 kajalpennan\",\"datePublished\":\"2015-06-12T15:07:15+00:00\",\"dateModified\":\"2015-06-12T07:37:56+00:00\",\"mainEntityOfPage\":{\"@id\":\"https:\/\/www.imakeyousmile.se\/min-dagliga-frustration-fel-kork-pa-kajalpennan\/#webpage\"},\"commentCount\":5,\"publisher\":{\"@id\":\"https:\/\/www.imakeyousmile.se\/es\/#organization\"},\"image\":{\"@id\":\"https:\/\/www.imakeyousmile.se\/min-dagliga-frustration-fel-kork-pa-kajalpennan\/#primaryimage\"},\"keywords\":\"daglig frustration,kork kajalpenna,Min dagliga frustration - fel kork p\\u00e5 kajalpennan,sminkblogg\",\"articleSection\":\"\\u00d6vrigt\",\"inLanguage\":\"es\",\"potentialAction\":[{\"@type\":\"CommentAction\",\"name\":\"Comment\",\"target\":[\"https:\/\/www.imakeyousmile.se\/min-dagliga-frustration-fel-kork-pa-kajalpennan\/#respond\"]}]},{\"@type\":\"Person\",\"@id\":\"https:\/\/www.imakeyousmile.se\/es\/#\/schema\/person\/b0fd43b1c6bb1c60cfd68bff9b4a10fb\",\"name\":\"Helena Amiley\",\"image\":{\"@type\":\"ImageObject\",\"@id\":\"https:\/\/www.imakeyousmile.se\/es\/#personlogo\",\"inLanguage\":\"es\",\"url\":\"https:\/\/secure.gravatar.com\/avatar\/5645558e1e355457a23368d7e1b4c904?s=96&d=mm&r=g\",\"caption\":\"Helena Amiley\"},\"description\":\"Jag skriver mest om sk\\u00f6nhet men bjuder \\u00e4ven p\\u00e5 glimtar fr\\u00e5n entrepren\\u00f6rlivet och bygget av v\\u00e5r egen camper van. Vanlife here we come!\",\"sameAs\":[\"https:\/\/www.facebook.com\/imakeyousmile.se\",\"https:\/\/www.instagram.com\/helenaamiley\",\"https:\/\/www.youtube.com\/channel\/UCR5iB6rvpV6Yr8ZjpQfr5mg?view_as=subscriber\"]}]}<\/script>\n<!-- \/ Yoast SEO Premium plugin. -->","_links":{"self":[{"href":"https:\/\/www.imakeyousmile.se\/es\/wp-json\/wp\/v2\/posts\/20538"}],"collection":[{"href":"https:\/\/www.imakeyousmile.se\/es\/wp-json\/wp\/v2\/posts"}],"about":[{"href":"https:\/\/www.imakeyousmile.se\/es\/wp-json\/wp\/v2\/types\/post"}],"author":[{"embeddable":true,"href":"https:\/\/www.imakeyousmile.se\/es\/wp-json\/wp\/v2\/users\/30"}],"replies":[{"embeddable":true,"href":"https:\/\/www.imakeyousmile.se\/es\/wp-json\/wp\/v2\/comments?post=20538"}],"version-history":[{"count":3,"href":"https:\/\/www.imakeyousmile.se\/es\/wp-json\/wp\/v2\/posts\/20538\/revisions"}],"predecessor-version":[{"id":20543,"href":"https:\/\/www.imakeyousmile.se\/es\/wp-json\/wp\/v2\/posts\/20538\/revisions\/20543"}],"wp:featuredmedia":[{"embeddable":true,"href":"https:\/\/www.imakeyousmile.se\/es\/wp-json\/wp\/v2\/media\/20539"}],"wp:attachment":[{"href":"https:\/\/www.imakeyousmile.se\/es\/wp-json\/wp\/v2\/media?parent=20538"}],"wp:term":[{"taxonomy":"category","embeddable":true,"href":"https:\/\/www.imakeyousmile.se\/es\/wp-json\/wp\/v2\/categories?post=20538"},{"taxonomy":"post_tag","embeddable":true,"href":"https:\/\/www.imakeyousmile.se\/es\/wp-json\/wp\/v2\/tags?post=20538"}],"curies":[{"name":"wp","href":"https:\/\/api.w.org\/{rel}","templated":true}]}}