{"id":20652,"date":"2015-06-18T14:20:45","date_gmt":"2015-06-18T12:20:45","guid":{"rendered":"http:\/\/www.imakeyousmile.se\/?p=20652"},"modified":"2015-06-18T14:20:45","modified_gmt":"2015-06-18T12:20:45","slug":"somriga-nagelfarger","status":"publish","type":"post","link":"https:\/\/www.imakeyousmile.se\/es\/colores-de-unas-veraniegos\/","title":{"rendered":"Colores de u\u00f1as veraniegos"},"content":{"rendered":"<p>No soy tan bueno pintando u\u00f1as, por lo general no hago m\u00e1s avanzado que un mismo color en los 10 dedos. O bien y bien, no tengo paciencia jaja. Pero me he enamorado de una combinaci\u00f3n de colores veraniegos y por eso pens\u00e9 en mostrarte tres formas diferentes en las que he combinado estos esmaltes de u\u00f1as, \u00a1para mostrar lo bonitos que son los colores juntos!<\/p>\n<p>Entonces obtienes algo de inspiraci\u00f3n incluso si lo haces t\u00fa mismo con m\u00e1s habilidad m\u00e1s adelante;)<\/p>\n<p>Es <a href=\"https:\/\/ion.lyko.com\/t\/t?a=1117786221&#038;as=1548102449&#038;t=2&#038;tk=1&#038;epi=search-replace-nagellack&#038;url=https:\/\/lyko.com\/sv\/smink\/naglar\/nagellack?fromsearch=nagellack\/\" target=\"_blank\">Esmalte de u\u00f1as Paese<\/a> Lo he usado en los tonos 184 (rosa), 179 (albaricoque) y 176 (verde).<\/p>\n<p><a href=\"http:\/\/www.imakeyousmile.se\/wp-content\/uploads\/2015\/06\/IMG_5557_1111.jpg\"><img loading=\"lazy\" decoding=\"async\" class=\"alignnone size-large wp-image-20658\" src=\"http:\/\/www.imakeyousmile.se\/wp-content\/uploads\/2015\/06\/IMG_5557_1111-1024x717.jpg\" alt=\"IMG_5557_1111\" width=\"700\" height=\"490\" srcset=\"https:\/\/www.imakeyousmile.se\/wp-content\/uploads\/2015\/06\/IMG_5557_1111-1024x717.jpg 1024w, https:\/\/www.imakeyousmile.se\/wp-content\/uploads\/2015\/06\/IMG_5557_1111-300x210.jpg 300w, https:\/\/www.imakeyousmile.se\/wp-content\/uploads\/2015\/06\/IMG_5557_1111-700x490.jpg 700w, https:\/\/www.imakeyousmile.se\/wp-content\/uploads\/2015\/06\/IMG_5557_1111-510x357.jpg 510w, https:\/\/www.imakeyousmile.se\/wp-content\/uploads\/2015\/06\/IMG_5557_1111-690x483.jpg 690w\" sizes=\"(max-width: 700px) 100vw, 700px\" \/><\/a><\/p>\n<p><a href=\"http:\/\/www.imakeyousmile.se\/wp-content\/uploads\/2015\/06\/IMG_5567_111.jpg\"><img loading=\"lazy\" decoding=\"async\" class=\"alignnone size-large wp-image-20654\" src=\"http:\/\/www.imakeyousmile.se\/wp-content\/uploads\/2015\/06\/IMG_5567_111-1024x731.jpg\" alt=\"IMG_5567_111\" width=\"700\" height=\"500\" srcset=\"https:\/\/www.imakeyousmile.se\/wp-content\/uploads\/2015\/06\/IMG_5567_111-1024x731.jpg 1024w, https:\/\/www.imakeyousmile.se\/wp-content\/uploads\/2015\/06\/IMG_5567_111-300x214.jpg 300w, https:\/\/www.imakeyousmile.se\/wp-content\/uploads\/2015\/06\/IMG_5567_111-700x500.jpg 700w, https:\/\/www.imakeyousmile.se\/wp-content\/uploads\/2015\/06\/IMG_5567_111-500x357.jpg 500w, https:\/\/www.imakeyousmile.se\/wp-content\/uploads\/2015\/06\/IMG_5567_111-676x483.jpg 676w, https:\/\/www.imakeyousmile.se\/wp-content\/uploads\/2015\/06\/IMG_5567_111.jpg 2000w\" sizes=\"(max-width: 700px) 100vw, 700px\" \/><\/a><\/p>\n<p><a href=\"http:\/\/www.imakeyousmile.se\/wp-content\/uploads\/2015\/06\/IMG_6605_111.jpg\"><img loading=\"lazy\" decoding=\"async\" class=\"alignnone size-large wp-image-20657\" src=\"http:\/\/www.imakeyousmile.se\/wp-content\/uploads\/2015\/06\/IMG_6605_111-1024x670.jpg\" alt=\"IMG_6605_111\" width=\"700\" height=\"458\" srcset=\"https:\/\/www.imakeyousmile.se\/wp-content\/uploads\/2015\/06\/IMG_6605_111-1024x670.jpg 1024w, https:\/\/www.imakeyousmile.se\/wp-content\/uploads\/2015\/06\/IMG_6605_111-300x196.jpg 300w, https:\/\/www.imakeyousmile.se\/wp-content\/uploads\/2015\/06\/IMG_6605_111-700x458.jpg 700w, https:\/\/www.imakeyousmile.se\/wp-content\/uploads\/2015\/06\/IMG_6605_111-100x65.jpg 100w, https:\/\/www.imakeyousmile.se\/wp-content\/uploads\/2015\/06\/IMG_6605_111-546x357.jpg 546w, https:\/\/www.imakeyousmile.se\/wp-content\/uploads\/2015\/06\/IMG_6605_111-738x483.jpg 738w\" sizes=\"(max-width: 700px) 100vw, 700px\" \/><\/a><\/p>\n<p>As\u00ed es como se ve si pinta toda la u\u00f1a del mismo color, pero hace un poco diferente en diferentes u\u00f1as :)<\/p>\n<p><a href=\"http:\/\/www.imakeyousmile.se\/wp-content\/uploads\/2015\/06\/IMG_6366_111.jpg\"><img loading=\"lazy\" decoding=\"async\" class=\"alignnone size-large wp-image-20656\" src=\"http:\/\/www.imakeyousmile.se\/wp-content\/uploads\/2015\/06\/IMG_6366_111-1024x706.jpg\" alt=\"IMG_6366_111\" width=\"700\" height=\"483\" srcset=\"https:\/\/www.imakeyousmile.se\/wp-content\/uploads\/2015\/06\/IMG_6366_111-1024x706.jpg 1024w, https:\/\/www.imakeyousmile.se\/wp-content\/uploads\/2015\/06\/IMG_6366_111-300x207.jpg 300w, https:\/\/www.imakeyousmile.se\/wp-content\/uploads\/2015\/06\/IMG_6366_111-700x482.jpg 700w, https:\/\/www.imakeyousmile.se\/wp-content\/uploads\/2015\/06\/IMG_6366_111-518x357.jpg 518w, https:\/\/www.imakeyousmile.se\/wp-content\/uploads\/2015\/06\/IMG_6366_111-701x483.jpg 701w, https:\/\/www.imakeyousmile.se\/wp-content\/uploads\/2015\/06\/IMG_6366_111.jpg 2000w\" sizes=\"(max-width: 700px) 100vw, 700px\" \/><\/a><\/p>\n<p>\u00a1Y aqu\u00ed hice una combinaci\u00f3n con el esmalte de u\u00f1as blanco de Paese en el tono 102 tambi\u00e9n! Un poco m\u00e1s divertido :) Fueron estas u\u00f1as <a href=\"http:\/\/www.imakeyousmile.se\/es\/neon-eyes\/\" target=\"_blank\">maquillaje de ayer<\/a> fue inspirado por!<\/p>\n<p>Y si eres m\u00e1s ordenado, estos quedan bien juntos en un ombre. Mi hermana me lo prob\u00f3 por primera vez el fin de semana pasado y se ve\u00eda as\u00ed:<\/p>\n<p><a href=\"http:\/\/www.imakeyousmile.se\/wp-content\/uploads\/2015\/06\/IMG_6234_111.jpg\"><img loading=\"lazy\" decoding=\"async\" class=\"alignnone size-large wp-image-20655\" src=\"http:\/\/www.imakeyousmile.se\/wp-content\/uploads\/2015\/06\/IMG_6234_111-1024x489.jpg\" alt=\"IMG_6234_111\" width=\"700\" height=\"334\" srcset=\"https:\/\/www.imakeyousmile.se\/wp-content\/uploads\/2015\/06\/IMG_6234_111-1024x489.jpg 1024w, https:\/\/www.imakeyousmile.se\/wp-content\/uploads\/2015\/06\/IMG_6234_111-300x143.jpg 300w, https:\/\/www.imakeyousmile.se\/wp-content\/uploads\/2015\/06\/IMG_6234_111-700x334.jpg 700w, https:\/\/www.imakeyousmile.se\/wp-content\/uploads\/2015\/06\/IMG_6234_111-748x357.jpg 748w, https:\/\/www.imakeyousmile.se\/wp-content\/uploads\/2015\/06\/IMG_6234_111-1012x483.jpg 1012w, https:\/\/www.imakeyousmile.se\/wp-content\/uploads\/2015\/06\/IMG_6234_111.jpg 1998w\" sizes=\"(max-width: 700px) 100vw, 700px\" \/><\/a><\/p>\n<p>La pintura esta encendida <a href=\"https:\/\/ion.lyko.com\/t\/t?a=1117786221&#038;as=1548102449&#038;t=2&#038;tk=1&#038;epi=search-replace-nagellack&#038;url=https:\/\/lyko.com\/sv\/smink\/naglar\/nagellack?fromsearch=nagellack\/\" target=\"_blank\">Byher.se<\/a> y cuesta 49 SEK.<\/p>\n<p>\u00bfSeguro que el combo de colores es genial? Es bueno mezclar el verde y el color albaricoque tambi\u00e9n, o el rosa y el color albaricoque :)<\/p>\n<p>Los abrazos son \u2665<\/p>","protected":false},"excerpt":{"rendered":"<p>Jag \u00e4r inte s\u00e5 duktig p\u00e5 att m\u00e5la naglarna, brukar inte g\u00f6ra mer avancerat \u00e4n en och samma f\u00e4rg p\u00e5 alla 10 fingrar. Eller duktig och duktig, jag har inte t\u00e5lamodet haha. Men jag har blivit k\u00e4r i en somrig f\u00e4rgkombination och t\u00e4nkte d\u00e4rf\u00f6r visa er tre olika s\u00e4tt jag har kombinerat dessa nagellack p\u00e5, [&hellip;]<\/p>\n","protected":false},"author":30,"featured_media":20658,"comment_status":"open","ping_status":"closed","sticky":false,"template":"","format":"standard","meta":{"footnotes":""},"categories":[863,59],"tags":[3750],"class_list":["post-20652","post","type-post","status-publish","format-standard","has-post-thumbnail","hentry","category-naglar","category-recensioner-produkttips","tag-somriga-nagelfarger"],"yoast_head":"<!-- This site is optimized with the Yoast SEO Premium plugin v14.9 - https:\/\/yoast.com\/wordpress\/plugins\/seo\/ -->\n<meta name=\"description\" content=\"Somriga nagelf\u00e4rger | Helena Amiley - H\u00e4r hittar du senaste infromation om sk\u00f6nhet, livsstil, entrepren\u00f6rskap, makeup &amp; tips.\" \/>\n<meta name=\"robots\" content=\"index, follow, max-snippet:-1, max-image-preview:large, max-video-preview:-1\" \/>\n<link rel=\"canonical\" href=\"https:\/\/www.imakeyousmile.se\/es\/somriga-nagelfarger\/\" \/>\n<meta property=\"og:locale\" content=\"es_ES\" \/>\n<meta property=\"og:type\" content=\"article\" \/>\n<meta property=\"og:title\" content=\"Somriga nagelf\u00e4rger | Imakeyousmile.se\" \/>\n<meta property=\"og:description\" content=\"Somriga nagelf\u00e4rger | Helena Amiley - H\u00e4r hittar du senaste infromation om sk\u00f6nhet, livsstil, entrepren\u00f6rskap, makeup &amp; tips.\" \/>\n<meta property=\"og:url\" content=\"https:\/\/www.imakeyousmile.se\/es\/somriga-nagelfarger\/\" \/>\n<meta property=\"og:site_name\" content=\"Imakeyousmile.se\" \/>\n<meta property=\"article:author\" content=\"https:\/\/www.facebook.com\/imakeyousmile.se\" \/>\n<meta property=\"article:published_time\" content=\"2015-06-18T12:20:45+00:00\" \/>\n<meta property=\"og:image\" content=\"https:\/\/www.imakeyousmile.se\/wp-content\/uploads\/2015\/06\/IMG_5557_1111.jpg\" \/>\n\t<meta property=\"og:image:width\" content=\"2904\" \/>\n\t<meta property=\"og:image:height\" content=\"2034\" \/>\n<meta name=\"twitter:card\" content=\"summary_large_image\" \/>\n<script type=\"application\/ld+json\" class=\"yoast-schema-graph\">{\"@context\":\"https:\/\/schema.org\",\"@graph\":[{\"@type\":\"Organization\",\"@id\":\"https:\/\/www.imakeyousmile.se\/es\/#organization\",\"name\":\"Imakeyousmile\",\"url\":\"https:\/\/www.imakeyousmile.se\/es\/\",\"sameAs\":[],\"logo\":{\"@type\":\"ImageObject\",\"@id\":\"https:\/\/www.imakeyousmile.se\/es\/#logo\",\"inLanguage\":\"es\",\"url\":\"https:\/\/www.imakeyousmile.se\/wp-content\/uploads\/2020\/10\/HELENA-AMILEY_SVART-1-e1603367975324.png\",\"width\":280,\"height\":93,\"caption\":\"Imakeyousmile\"},\"image\":{\"@id\":\"https:\/\/www.imakeyousmile.se\/es\/#logo\"}},{\"@type\":\"WebSite\",\"@id\":\"https:\/\/www.imakeyousmile.se\/es\/#website\",\"url\":\"https:\/\/www.imakeyousmile.se\/es\/\",\"name\":\"Imakeyousmile.se\",\"description\":\"Helena Amiley - Beauty, Entrepreneur, Lifestyle\",\"publisher\":{\"@id\":\"https:\/\/www.imakeyousmile.se\/es\/#organization\"},\"potentialAction\":[{\"@type\":\"SearchAction\",\"target\":\"https:\/\/www.imakeyousmile.se\/es\/?s={search_term_string}\",\"query-input\":\"required name=search_term_string\"}],\"inLanguage\":\"es\"},{\"@type\":\"ImageObject\",\"@id\":\"https:\/\/www.imakeyousmile.se\/somriga-nagelfarger\/#primaryimage\",\"inLanguage\":\"es\",\"url\":\"https:\/\/www.imakeyousmile.se\/wp-content\/uploads\/2015\/06\/IMG_5557_1111.jpg\",\"width\":2904,\"height\":2034},{\"@type\":\"WebPage\",\"@id\":\"https:\/\/www.imakeyousmile.se\/somriga-nagelfarger\/#webpage\",\"url\":\"https:\/\/www.imakeyousmile.se\/somriga-nagelfarger\/\",\"name\":\"Somriga nagelf\\u00e4rger | Imakeyousmile.se\",\"isPartOf\":{\"@id\":\"https:\/\/www.imakeyousmile.se\/es\/#website\"},\"primaryImageOfPage\":{\"@id\":\"https:\/\/www.imakeyousmile.se\/somriga-nagelfarger\/#primaryimage\"},\"datePublished\":\"2015-06-18T12:20:45+00:00\",\"dateModified\":\"2015-06-18T12:20:45+00:00\",\"description\":\"Somriga nagelf\\u00e4rger | Helena Amiley - H\\u00e4r hittar du senaste infromation om sk\\u00f6nhet, livsstil, entrepren\\u00f6rskap, makeup & tips.\",\"inLanguage\":\"es\",\"potentialAction\":[{\"@type\":\"ReadAction\",\"target\":[\"https:\/\/www.imakeyousmile.se\/somriga-nagelfarger\/\"]}]},{\"@type\":\"Article\",\"@id\":\"https:\/\/www.imakeyousmile.se\/somriga-nagelfarger\/#article\",\"isPartOf\":{\"@id\":\"https:\/\/www.imakeyousmile.se\/somriga-nagelfarger\/#webpage\"},\"author\":{\"@id\":\"https:\/\/www.imakeyousmile.se\/es\/#\/schema\/person\/b0fd43b1c6bb1c60cfd68bff9b4a10fb\"},\"headline\":\"Somriga nagelf\\u00e4rger\",\"datePublished\":\"2015-06-18T12:20:45+00:00\",\"dateModified\":\"2015-06-18T12:20:45+00:00\",\"mainEntityOfPage\":{\"@id\":\"https:\/\/www.imakeyousmile.se\/somriga-nagelfarger\/#webpage\"},\"commentCount\":3,\"publisher\":{\"@id\":\"https:\/\/www.imakeyousmile.se\/es\/#organization\"},\"image\":{\"@id\":\"https:\/\/www.imakeyousmile.se\/somriga-nagelfarger\/#primaryimage\"},\"keywords\":\"Somriga nagelf\\u00e4rger\",\"articleSection\":\"Naglar,Recensioner &amp; Produkttips\",\"inLanguage\":\"es\",\"potentialAction\":[{\"@type\":\"CommentAction\",\"name\":\"Comment\",\"target\":[\"https:\/\/www.imakeyousmile.se\/somriga-nagelfarger\/#respond\"]}]},{\"@type\":\"Person\",\"@id\":\"https:\/\/www.imakeyousmile.se\/es\/#\/schema\/person\/b0fd43b1c6bb1c60cfd68bff9b4a10fb\",\"name\":\"Helena Amiley\",\"image\":{\"@type\":\"ImageObject\",\"@id\":\"https:\/\/www.imakeyousmile.se\/es\/#personlogo\",\"inLanguage\":\"es\",\"url\":\"https:\/\/secure.gravatar.com\/avatar\/5645558e1e355457a23368d7e1b4c904?s=96&d=mm&r=g\",\"caption\":\"Helena Amiley\"},\"description\":\"Jag skriver mest om sk\\u00f6nhet men bjuder \\u00e4ven p\\u00e5 glimtar fr\\u00e5n entrepren\\u00f6rlivet och bygget av v\\u00e5r egen camper van. Vanlife here we come!\",\"sameAs\":[\"https:\/\/www.facebook.com\/imakeyousmile.se\",\"https:\/\/www.instagram.com\/helenaamiley\",\"https:\/\/www.youtube.com\/channel\/UCR5iB6rvpV6Yr8ZjpQfr5mg?view_as=subscriber\"]}]}<\/script>\n<!-- \/ Yoast SEO Premium plugin. -->","_links":{"self":[{"href":"https:\/\/www.imakeyousmile.se\/es\/wp-json\/wp\/v2\/posts\/20652"}],"collection":[{"href":"https:\/\/www.imakeyousmile.se\/es\/wp-json\/wp\/v2\/posts"}],"about":[{"href":"https:\/\/www.imakeyousmile.se\/es\/wp-json\/wp\/v2\/types\/post"}],"author":[{"embeddable":true,"href":"https:\/\/www.imakeyousmile.se\/es\/wp-json\/wp\/v2\/users\/30"}],"replies":[{"embeddable":true,"href":"https:\/\/www.imakeyousmile.se\/es\/wp-json\/wp\/v2\/comments?post=20652"}],"version-history":[{"count":3,"href":"https:\/\/www.imakeyousmile.se\/es\/wp-json\/wp\/v2\/posts\/20652\/revisions"}],"predecessor-version":[{"id":20661,"href":"https:\/\/www.imakeyousmile.se\/es\/wp-json\/wp\/v2\/posts\/20652\/revisions\/20661"}],"wp:featuredmedia":[{"embeddable":true,"href":"https:\/\/www.imakeyousmile.se\/es\/wp-json\/wp\/v2\/media\/20658"}],"wp:attachment":[{"href":"https:\/\/www.imakeyousmile.se\/es\/wp-json\/wp\/v2\/media?parent=20652"}],"wp:term":[{"taxonomy":"category","embeddable":true,"href":"https:\/\/www.imakeyousmile.se\/es\/wp-json\/wp\/v2\/categories?post=20652"},{"taxonomy":"post_tag","embeddable":true,"href":"https:\/\/www.imakeyousmile.se\/es\/wp-json\/wp\/v2\/tags?post=20652"}],"curies":[{"name":"wp","href":"https:\/\/api.w.org\/{rel}","templated":true}]}}