{"id":20662,"date":"2015-06-18T16:54:13","date_gmt":"2015-06-18T14:54:13","guid":{"rendered":"http:\/\/www.imakeyousmile.se\/?p=20662"},"modified":"2015-06-18T16:54:13","modified_gmt":"2015-06-18T14:54:13","slug":"tavling-vinn-sommarkit-fran-vision-haircare","status":"publish","type":"post","link":"https:\/\/www.imakeyousmile.se\/es\/competencia-ganar-verano-kit-de-vision-haircare\/","title":{"rendered":"\u00a1Concurso! Gana un kit de verano de Vision Haircare"},"content":{"rendered":"<p>En colaboraci\u00f3n con Vision Haircare, tuve la oportunidad de rifar un gran kit de verano con productos para uno de mis lectores. :)<\/p>\n<p>\u00a1Yo mismo he probado los productos y creo que son realmente buenos! El kit consta de dos protectores solares para el cuerpo (spf 30 y spf 50+), un spray de peinado y un spray de agua salada.<\/p>\n<p>Vision Haircare es una marca sueca hecha para personas que viven en Suecia y est\u00e1 adaptada a este clima en particular. Mira el de ellos\u00a0<a href=\"https:\/\/www.facebook.com\/VisionHaircare?fref=ts\" target=\"_blank\">pagina de Facebook<\/a> y <a href=\"https:\/\/instagram.com\/visionhaircare\/\" target=\"_blank\">Instagram<\/a> para obtener m\u00e1s informaci\u00f3n e inspiraci\u00f3n, se actualizan bastante, por lo que es divertido de seguir :)<\/p>\n<p>Aqu\u00ed hay una breve rese\u00f1a de cada producto, y al final de la publicaci\u00f3n puede competir f\u00e1cilmente completando el formulario \u2665<\/p>\n<p><a href=\"http:\/\/www.imakeyousmile.se\/wp-content\/uploads\/2015\/06\/IMG_6522_111.jpg\"><img loading=\"lazy\" decoding=\"async\" class=\"alignnone size-large wp-image-20663\" src=\"http:\/\/www.imakeyousmile.se\/wp-content\/uploads\/2015\/06\/IMG_6522_111-1024x882.jpg\" alt=\"IMG_6522_111\" width=\"700\" height=\"603\" srcset=\"https:\/\/www.imakeyousmile.se\/wp-content\/uploads\/2015\/06\/IMG_6522_111-1024x882.jpg 1024w, https:\/\/www.imakeyousmile.se\/wp-content\/uploads\/2015\/06\/IMG_6522_111-300x258.jpg 300w, https:\/\/www.imakeyousmile.se\/wp-content\/uploads\/2015\/06\/IMG_6522_111-700x603.jpg 700w, https:\/\/www.imakeyousmile.se\/wp-content\/uploads\/2015\/06\/IMG_6522_111-414x357.jpg 414w, https:\/\/www.imakeyousmile.se\/wp-content\/uploads\/2015\/06\/IMG_6522_111-561x483.jpg 561w, https:\/\/www.imakeyousmile.se\/wp-content\/uploads\/2015\/06\/IMG_6522_111.jpg 2000w\" sizes=\"(max-width: 700px) 100vw, 700px\" \/><\/a><\/p>\n<p>\u00a1Aqu\u00ed ves el kit completo!<\/p>\n<p><a href=\"http:\/\/www.imakeyousmile.se\/wp-content\/uploads\/2015\/06\/IMG_6541_111.jpg\"><img loading=\"lazy\" decoding=\"async\" class=\"alignnone size-large wp-image-20664\" src=\"http:\/\/www.imakeyousmile.se\/wp-content\/uploads\/2015\/06\/IMG_6541_111-1024x682.jpg\" alt=\"IMG_6541_111\" width=\"700\" height=\"466\" srcset=\"https:\/\/www.imakeyousmile.se\/wp-content\/uploads\/2015\/06\/IMG_6541_111-1024x682.jpg 1024w, https:\/\/www.imakeyousmile.se\/wp-content\/uploads\/2015\/06\/IMG_6541_111-300x200.jpg 300w, https:\/\/www.imakeyousmile.se\/wp-content\/uploads\/2015\/06\/IMG_6541_111-700x467.jpg 700w, https:\/\/www.imakeyousmile.se\/wp-content\/uploads\/2015\/06\/IMG_6541_111-536x357.jpg 536w, https:\/\/www.imakeyousmile.se\/wp-content\/uploads\/2015\/06\/IMG_6541_111-725x483.jpg 725w, https:\/\/www.imakeyousmile.se\/wp-content\/uploads\/2015\/06\/IMG_6541_111.jpg 2000w\" sizes=\"(max-width: 700px) 100vw, 700px\" \/><\/a><\/p>\n<p><strong>SOLA de Vision Haircare<\/strong> es un factor de protecci\u00f3n solar en forma de spray que deber\u00eda dar un resultado uniforme y no pegajoso, \u00a1y tambi\u00e9n lo hace! F\u00e1cil de rociar sobre el cuerpo, se absorbe r\u00e1pidamente en la piel y no se siente pegajoso pero se puede poner la ropa inmediatamente. B\u00e1sicamente no huele nada. Disponible en spf 30 y spf 50+, \u00a1que se siente genial!<\/p>\n<p>Lo m\u00e1s importante para m\u00ed es un protector solar que no manche, este se siente un poco en la piel inmediatamente despu\u00e9s pero no es absolutamente pegajoso y despu\u00e9s de unos minutos no se siente nada.<\/p>\n<p><a href=\"http:\/\/www.imakeyousmile.se\/wp-content\/uploads\/2015\/06\/IMG_6548_111.jpg\"><img loading=\"lazy\" decoding=\"async\" class=\"alignnone size-large wp-image-20665\" src=\"http:\/\/www.imakeyousmile.se\/wp-content\/uploads\/2015\/06\/IMG_6548_111-1024x985.jpg\" alt=\"IMG_6548_111\" width=\"700\" height=\"673\" srcset=\"https:\/\/www.imakeyousmile.se\/wp-content\/uploads\/2015\/06\/IMG_6548_111-1024x985.jpg 1024w, https:\/\/www.imakeyousmile.se\/wp-content\/uploads\/2015\/06\/IMG_6548_111-300x289.jpg 300w, https:\/\/www.imakeyousmile.se\/wp-content\/uploads\/2015\/06\/IMG_6548_111-700x673.jpg 700w, https:\/\/www.imakeyousmile.se\/wp-content\/uploads\/2015\/06\/IMG_6548_111-371x357.jpg 371w, https:\/\/www.imakeyousmile.se\/wp-content\/uploads\/2015\/06\/IMG_6548_111-502x483.jpg 502w, https:\/\/www.imakeyousmile.se\/wp-content\/uploads\/2015\/06\/IMG_6548_111.jpg 2000w\" sizes=\"(max-width: 700px) 100vw, 700px\" \/><\/a><\/p>\n<p><strong>Spray de peinado Vision Haircare<\/strong> es un gran spray para el cabello que adem\u00e1s de mantener el peinado en su lugar tambi\u00e9n tiene protecci\u00f3n UV que protege el cabello de los fuertes rayos del sol. No se siente duro ni inc\u00f3modo en el cabello, pero mantiene el volumen todo el d\u00eda y hace que el cabello se vea bien mientras est\u00e1 tan suave y c\u00f3modo como antes. Sin spray superfuerte, pero perfecto para el uso diario.<\/p>\n<p><a href=\"http:\/\/www.imakeyousmile.se\/wp-content\/uploads\/2015\/06\/IMG_6552_111.jpg\"><img loading=\"lazy\" decoding=\"async\" class=\"alignnone size-large wp-image-20666\" src=\"http:\/\/www.imakeyousmile.se\/wp-content\/uploads\/2015\/06\/IMG_6552_111-1009x1024.jpg\" alt=\"IMG_6552_111\" width=\"700\" height=\"710\" srcset=\"https:\/\/www.imakeyousmile.se\/wp-content\/uploads\/2015\/06\/IMG_6552_111-1009x1024.jpg 1009w, https:\/\/www.imakeyousmile.se\/wp-content\/uploads\/2015\/06\/IMG_6552_111-296x300.jpg 296w, https:\/\/www.imakeyousmile.se\/wp-content\/uploads\/2015\/06\/IMG_6552_111-700x710.jpg 700w, https:\/\/www.imakeyousmile.se\/wp-content\/uploads\/2015\/06\/IMG_6552_111-352x357.jpg 352w, https:\/\/www.imakeyousmile.se\/wp-content\/uploads\/2015\/06\/IMG_6552_111-476x483.jpg 476w, https:\/\/www.imakeyousmile.se\/wp-content\/uploads\/2015\/06\/IMG_6552_111.jpg 2000w\" sizes=\"(max-width: 700px) 100vw, 700px\" \/><\/a><\/p>\n<p><strong>Spray de agua salada Vision Haircare RUFF<\/strong> es probablemente el mejor spray de agua salada que he probado. Es eficaz y le da al cabello una sensaci\u00f3n ligeramente \u00e1spera y f\u00e1cil de peinar, sin hacer que el cabello se sienta seco como pueden hacer muchos otros aerosoles. Aporta una agradable estructura al cabello sin eliminar la sensaci\u00f3n de peinado. \u00a1Perfecto para nosotros con cabellos finos y finos que pueden ser dif\u00edciles de conseguir r\u00e1pido y agradable!<\/p>\n<p>Simplemente complete este formulario y competir\u00e1 por estos 4 productos:<\/p>\n<p><iframe loading=\"lazy\" src=\"https:\/\/docs.google.com\/forms\/d\/1gSRTBa5NCORHX7P2hl6-o9OjFSrLkYQStt1h5g8ZYWc\/viewform?embedded=true\" width=\"760\" height=\"500\" frameborder=\"0\" marginwidth=\"0\" marginheight=\"0\">Exploraci\u00f3n\u2026<\/iframe><\/p>\n<p>\u00a1Buena suerte! :) \u2665<\/p>","protected":false},"excerpt":{"rendered":"<p>Jag har i samarbete med Vision Haircare f\u00e5tt m\u00f6jligheten att lotta ut ett toppenbra\u00a0sommarkit med produkter till en av mina l\u00e4sare! :) Jag har sj\u00e4lv testat produkterna och tycker att dom \u00e4r grymt bra! Kitet best\u00e5r av tv\u00e5 solskydd till kroppen (spf 30 och spf 50+), en stylingspray och en saltvattenspray. Vision Haircare \u00e4r ett [&hellip;]<\/p>\n","protected":false},"author":30,"featured_media":0,"comment_status":"open","ping_status":"closed","sticky":false,"template":"","format":"standard","meta":{"footnotes":""},"categories":[3],"tags":[],"class_list":["post-20662","post","type-post","status-publish","format-standard","hentry","category-allmant"],"yoast_head":"<!-- This site is optimized with the Yoast SEO Premium plugin v14.9 - https:\/\/yoast.com\/wordpress\/plugins\/seo\/ -->\n<meta name=\"description\" content=\"T\u00e4vling! Vinn sommarkit fr\u00e5n Vision Haircare | Helena Amiley - H\u00e4r hittar du senaste infromation om sk\u00f6nhet, livsstil, entrepren\u00f6rskap, makeup &amp; tips.\" \/>\n<meta name=\"robots\" content=\"index, follow, max-snippet:-1, max-image-preview:large, max-video-preview:-1\" \/>\n<link rel=\"canonical\" href=\"https:\/\/www.imakeyousmile.se\/es\/tavling-vinn-sommarkit-fran-vision-haircare\/\" \/>\n<meta property=\"og:locale\" content=\"es_ES\" \/>\n<meta property=\"og:type\" content=\"article\" \/>\n<meta property=\"og:title\" content=\"T\u00e4vling! Vinn sommarkit fr\u00e5n Vision Haircare | Imakeyousmile.se\" \/>\n<meta property=\"og:description\" content=\"T\u00e4vling! Vinn sommarkit fr\u00e5n Vision Haircare | Helena Amiley - H\u00e4r hittar du senaste infromation om sk\u00f6nhet, livsstil, entrepren\u00f6rskap, makeup &amp; tips.\" \/>\n<meta property=\"og:url\" content=\"https:\/\/www.imakeyousmile.se\/es\/tavling-vinn-sommarkit-fran-vision-haircare\/\" \/>\n<meta property=\"og:site_name\" content=\"Imakeyousmile.se\" \/>\n<meta property=\"article:author\" content=\"https:\/\/www.facebook.com\/imakeyousmile.se\" \/>\n<meta property=\"article:published_time\" content=\"2015-06-18T14:54:13+00:00\" \/>\n<meta property=\"og:image\" content=\"http:\/\/www.imakeyousmile.se\/wp-content\/uploads\/2015\/06\/IMG_6522_111-1024x882.jpg\" \/>\n<meta name=\"twitter:card\" content=\"summary_large_image\" \/>\n<script type=\"application\/ld+json\" class=\"yoast-schema-graph\">{\"@context\":\"https:\/\/schema.org\",\"@graph\":[{\"@type\":\"Organization\",\"@id\":\"https:\/\/www.imakeyousmile.se\/es\/#organization\",\"name\":\"Imakeyousmile\",\"url\":\"https:\/\/www.imakeyousmile.se\/es\/\",\"sameAs\":[],\"logo\":{\"@type\":\"ImageObject\",\"@id\":\"https:\/\/www.imakeyousmile.se\/es\/#logo\",\"inLanguage\":\"es\",\"url\":\"https:\/\/www.imakeyousmile.se\/wp-content\/uploads\/2020\/10\/HELENA-AMILEY_SVART-1-e1603367975324.png\",\"width\":280,\"height\":93,\"caption\":\"Imakeyousmile\"},\"image\":{\"@id\":\"https:\/\/www.imakeyousmile.se\/es\/#logo\"}},{\"@type\":\"WebSite\",\"@id\":\"https:\/\/www.imakeyousmile.se\/es\/#website\",\"url\":\"https:\/\/www.imakeyousmile.se\/es\/\",\"name\":\"Imakeyousmile.se\",\"description\":\"Helena Amiley - Beauty, Entrepreneur, Lifestyle\",\"publisher\":{\"@id\":\"https:\/\/www.imakeyousmile.se\/es\/#organization\"},\"potentialAction\":[{\"@type\":\"SearchAction\",\"target\":\"https:\/\/www.imakeyousmile.se\/es\/?s={search_term_string}\",\"query-input\":\"required name=search_term_string\"}],\"inLanguage\":\"es\"},{\"@type\":\"ImageObject\",\"@id\":\"https:\/\/www.imakeyousmile.se\/tavling-vinn-sommarkit-fran-vision-haircare\/#primaryimage\",\"inLanguage\":\"es\",\"url\":\"http:\/\/www.imakeyousmile.se\/wp-content\/uploads\/2015\/06\/IMG_6522_111-1024x882.jpg\"},{\"@type\":\"WebPage\",\"@id\":\"https:\/\/www.imakeyousmile.se\/tavling-vinn-sommarkit-fran-vision-haircare\/#webpage\",\"url\":\"https:\/\/www.imakeyousmile.se\/tavling-vinn-sommarkit-fran-vision-haircare\/\",\"name\":\"T\\u00e4vling! Vinn sommarkit fr\\u00e5n Vision Haircare | Imakeyousmile.se\",\"isPartOf\":{\"@id\":\"https:\/\/www.imakeyousmile.se\/es\/#website\"},\"primaryImageOfPage\":{\"@id\":\"https:\/\/www.imakeyousmile.se\/tavling-vinn-sommarkit-fran-vision-haircare\/#primaryimage\"},\"datePublished\":\"2015-06-18T14:54:13+00:00\",\"dateModified\":\"2015-06-18T14:54:13+00:00\",\"description\":\"T\\u00e4vling! Vinn sommarkit fr\\u00e5n Vision Haircare | Helena Amiley - H\\u00e4r hittar du senaste infromation om sk\\u00f6nhet, livsstil, entrepren\\u00f6rskap, makeup & tips.\",\"inLanguage\":\"es\",\"potentialAction\":[{\"@type\":\"ReadAction\",\"target\":[\"https:\/\/www.imakeyousmile.se\/tavling-vinn-sommarkit-fran-vision-haircare\/\"]}]},{\"@type\":\"Article\",\"@id\":\"https:\/\/www.imakeyousmile.se\/tavling-vinn-sommarkit-fran-vision-haircare\/#article\",\"isPartOf\":{\"@id\":\"https:\/\/www.imakeyousmile.se\/tavling-vinn-sommarkit-fran-vision-haircare\/#webpage\"},\"author\":{\"@id\":\"https:\/\/www.imakeyousmile.se\/es\/#\/schema\/person\/b0fd43b1c6bb1c60cfd68bff9b4a10fb\"},\"headline\":\"T\\u00e4vling! Vinn sommarkit fr\\u00e5n Vision Haircare\",\"datePublished\":\"2015-06-18T14:54:13+00:00\",\"dateModified\":\"2015-06-18T14:54:13+00:00\",\"mainEntityOfPage\":{\"@id\":\"https:\/\/www.imakeyousmile.se\/tavling-vinn-sommarkit-fran-vision-haircare\/#webpage\"},\"commentCount\":0,\"publisher\":{\"@id\":\"https:\/\/www.imakeyousmile.se\/es\/#organization\"},\"image\":{\"@id\":\"https:\/\/www.imakeyousmile.se\/tavling-vinn-sommarkit-fran-vision-haircare\/#primaryimage\"},\"articleSection\":\"\\u00d6vrigt\",\"inLanguage\":\"es\",\"potentialAction\":[{\"@type\":\"CommentAction\",\"name\":\"Comment\",\"target\":[\"https:\/\/www.imakeyousmile.se\/tavling-vinn-sommarkit-fran-vision-haircare\/#respond\"]}]},{\"@type\":\"Person\",\"@id\":\"https:\/\/www.imakeyousmile.se\/es\/#\/schema\/person\/b0fd43b1c6bb1c60cfd68bff9b4a10fb\",\"name\":\"Helena Amiley\",\"image\":{\"@type\":\"ImageObject\",\"@id\":\"https:\/\/www.imakeyousmile.se\/es\/#personlogo\",\"inLanguage\":\"es\",\"url\":\"https:\/\/secure.gravatar.com\/avatar\/5645558e1e355457a23368d7e1b4c904?s=96&d=mm&r=g\",\"caption\":\"Helena Amiley\"},\"description\":\"Jag skriver mest om sk\\u00f6nhet men bjuder \\u00e4ven p\\u00e5 glimtar fr\\u00e5n entrepren\\u00f6rlivet och bygget av v\\u00e5r egen camper van. Vanlife here we come!\",\"sameAs\":[\"https:\/\/www.facebook.com\/imakeyousmile.se\",\"https:\/\/www.instagram.com\/helenaamiley\",\"https:\/\/www.youtube.com\/channel\/UCR5iB6rvpV6Yr8ZjpQfr5mg?view_as=subscriber\"]}]}<\/script>\n<!-- \/ Yoast SEO Premium plugin. -->","_links":{"self":[{"href":"https:\/\/www.imakeyousmile.se\/es\/wp-json\/wp\/v2\/posts\/20662"}],"collection":[{"href":"https:\/\/www.imakeyousmile.se\/es\/wp-json\/wp\/v2\/posts"}],"about":[{"href":"https:\/\/www.imakeyousmile.se\/es\/wp-json\/wp\/v2\/types\/post"}],"author":[{"embeddable":true,"href":"https:\/\/www.imakeyousmile.se\/es\/wp-json\/wp\/v2\/users\/30"}],"replies":[{"embeddable":true,"href":"https:\/\/www.imakeyousmile.se\/es\/wp-json\/wp\/v2\/comments?post=20662"}],"version-history":[{"count":2,"href":"https:\/\/www.imakeyousmile.se\/es\/wp-json\/wp\/v2\/posts\/20662\/revisions"}],"predecessor-version":[{"id":20668,"href":"https:\/\/www.imakeyousmile.se\/es\/wp-json\/wp\/v2\/posts\/20662\/revisions\/20668"}],"wp:attachment":[{"href":"https:\/\/www.imakeyousmile.se\/es\/wp-json\/wp\/v2\/media?parent=20662"}],"wp:term":[{"taxonomy":"category","embeddable":true,"href":"https:\/\/www.imakeyousmile.se\/es\/wp-json\/wp\/v2\/categories?post=20662"},{"taxonomy":"post_tag","embeddable":true,"href":"https:\/\/www.imakeyousmile.se\/es\/wp-json\/wp\/v2\/tags?post=20662"}],"curies":[{"name":"wp","href":"https:\/\/api.w.org\/{rel}","templated":true}]}}