{"id":20671,"date":"2015-06-19T09:30:59","date_gmt":"2015-06-19T07:30:59","guid":{"rendered":"http:\/\/www.imakeyousmile.se\/?p=20671"},"modified":"2015-06-19T09:30:59","modified_gmt":"2015-06-19T07:30:59","slug":"glad-midsommar-2","status":"publish","type":"post","link":"https:\/\/www.imakeyousmile.se\/es\/feliz-verano-2\/","title":{"rendered":"\u00a1\u00a1\u00a1Feliz Solsticio!!!"},"content":{"rendered":"<p>\u00a1Buenos d\u00edas finaste ni! \u00a1Y feliz solsticio de verano para ti! \u2665<\/p>\n<p>O &quot;Feliz se\u00f1orita verano&quot;, como mi madre comparti\u00f3 esta ma\u00f1ana con una foto de nuestro gato Missan, jaja. Humor y broma;)<\/p>\n<p>Hoy iba a tomarme un tiempo libre del blog. Hab\u00eda planeado programar publicaciones, pero ha habido muchas otras cosas en el medio, por lo que el tiempo no ha sido suficiente.<\/p>\n<p>Entonces, en lugar de estresar las publicaciones sobre la ramita de la ma\u00f1ana, ahora tengo la intenci\u00f3n de volver a llenar mi taza de caf\u00e9, tomar un buen desayuno y luego en paz y tranquilidad hacer un buen maquillaje de verano para el d\u00eda, que ver\u00e1 ma\u00f1ana en su lugar :)<\/p>\n<p>\u00a1Espero que todos tengan una v\u00edspera de solsticio de verano incre\u00edblemente divertida y maravillosa!<\/p>\n<p>Voy a ir a casa de la abuela como siempre lo hacemos en pleno verano. Pasa tiempo con la familia, baila con Mila y Meja en la barra, r\u00ede (y marav\u00edllate) de la cantidad de papas que Malin logra exprimir cada a\u00f1o, abraza a Mille en pleno verano por primera vez \u2665 e insiste en poner siempre su corona de verano en la cabeza de la oveja y tratar de tomar una foto antes de tirarla :)<\/p>\n<p>Se trata de c\u00f3mo ser\u00e1 mi d\u00eda. \u00a1No dudes en contarnos c\u00f3mo piensas celebrar el d\u00eda, tan acogedor para escuchar los planes y tradiciones de otras personas!<\/p>\n<p>Ofrece algunas fotos de c\u00f3mo me he visto en Midsummer los \u00faltimos cuatro a\u00f1os, de morena a rubia y de pelo corto como lo fui durante dos a\u00f1os, y el a\u00f1o pasado tuve el pelo largo y rubio :)<\/p>\n<p><a href=\"http:\/\/www.imakeyousmile.se\/wp-content\/uploads\/2015\/06\/helena-r\u00f6nnblad-midsommarafton.jpg\"><img loading=\"lazy\" decoding=\"async\" class=\"alignnone size-large wp-image-20673\" src=\"http:\/\/www.imakeyousmile.se\/wp-content\/uploads\/2015\/06\/helena-r\u00f6nnblad-midsommarafton-752x1024.jpg\" alt=\"helena-r\u00f6nnblad-midsommarafton\" width=\"700\" height=\"953\" srcset=\"https:\/\/www.imakeyousmile.se\/wp-content\/uploads\/2015\/06\/helena-r\u00f6nnblad-midsommarafton-752x1024.jpg 752w, https:\/\/www.imakeyousmile.se\/wp-content\/uploads\/2015\/06\/helena-r\u00f6nnblad-midsommarafton-220x300.jpg 220w, https:\/\/www.imakeyousmile.se\/wp-content\/uploads\/2015\/06\/helena-r\u00f6nnblad-midsommarafton-700x953.jpg 700w, https:\/\/www.imakeyousmile.se\/wp-content\/uploads\/2015\/06\/helena-r\u00f6nnblad-midsommarafton-262x357.jpg 262w, https:\/\/www.imakeyousmile.se\/wp-content\/uploads\/2015\/06\/helena-r\u00f6nnblad-midsommarafton-355x483.jpg 355w, https:\/\/www.imakeyousmile.se\/wp-content\/uploads\/2015\/06\/helena-r\u00f6nnblad-midsommarafton.jpg 1880w\" sizes=\"(max-width: 700px) 100vw, 700px\" \/><\/a><\/p>\n<p>Un abrazo para ti y FELIZ SE\u00d1ORITA VERANO !!! : D<\/p>","protected":false},"excerpt":{"rendered":"<p>God morgon finaste ni! Och Glad Midsommar p\u00e5 er!\u00a0\u2665 Eller &#8221;Glad Miss Sommar&#8221; som min mamma snapchatade i morse med en bild p\u00e5 v\u00e5r katt Missan, haha. Humor ja vits ;) Idag t\u00e4nkte jag ta lite ledigt fr\u00e5n bloggen faktiskt. Hade planerat att tidsinst\u00e4lla inl\u00e4gg men\u00a0det har kommit massa annat emellan s\u00e5 tiden har inte [&hellip;]<\/p>\n","protected":false},"author":30,"featured_media":0,"comment_status":"open","ping_status":"closed","sticky":false,"template":"","format":"standard","meta":{"footnotes":""},"categories":[3],"tags":[],"class_list":["post-20671","post","type-post","status-publish","format-standard","hentry","category-allmant"],"yoast_head":"<!-- This site is optimized with the Yoast SEO Premium plugin v14.9 - https:\/\/yoast.com\/wordpress\/plugins\/seo\/ -->\n<meta name=\"description\" content=\"Glad Midsommar!!! | Helena Amiley - H\u00e4r hittar du senaste infromation om sk\u00f6nhet, livsstil, entrepren\u00f6rskap, makeup &amp; tips.\" \/>\n<meta name=\"robots\" content=\"index, follow, max-snippet:-1, max-image-preview:large, max-video-preview:-1\" \/>\n<link rel=\"canonical\" href=\"https:\/\/www.imakeyousmile.se\/es\/glad-midsommar-2\/\" \/>\n<meta property=\"og:locale\" content=\"es_ES\" \/>\n<meta property=\"og:type\" content=\"article\" \/>\n<meta property=\"og:title\" content=\"Glad Midsommar!!! | Imakeyousmile.se\" \/>\n<meta property=\"og:description\" content=\"Glad Midsommar!!! | Helena Amiley - H\u00e4r hittar du senaste infromation om sk\u00f6nhet, livsstil, entrepren\u00f6rskap, makeup &amp; tips.\" \/>\n<meta property=\"og:url\" content=\"https:\/\/www.imakeyousmile.se\/es\/glad-midsommar-2\/\" \/>\n<meta property=\"og:site_name\" content=\"Imakeyousmile.se\" \/>\n<meta property=\"article:author\" content=\"https:\/\/www.facebook.com\/imakeyousmile.se\" \/>\n<meta property=\"article:published_time\" content=\"2015-06-19T07:30:59+00:00\" \/>\n<meta property=\"og:image\" content=\"http:\/\/www.imakeyousmile.se\/wp-content\/uploads\/2015\/06\/helena-r\u00f6nnblad-midsommarafton-752x1024.jpg\" \/>\n<meta name=\"twitter:card\" content=\"summary_large_image\" \/>\n<script type=\"application\/ld+json\" class=\"yoast-schema-graph\">{\"@context\":\"https:\/\/schema.org\",\"@graph\":[{\"@type\":\"Organization\",\"@id\":\"https:\/\/www.imakeyousmile.se\/es\/#organization\",\"name\":\"Imakeyousmile\",\"url\":\"https:\/\/www.imakeyousmile.se\/es\/\",\"sameAs\":[],\"logo\":{\"@type\":\"ImageObject\",\"@id\":\"https:\/\/www.imakeyousmile.se\/es\/#logo\",\"inLanguage\":\"es\",\"url\":\"https:\/\/www.imakeyousmile.se\/wp-content\/uploads\/2020\/10\/HELENA-AMILEY_SVART-1-e1603367975324.png\",\"width\":280,\"height\":93,\"caption\":\"Imakeyousmile\"},\"image\":{\"@id\":\"https:\/\/www.imakeyousmile.se\/es\/#logo\"}},{\"@type\":\"WebSite\",\"@id\":\"https:\/\/www.imakeyousmile.se\/es\/#website\",\"url\":\"https:\/\/www.imakeyousmile.se\/es\/\",\"name\":\"Imakeyousmile.se\",\"description\":\"Helena Amiley - Beauty, Entrepreneur, Lifestyle\",\"publisher\":{\"@id\":\"https:\/\/www.imakeyousmile.se\/es\/#organization\"},\"potentialAction\":[{\"@type\":\"SearchAction\",\"target\":\"https:\/\/www.imakeyousmile.se\/es\/?s={search_term_string}\",\"query-input\":\"required name=search_term_string\"}],\"inLanguage\":\"es\"},{\"@type\":\"ImageObject\",\"@id\":\"https:\/\/www.imakeyousmile.se\/glad-midsommar-2\/#primaryimage\",\"inLanguage\":\"es\",\"url\":\"http:\/\/www.imakeyousmile.se\/wp-content\/uploads\/2015\/06\/helena-r\\u00f6nnblad-midsommarafton-752x1024.jpg\"},{\"@type\":\"WebPage\",\"@id\":\"https:\/\/www.imakeyousmile.se\/glad-midsommar-2\/#webpage\",\"url\":\"https:\/\/www.imakeyousmile.se\/glad-midsommar-2\/\",\"name\":\"Glad Midsommar!!! | Imakeyousmile.se\",\"isPartOf\":{\"@id\":\"https:\/\/www.imakeyousmile.se\/es\/#website\"},\"primaryImageOfPage\":{\"@id\":\"https:\/\/www.imakeyousmile.se\/glad-midsommar-2\/#primaryimage\"},\"datePublished\":\"2015-06-19T07:30:59+00:00\",\"dateModified\":\"2015-06-19T07:30:59+00:00\",\"description\":\"Glad Midsommar!!! | Helena Amiley - H\\u00e4r hittar du senaste infromation om sk\\u00f6nhet, livsstil, entrepren\\u00f6rskap, makeup & tips.\",\"inLanguage\":\"es\",\"potentialAction\":[{\"@type\":\"ReadAction\",\"target\":[\"https:\/\/www.imakeyousmile.se\/glad-midsommar-2\/\"]}]},{\"@type\":\"Article\",\"@id\":\"https:\/\/www.imakeyousmile.se\/glad-midsommar-2\/#article\",\"isPartOf\":{\"@id\":\"https:\/\/www.imakeyousmile.se\/glad-midsommar-2\/#webpage\"},\"author\":{\"@id\":\"https:\/\/www.imakeyousmile.se\/es\/#\/schema\/person\/b0fd43b1c6bb1c60cfd68bff9b4a10fb\"},\"headline\":\"Glad Midsommar!!!\",\"datePublished\":\"2015-06-19T07:30:59+00:00\",\"dateModified\":\"2015-06-19T07:30:59+00:00\",\"mainEntityOfPage\":{\"@id\":\"https:\/\/www.imakeyousmile.se\/glad-midsommar-2\/#webpage\"},\"commentCount\":2,\"publisher\":{\"@id\":\"https:\/\/www.imakeyousmile.se\/es\/#organization\"},\"image\":{\"@id\":\"https:\/\/www.imakeyousmile.se\/glad-midsommar-2\/#primaryimage\"},\"articleSection\":\"\\u00d6vrigt\",\"inLanguage\":\"es\",\"potentialAction\":[{\"@type\":\"CommentAction\",\"name\":\"Comment\",\"target\":[\"https:\/\/www.imakeyousmile.se\/glad-midsommar-2\/#respond\"]}]},{\"@type\":\"Person\",\"@id\":\"https:\/\/www.imakeyousmile.se\/es\/#\/schema\/person\/b0fd43b1c6bb1c60cfd68bff9b4a10fb\",\"name\":\"Helena Amiley\",\"image\":{\"@type\":\"ImageObject\",\"@id\":\"https:\/\/www.imakeyousmile.se\/es\/#personlogo\",\"inLanguage\":\"es\",\"url\":\"https:\/\/secure.gravatar.com\/avatar\/5645558e1e355457a23368d7e1b4c904?s=96&d=mm&r=g\",\"caption\":\"Helena Amiley\"},\"description\":\"Jag skriver mest om sk\\u00f6nhet men bjuder \\u00e4ven p\\u00e5 glimtar fr\\u00e5n entrepren\\u00f6rlivet och bygget av v\\u00e5r egen camper van. Vanlife here we come!\",\"sameAs\":[\"https:\/\/www.facebook.com\/imakeyousmile.se\",\"https:\/\/www.instagram.com\/helenaamiley\",\"https:\/\/www.youtube.com\/channel\/UCR5iB6rvpV6Yr8ZjpQfr5mg?view_as=subscriber\"]}]}<\/script>\n<!-- \/ Yoast SEO Premium plugin. -->","_links":{"self":[{"href":"https:\/\/www.imakeyousmile.se\/es\/wp-json\/wp\/v2\/posts\/20671"}],"collection":[{"href":"https:\/\/www.imakeyousmile.se\/es\/wp-json\/wp\/v2\/posts"}],"about":[{"href":"https:\/\/www.imakeyousmile.se\/es\/wp-json\/wp\/v2\/types\/post"}],"author":[{"embeddable":true,"href":"https:\/\/www.imakeyousmile.se\/es\/wp-json\/wp\/v2\/users\/30"}],"replies":[{"embeddable":true,"href":"https:\/\/www.imakeyousmile.se\/es\/wp-json\/wp\/v2\/comments?post=20671"}],"version-history":[{"count":2,"href":"https:\/\/www.imakeyousmile.se\/es\/wp-json\/wp\/v2\/posts\/20671\/revisions"}],"predecessor-version":[{"id":20676,"href":"https:\/\/www.imakeyousmile.se\/es\/wp-json\/wp\/v2\/posts\/20671\/revisions\/20676"}],"wp:attachment":[{"href":"https:\/\/www.imakeyousmile.se\/es\/wp-json\/wp\/v2\/media?parent=20671"}],"wp:term":[{"taxonomy":"category","embeddable":true,"href":"https:\/\/www.imakeyousmile.se\/es\/wp-json\/wp\/v2\/categories?post=20671"},{"taxonomy":"post_tag","embeddable":true,"href":"https:\/\/www.imakeyousmile.se\/es\/wp-json\/wp\/v2\/tags?post=20671"}],"curies":[{"name":"wp","href":"https:\/\/api.w.org\/{rel}","templated":true}]}}