{"id":20740,"date":"2015-06-23T12:08:17","date_gmt":"2015-06-23T10:08:17","guid":{"rendered":"http:\/\/www.imakeyousmile.se\/?p=20740"},"modified":"2015-06-23T08:40:05","modified_gmt":"2015-06-23T06:40:05","slug":"luxus-makeup","status":"publish","type":"post","link":"https:\/\/www.imakeyousmile.se\/es\/maquillaje-de-lujo\/","title":{"rendered":"Maquillaje de lujo"},"content":{"rendered":"<p>El s\u00e1bado pasado, Miska y yo fuimos a Estocolmo, comenzamos registr\u00e1ndonos en un hotel y luego conocimos a &quot;mis chicas&quot; de Vackstan\u00e4sgymnasiet. \u00a1Han pasado tres a\u00f1os desde que llevamos al estudiante ahora, y el quinto fin de semana de verano lo celebramos juntos!<\/p>\n<p>Hemos estado conmigo y celebramos en \u00d6regrund durante los \u00faltimos tres a\u00f1os, pero este a\u00f1o Julia y su novio alquilaron un apartamento en Odenplan, as\u00ed que ese fue el lugar donde pasamos el rato este a\u00f1o. Cene al aire libre (\u00a1super acogedor!) Y de lo contrario, \u00a1simplemente hable, hable, r\u00edase, hable, hable, r\u00ede! Realmente necesitar\u00eda una semana entera para ponerse al d\u00eda con toda la charla, en el futuro tal vez sea un viaje de una semana al extranjero;)<\/p>\n<p><em>Si<\/em> fue acogedor con una noche de hotel con la novia tarde, con desayuno de hotel y acogedor toda la ma\u00f1ana siguiente. \u00a1Amor!<\/p>\n<p>De todos modos, a lo que llegar\u00eda es que antes de irme ten\u00eda mucha prisa, as\u00ed que r\u00e1pidamente olvid\u00e9 tomar un primer plano de los ojos, tan t\u00edpico.<\/p>\n<p>Pero solo ten\u00eda la misma hermosa sombra de ojos en todo el p\u00e1rpado, y luego la combin\u00e9 con un vestido largo gris, joyas doradas, tatuajes dorados, u\u00f1as coloridas y cabello rizado :) \u00a1Simple pero agradable!<\/p>\n<p>Aqu\u00ed hay im\u00e1genes completas del maquillaje en cualquier caso:<br \/>\n<a href=\"http:\/\/www.imakeyousmile.se\/wp-content\/uploads\/2015\/06\/108.jpg\"><br \/>\n<\/a> <a href=\"http:\/\/www.imakeyousmile.se\/wp-content\/uploads\/2015\/06\/IMG_6938_111.jpg\"><img loading=\"lazy\" decoding=\"async\" class=\"alignnone size-full wp-image-20742\" src=\"http:\/\/www.imakeyousmile.se\/wp-content\/uploads\/2015\/06\/IMG_6938_111.jpg\" alt=\"IMG_6938_111\" width=\"2000\" height=\"1828\" srcset=\"https:\/\/www.imakeyousmile.se\/wp-content\/uploads\/2015\/06\/IMG_6938_111.jpg 2000w, https:\/\/www.imakeyousmile.se\/wp-content\/uploads\/2015\/06\/IMG_6938_111-300x274.jpg 300w, https:\/\/www.imakeyousmile.se\/wp-content\/uploads\/2015\/06\/IMG_6938_111-1024x936.jpg 1024w, https:\/\/www.imakeyousmile.se\/wp-content\/uploads\/2015\/06\/IMG_6938_111-700x640.jpg 700w, https:\/\/www.imakeyousmile.se\/wp-content\/uploads\/2015\/06\/IMG_6938_111-391x357.jpg 391w, https:\/\/www.imakeyousmile.se\/wp-content\/uploads\/2015\/06\/IMG_6938_111-528x483.jpg 528w\" sizes=\"(max-width: 2000px) 100vw, 2000px\" \/><\/a><\/p>\n<p><strong>Cara:<\/strong><br \/>\nPrebase facial -\u00a0<a href=\"http:\/\/creativemakeup.se\/produkt\/paese-makeup-base\/\" target=\"_blank\">Base de maquillaje Paese mate<\/a><br \/>\nFundaci\u00f3n -\u00a0<a href=\"https:\/\/ion.lyko.com\/t\/t?a=1117786221&#038;as=1548102449&#038;t=2&#038;tk=1&#038;epi=search-replace-skintint&#038;url=https:\/\/lyko.com\/sv\/pixi\/pixi-h2o-skintint-2nude\" target=\"_blank\">Pixi H20 Skintint (Desnudo)<\/a><br \/>\nUn poco de base mineral encima.\u00a0<a href=\"https:\/\/ion.jordklok.se\/t\/t?a=1236848151&#038;as=1548102449&#038;t=2&#038;tk=1&#038;epi=search-replace-zuiifoundation&#038;url=https:\/\/www.jordklok.se\/sv\/articles\/2.60.5465\/zuii-organic-flora-powder-foundation-10-g?q=Zuii%20Organic%20Flora%20Powder%20Foundation,%2010%20g\/\" target=\"_blank\">Base de maquillaje en polvo org\u00e1nico Zuii (marfil)<\/a><br \/>\nPolvos deshidratantes -\u00a0<a href=\"http:\/\/creativemakeup.se\/produkt\/paese-bamboo-silk-powder\/\" target=\"_blank\">Polvo de seda de bamb\u00fa Paese<\/a><br \/>\nBronceador -\u00a0<a href=\"http:\/\/creativemakeup.se\/produkt\/paese-bronzing-powder\/\" target=\"_blank\">Polvo bronceador Paese (1M)<\/a><br \/>\nColorete -\u00a0<a href=\"http:\/\/creativemakeup.se\/produkt\/paese-powder-blush-med-arganolja\/\" target=\"_blank\">Colorete en polvo Paese con aceite de arg\u00e1n (43)<br \/>\n<\/a>Cejas - <a href=\"https:\/\/ion.lyko.com\/t\/t?a=1117786221&#038;as=1548102449&#038;t=2&#038;tk=1&#038;epi=search-replace-brow-duo&#038;url=https:\/\/lyko.com\/sv\/pixi\/pixi-natural-brow-duo-natural-brown\/\" target=\"_blank\">Pixi Natural Brow Duo (Morena profunda)<\/a><a href=\"http:\/\/creativemakeup.se\/produkt\/paese-powder-blush-med-arganolja\/\" target=\"_blank\"><br \/>\n<\/a>Labios <a href=\"http:\/\/creativemakeup.se\/produkt\/paese-lappstift\/\" target=\"_blank\">Pintalabios Paese con aceite de arg\u00e1n (37)<\/a><\/p>\n<p><strong>Ojos:<\/strong><br \/>\nSombra de ojos en todo el p\u00e1rpado y luz en el rabillo del ojo - <a href=\"http:\/\/creativemakeup.se\/produkt\/paese-shimmer-trio-palette\/\" target=\"_blank\">Sombra de ojos Paese Skimmer Trio (108 de lujo)<\/a><br \/>\nDelineador de ojos ligero a lo largo de la l\u00ednea de flotaci\u00f3n,<a href=\"https:\/\/ion.jordklok.se\/t\/t?a=1236848151&#038;as=1548102449&#038;t=2&#038;tk=1&#038;epi=search-replace-benecoskajal&#038;url=https:\/\/www.jordklok.se\/sv\/articles\/2.80.3594\/benecos-natural-kajalpenna-113-g?q=Benecos%20Natural%20Kajalpenna,%201,13%20g\/\" target=\"_blank\"> Benecos Natural Blanco Kajal<\/a><br \/>\nR\u00edmel negro - <a href=\"http:\/\/creativemakeup.se\/produkt\/adore-3d-lash-mascara\/\" target=\"_blank\">M\u00e1scara de pesta\u00f1as 3D Paese Adore<\/a><\/p>\n<p><a href=\"http:\/\/www.imakeyousmile.se\/wp-content\/uploads\/2015\/06\/IMG_6939_111.jpg\"><img loading=\"lazy\" decoding=\"async\" class=\"alignnone size-full wp-image-20743\" src=\"http:\/\/www.imakeyousmile.se\/wp-content\/uploads\/2015\/06\/IMG_6939_111.jpg\" alt=\"IMG_6939_111\" width=\"2000\" height=\"2008\" srcset=\"https:\/\/www.imakeyousmile.se\/wp-content\/uploads\/2015\/06\/IMG_6939_111.jpg 2000w, https:\/\/www.imakeyousmile.se\/wp-content\/uploads\/2015\/06\/IMG_6939_111-150x150.jpg 150w, https:\/\/www.imakeyousmile.se\/wp-content\/uploads\/2015\/06\/IMG_6939_111-300x300.jpg 300w, https:\/\/www.imakeyousmile.se\/wp-content\/uploads\/2015\/06\/IMG_6939_111-1020x1024.jpg 1020w, https:\/\/www.imakeyousmile.se\/wp-content\/uploads\/2015\/06\/IMG_6939_111-700x703.jpg 700w, https:\/\/www.imakeyousmile.se\/wp-content\/uploads\/2015\/06\/IMG_6939_111-356x357.jpg 356w, https:\/\/www.imakeyousmile.se\/wp-content\/uploads\/2015\/06\/IMG_6939_111-481x483.jpg 481w, https:\/\/www.imakeyousmile.se\/wp-content\/uploads\/2015\/06\/IMG_6939_111-210x210.jpg 210w\" sizes=\"(max-width: 2000px) 100vw, 2000px\" \/><\/a><\/p>\n<p><a href=\"http:\/\/www.imakeyousmile.se\/wp-content\/uploads\/2015\/06\/108.jpg\"><br \/>\n<\/a> <a href=\"http:\/\/www.imakeyousmile.se\/wp-content\/uploads\/2015\/06\/1081.jpg\"><img loading=\"lazy\" decoding=\"async\" class=\"alignnone size-full wp-image-20744\" src=\"http:\/\/www.imakeyousmile.se\/wp-content\/uploads\/2015\/06\/1081.jpg\" alt=\"108\" width=\"685\" height=\"601\" srcset=\"https:\/\/www.imakeyousmile.se\/wp-content\/uploads\/2015\/06\/1081.jpg 685w, https:\/\/www.imakeyousmile.se\/wp-content\/uploads\/2015\/06\/1081-300x263.jpg 300w, https:\/\/www.imakeyousmile.se\/wp-content\/uploads\/2015\/06\/1081-407x357.jpg 407w, https:\/\/www.imakeyousmile.se\/wp-content\/uploads\/2015\/06\/1081-551x483.jpg 551w\" sizes=\"(max-width: 685px) 100vw, 685px\" \/><\/a><\/p>\n<p>La paleta del tr\u00edo <a href=\"http:\/\/creativemakeup.se\/produkt\/paese-shimmer-trio-palette\/\" target=\"_blank\">108 Lujo<\/a> de Paese que he usado en este maquillaje es una excelente escala de colores si te gustan los colores terrosos fr\u00edos. Disponible de claro a oscuro y adecuado tanto para todos los d\u00edas como para fiestas.<\/p>\n<p>Espero que tengas un buen d\u00eda :)<\/p>\n<p>\u00a1Abrazo!<\/p>","protected":false},"excerpt":{"rendered":"<p>I l\u00f6rdags \u00e5kte jag och Miska till Stockholm, vi b\u00f6rjade med att checka in p\u00e5 hotell och sedan tr\u00e4ffade vi &#8221;mina girls&#8221; fr\u00e5n Vackstan\u00e4sgymnasiet. Det var\u00a0tre\u00a0\u00e5r sedan vi tog studenten nu, och hela femte\u00a0midsommarhelgen vi firar ihop! Vi har varit hos mig och firat i \u00d6regrund de senaste tre \u00e5ren, men i \u00e5r hyr Julia [&hellip;]<\/p>\n","protected":false},"author":30,"featured_media":20742,"comment_status":"open","ping_status":"closed","sticky":false,"template":"","format":"standard","meta":{"footnotes":""},"categories":[9,2827],"tags":[3764,3763,2561,433,54],"class_list":["post-20740","post","type-post","status-publish","format-standard","has-post-thumbnail","hentry","category-partysminkningar","category-vardagssminkningar","tag-kall-brun-ogonskugga","tag-paese-luxus-eyeshadow","tag-paese-trio","tag-skonhetsblogg","tag-sminkblogg"],"yoast_head":"<!-- This site is optimized with the Yoast SEO Premium plugin v14.9 - https:\/\/yoast.com\/wordpress\/plugins\/seo\/ -->\n<meta name=\"description\" content=\"Luxus makeup | Helena Amiley - H\u00e4r hittar du senaste infromation om sk\u00f6nhet, livsstil, entrepren\u00f6rskap, makeup &amp; tips.\" \/>\n<meta name=\"robots\" content=\"index, follow, max-snippet:-1, max-image-preview:large, max-video-preview:-1\" \/>\n<link rel=\"canonical\" href=\"https:\/\/www.imakeyousmile.se\/es\/luxus-makeup\/\" \/>\n<meta property=\"og:locale\" content=\"es_ES\" \/>\n<meta property=\"og:type\" content=\"article\" \/>\n<meta property=\"og:title\" content=\"Luxus makeup | Imakeyousmile.se\" \/>\n<meta property=\"og:description\" content=\"Luxus makeup | Helena Amiley - H\u00e4r hittar du senaste infromation om sk\u00f6nhet, livsstil, entrepren\u00f6rskap, makeup &amp; tips.\" \/>\n<meta property=\"og:url\" content=\"https:\/\/www.imakeyousmile.se\/es\/luxus-makeup\/\" \/>\n<meta property=\"og:site_name\" content=\"Imakeyousmile.se\" \/>\n<meta property=\"article:author\" content=\"https:\/\/www.facebook.com\/imakeyousmile.se\" \/>\n<meta property=\"article:published_time\" content=\"2015-06-23T10:08:17+00:00\" \/>\n<meta property=\"article:modified_time\" content=\"2015-06-23T06:40:05+00:00\" \/>\n<meta property=\"og:image\" content=\"https:\/\/www.imakeyousmile.se\/wp-content\/uploads\/2015\/06\/IMG_6938_111.jpg\" \/>\n\t<meta property=\"og:image:width\" content=\"2000\" \/>\n\t<meta property=\"og:image:height\" content=\"1828\" \/>\n<meta name=\"twitter:card\" content=\"summary_large_image\" \/>\n<script type=\"application\/ld+json\" class=\"yoast-schema-graph\">{\"@context\":\"https:\/\/schema.org\",\"@graph\":[{\"@type\":\"Organization\",\"@id\":\"https:\/\/www.imakeyousmile.se\/es\/#organization\",\"name\":\"Imakeyousmile\",\"url\":\"https:\/\/www.imakeyousmile.se\/es\/\",\"sameAs\":[],\"logo\":{\"@type\":\"ImageObject\",\"@id\":\"https:\/\/www.imakeyousmile.se\/es\/#logo\",\"inLanguage\":\"es\",\"url\":\"https:\/\/www.imakeyousmile.se\/wp-content\/uploads\/2020\/10\/HELENA-AMILEY_SVART-1-e1603367975324.png\",\"width\":280,\"height\":93,\"caption\":\"Imakeyousmile\"},\"image\":{\"@id\":\"https:\/\/www.imakeyousmile.se\/es\/#logo\"}},{\"@type\":\"WebSite\",\"@id\":\"https:\/\/www.imakeyousmile.se\/es\/#website\",\"url\":\"https:\/\/www.imakeyousmile.se\/es\/\",\"name\":\"Imakeyousmile.se\",\"description\":\"Helena Amiley - Beauty, Entrepreneur, Lifestyle\",\"publisher\":{\"@id\":\"https:\/\/www.imakeyousmile.se\/es\/#organization\"},\"potentialAction\":[{\"@type\":\"SearchAction\",\"target\":\"https:\/\/www.imakeyousmile.se\/es\/?s={search_term_string}\",\"query-input\":\"required name=search_term_string\"}],\"inLanguage\":\"es\"},{\"@type\":\"ImageObject\",\"@id\":\"https:\/\/www.imakeyousmile.se\/luxus-makeup\/#primaryimage\",\"inLanguage\":\"es\",\"url\":\"https:\/\/www.imakeyousmile.se\/wp-content\/uploads\/2015\/06\/IMG_6938_111.jpg\",\"width\":2000,\"height\":1828},{\"@type\":\"WebPage\",\"@id\":\"https:\/\/www.imakeyousmile.se\/luxus-makeup\/#webpage\",\"url\":\"https:\/\/www.imakeyousmile.se\/luxus-makeup\/\",\"name\":\"Luxus makeup | Imakeyousmile.se\",\"isPartOf\":{\"@id\":\"https:\/\/www.imakeyousmile.se\/es\/#website\"},\"primaryImageOfPage\":{\"@id\":\"https:\/\/www.imakeyousmile.se\/luxus-makeup\/#primaryimage\"},\"datePublished\":\"2015-06-23T10:08:17+00:00\",\"dateModified\":\"2015-06-23T06:40:05+00:00\",\"description\":\"Luxus makeup | Helena Amiley - H\\u00e4r hittar du senaste infromation om sk\\u00f6nhet, livsstil, entrepren\\u00f6rskap, makeup & tips.\",\"inLanguage\":\"es\",\"potentialAction\":[{\"@type\":\"ReadAction\",\"target\":[\"https:\/\/www.imakeyousmile.se\/luxus-makeup\/\"]}]},{\"@type\":\"Article\",\"@id\":\"https:\/\/www.imakeyousmile.se\/luxus-makeup\/#article\",\"isPartOf\":{\"@id\":\"https:\/\/www.imakeyousmile.se\/luxus-makeup\/#webpage\"},\"author\":{\"@id\":\"https:\/\/www.imakeyousmile.se\/es\/#\/schema\/person\/b0fd43b1c6bb1c60cfd68bff9b4a10fb\"},\"headline\":\"Luxus makeup\",\"datePublished\":\"2015-06-23T10:08:17+00:00\",\"dateModified\":\"2015-06-23T06:40:05+00:00\",\"mainEntityOfPage\":{\"@id\":\"https:\/\/www.imakeyousmile.se\/luxus-makeup\/#webpage\"},\"commentCount\":4,\"publisher\":{\"@id\":\"https:\/\/www.imakeyousmile.se\/es\/#organization\"},\"image\":{\"@id\":\"https:\/\/www.imakeyousmile.se\/luxus-makeup\/#primaryimage\"},\"keywords\":\"kall brun \\u00f6gonskugga,paese luxus eyeshadow,paese trio,sk\\u00f6nhetsblogg,sminkblogg\",\"articleSection\":\"M\\u00f6rka \/ festliga sminkningar,Neutrala \/ milda sminkningar\",\"inLanguage\":\"es\",\"potentialAction\":[{\"@type\":\"CommentAction\",\"name\":\"Comment\",\"target\":[\"https:\/\/www.imakeyousmile.se\/luxus-makeup\/#respond\"]}]},{\"@type\":\"Person\",\"@id\":\"https:\/\/www.imakeyousmile.se\/es\/#\/schema\/person\/b0fd43b1c6bb1c60cfd68bff9b4a10fb\",\"name\":\"Helena Amiley\",\"image\":{\"@type\":\"ImageObject\",\"@id\":\"https:\/\/www.imakeyousmile.se\/es\/#personlogo\",\"inLanguage\":\"es\",\"url\":\"https:\/\/secure.gravatar.com\/avatar\/5645558e1e355457a23368d7e1b4c904?s=96&d=mm&r=g\",\"caption\":\"Helena Amiley\"},\"description\":\"Jag skriver mest om sk\\u00f6nhet men bjuder \\u00e4ven p\\u00e5 glimtar fr\\u00e5n entrepren\\u00f6rlivet och bygget av v\\u00e5r egen camper van. Vanlife here we come!\",\"sameAs\":[\"https:\/\/www.facebook.com\/imakeyousmile.se\",\"https:\/\/www.instagram.com\/helenaamiley\",\"https:\/\/www.youtube.com\/channel\/UCR5iB6rvpV6Yr8ZjpQfr5mg?view_as=subscriber\"]}]}<\/script>\n<!-- \/ Yoast SEO Premium plugin. -->","_links":{"self":[{"href":"https:\/\/www.imakeyousmile.se\/es\/wp-json\/wp\/v2\/posts\/20740"}],"collection":[{"href":"https:\/\/www.imakeyousmile.se\/es\/wp-json\/wp\/v2\/posts"}],"about":[{"href":"https:\/\/www.imakeyousmile.se\/es\/wp-json\/wp\/v2\/types\/post"}],"author":[{"embeddable":true,"href":"https:\/\/www.imakeyousmile.se\/es\/wp-json\/wp\/v2\/users\/30"}],"replies":[{"embeddable":true,"href":"https:\/\/www.imakeyousmile.se\/es\/wp-json\/wp\/v2\/comments?post=20740"}],"version-history":[{"count":2,"href":"https:\/\/www.imakeyousmile.se\/es\/wp-json\/wp\/v2\/posts\/20740\/revisions"}],"predecessor-version":[{"id":20746,"href":"https:\/\/www.imakeyousmile.se\/es\/wp-json\/wp\/v2\/posts\/20740\/revisions\/20746"}],"wp:featuredmedia":[{"embeddable":true,"href":"https:\/\/www.imakeyousmile.se\/es\/wp-json\/wp\/v2\/media\/20742"}],"wp:attachment":[{"href":"https:\/\/www.imakeyousmile.se\/es\/wp-json\/wp\/v2\/media?parent=20740"}],"wp:term":[{"taxonomy":"category","embeddable":true,"href":"https:\/\/www.imakeyousmile.se\/es\/wp-json\/wp\/v2\/categories?post=20740"},{"taxonomy":"post_tag","embeddable":true,"href":"https:\/\/www.imakeyousmile.se\/es\/wp-json\/wp\/v2\/tags?post=20740"}],"curies":[{"name":"wp","href":"https:\/\/api.w.org\/{rel}","templated":true}]}}