{"id":20847,"date":"2015-06-30T15:21:41","date_gmt":"2015-06-30T13:21:41","guid":{"rendered":"http:\/\/www.imakeyousmile.se\/?p=20847"},"modified":"2015-06-30T10:11:26","modified_gmt":"2015-06-30T08:11:26","slug":"vanilla-chocolate-with-a-hint-of-blueberry","status":"publish","type":"post","link":"https:\/\/www.imakeyousmile.se\/es\/vainilla-chocolate-con-un-toque-de-arandano\/","title":{"rendered":"Chocolate de vainilla con un toque de ar\u00e1ndano"},"content":{"rendered":"<p>Recib\u00ed este comentario el otro d\u00eda:<br \/>\n<em><strong>\u00bfTienes la oportunidad de maquillarte todos los d\u00edas con un peque\u00f1o clic de color para ojos marrones?<\/strong><\/em><br \/>\n<em><strong> Soy un poco t\u00edmido cuando se trata de color alrededor de los ojos, pero me gustar\u00eda atreverme m\u00e1s. Eso seria genial.<\/strong><\/em><br \/>\n<em><strong> \u00a1Tu blog es incre\u00edble! &quot;<\/strong><\/em><\/p>\n<p>Para comenzar a aprender a atreverse m\u00e1s (porque se trata principalmente de un h\u00e1bito), es una buena idea apresurarse lentamente. Comience con un detalle colorido, preferiblemente en la parte superior de los ojos para que &quot;se asome&quot; un poco entre las pesta\u00f1as y sea m\u00e1s visible cuando parpadea.<\/p>\n<p>Entonces puede continuar con el color, por ejemplo. debajo de los ojos cuando te sientas listo, y finalmente partes m\u00e1s grandes del maquillaje :) Tambi\u00e9n recomiendo probarlo en paz y tranquilidad, prueba alg\u00fan d\u00eda deber\u00edas estar en casa y no &quot;ahora debo aprovechar la oportunidad para tener un color divertido en esta fiesta! &quot; y luego no se sienta c\u00f3modo.<\/p>\n<p>En cuanto al marr\u00f3n, ese color no tiene un color complementario de esa manera, ya que es una mezcla de colores y no un color espec\u00edfico en el c\u00edrculo crom\u00e1tico. Por lo tanto, no hay un color correcto que enfatice, pero hay que pensar en m\u00e1s opuestos, el marr\u00f3n es un color c\u00e1lido y, por lo tanto, se enfatiza con tonos fr\u00edos, p. Ej. el color m\u00e1s fr\u00edo es el azul, pero tambi\u00e9n el gris, el plateado y todos los colores que tienen un tono fr\u00edo. Shimmer tambi\u00e9n puede hacer que los ojos marrones resalten un poco m\u00e1s.<\/p>\n<p>Por lo tanto, ahora he hecho un maquillaje diario suave con colores tierra claros que van un poco en la direcci\u00f3n fr\u00eda, y un clic de color azul a lo largo de la l\u00ednea de las pesta\u00f1as superiores :)<\/p>\n<p>Es muy f\u00e1cil de hacer, pero en realidad tambi\u00e9n he filmado, as\u00ed que si alg\u00fan d\u00eda aparece un tutorial r\u00e1pido sobre este tambi\u00e9n. \u00a1Espero que les guste el look!<\/p>\n<p><a href=\"http:\/\/www.imakeyousmile.se\/wp-content\/uploads\/2015\/06\/IMG_7549_1111.jpg\"><img loading=\"lazy\" decoding=\"async\" class=\"alignnone size-full wp-image-20850\" src=\"http:\/\/www.imakeyousmile.se\/wp-content\/uploads\/2015\/06\/IMG_7549_1111.jpg\" alt=\"IMG_7549_1111\" width=\"2000\" height=\"1504\" srcset=\"https:\/\/www.imakeyousmile.se\/wp-content\/uploads\/2015\/06\/IMG_7549_1111.jpg 2000w, https:\/\/www.imakeyousmile.se\/wp-content\/uploads\/2015\/06\/IMG_7549_1111-300x226.jpg 300w, https:\/\/www.imakeyousmile.se\/wp-content\/uploads\/2015\/06\/IMG_7549_1111-1024x770.jpg 1024w, https:\/\/www.imakeyousmile.se\/wp-content\/uploads\/2015\/06\/IMG_7549_1111-700x526.jpg 700w, https:\/\/www.imakeyousmile.se\/wp-content\/uploads\/2015\/06\/IMG_7549_1111-475x357.jpg 475w, https:\/\/www.imakeyousmile.se\/wp-content\/uploads\/2015\/06\/IMG_7549_1111-642x483.jpg 642w\" sizes=\"(max-width: 2000px) 100vw, 2000px\" \/><\/a><\/p>\n<p>\u00a1El maquillaje b\u00e1sico, el l\u00e1piz labial y las cejas son productos de una nueva marca que estoy probando!<\/p>\n<p><a href=\"http:\/\/www.imakeyousmile.se\/wp-content\/uploads\/2015\/06\/IMG_7596_1111.jpg\"><img loading=\"lazy\" decoding=\"async\" class=\"alignnone size-full wp-image-20851\" src=\"http:\/\/www.imakeyousmile.se\/wp-content\/uploads\/2015\/06\/IMG_7596_1111.jpg\" alt=\"IMG_7596_1111\" width=\"1500\" height=\"1080\" srcset=\"https:\/\/www.imakeyousmile.se\/wp-content\/uploads\/2015\/06\/IMG_7596_1111.jpg 1500w, https:\/\/www.imakeyousmile.se\/wp-content\/uploads\/2015\/06\/IMG_7596_1111-300x216.jpg 300w, https:\/\/www.imakeyousmile.se\/wp-content\/uploads\/2015\/06\/IMG_7596_1111-1024x737.jpg 1024w, https:\/\/www.imakeyousmile.se\/wp-content\/uploads\/2015\/06\/IMG_7596_1111-700x504.jpg 700w, https:\/\/www.imakeyousmile.se\/wp-content\/uploads\/2015\/06\/IMG_7596_1111-326x235.jpg 326w, https:\/\/www.imakeyousmile.se\/wp-content\/uploads\/2015\/06\/IMG_7596_1111-496x357.jpg 496w, https:\/\/www.imakeyousmile.se\/wp-content\/uploads\/2015\/06\/IMG_7596_1111-671x483.jpg 671w, https:\/\/www.imakeyousmile.se\/wp-content\/uploads\/2015\/06\/IMG_7596_1111-198x143.jpg 198w\" sizes=\"(max-width: 1500px) 100vw, 1500px\" \/><\/a><\/p>\n<p>Todas las sombras de ojos terrosas provienen de la misma paleta de tr\u00edo: <a href=\"http:\/\/creativemakeup.se\/produkt\/paese-opal-eyeshadow\/\" target=\"_blank\">Sombra de ojos Paese Opal<\/a> a la sombra de vainilla chocolate.<\/p>\n<p>Aplique prebase de sombra de ojos alrededor de todo el ojo, <a href=\"https:\/\/ion.lyko.com\/t\/t?a=1117786221&#038;as=1548102449&#038;t=2&#038;tk=1&#038;epi=search-replace-pixiprimer&#038;url=https:\/\/lyko.com\/sv\/sok?q=pixi+primer\" target=\"_blank\">Primer Pixi Eye Bright<\/a>.<br \/>\n2. Aplique sombra clara en la esquina del ojo y en el interior del p\u00e1rpado.<br \/>\nAplicar sombra de ojos intermedio claro \/ beige en la mitad del p\u00e1rpado.<br \/>\n4. Aplique sombra de ojos marr\u00f3n claro al final del p\u00e1rpado, a lo largo de la l\u00ednea del pliegue y al final de la l\u00ednea de las pesta\u00f1as inferiores.<br \/>\n5. Sombra de ojos azul a lo largo de la l\u00ednea de las pesta\u00f1as superiores, <a href=\"http:\/\/creativemakeup.se\/produkt\/paese-neo-eyeshadow\/\" target=\"_blank\">Sombra de ojos Paese Kashmir NEO (661)<br \/>\n<\/a>6. Delineador de ojos claro a lo largo de la l\u00ednea de flotaci\u00f3n, <a href=\"https:\/\/ion.jordklok.se\/t\/t?a=1236848151&#038;as=1548102449&#038;t=2&#038;tk=1&#038;epi=search-replace-benecoskajal&#038;url=https:\/\/www.jordklok.se\/sv\/articles\/2.80.3594\/benecos-natural-kajalpenna-113-g?q=Benecos%20Natural%20Kajalpenna,%201,13%20g\/\" target=\"_blank\">Benecos L\u00e1piz Kajal Blanco Natural<\/a>.<br \/>\n7. R\u00edmel negro en las pesta\u00f1as superiores, <a href=\"http:\/\/creativemakeup.se\/produkt\/adore-3d-lash-mascara\/\" target=\"_blank\">Paese Adore 3D Lash Mascara.<br \/>\n<\/a><br \/>\n<a href=\"http:\/\/www.imakeyousmile.se\/wp-content\/uploads\/2015\/06\/IMG_7547_1111.jpg\"><img loading=\"lazy\" decoding=\"async\" class=\"alignnone size-full wp-image-20848\" src=\"http:\/\/www.imakeyousmile.se\/wp-content\/uploads\/2015\/06\/IMG_7547_1111.jpg\" alt=\"IMG_7547_1111\" width=\"2000\" height=\"1987\" srcset=\"https:\/\/www.imakeyousmile.se\/wp-content\/uploads\/2015\/06\/IMG_7547_1111.jpg 2000w, https:\/\/www.imakeyousmile.se\/wp-content\/uploads\/2015\/06\/IMG_7547_1111-150x150.jpg 150w, https:\/\/www.imakeyousmile.se\/wp-content\/uploads\/2015\/06\/IMG_7547_1111-300x298.jpg 300w, https:\/\/www.imakeyousmile.se\/wp-content\/uploads\/2015\/06\/IMG_7547_1111-1024x1017.jpg 1024w, https:\/\/www.imakeyousmile.se\/wp-content\/uploads\/2015\/06\/IMG_7547_1111-700x695.jpg 700w, https:\/\/www.imakeyousmile.se\/wp-content\/uploads\/2015\/06\/IMG_7547_1111-359x357.jpg 359w, https:\/\/www.imakeyousmile.se\/wp-content\/uploads\/2015\/06\/IMG_7547_1111-486x483.jpg 486w, https:\/\/www.imakeyousmile.se\/wp-content\/uploads\/2015\/06\/IMG_7547_1111-210x210.jpg 210w\" sizes=\"(max-width: 2000px) 100vw, 2000px\" \/><\/a><\/p>\n<p><a href=\"http:\/\/www.imakeyousmile.se\/wp-content\/uploads\/2015\/06\/IMG_7596_1111.jpg\"><br \/>\n<\/a> <a href=\"http:\/\/www.imakeyousmile.se\/wp-content\/uploads\/2015\/06\/IMG_7548_1111.jpg\"><img loading=\"lazy\" decoding=\"async\" class=\"alignnone size-full wp-image-20849\" src=\"http:\/\/www.imakeyousmile.se\/wp-content\/uploads\/2015\/06\/IMG_7548_1111.jpg\" alt=\"IMG_7548_1111\" width=\"2000\" height=\"2022\" srcset=\"https:\/\/www.imakeyousmile.se\/wp-content\/uploads\/2015\/06\/IMG_7548_1111.jpg 2000w, https:\/\/www.imakeyousmile.se\/wp-content\/uploads\/2015\/06\/IMG_7548_1111-297x300.jpg 297w, https:\/\/www.imakeyousmile.se\/wp-content\/uploads\/2015\/06\/IMG_7548_1111-1013x1024.jpg 1013w, https:\/\/www.imakeyousmile.se\/wp-content\/uploads\/2015\/06\/IMG_7548_1111-700x708.jpg 700w, https:\/\/www.imakeyousmile.se\/wp-content\/uploads\/2015\/06\/IMG_7548_1111-353x357.jpg 353w, https:\/\/www.imakeyousmile.se\/wp-content\/uploads\/2015\/06\/IMG_7548_1111-478x483.jpg 478w\" sizes=\"(max-width: 2000px) 100vw, 2000px\" \/><\/a><\/p>\n<p>Espero que est\u00e9s inspirado :)<\/p>\n<p>Abrazo \u2665<\/p>","protected":false},"excerpt":{"rendered":"<p>Jag fick denna\u00a0kommentar h\u00e4r om dagen: &#8221;Har du m\u00f6jlighet att g\u00f6ra en vardagssminkning med n\u00e5n liten f\u00e4rgklick f\u00f6r bruna \u00f6gon? Jag \u00e4r lite blyg n\u00e4r det kommer till f\u00e4rg runt \u00f6gonen men vill g\u00e4rna v\u00e5ga mer. Det vore toppen. Din blogg e grym!&#8221; F\u00f6r att b\u00f6rja l\u00e4ra sig att v\u00e5ga mer (f\u00f6r det handlar mest [&hellip;]<\/p>\n","protected":false},"author":30,"featured_media":20851,"comment_status":"open","ping_status":"closed","sticky":false,"template":"","format":"standard","meta":{"footnotes":""},"categories":[2828,2827,2623],"tags":[3795,828,3420,3432,3796],"class_list":["post-20847","post","type-post","status-publish","format-standard","has-post-thumbnail","hentry","category-fargstarka-sminkningar","category-vardagssminkningar","category-sminkningar","tag-framhav-bruna-ogon","tag-naturlig-sminkning-bruna-ogon","tag-paese-neo","tag-paese-opal","tag-vardagssmink-bruna-ogon"],"yoast_head":"<!-- This site is optimized with the Yoast SEO Premium plugin v14.9 - https:\/\/yoast.com\/wordpress\/plugins\/seo\/ -->\n<meta name=\"description\" content=\"Vanilla Chocolate with a hint of blueberry | Helena Amiley - H\u00e4r hittar du senaste infromation om sk\u00f6nhet, livsstil, entrepren\u00f6rskap, makeup &amp; tips.\" \/>\n<meta name=\"robots\" content=\"index, follow, max-snippet:-1, max-image-preview:large, max-video-preview:-1\" \/>\n<link rel=\"canonical\" href=\"https:\/\/www.imakeyousmile.se\/es\/vanilla-chocolate-with-a-hint-of-blueberry\/\" \/>\n<meta property=\"og:locale\" content=\"es_ES\" \/>\n<meta property=\"og:type\" content=\"article\" \/>\n<meta property=\"og:title\" content=\"Vanilla Chocolate with a hint of blueberry | Imakeyousmile.se\" \/>\n<meta property=\"og:description\" content=\"Vanilla Chocolate with a hint of blueberry | Helena Amiley - H\u00e4r hittar du senaste infromation om sk\u00f6nhet, livsstil, entrepren\u00f6rskap, makeup &amp; tips.\" \/>\n<meta property=\"og:url\" content=\"https:\/\/www.imakeyousmile.se\/es\/vanilla-chocolate-with-a-hint-of-blueberry\/\" \/>\n<meta property=\"og:site_name\" content=\"Imakeyousmile.se\" \/>\n<meta property=\"article:author\" content=\"https:\/\/www.facebook.com\/imakeyousmile.se\" \/>\n<meta property=\"article:published_time\" content=\"2015-06-30T13:21:41+00:00\" \/>\n<meta property=\"article:modified_time\" content=\"2015-06-30T08:11:26+00:00\" \/>\n<meta property=\"og:image\" content=\"https:\/\/www.imakeyousmile.se\/wp-content\/uploads\/2015\/06\/IMG_7596_1111.jpg\" \/>\n\t<meta property=\"og:image:width\" content=\"1500\" \/>\n\t<meta property=\"og:image:height\" content=\"1080\" \/>\n<meta name=\"twitter:card\" content=\"summary_large_image\" \/>\n<script type=\"application\/ld+json\" class=\"yoast-schema-graph\">{\"@context\":\"https:\/\/schema.org\",\"@graph\":[{\"@type\":\"Organization\",\"@id\":\"https:\/\/www.imakeyousmile.se\/es\/#organization\",\"name\":\"Imakeyousmile\",\"url\":\"https:\/\/www.imakeyousmile.se\/es\/\",\"sameAs\":[],\"logo\":{\"@type\":\"ImageObject\",\"@id\":\"https:\/\/www.imakeyousmile.se\/es\/#logo\",\"inLanguage\":\"es\",\"url\":\"https:\/\/www.imakeyousmile.se\/wp-content\/uploads\/2020\/10\/HELENA-AMILEY_SVART-1-e1603367975324.png\",\"width\":280,\"height\":93,\"caption\":\"Imakeyousmile\"},\"image\":{\"@id\":\"https:\/\/www.imakeyousmile.se\/es\/#logo\"}},{\"@type\":\"WebSite\",\"@id\":\"https:\/\/www.imakeyousmile.se\/es\/#website\",\"url\":\"https:\/\/www.imakeyousmile.se\/es\/\",\"name\":\"Imakeyousmile.se\",\"description\":\"Helena Amiley - Beauty, Entrepreneur, Lifestyle\",\"publisher\":{\"@id\":\"https:\/\/www.imakeyousmile.se\/es\/#organization\"},\"potentialAction\":[{\"@type\":\"SearchAction\",\"target\":\"https:\/\/www.imakeyousmile.se\/es\/?s={search_term_string}\",\"query-input\":\"required name=search_term_string\"}],\"inLanguage\":\"es\"},{\"@type\":\"ImageObject\",\"@id\":\"https:\/\/www.imakeyousmile.se\/vanilla-chocolate-with-a-hint-of-blueberry\/#primaryimage\",\"inLanguage\":\"es\",\"url\":\"https:\/\/www.imakeyousmile.se\/wp-content\/uploads\/2015\/06\/IMG_7596_1111.jpg\",\"width\":1500,\"height\":1080},{\"@type\":\"WebPage\",\"@id\":\"https:\/\/www.imakeyousmile.se\/vanilla-chocolate-with-a-hint-of-blueberry\/#webpage\",\"url\":\"https:\/\/www.imakeyousmile.se\/vanilla-chocolate-with-a-hint-of-blueberry\/\",\"name\":\"Vanilla Chocolate with a hint of blueberry | Imakeyousmile.se\",\"isPartOf\":{\"@id\":\"https:\/\/www.imakeyousmile.se\/es\/#website\"},\"primaryImageOfPage\":{\"@id\":\"https:\/\/www.imakeyousmile.se\/vanilla-chocolate-with-a-hint-of-blueberry\/#primaryimage\"},\"datePublished\":\"2015-06-30T13:21:41+00:00\",\"dateModified\":\"2015-06-30T08:11:26+00:00\",\"description\":\"Vanilla Chocolate with a hint of blueberry | Helena Amiley - H\\u00e4r hittar du senaste infromation om sk\\u00f6nhet, livsstil, entrepren\\u00f6rskap, makeup & tips.\",\"inLanguage\":\"es\",\"potentialAction\":[{\"@type\":\"ReadAction\",\"target\":[\"https:\/\/www.imakeyousmile.se\/vanilla-chocolate-with-a-hint-of-blueberry\/\"]}]},{\"@type\":\"Article\",\"@id\":\"https:\/\/www.imakeyousmile.se\/vanilla-chocolate-with-a-hint-of-blueberry\/#article\",\"isPartOf\":{\"@id\":\"https:\/\/www.imakeyousmile.se\/vanilla-chocolate-with-a-hint-of-blueberry\/#webpage\"},\"author\":{\"@id\":\"https:\/\/www.imakeyousmile.se\/es\/#\/schema\/person\/b0fd43b1c6bb1c60cfd68bff9b4a10fb\"},\"headline\":\"Vanilla Chocolate with a hint of blueberry\",\"datePublished\":\"2015-06-30T13:21:41+00:00\",\"dateModified\":\"2015-06-30T08:11:26+00:00\",\"mainEntityOfPage\":{\"@id\":\"https:\/\/www.imakeyousmile.se\/vanilla-chocolate-with-a-hint-of-blueberry\/#webpage\"},\"commentCount\":6,\"publisher\":{\"@id\":\"https:\/\/www.imakeyousmile.se\/es\/#organization\"},\"image\":{\"@id\":\"https:\/\/www.imakeyousmile.se\/vanilla-chocolate-with-a-hint-of-blueberry\/#primaryimage\"},\"keywords\":\"framh\\u00e4v bruna \\u00f6gon,naturlig sminkning bruna \\u00f6gon,paese neo,paese opal,vardagssmink bruna \\u00f6gon\",\"articleSection\":\"F\\u00e4rgstarka sminkningar,Neutrala \/ milda sminkningar,Sminkningar\",\"inLanguage\":\"es\",\"potentialAction\":[{\"@type\":\"CommentAction\",\"name\":\"Comment\",\"target\":[\"https:\/\/www.imakeyousmile.se\/vanilla-chocolate-with-a-hint-of-blueberry\/#respond\"]}]},{\"@type\":\"Person\",\"@id\":\"https:\/\/www.imakeyousmile.se\/es\/#\/schema\/person\/b0fd43b1c6bb1c60cfd68bff9b4a10fb\",\"name\":\"Helena Amiley\",\"image\":{\"@type\":\"ImageObject\",\"@id\":\"https:\/\/www.imakeyousmile.se\/es\/#personlogo\",\"inLanguage\":\"es\",\"url\":\"https:\/\/secure.gravatar.com\/avatar\/5645558e1e355457a23368d7e1b4c904?s=96&d=mm&r=g\",\"caption\":\"Helena Amiley\"},\"description\":\"Jag skriver mest om sk\\u00f6nhet men bjuder \\u00e4ven p\\u00e5 glimtar fr\\u00e5n entrepren\\u00f6rlivet och bygget av v\\u00e5r egen camper van. Vanlife here we come!\",\"sameAs\":[\"https:\/\/www.facebook.com\/imakeyousmile.se\",\"https:\/\/www.instagram.com\/helenaamiley\",\"https:\/\/www.youtube.com\/channel\/UCR5iB6rvpV6Yr8ZjpQfr5mg?view_as=subscriber\"]}]}<\/script>\n<!-- \/ Yoast SEO Premium plugin. -->","_links":{"self":[{"href":"https:\/\/www.imakeyousmile.se\/es\/wp-json\/wp\/v2\/posts\/20847"}],"collection":[{"href":"https:\/\/www.imakeyousmile.se\/es\/wp-json\/wp\/v2\/posts"}],"about":[{"href":"https:\/\/www.imakeyousmile.se\/es\/wp-json\/wp\/v2\/types\/post"}],"author":[{"embeddable":true,"href":"https:\/\/www.imakeyousmile.se\/es\/wp-json\/wp\/v2\/users\/30"}],"replies":[{"embeddable":true,"href":"https:\/\/www.imakeyousmile.se\/es\/wp-json\/wp\/v2\/comments?post=20847"}],"version-history":[{"count":3,"href":"https:\/\/www.imakeyousmile.se\/es\/wp-json\/wp\/v2\/posts\/20847\/revisions"}],"predecessor-version":[{"id":20854,"href":"https:\/\/www.imakeyousmile.se\/es\/wp-json\/wp\/v2\/posts\/20847\/revisions\/20854"}],"wp:featuredmedia":[{"embeddable":true,"href":"https:\/\/www.imakeyousmile.se\/es\/wp-json\/wp\/v2\/media\/20851"}],"wp:attachment":[{"href":"https:\/\/www.imakeyousmile.se\/es\/wp-json\/wp\/v2\/media?parent=20847"}],"wp:term":[{"taxonomy":"category","embeddable":true,"href":"https:\/\/www.imakeyousmile.se\/es\/wp-json\/wp\/v2\/categories?post=20847"},{"taxonomy":"post_tag","embeddable":true,"href":"https:\/\/www.imakeyousmile.se\/es\/wp-json\/wp\/v2\/tags?post=20847"}],"curies":[{"name":"wp","href":"https:\/\/api.w.org\/{rel}","templated":true}]}}