{"id":20957,"date":"2015-07-06T12:27:59","date_gmt":"2015-07-06T10:27:59","guid":{"rendered":"http:\/\/www.imakeyousmile.se\/?p=20957"},"modified":"2015-07-06T12:27:59","modified_gmt":"2015-07-06T10:27:59","slug":"never-ask-someone-with-winged-eyeliner-why-they-are-late","status":"publish","type":"post","link":"https:\/\/www.imakeyousmile.se\/es\/nunca-preguntes-a-alguien-con-delineador-de-ojos-alado-por-que-llega-tarde\/","title":{"rendered":"Nunca le preguntes a alguien con delineador de ojos alado por qu\u00e9 llega tarde"},"content":{"rendered":"<p>\u00a1Aqu\u00ed est\u00e1n las fotos del maquillaje del s\u00e1bado!<\/p>\n<p>Entonces mencion\u00e9 en una publicaci\u00f3n que no pod\u00eda decidir si quer\u00eda un poco de maquillaje divertido \/ un poco m\u00e1s extremo o uno simple, pero era lo \u00faltimo. Me sent\u00ed un poco aburrido entonces, pero al final probablemente nunca pueda llamar a un maquillaje con delineador de ojos extra ancho demasiado aburrido, por lo que no fue una completa verg\u00fcenza de todos modos;)<\/p>\n<p>\u00a1Espero que te guste!<\/p>\n<p><a href=\"http:\/\/www.imakeyousmile.se\/wp-content\/uploads\/2015\/07\/IMG_8009_111.jpg\"><img loading=\"lazy\" decoding=\"async\" class=\"alignnone size-full wp-image-20961\" src=\"http:\/\/www.imakeyousmile.se\/wp-content\/uploads\/2015\/07\/IMG_8009_111.jpg\" alt=\"IMG_8009_111\" width=\"1484\" height=\"1140\" srcset=\"https:\/\/www.imakeyousmile.se\/wp-content\/uploads\/2015\/07\/IMG_8009_111.jpg 1484w, https:\/\/www.imakeyousmile.se\/wp-content\/uploads\/2015\/07\/IMG_8009_111-300x230.jpg 300w, https:\/\/www.imakeyousmile.se\/wp-content\/uploads\/2015\/07\/IMG_8009_111-1024x787.jpg 1024w, https:\/\/www.imakeyousmile.se\/wp-content\/uploads\/2015\/07\/IMG_8009_111-700x538.jpg 700w, https:\/\/www.imakeyousmile.se\/wp-content\/uploads\/2015\/07\/IMG_8009_111-465x357.jpg 465w, https:\/\/www.imakeyousmile.se\/wp-content\/uploads\/2015\/07\/IMG_8009_111-629x483.jpg 629w\" sizes=\"(max-width: 1484px) 100vw, 1484px\" \/><\/a><\/p>\n<p>Prebase de sombra de ojos en todo el p\u00e1rpado, <a href=\"https:\/\/ion.lyko.com\/t\/t?a=1117786221&#038;as=1548102449&#038;t=2&#038;tk=1&#038;epi=search-replace-pixiprimer&#038;url=https:\/\/lyko.com\/sv\/sok?q=pixi+primer\" target=\"_blank\">Primer Pixi Eye Bright<\/a><br \/>\nSombra de ojos clara en la esquina del ojo y en todo el p\u00e1rpado, <a href=\"http:\/\/creativemakeup.se\/produkt\/paese-shimmer-trio-palette\/\" target=\"_blank\">Sombra de ojos Paese Skimmer Trio (106 de lujo)<\/a><br \/>\nSombra de ojos marr\u00f3n claro a lo largo de la l\u00ednea del globo,\u00a0<a href=\"http:\/\/creativemakeup.se\/produkt\/paese-shimmer-trio-palette\/\" target=\"_blank\">Sombra de ojos Paese Skimmer Trio (106 de lujo)<br \/>\n<\/a>Delineador de ojos con ala, <a href=\"https:\/\/ion.lyko.com\/t\/t?a=1117786221&#038;as=1548102449&#038;t=2&#038;tk=1&#038;epi=search-replace-eyeliner&#038;url=https:\/\/lyko.com\/sv\/sok?q=eyeliner\" target=\"_blank\">Palina Drama Queen Perfect Liner Negro<\/a>.<br \/>\nR\u00edmel negro en las pesta\u00f1as superiores, <a href=\"http:\/\/creativemakeup.se\/produkt\/adore-3d-lash-mascara\/\" target=\"_blank\">M\u00e1scara de pesta\u00f1as 3D Paese Adore<\/a>.<\/p>\n<p><a href=\"http:\/\/www.imakeyousmile.se\/wp-content\/uploads\/2015\/07\/IMG_7994_111.jpg\"><img loading=\"lazy\" decoding=\"async\" class=\"alignnone size-full wp-image-20959\" src=\"http:\/\/www.imakeyousmile.se\/wp-content\/uploads\/2015\/07\/IMG_7994_111.jpg\" alt=\"IMG_7994_111\" width=\"2000\" height=\"1748\" srcset=\"https:\/\/www.imakeyousmile.se\/wp-content\/uploads\/2015\/07\/IMG_7994_111.jpg 2000w, https:\/\/www.imakeyousmile.se\/wp-content\/uploads\/2015\/07\/IMG_7994_111-300x262.jpg 300w, https:\/\/www.imakeyousmile.se\/wp-content\/uploads\/2015\/07\/IMG_7994_111-1024x895.jpg 1024w, https:\/\/www.imakeyousmile.se\/wp-content\/uploads\/2015\/07\/IMG_7994_111-700x612.jpg 700w, https:\/\/www.imakeyousmile.se\/wp-content\/uploads\/2015\/07\/IMG_7994_111-408x357.jpg 408w, https:\/\/www.imakeyousmile.se\/wp-content\/uploads\/2015\/07\/IMG_7994_111-553x483.jpg 553w\" sizes=\"(max-width: 2000px) 100vw, 2000px\" \/><br \/>\n<\/a>Maquillaje b\u00e1sico:<br \/>\nPrebase facial - <a href=\"http:\/\/creativemakeup.se\/produkt\/paese-makeup-base\/\" target=\"_blank\">Base de maquillaje Paese Mate<\/a><br \/>\nFundaci\u00f3n - <a href=\"https:\/\/ion.jordklok.se\/t\/t?a=1236848151&#038;as=1548102449&#038;t=2&#038;tk=1&#038;epi=search-replace-zuiifoundation&#038;url=https:\/\/www.jordklok.se\/sv\/articles\/2.60.5465\/zuii-organic-flora-powder-foundation-10-g?q=Zuii%20Organic%20Flora%20Powder%20Foundation,%2010%20g\/\" target=\"_blank\">Base Org\u00e1nica Zuii (Crema)<\/a><br \/>\nCorrector - <a href=\"https:\/\/click.adrecord.com?c=5979&#038;p=1041&#038;url=https%3A\/\/kissedbyeco.se\/brand\/yag\/\/\" target=\"_blank\">Corrector mineral Yag (Covers Purple)<\/a><br \/>\nProtector solar - <a href=\"http:\/\/creativemakeup.se\/produkt\/paese-bronzing-powder\/\" target=\"_blank\">Polvo bronceador Paese (1M)<\/a><br \/>\nColorete - <a href=\"https:\/\/ion.jordklok.se\/t\/t?a=1236848151&#038;as=1548102449&#038;t=2&#038;tk=1&#038;epi=search-replace-zuii&#038;url=https:\/\/www.jordklok.se\/sv\/search?q=zuii\/\" target=\"_blank\">Zuii Organic Sparkle Rouge (Frambuesa)<br \/>\n<\/a>Polvo - <a href=\"http:\/\/creativemakeup.se\/produkt\/paese-bamboo-silk-powder\/\" target=\"_blank\">Polvo de seda de bamb\u00fa Paese<\/a><\/p>\n<p>Labios - Barra de labios (aplicada con el dedo para obtener una capa fina y discreta) de una marca que puede. pronto entrar\u00e1 en la tienda<br \/>\nCejas - <a href=\"https:\/\/ion.jordklok.se\/t\/t?a=1236848151&#038;as=1548102449&#038;t=2&#038;tk=1&#038;epi=search-replace-benecosbrows&#038;url=https:\/\/www.jordklok.se\/sv\/articles\/2.83.3593\/benecos-natural-eyebrow-designer-105-g?q=Benecos%20Natural%20Eyebrow%20Designer,%201,05%20g\" target=\"_blank\">Benecos Eyebrow designer (Gentle Brown)<\/a><\/p>\n<p><a href=\"http:\/\/www.imakeyousmile.se\/wp-content\/uploads\/2015\/07\/IMG_7982_111.jpg\"><img loading=\"lazy\" decoding=\"async\" class=\"alignnone size-full wp-image-20958\" src=\"http:\/\/www.imakeyousmile.se\/wp-content\/uploads\/2015\/07\/IMG_7982_111.jpg\" alt=\"IMG_7982_111\" width=\"2000\" height=\"1572\" srcset=\"https:\/\/www.imakeyousmile.se\/wp-content\/uploads\/2015\/07\/IMG_7982_111.jpg 2000w, https:\/\/www.imakeyousmile.se\/wp-content\/uploads\/2015\/07\/IMG_7982_111-300x236.jpg 300w, https:\/\/www.imakeyousmile.se\/wp-content\/uploads\/2015\/07\/IMG_7982_111-1024x805.jpg 1024w, https:\/\/www.imakeyousmile.se\/wp-content\/uploads\/2015\/07\/IMG_7982_111-700x550.jpg 700w, https:\/\/www.imakeyousmile.se\/wp-content\/uploads\/2015\/07\/IMG_7982_111-454x357.jpg 454w, https:\/\/www.imakeyousmile.se\/wp-content\/uploads\/2015\/07\/IMG_7982_111-615x483.jpg 615w\" sizes=\"(max-width: 2000px) 100vw, 2000px\" \/><\/a> <a href=\"http:\/\/www.imakeyousmile.se\/wp-content\/uploads\/2015\/07\/IMG_7994_111.jpg\"><br \/>\n<\/a> <a href=\"http:\/\/www.imakeyousmile.se\/wp-content\/uploads\/2015\/07\/IMG_7996_111.jpg\"><img loading=\"lazy\" decoding=\"async\" class=\"alignnone size-full wp-image-20960\" src=\"http:\/\/www.imakeyousmile.se\/wp-content\/uploads\/2015\/07\/IMG_7996_111.jpg\" alt=\"IMG_7996_111\" width=\"2000\" height=\"1798\" srcset=\"https:\/\/www.imakeyousmile.se\/wp-content\/uploads\/2015\/07\/IMG_7996_111.jpg 2000w, https:\/\/www.imakeyousmile.se\/wp-content\/uploads\/2015\/07\/IMG_7996_111-300x270.jpg 300w, https:\/\/www.imakeyousmile.se\/wp-content\/uploads\/2015\/07\/IMG_7996_111-1024x921.jpg 1024w, https:\/\/www.imakeyousmile.se\/wp-content\/uploads\/2015\/07\/IMG_7996_111-700x629.jpg 700w, https:\/\/www.imakeyousmile.se\/wp-content\/uploads\/2015\/07\/IMG_7996_111-397x357.jpg 397w, https:\/\/www.imakeyousmile.se\/wp-content\/uploads\/2015\/07\/IMG_7996_111-537x483.jpg 537w\" sizes=\"(max-width: 2000px) 100vw, 2000px\" \/><\/a><\/p>\n<p>\u00a1Espero que hayan tenido un buen comienzo para la nueva semana! \u2665<\/p>","protected":false},"excerpt":{"rendered":"<p>H\u00e4r kommer bilderna p\u00e5 l\u00f6rdagens sminkning! Jag n\u00e4mnde ju i ett inl\u00e4gg d\u00e5 att jag inte kunde best\u00e4mma mig f\u00f6r om jag vill ha n\u00e5gon rolig\/lite mer extrem sminkning eller en enkel\u00a0&#8211; men det blev det sistn\u00e4mnda. Lite tr\u00e5kigt k\u00e4nde jag d\u00e5, men i slut\u00e4nden kan jag nog aldrig kalla en sminkning med extra bred [&hellip;]<\/p>\n","protected":false},"author":30,"featured_media":20961,"comment_status":"open","ping_status":"closed","sticky":false,"template":"","format":"standard","meta":{"footnotes":""},"categories":[2827],"tags":[3562,525,3811,2561,3810],"class_list":["post-20957","post","type-post","status-publish","format-standard","has-post-thumbnail","hentry","category-vardagssminkningar","tag-eyeliner-makeup","tag-eyelinervinge","tag-mala-eyelinervinge","tag-paese-trio","tag-winged-eyeliner"],"yoast_head":"<!-- This site is optimized with the Yoast SEO Premium plugin v14.9 - https:\/\/yoast.com\/wordpress\/plugins\/seo\/ -->\n<meta name=\"description\" content=\"Never ask someone with winged eyeliner why they are late | Helena Amiley - H\u00e4r hittar du senaste infromation om sk\u00f6nhet, livsstil, entrepren\u00f6rskap, makeup &amp; tips.\" \/>\n<meta name=\"robots\" content=\"index, follow, max-snippet:-1, max-image-preview:large, max-video-preview:-1\" \/>\n<link rel=\"canonical\" href=\"https:\/\/www.imakeyousmile.se\/es\/never-ask-someone-with-winged-eyeliner-why-they-are-late\/\" \/>\n<meta property=\"og:locale\" content=\"es_ES\" \/>\n<meta property=\"og:type\" content=\"article\" \/>\n<meta property=\"og:title\" content=\"Never ask someone with winged eyeliner why they are late | Imakeyousmile.se\" \/>\n<meta property=\"og:description\" content=\"Never ask someone with winged eyeliner why they are late | Helena Amiley - H\u00e4r hittar du senaste infromation om sk\u00f6nhet, livsstil, entrepren\u00f6rskap, makeup &amp; tips.\" \/>\n<meta property=\"og:url\" content=\"https:\/\/www.imakeyousmile.se\/es\/never-ask-someone-with-winged-eyeliner-why-they-are-late\/\" \/>\n<meta property=\"og:site_name\" content=\"Imakeyousmile.se\" \/>\n<meta property=\"article:author\" content=\"https:\/\/www.facebook.com\/imakeyousmile.se\" \/>\n<meta property=\"article:published_time\" content=\"2015-07-06T10:27:59+00:00\" \/>\n<meta property=\"og:image\" content=\"https:\/\/www.imakeyousmile.se\/wp-content\/uploads\/2015\/07\/IMG_8009_111.jpg\" \/>\n\t<meta property=\"og:image:width\" content=\"1484\" \/>\n\t<meta property=\"og:image:height\" content=\"1140\" \/>\n<meta name=\"twitter:card\" content=\"summary_large_image\" \/>\n<script type=\"application\/ld+json\" class=\"yoast-schema-graph\">{\"@context\":\"https:\/\/schema.org\",\"@graph\":[{\"@type\":\"Organization\",\"@id\":\"https:\/\/www.imakeyousmile.se\/es\/#organization\",\"name\":\"Imakeyousmile\",\"url\":\"https:\/\/www.imakeyousmile.se\/es\/\",\"sameAs\":[],\"logo\":{\"@type\":\"ImageObject\",\"@id\":\"https:\/\/www.imakeyousmile.se\/es\/#logo\",\"inLanguage\":\"es\",\"url\":\"https:\/\/www.imakeyousmile.se\/wp-content\/uploads\/2020\/10\/HELENA-AMILEY_SVART-1-e1603367975324.png\",\"width\":280,\"height\":93,\"caption\":\"Imakeyousmile\"},\"image\":{\"@id\":\"https:\/\/www.imakeyousmile.se\/es\/#logo\"}},{\"@type\":\"WebSite\",\"@id\":\"https:\/\/www.imakeyousmile.se\/es\/#website\",\"url\":\"https:\/\/www.imakeyousmile.se\/es\/\",\"name\":\"Imakeyousmile.se\",\"description\":\"Helena Amiley - Beauty, Entrepreneur, Lifestyle\",\"publisher\":{\"@id\":\"https:\/\/www.imakeyousmile.se\/es\/#organization\"},\"potentialAction\":[{\"@type\":\"SearchAction\",\"target\":\"https:\/\/www.imakeyousmile.se\/es\/?s={search_term_string}\",\"query-input\":\"required name=search_term_string\"}],\"inLanguage\":\"es\"},{\"@type\":\"ImageObject\",\"@id\":\"https:\/\/www.imakeyousmile.se\/never-ask-someone-with-winged-eyeliner-why-they-are-late\/#primaryimage\",\"inLanguage\":\"es\",\"url\":\"https:\/\/www.imakeyousmile.se\/wp-content\/uploads\/2015\/07\/IMG_8009_111.jpg\",\"width\":1484,\"height\":1140},{\"@type\":\"WebPage\",\"@id\":\"https:\/\/www.imakeyousmile.se\/never-ask-someone-with-winged-eyeliner-why-they-are-late\/#webpage\",\"url\":\"https:\/\/www.imakeyousmile.se\/never-ask-someone-with-winged-eyeliner-why-they-are-late\/\",\"name\":\"Never ask someone with winged eyeliner why they are late | Imakeyousmile.se\",\"isPartOf\":{\"@id\":\"https:\/\/www.imakeyousmile.se\/es\/#website\"},\"primaryImageOfPage\":{\"@id\":\"https:\/\/www.imakeyousmile.se\/never-ask-someone-with-winged-eyeliner-why-they-are-late\/#primaryimage\"},\"datePublished\":\"2015-07-06T10:27:59+00:00\",\"dateModified\":\"2015-07-06T10:27:59+00:00\",\"description\":\"Never ask someone with winged eyeliner why they are late | Helena Amiley - H\\u00e4r hittar du senaste infromation om sk\\u00f6nhet, livsstil, entrepren\\u00f6rskap, makeup & tips.\",\"inLanguage\":\"es\",\"potentialAction\":[{\"@type\":\"ReadAction\",\"target\":[\"https:\/\/www.imakeyousmile.se\/never-ask-someone-with-winged-eyeliner-why-they-are-late\/\"]}]},{\"@type\":\"Article\",\"@id\":\"https:\/\/www.imakeyousmile.se\/never-ask-someone-with-winged-eyeliner-why-they-are-late\/#article\",\"isPartOf\":{\"@id\":\"https:\/\/www.imakeyousmile.se\/never-ask-someone-with-winged-eyeliner-why-they-are-late\/#webpage\"},\"author\":{\"@id\":\"https:\/\/www.imakeyousmile.se\/es\/#\/schema\/person\/b0fd43b1c6bb1c60cfd68bff9b4a10fb\"},\"headline\":\"Never ask someone with winged eyeliner why they are late\",\"datePublished\":\"2015-07-06T10:27:59+00:00\",\"dateModified\":\"2015-07-06T10:27:59+00:00\",\"mainEntityOfPage\":{\"@id\":\"https:\/\/www.imakeyousmile.se\/never-ask-someone-with-winged-eyeliner-why-they-are-late\/#webpage\"},\"commentCount\":2,\"publisher\":{\"@id\":\"https:\/\/www.imakeyousmile.se\/es\/#organization\"},\"image\":{\"@id\":\"https:\/\/www.imakeyousmile.se\/never-ask-someone-with-winged-eyeliner-why-they-are-late\/#primaryimage\"},\"keywords\":\"Eyeliner makeup,eyelinervinge,m\\u00e5la eyelinervinge,paese trio,winged eyeliner\",\"articleSection\":\"Neutrala \/ milda sminkningar\",\"inLanguage\":\"es\",\"potentialAction\":[{\"@type\":\"CommentAction\",\"name\":\"Comment\",\"target\":[\"https:\/\/www.imakeyousmile.se\/never-ask-someone-with-winged-eyeliner-why-they-are-late\/#respond\"]}]},{\"@type\":\"Person\",\"@id\":\"https:\/\/www.imakeyousmile.se\/es\/#\/schema\/person\/b0fd43b1c6bb1c60cfd68bff9b4a10fb\",\"name\":\"Helena Amiley\",\"image\":{\"@type\":\"ImageObject\",\"@id\":\"https:\/\/www.imakeyousmile.se\/es\/#personlogo\",\"inLanguage\":\"es\",\"url\":\"https:\/\/secure.gravatar.com\/avatar\/5645558e1e355457a23368d7e1b4c904?s=96&d=mm&r=g\",\"caption\":\"Helena Amiley\"},\"description\":\"Jag skriver mest om sk\\u00f6nhet men bjuder \\u00e4ven p\\u00e5 glimtar fr\\u00e5n entrepren\\u00f6rlivet och bygget av v\\u00e5r egen camper van. Vanlife here we come!\",\"sameAs\":[\"https:\/\/www.facebook.com\/imakeyousmile.se\",\"https:\/\/www.instagram.com\/helenaamiley\",\"https:\/\/www.youtube.com\/channel\/UCR5iB6rvpV6Yr8ZjpQfr5mg?view_as=subscriber\"]}]}<\/script>\n<!-- \/ Yoast SEO Premium plugin. -->","_links":{"self":[{"href":"https:\/\/www.imakeyousmile.se\/es\/wp-json\/wp\/v2\/posts\/20957"}],"collection":[{"href":"https:\/\/www.imakeyousmile.se\/es\/wp-json\/wp\/v2\/posts"}],"about":[{"href":"https:\/\/www.imakeyousmile.se\/es\/wp-json\/wp\/v2\/types\/post"}],"author":[{"embeddable":true,"href":"https:\/\/www.imakeyousmile.se\/es\/wp-json\/wp\/v2\/users\/30"}],"replies":[{"embeddable":true,"href":"https:\/\/www.imakeyousmile.se\/es\/wp-json\/wp\/v2\/comments?post=20957"}],"version-history":[{"count":2,"href":"https:\/\/www.imakeyousmile.se\/es\/wp-json\/wp\/v2\/posts\/20957\/revisions"}],"predecessor-version":[{"id":20963,"href":"https:\/\/www.imakeyousmile.se\/es\/wp-json\/wp\/v2\/posts\/20957\/revisions\/20963"}],"wp:featuredmedia":[{"embeddable":true,"href":"https:\/\/www.imakeyousmile.se\/es\/wp-json\/wp\/v2\/media\/20961"}],"wp:attachment":[{"href":"https:\/\/www.imakeyousmile.se\/es\/wp-json\/wp\/v2\/media?parent=20957"}],"wp:term":[{"taxonomy":"category","embeddable":true,"href":"https:\/\/www.imakeyousmile.se\/es\/wp-json\/wp\/v2\/categories?post=20957"},{"taxonomy":"post_tag","embeddable":true,"href":"https:\/\/www.imakeyousmile.se\/es\/wp-json\/wp\/v2\/tags?post=20957"}],"curies":[{"name":"wp","href":"https:\/\/api.w.org\/{rel}","templated":true}]}}