{"id":21069,"date":"2015-07-14T09:23:32","date_gmt":"2015-07-14T07:23:32","guid":{"rendered":"http:\/\/www.imakeyousmile.se\/?p=21069"},"modified":"2015-07-14T11:09:28","modified_gmt":"2015-07-14T09:09:28","slug":"somriga-naglar-a-la-lumene","status":"publish","type":"post","link":"https:\/\/www.imakeyousmile.se\/es\/verano-unas-a-la-lumene\/","title":{"rendered":"Somriga naglar a la Lumene"},"content":{"rendered":"<p>Antes del verano, Lumene lanz\u00f3 ocho nuevos colores en su serie de esmaltes de u\u00f1as Gel Effect, y yo, que recib\u00ed una prueba casera de todos ellos, inmediatamente me enamor\u00e9 de la sombra. <em>50 siente ese verano<\/em> que es un tono naranja &quot;suave&quot; muy veraniego y agradable.<\/p>\n<p>Este color es agradable para m\u00ed, pero lo \u00fanico en lo que pienso es en lo agradables que ser\u00e1n los dolores en ti, que tienes la piel m\u00e1s oscura que yo, que todav\u00eda est\u00e1 bastante p\u00e1lida. \u00a1Tan celestialmente agradable!<\/p>\n<p><a href=\"http:\/\/www.imakeyousmile.se\/wp-content\/uploads\/2015\/07\/IMG_8314_111.jpg\"><img loading=\"lazy\" decoding=\"async\" class=\"alignnone size-full wp-image-21070\" src=\"http:\/\/www.imakeyousmile.se\/wp-content\/uploads\/2015\/07\/IMG_8314_111.jpg\" alt=\"IMG_8314_111\" width=\"2000\" height=\"1448\" srcset=\"https:\/\/www.imakeyousmile.se\/wp-content\/uploads\/2015\/07\/IMG_8314_111.jpg 2000w, https:\/\/www.imakeyousmile.se\/wp-content\/uploads\/2015\/07\/IMG_8314_111-300x217.jpg 300w, https:\/\/www.imakeyousmile.se\/wp-content\/uploads\/2015\/07\/IMG_8314_111-1024x741.jpg 1024w, https:\/\/www.imakeyousmile.se\/wp-content\/uploads\/2015\/07\/IMG_8314_111-700x507.jpg 700w, https:\/\/www.imakeyousmile.se\/wp-content\/uploads\/2015\/07\/IMG_8314_111-326x235.jpg 326w, https:\/\/www.imakeyousmile.se\/wp-content\/uploads\/2015\/07\/IMG_8314_111-493x357.jpg 493w, https:\/\/www.imakeyousmile.se\/wp-content\/uploads\/2015\/07\/IMG_8314_111-667x483.jpg 667w, https:\/\/www.imakeyousmile.se\/wp-content\/uploads\/2015\/07\/IMG_8314_111-198x143.jpg 198w\" sizes=\"(max-width: 2000px) 100vw, 2000px\" \/><\/a><\/p>\n<p>El color es naranja pero no naranja brillante si entiendes lo que quiero decir, super bonito :)<\/p>\n<p>Solo he usado una capa de barniz.<\/p>\n<p><a href=\"http:\/\/www.imakeyousmile.se\/wp-content\/uploads\/2015\/07\/IMG_8320_111.jpg\"><img loading=\"lazy\" decoding=\"async\" class=\"alignnone size-full wp-image-21071\" src=\"http:\/\/www.imakeyousmile.se\/wp-content\/uploads\/2015\/07\/IMG_8320_111.jpg\" alt=\"IMG_8320_111\" width=\"1632\" height=\"1434\" srcset=\"https:\/\/www.imakeyousmile.se\/wp-content\/uploads\/2015\/07\/IMG_8320_111.jpg 1632w, https:\/\/www.imakeyousmile.se\/wp-content\/uploads\/2015\/07\/IMG_8320_111-300x264.jpg 300w, https:\/\/www.imakeyousmile.se\/wp-content\/uploads\/2015\/07\/IMG_8320_111-1024x900.jpg 1024w, https:\/\/www.imakeyousmile.se\/wp-content\/uploads\/2015\/07\/IMG_8320_111-700x615.jpg 700w, https:\/\/www.imakeyousmile.se\/wp-content\/uploads\/2015\/07\/IMG_8320_111-406x357.jpg 406w, https:\/\/www.imakeyousmile.se\/wp-content\/uploads\/2015\/07\/IMG_8320_111-550x483.jpg 550w\" sizes=\"(max-width: 1632px) 100vw, 1632px\" \/><\/a><\/p>\n<p>El esmalte de u\u00f1as Lumenes cuesta alrededor de 69 SEK.<\/p>\n<p>Abrazos para ti, y muchas gracias a ti que dijiste felicitaciones ayer, linda eres \u2665<\/p>","protected":false},"excerpt":{"rendered":"<p>Lumene lanserade inf\u00f6r sommaren \u00e5tta\u00a0nya f\u00e4rger i sin nagellacksserie Gel Effect, och jag som f\u00e5tt hem pressprov p\u00e5 alla f\u00f6ll direkt f\u00f6r nyansen 50 Feel That Summer som \u00e4r en &#8221;mjuk&#8221; orange ton som \u00e4r j\u00e4ttesomrig och fin. Den h\u00e4r f\u00e4rgen \u00e4r snygg p\u00e5 mig, men det enda jag t\u00e4nker p\u00e5 \u00e4r hur pangsnygg den [&hellip;]<\/p>\n","protected":false},"author":30,"featured_media":21070,"comment_status":"open","ping_status":"closed","sticky":false,"template":"","format":"standard","meta":{"footnotes":""},"categories":[863,59],"tags":[518,3353,3835],"class_list":["post-21069","post","type-post","status-publish","format-standard","has-post-thumbnail","hentry","category-naglar","category-recensioner-produkttips","tag-lumene","tag-lumene-gel-effect","tag-lumene-nagellack"],"yoast_head":"<!-- This site is optimized with the Yoast SEO Premium plugin v14.9 - https:\/\/yoast.com\/wordpress\/plugins\/seo\/ -->\n<meta name=\"description\" content=\"Somriga naglar a la Lumene | Helena Amiley - H\u00e4r hittar du senaste infromation om sk\u00f6nhet, livsstil, entrepren\u00f6rskap, makeup &amp; tips.\" \/>\n<meta name=\"robots\" content=\"index, follow, max-snippet:-1, max-image-preview:large, max-video-preview:-1\" \/>\n<link rel=\"canonical\" href=\"https:\/\/www.imakeyousmile.se\/es\/somriga-naglar-a-la-lumene\/\" \/>\n<meta property=\"og:locale\" content=\"es_ES\" \/>\n<meta property=\"og:type\" content=\"article\" \/>\n<meta property=\"og:title\" content=\"Somriga naglar a la Lumene | Imakeyousmile.se\" \/>\n<meta property=\"og:description\" content=\"Somriga naglar a la Lumene | Helena Amiley - H\u00e4r hittar du senaste infromation om sk\u00f6nhet, livsstil, entrepren\u00f6rskap, makeup &amp; tips.\" \/>\n<meta property=\"og:url\" content=\"https:\/\/www.imakeyousmile.se\/es\/somriga-naglar-a-la-lumene\/\" \/>\n<meta property=\"og:site_name\" content=\"Imakeyousmile.se\" \/>\n<meta property=\"article:author\" content=\"https:\/\/www.facebook.com\/imakeyousmile.se\" \/>\n<meta property=\"article:published_time\" content=\"2015-07-14T07:23:32+00:00\" \/>\n<meta property=\"article:modified_time\" content=\"2015-07-14T09:09:28+00:00\" \/>\n<meta property=\"og:image\" content=\"https:\/\/www.imakeyousmile.se\/wp-content\/uploads\/2015\/07\/IMG_8314_111.jpg\" \/>\n\t<meta property=\"og:image:width\" content=\"2000\" \/>\n\t<meta property=\"og:image:height\" content=\"1448\" \/>\n<meta name=\"twitter:card\" content=\"summary_large_image\" \/>\n<script type=\"application\/ld+json\" class=\"yoast-schema-graph\">{\"@context\":\"https:\/\/schema.org\",\"@graph\":[{\"@type\":\"Organization\",\"@id\":\"https:\/\/www.imakeyousmile.se\/es\/#organization\",\"name\":\"Imakeyousmile\",\"url\":\"https:\/\/www.imakeyousmile.se\/es\/\",\"sameAs\":[],\"logo\":{\"@type\":\"ImageObject\",\"@id\":\"https:\/\/www.imakeyousmile.se\/es\/#logo\",\"inLanguage\":\"es\",\"url\":\"https:\/\/www.imakeyousmile.se\/wp-content\/uploads\/2020\/10\/HELENA-AMILEY_SVART-1-e1603367975324.png\",\"width\":280,\"height\":93,\"caption\":\"Imakeyousmile\"},\"image\":{\"@id\":\"https:\/\/www.imakeyousmile.se\/es\/#logo\"}},{\"@type\":\"WebSite\",\"@id\":\"https:\/\/www.imakeyousmile.se\/es\/#website\",\"url\":\"https:\/\/www.imakeyousmile.se\/es\/\",\"name\":\"Imakeyousmile.se\",\"description\":\"Helena Amiley - Beauty, Entrepreneur, Lifestyle\",\"publisher\":{\"@id\":\"https:\/\/www.imakeyousmile.se\/es\/#organization\"},\"potentialAction\":[{\"@type\":\"SearchAction\",\"target\":\"https:\/\/www.imakeyousmile.se\/es\/?s={search_term_string}\",\"query-input\":\"required name=search_term_string\"}],\"inLanguage\":\"es\"},{\"@type\":\"ImageObject\",\"@id\":\"https:\/\/www.imakeyousmile.se\/somriga-naglar-a-la-lumene\/#primaryimage\",\"inLanguage\":\"es\",\"url\":\"https:\/\/www.imakeyousmile.se\/wp-content\/uploads\/2015\/07\/IMG_8314_111.jpg\",\"width\":2000,\"height\":1448},{\"@type\":\"WebPage\",\"@id\":\"https:\/\/www.imakeyousmile.se\/somriga-naglar-a-la-lumene\/#webpage\",\"url\":\"https:\/\/www.imakeyousmile.se\/somriga-naglar-a-la-lumene\/\",\"name\":\"Somriga naglar a la Lumene | Imakeyousmile.se\",\"isPartOf\":{\"@id\":\"https:\/\/www.imakeyousmile.se\/es\/#website\"},\"primaryImageOfPage\":{\"@id\":\"https:\/\/www.imakeyousmile.se\/somriga-naglar-a-la-lumene\/#primaryimage\"},\"datePublished\":\"2015-07-14T07:23:32+00:00\",\"dateModified\":\"2015-07-14T09:09:28+00:00\",\"description\":\"Somriga naglar a la Lumene | Helena Amiley - H\\u00e4r hittar du senaste infromation om sk\\u00f6nhet, livsstil, entrepren\\u00f6rskap, makeup & tips.\",\"inLanguage\":\"es\",\"potentialAction\":[{\"@type\":\"ReadAction\",\"target\":[\"https:\/\/www.imakeyousmile.se\/somriga-naglar-a-la-lumene\/\"]}]},{\"@type\":\"Article\",\"@id\":\"https:\/\/www.imakeyousmile.se\/somriga-naglar-a-la-lumene\/#article\",\"isPartOf\":{\"@id\":\"https:\/\/www.imakeyousmile.se\/somriga-naglar-a-la-lumene\/#webpage\"},\"author\":{\"@id\":\"https:\/\/www.imakeyousmile.se\/es\/#\/schema\/person\/b0fd43b1c6bb1c60cfd68bff9b4a10fb\"},\"headline\":\"Somriga naglar a la Lumene\",\"datePublished\":\"2015-07-14T07:23:32+00:00\",\"dateModified\":\"2015-07-14T09:09:28+00:00\",\"mainEntityOfPage\":{\"@id\":\"https:\/\/www.imakeyousmile.se\/somriga-naglar-a-la-lumene\/#webpage\"},\"commentCount\":0,\"publisher\":{\"@id\":\"https:\/\/www.imakeyousmile.se\/es\/#organization\"},\"image\":{\"@id\":\"https:\/\/www.imakeyousmile.se\/somriga-naglar-a-la-lumene\/#primaryimage\"},\"keywords\":\"lumene,lumene gel effect,lumene nagellack\",\"articleSection\":\"Naglar,Recensioner &amp; Produkttips\",\"inLanguage\":\"es\",\"potentialAction\":[{\"@type\":\"CommentAction\",\"name\":\"Comment\",\"target\":[\"https:\/\/www.imakeyousmile.se\/somriga-naglar-a-la-lumene\/#respond\"]}]},{\"@type\":\"Person\",\"@id\":\"https:\/\/www.imakeyousmile.se\/es\/#\/schema\/person\/b0fd43b1c6bb1c60cfd68bff9b4a10fb\",\"name\":\"Helena Amiley\",\"image\":{\"@type\":\"ImageObject\",\"@id\":\"https:\/\/www.imakeyousmile.se\/es\/#personlogo\",\"inLanguage\":\"es\",\"url\":\"https:\/\/secure.gravatar.com\/avatar\/5645558e1e355457a23368d7e1b4c904?s=96&d=mm&r=g\",\"caption\":\"Helena Amiley\"},\"description\":\"Jag skriver mest om sk\\u00f6nhet men bjuder \\u00e4ven p\\u00e5 glimtar fr\\u00e5n entrepren\\u00f6rlivet och bygget av v\\u00e5r egen camper van. Vanlife here we come!\",\"sameAs\":[\"https:\/\/www.facebook.com\/imakeyousmile.se\",\"https:\/\/www.instagram.com\/helenaamiley\",\"https:\/\/www.youtube.com\/channel\/UCR5iB6rvpV6Yr8ZjpQfr5mg?view_as=subscriber\"]}]}<\/script>\n<!-- \/ Yoast SEO Premium plugin. -->","_links":{"self":[{"href":"https:\/\/www.imakeyousmile.se\/es\/wp-json\/wp\/v2\/posts\/21069"}],"collection":[{"href":"https:\/\/www.imakeyousmile.se\/es\/wp-json\/wp\/v2\/posts"}],"about":[{"href":"https:\/\/www.imakeyousmile.se\/es\/wp-json\/wp\/v2\/types\/post"}],"author":[{"embeddable":true,"href":"https:\/\/www.imakeyousmile.se\/es\/wp-json\/wp\/v2\/users\/30"}],"replies":[{"embeddable":true,"href":"https:\/\/www.imakeyousmile.se\/es\/wp-json\/wp\/v2\/comments?post=21069"}],"version-history":[{"count":4,"href":"https:\/\/www.imakeyousmile.se\/es\/wp-json\/wp\/v2\/posts\/21069\/revisions"}],"predecessor-version":[{"id":21075,"href":"https:\/\/www.imakeyousmile.se\/es\/wp-json\/wp\/v2\/posts\/21069\/revisions\/21075"}],"wp:featuredmedia":[{"embeddable":true,"href":"https:\/\/www.imakeyousmile.se\/es\/wp-json\/wp\/v2\/media\/21070"}],"wp:attachment":[{"href":"https:\/\/www.imakeyousmile.se\/es\/wp-json\/wp\/v2\/media?parent=21069"}],"wp:term":[{"taxonomy":"category","embeddable":true,"href":"https:\/\/www.imakeyousmile.se\/es\/wp-json\/wp\/v2\/categories?post=21069"},{"taxonomy":"post_tag","embeddable":true,"href":"https:\/\/www.imakeyousmile.se\/es\/wp-json\/wp\/v2\/tags?post=21069"}],"curies":[{"name":"wp","href":"https:\/\/api.w.org\/{rel}","templated":true}]}}