{"id":21156,"date":"2015-07-18T18:11:11","date_gmt":"2015-07-18T16:11:11","guid":{"rendered":"http:\/\/www.imakeyousmile.se\/?p=21156"},"modified":"2015-07-18T18:11:11","modified_gmt":"2015-07-18T16:11:11","slug":"vilken-ar-din-favoritsminkning","status":"publish","type":"post","link":"https:\/\/www.imakeyousmile.se\/es\/cual-es-tu-maquillaje-favorito\/","title":{"rendered":"\u00bfCu\u00e1l es tu maquillaje favorito?"},"content":{"rendered":"<p>\u00a1He armado un peque\u00f1o collage con mi \u00faltimo maquillaje, en parte como inspiraci\u00f3n para ti pero tambi\u00e9n porque realmente quiero una respuesta a cu\u00e1les son tus favoritos! :) \u00a1Siempre es bueno saber qu\u00e9 tipo de maquillaje te gusta m\u00e1s y quieres ver un poco m\u00e1s en el futuro!<\/p>\n<p>Los primeros son los maquillajes cotidianos y luego se vuelven cada vez m\u00e1s coloridos y oscuros m\u00e1s abajo en el collage. Espero que sea apreciado :) \u2665<\/p>\n<p><a href=\"http:\/\/www.imakeyousmile.se\/wp-content\/uploads\/2015\/07\/makeup-looks.jpg\"><img loading=\"lazy\" decoding=\"async\" class=\"alignnone size-full wp-image-21157\" src=\"http:\/\/www.imakeyousmile.se\/wp-content\/uploads\/2015\/07\/makeup-looks.jpg\" alt=\"maquillaje-looks\" width=\"2000\" height=\"2862\" srcset=\"https:\/\/www.imakeyousmile.se\/wp-content\/uploads\/2015\/07\/makeup-looks.jpg 1789w, https:\/\/www.imakeyousmile.se\/wp-content\/uploads\/2015\/07\/makeup-looks-210x300.jpg 210w, https:\/\/www.imakeyousmile.se\/wp-content\/uploads\/2015\/07\/makeup-looks-716x1024.jpg 716w, https:\/\/www.imakeyousmile.se\/wp-content\/uploads\/2015\/07\/makeup-looks-696x996.jpg 696w, https:\/\/www.imakeyousmile.se\/wp-content\/uploads\/2015\/07\/makeup-looks-1068x1528.jpg 1068w, https:\/\/www.imakeyousmile.se\/wp-content\/uploads\/2015\/07\/makeup-looks-294x420.jpg 294w\" sizes=\"(max-width: 2000px) 100vw, 2000px\" \/><\/a><\/p>","protected":false},"excerpt":{"rendered":"<p>Jag har satt ihop ett litet kollage med mina senaste sminkningar, dels som inspiration f\u00f6r er men ocks\u00e5 f\u00f6r att jag j\u00e4tteg\u00e4rna vill d\u00e5 respons p\u00e5 vilka som \u00e4r era favoriter! :) Det \u00e4r alltid bra att veta vilka slags sminkningar ni gillar mest och vill se lite mer av i framtiden! De f\u00f6rsta \u00e4r [&hellip;]<\/p>\n","protected":false},"author":30,"featured_media":21157,"comment_status":"open","ping_status":"closed","sticky":false,"template":"","format":"standard","meta":{"footnotes":""},"categories":[3,2623],"tags":[],"class_list":["post-21156","post","type-post","status-publish","format-standard","has-post-thumbnail","hentry","category-allmant","category-sminkningar"],"yoast_head":"<!-- This site is optimized with the Yoast SEO Premium plugin v14.9 - https:\/\/yoast.com\/wordpress\/plugins\/seo\/ -->\n<meta name=\"description\" content=\"Vilken \u00e4r din favoritsminkning? | Helena Amiley - H\u00e4r hittar du senaste infromation om sk\u00f6nhet, livsstil, entrepren\u00f6rskap, makeup &amp; tips.\" \/>\n<meta name=\"robots\" content=\"index, follow, max-snippet:-1, max-image-preview:large, max-video-preview:-1\" \/>\n<link rel=\"canonical\" href=\"https:\/\/www.imakeyousmile.se\/es\/vilken-ar-din-favoritsminkning\/\" \/>\n<meta property=\"og:locale\" content=\"es_ES\" \/>\n<meta property=\"og:type\" content=\"article\" \/>\n<meta property=\"og:title\" content=\"Vilken \u00e4r din favoritsminkning? | Imakeyousmile.se\" \/>\n<meta property=\"og:description\" content=\"Vilken \u00e4r din favoritsminkning? | Helena Amiley - H\u00e4r hittar du senaste infromation om sk\u00f6nhet, livsstil, entrepren\u00f6rskap, makeup &amp; tips.\" \/>\n<meta property=\"og:url\" content=\"https:\/\/www.imakeyousmile.se\/es\/vilken-ar-din-favoritsminkning\/\" \/>\n<meta property=\"og:site_name\" content=\"Imakeyousmile.se\" \/>\n<meta property=\"article:author\" content=\"https:\/\/www.facebook.com\/imakeyousmile.se\" \/>\n<meta property=\"article:published_time\" content=\"2015-07-18T16:11:11+00:00\" \/>\n<meta property=\"og:image\" content=\"https:\/\/www.imakeyousmile.se\/wp-content\/uploads\/2015\/07\/makeup-looks.jpg\" \/>\n\t<meta property=\"og:image:width\" content=\"1789\" \/>\n\t<meta property=\"og:image:height\" content=\"2560\" \/>\n<meta name=\"twitter:card\" content=\"summary_large_image\" \/>\n<script type=\"application\/ld+json\" class=\"yoast-schema-graph\">{\"@context\":\"https:\/\/schema.org\",\"@graph\":[{\"@type\":\"Organization\",\"@id\":\"https:\/\/www.imakeyousmile.se\/es\/#organization\",\"name\":\"Imakeyousmile\",\"url\":\"https:\/\/www.imakeyousmile.se\/es\/\",\"sameAs\":[],\"logo\":{\"@type\":\"ImageObject\",\"@id\":\"https:\/\/www.imakeyousmile.se\/es\/#logo\",\"inLanguage\":\"es\",\"url\":\"https:\/\/www.imakeyousmile.se\/wp-content\/uploads\/2020\/10\/HELENA-AMILEY_SVART-1-e1603367975324.png\",\"width\":280,\"height\":93,\"caption\":\"Imakeyousmile\"},\"image\":{\"@id\":\"https:\/\/www.imakeyousmile.se\/es\/#logo\"}},{\"@type\":\"WebSite\",\"@id\":\"https:\/\/www.imakeyousmile.se\/es\/#website\",\"url\":\"https:\/\/www.imakeyousmile.se\/es\/\",\"name\":\"Imakeyousmile.se\",\"description\":\"Helena Amiley - Beauty, Entrepreneur, Lifestyle\",\"publisher\":{\"@id\":\"https:\/\/www.imakeyousmile.se\/es\/#organization\"},\"potentialAction\":[{\"@type\":\"SearchAction\",\"target\":\"https:\/\/www.imakeyousmile.se\/es\/?s={search_term_string}\",\"query-input\":\"required name=search_term_string\"}],\"inLanguage\":\"es\"},{\"@type\":\"ImageObject\",\"@id\":\"https:\/\/www.imakeyousmile.se\/vilken-ar-din-favoritsminkning\/#primaryimage\",\"inLanguage\":\"es\",\"url\":\"https:\/\/www.imakeyousmile.se\/wp-content\/uploads\/2015\/07\/makeup-looks.jpg\",\"width\":1789,\"height\":2560},{\"@type\":\"WebPage\",\"@id\":\"https:\/\/www.imakeyousmile.se\/vilken-ar-din-favoritsminkning\/#webpage\",\"url\":\"https:\/\/www.imakeyousmile.se\/vilken-ar-din-favoritsminkning\/\",\"name\":\"Vilken \\u00e4r din favoritsminkning? | Imakeyousmile.se\",\"isPartOf\":{\"@id\":\"https:\/\/www.imakeyousmile.se\/es\/#website\"},\"primaryImageOfPage\":{\"@id\":\"https:\/\/www.imakeyousmile.se\/vilken-ar-din-favoritsminkning\/#primaryimage\"},\"datePublished\":\"2015-07-18T16:11:11+00:00\",\"dateModified\":\"2015-07-18T16:11:11+00:00\",\"description\":\"Vilken \\u00e4r din favoritsminkning? | Helena Amiley - H\\u00e4r hittar du senaste infromation om sk\\u00f6nhet, livsstil, entrepren\\u00f6rskap, makeup & tips.\",\"inLanguage\":\"es\",\"potentialAction\":[{\"@type\":\"ReadAction\",\"target\":[\"https:\/\/www.imakeyousmile.se\/vilken-ar-din-favoritsminkning\/\"]}]},{\"@type\":\"Article\",\"@id\":\"https:\/\/www.imakeyousmile.se\/vilken-ar-din-favoritsminkning\/#article\",\"isPartOf\":{\"@id\":\"https:\/\/www.imakeyousmile.se\/vilken-ar-din-favoritsminkning\/#webpage\"},\"author\":{\"@id\":\"https:\/\/www.imakeyousmile.se\/es\/#\/schema\/person\/b0fd43b1c6bb1c60cfd68bff9b4a10fb\"},\"headline\":\"Vilken \\u00e4r din favoritsminkning?\",\"datePublished\":\"2015-07-18T16:11:11+00:00\",\"dateModified\":\"2015-07-18T16:11:11+00:00\",\"mainEntityOfPage\":{\"@id\":\"https:\/\/www.imakeyousmile.se\/vilken-ar-din-favoritsminkning\/#webpage\"},\"commentCount\":17,\"publisher\":{\"@id\":\"https:\/\/www.imakeyousmile.se\/es\/#organization\"},\"image\":{\"@id\":\"https:\/\/www.imakeyousmile.se\/vilken-ar-din-favoritsminkning\/#primaryimage\"},\"articleSection\":\"\\u00d6vrigt,Sminkningar\",\"inLanguage\":\"es\",\"potentialAction\":[{\"@type\":\"CommentAction\",\"name\":\"Comment\",\"target\":[\"https:\/\/www.imakeyousmile.se\/vilken-ar-din-favoritsminkning\/#respond\"]}]},{\"@type\":\"Person\",\"@id\":\"https:\/\/www.imakeyousmile.se\/es\/#\/schema\/person\/b0fd43b1c6bb1c60cfd68bff9b4a10fb\",\"name\":\"Helena Amiley\",\"image\":{\"@type\":\"ImageObject\",\"@id\":\"https:\/\/www.imakeyousmile.se\/es\/#personlogo\",\"inLanguage\":\"es\",\"url\":\"https:\/\/secure.gravatar.com\/avatar\/5645558e1e355457a23368d7e1b4c904?s=96&d=mm&r=g\",\"caption\":\"Helena Amiley\"},\"description\":\"Jag skriver mest om sk\\u00f6nhet men bjuder \\u00e4ven p\\u00e5 glimtar fr\\u00e5n entrepren\\u00f6rlivet och bygget av v\\u00e5r egen camper van. Vanlife here we come!\",\"sameAs\":[\"https:\/\/www.facebook.com\/imakeyousmile.se\",\"https:\/\/www.instagram.com\/helenaamiley\",\"https:\/\/www.youtube.com\/channel\/UCR5iB6rvpV6Yr8ZjpQfr5mg?view_as=subscriber\"]}]}<\/script>\n<!-- \/ Yoast SEO Premium plugin. -->","_links":{"self":[{"href":"https:\/\/www.imakeyousmile.se\/es\/wp-json\/wp\/v2\/posts\/21156"}],"collection":[{"href":"https:\/\/www.imakeyousmile.se\/es\/wp-json\/wp\/v2\/posts"}],"about":[{"href":"https:\/\/www.imakeyousmile.se\/es\/wp-json\/wp\/v2\/types\/post"}],"author":[{"embeddable":true,"href":"https:\/\/www.imakeyousmile.se\/es\/wp-json\/wp\/v2\/users\/30"}],"replies":[{"embeddable":true,"href":"https:\/\/www.imakeyousmile.se\/es\/wp-json\/wp\/v2\/comments?post=21156"}],"version-history":[{"count":2,"href":"https:\/\/www.imakeyousmile.se\/es\/wp-json\/wp\/v2\/posts\/21156\/revisions"}],"predecessor-version":[{"id":21159,"href":"https:\/\/www.imakeyousmile.se\/es\/wp-json\/wp\/v2\/posts\/21156\/revisions\/21159"}],"wp:featuredmedia":[{"embeddable":true,"href":"https:\/\/www.imakeyousmile.se\/es\/wp-json\/wp\/v2\/media\/21157"}],"wp:attachment":[{"href":"https:\/\/www.imakeyousmile.se\/es\/wp-json\/wp\/v2\/media?parent=21156"}],"wp:term":[{"taxonomy":"category","embeddable":true,"href":"https:\/\/www.imakeyousmile.se\/es\/wp-json\/wp\/v2\/categories?post=21156"},{"taxonomy":"post_tag","embeddable":true,"href":"https:\/\/www.imakeyousmile.se\/es\/wp-json\/wp\/v2\/tags?post=21156"}],"curies":[{"name":"wp","href":"https:\/\/api.w.org\/{rel}","templated":true}]}}