{"id":21160,"date":"2015-07-19T11:32:00","date_gmt":"2015-07-19T09:32:00","guid":{"rendered":"http:\/\/www.imakeyousmile.se\/?p=21160"},"modified":"2021-09-28T10:22:09","modified_gmt":"2021-09-28T08:22:09","slug":"favorit-i-repis-sma-lockar-i-haret","status":"publish","type":"post","link":"https:\/\/www.imakeyousmile.se\/es\/favorito-en-repis-pequenos-rizos-en-el-cabello\/","title":{"rendered":"Peque\u00f1os rizos en el cabello (Paso a paso con im\u00e1genes)"},"content":{"rendered":"<p><em><strong>&quot;Hola. \u00a1Buen maquillaje! Pero lo que haces siempre es agradable.<\/strong><\/em><br \/>\n<em><strong>Tengo una pregunta que nada tiene que ver con el post que me gustar\u00eda saber c\u00f3mo lo logras con tus muy lindos rizos en tu cabello. \u00bfNo puedes publicar sobre eso? Ciertamente, somos muchos los que queremos saberlo. Sepa que lo ha tenido hace mucho tiempo, pero no lo volver\u00e1 a encontrar. Abrazos para ti :) &quot;<\/strong><\/em><\/p>\n<p>Recibo preguntas muy frecuentes sobre mis rizos, \u00a1muy divertido! Hice una publicaci\u00f3n detallada al respecto antes, pero debido a que recibo tantas preguntas<a href=\"http:\/\/www.imakeyousmile.se\/wp-content\/uploads\/2015\/07\/lockar.jpg\"><br \/>\n<\/a> Pens\u00e9 que podr\u00eda simplemente publicarlo de nuevo :)<\/p>\n<p>Mis rizos son rizos de ondas peque\u00f1as, y creo que recuerdan mucho a los rizos de Shakira, se ve tan natural si lo haces un poco descuidadamente.<\/p>\n<p>Rizos como este siempre se ven mejor despu\u00e9s de unas horas, creo, cuando se han asentado un poco m\u00e1s, entonces obtienes un aspecto un poco m\u00e1s &quot;bonito y descuidado&quot;, \u00a1un poco m\u00e1s como Shakira!<\/p>\n<p>Mis fotos fueron tomadas justo despu\u00e9s de que termin\u00e9, pero se ver\u00e1n lo mejor posible esta noche. Y la mejor parte es que tambi\u00e9n suelen aguantar muy bien, por lo que seguramente se ver\u00e1n bien durante varios d\u00edas :)<\/p>\n<p><a href=\"http:\/\/www.imakeyousmile.se\/wp-content\/uploads\/2015\/04\/liten-lockt%C3%A5ng.jpg\"><img loading=\"lazy\" decoding=\"async\" class=\"alignnone size-large wp-image-19757 td-animation-stack-type0-1\" src=\"http:\/\/www.imakeyousmile.se\/wp-content\/uploads\/2015\/04\/liten-lockt%C3%A5ng-1024x394.jpg\" alt=\"peque\u00f1o rizador\" width=\"700\" height=\"269\" \/><\/a><\/p>\n<p>El rizador que he usado para conseguir rizos tan peque\u00f1os y bonitos, es un rizador muy peque\u00f1o -\u00a0<em>HH Simonsen Go Mini Beach Waver<\/em>\u00a0disponible\u00a0<a href=\"https:\/\/ion.lyko.com\/t\/t?a=1117786221&#038;as=1548102449&#038;t=2&#038;tk=1&#038;epi=search-replace-hhsimonsen&#038;url=https:\/\/lyko.com\/sv\/hh-simonsen?fromsearch=hh%20simonsen\" target=\"_blank\" rel=\"noopener\">AQU\u00cd<\/a>\u00a0y cuesta 599 SEK.<\/p>\n<p>Sin embargo, no recomiendo usarlo con demasiada frecuencia, ya que no es posible regular el calor, siempre es un punto de 200 grados, que en realidad es demasiado caliente para el cabello. \u00a1No olvide el spray protector contra el calor! Pero lo he usado muchas veces y ha funcionado bien :)<\/p>\n<p><a href=\"http:\/\/www.imakeyousmile.se\/wp-content\/uploads\/2015\/04\/inst%C3%A4llningar-lockt%C3%A5ng-kopiaa.jpg\"><img loading=\"lazy\" decoding=\"async\" class=\"alignnone size-full wp-image-19763 td-animation-stack-type0-1\" src=\"http:\/\/www.imakeyousmile.se\/wp-content\/uploads\/2015\/04\/inst%C3%A4llningar-lockt%C3%A5ng-kopiaa.jpg\" alt=\"configuraci\u00f3n-plancha-copia\" width=\"948\" height=\"627\" \/><\/a><\/p>\n<p>La \u00fanica configuraci\u00f3n est\u00e1 activada o desactivada.<\/p>\n<p><a href=\"http:\/\/www.imakeyousmile.se\/wp-content\/uploads\/2015\/04\/sm%C3%A5lockigt-h%C3%A5r.jpg\"><img loading=\"lazy\" decoding=\"async\" class=\"alignnone size-large wp-image-19762 td-animation-stack-type0-1\" src=\"http:\/\/www.imakeyousmile.se\/wp-content\/uploads\/2015\/04\/sm%C3%A5lockigt-h%C3%A5r-1024x682.jpg\" alt=\"Pelo RIZADO\" width=\"700\" height=\"466\" \/><\/a><\/p>\n<p>1. Roc\u00ede el cabello con protecci\u00f3n contra el calor, me encanta\u00a0<a href=\"https:\/\/ion.lyko.com\/t\/t?a=1117786221&#038;as=1548102449&#038;t=2&#038;tk=1&#038;epi=search-replace-varmeskydd&#038;url=https:\/\/lyko.com\/sv\/harvard\/styling\/varmeskydd?fromsearch=v%C3%A4rmeskydd\" target=\"_blank\" rel=\"noopener\">Protecci\u00f3n instant\u00e1nea a prueba de vida<\/a>\u00a0que protege el cabello hasta 232 grados.<\/p>\n<p>2. Divida el cabello en cabello superior e inferior. O incluso m\u00e1s dividido si tienes el pelo grueso.<\/p>\n<p>3. Empiece a rizar las pesta\u00f1as, por lo general empiezo en la parte de atr\u00e1s de mi cabeza y sigo avanzando, \u00a1creo que es lo m\u00e1s f\u00e1cil!<\/p>\n<p>4. Una vez que haya alcanzado la parte superior del cabello, coloque el cabello en una pierna como usted\u00a0<strong>no<\/strong>\u00a0desear. \u00bfQuieres, por ejemplo, tiene piernas oblicuas, as\u00ed que tiene una pierna media.<\/p>\n<p><a href=\"http:\/\/www.imakeyousmile.se\/wp-content\/uploads\/2015\/04\/sm%C3%A5-lockar-bena.jpg\"><img loading=\"lazy\" decoding=\"async\" class=\"alignnone size-large wp-image-19758 td-animation-stack-type0-1\" src=\"http:\/\/www.imakeyousmile.se\/wp-content\/uploads\/2015\/04\/sm%C3%A5-lockar-bena-1024x479.jpg\" alt=\"piernas-rizos-peque\u00f1os\" width=\"700\" height=\"327\" \/><\/a><\/p>\n<p>Aqu\u00ed ves por qu\u00e9 no debes atraer en las piernas que quieras despu\u00e9s, jaja.<\/p>\n<p>5. Transfiera un poco de cabello de un lado a otro para que los rizos se vean bien incluso en las piernas.<\/p>\n<p>6. Separe el cabello para que ya no se divida en bucles, \u00a1y r\u00f3mpelo un poco! Por lo general, me golpeo la cabeza varias veces, luego generalmente se asienta bien sin refrescarse.<\/p>\n<p><a href=\"http:\/\/www.imakeyousmile.se\/wp-content\/uploads\/2015\/04\/h%C3%A5rspray-lockar.jpg\"><img loading=\"lazy\" decoding=\"async\" class=\"alignnone size-large wp-image-19756 td-animation-stack-type0-1\" src=\"http:\/\/www.imakeyousmile.se\/wp-content\/uploads\/2015\/04\/h%C3%A5rspray-lockar-1024x829.jpg\" alt=\"rizos de spray para el cabello\" width=\"700\" height=\"567\" \/><\/a><\/p>\n<p>7. Pulverizar con laca en todo el peinado. me gusta\u00a0<a href=\"https:\/\/ion.lyko.com\/t\/t?a=1117786221&#038;as=1548102449&#038;t=2&#038;tk=1&#038;epi=search-replace-ghdfixspray&#038;url=https:\/\/lyko.com\/sv\/sok?q=ghd+fix+spray\" target=\"_blank\" rel=\"noopener\">Spray de fijaci\u00f3n final estilo GHD<\/a>*! Se pone bastante duro en el cabello si tomas mucho, pero hace que los rizos se mantengan bien :)<a href=\"http:\/\/www.imakeyousmile.se\/wp-content\/uploads\/2015\/04\/liten-lockt%C3%A5ng.jpg\"><br \/>\n<\/a><a href=\"http:\/\/www.imakeyousmile.se\/wp-content\/uploads\/2015\/04\/sm%C3%A5-lockar-bena.jpg\"><br \/>\n<\/a><a href=\"http:\/\/www.imakeyousmile.se\/wp-content\/uploads\/2015\/04\/sm%C3%A5lockar-h%C3%A5r.jpg\"><img loading=\"lazy\" decoding=\"async\" class=\"alignnone size-large wp-image-19759 td-animation-stack-type0-1\" src=\"http:\/\/www.imakeyousmile.se\/wp-content\/uploads\/2015\/04\/sm%C3%A5lockar-h%C3%A5r-988x1024.jpg\" alt=\"Pelo RIZADO\" width=\"700\" height=\"726\" \/><\/a><\/p>\n<p>\u00a1Y luego est\u00e1 hecho!<\/p>\n<p>Y como dije, aqu\u00ed los rizos est\u00e1n completamente reci\u00e9n hechos, pero solo se volver\u00e1n m\u00e1s y m\u00e1s agradables, solo infle el volumen y roc\u00ede champ\u00fa seco cuando sea necesario. Y si se convierte en un fieltro, p. Ej. cuando duerme, tiene que arreglarlo, pero sus dedos, no se ve bien si lo cepilla.<\/p>\n<p><a href=\"http:\/\/www.imakeyousmile.se\/wp-content\/uploads\/2015\/04\/sm%C3%A5lockiga-v%C3%A5gor.jpg\"><img loading=\"lazy\" decoding=\"async\" class=\"alignnone size-large wp-image-19760 td-animation-stack-type0-1\" src=\"http:\/\/www.imakeyousmile.se\/wp-content\/uploads\/2015\/04\/sm%C3%A5lockiga-v%C3%A5gor-1024x929.jpg\" alt=\"ondas-peque\u00f1as-rizadas\" width=\"700\" height=\"635\" \/><\/a><\/p>\n<p>\u00a1As\u00ed es como se ve por detr\u00e1s!<\/p>\n<p><a href=\"http:\/\/www.imakeyousmile.se\/wp-content\/uploads\/2015\/04\/sm%C3%A5lockigt-h%C3%A5r-bild.jpg\"><img loading=\"lazy\" decoding=\"async\" class=\"alignnone size-large wp-image-19761 td-animation-stack-type0-1\" src=\"http:\/\/www.imakeyousmile.se\/wp-content\/uploads\/2015\/04\/sm%C3%A5lockigt-h%C3%A5r-bild-1024x730.jpg\" alt=\"imagen de cabello rizado\" width=\"700\" height=\"499\" \/><\/a>Trat\u00e9 de hacer una imagen de movimiento genial pero lo logr\u00e9 as\u00ed (como de costumbre) jaja :)<\/p>\n<p>Aqu\u00ed hay un mont\u00f3n de miradas rizadas del pasado:<\/p>\n<p><a href=\"http:\/\/www.imakeyousmile.se\/wp-content\/uploads\/2015\/07\/lockar.jpg\"><img loading=\"lazy\" decoding=\"async\" class=\"alignnone wp-image-21162 size-full\" src=\"https:\/\/www.imakeyousmile.se\/wp-content\/uploads\/2015\/07\/lockar.jpg\" alt=\"Peque\u00f1os rizos en el cabello (Paso a paso con im\u00e1genes)\" width=\"2000\" height=\"1965\" srcset=\"https:\/\/www.imakeyousmile.se\/wp-content\/uploads\/2015\/07\/lockar.jpg 2000w, https:\/\/www.imakeyousmile.se\/wp-content\/uploads\/2015\/07\/lockar-300x295.jpg 300w, https:\/\/www.imakeyousmile.se\/wp-content\/uploads\/2015\/07\/lockar-1024x1006.jpg 1024w, https:\/\/www.imakeyousmile.se\/wp-content\/uploads\/2015\/07\/lockar-696x684.jpg 696w, https:\/\/www.imakeyousmile.se\/wp-content\/uploads\/2015\/07\/lockar-1068x1049.jpg 1068w, https:\/\/www.imakeyousmile.se\/wp-content\/uploads\/2015\/07\/lockar-427x420.jpg 427w\" sizes=\"(max-width: 2000px) 100vw, 2000px\" \/><\/a><\/p>\n<p>Si tiene alguna pregunta, \u00a1solo grite! \u2665<\/p>","protected":false},"excerpt":{"rendered":"<p>&#8221;Hej. Fin sminkning! Fast det du g\u00f6r \u00e4r alltid fint. Jag har en fr\u00e5ga som inte har med inl\u00e4gget att g\u00f6ramen jag skulles\u00e5 gg\u00e4rna vilja veta hur du lyckas med dina s\u00e5 v\u00e4ldigt fina sm\u00e5 lockar i h\u00e5ret.\u00a0Kan du inte g\u00f6ra ett inl\u00e4gg om det? Vi \u00e4r s\u00e4kerligen flera som vill veta det.\u00a0Vet att du [&hellip;]<\/p>\n","protected":false},"author":30,"featured_media":0,"comment_status":"open","ping_status":"closed","sticky":false,"template":"","format":"standard","meta":{"footnotes":""},"categories":[2862],"tags":[],"class_list":["post-21160","post","type-post","status-publish","format-standard","hentry","category-har"],"yoast_head":"<!-- This site is optimized with the Yoast SEO Premium plugin v14.9 - https:\/\/yoast.com\/wordpress\/plugins\/seo\/ -->\n<meta name=\"description\" content=\"Sm\u00e5 lockar i h\u00e5ret (Steg f\u00f6r steg med bilder) | Helena Amiley - H\u00e4r hittar du senaste infromation om sk\u00f6nhet, livsstil, entrepren\u00f6rskap, makeup &amp; tips.\" \/>\n<meta name=\"robots\" content=\"index, follow, max-snippet:-1, max-image-preview:large, max-video-preview:-1\" \/>\n<link rel=\"canonical\" href=\"https:\/\/www.imakeyousmile.se\/es\/favorit-i-repis-sma-lockar-i-haret\/\" \/>\n<meta property=\"og:locale\" content=\"es_ES\" \/>\n<meta property=\"og:type\" content=\"article\" \/>\n<meta property=\"og:title\" content=\"Sm\u00e5 lockar i h\u00e5ret (Steg f\u00f6r steg med bilder) | Imakeyousmile.se\" \/>\n<meta property=\"og:description\" content=\"Sm\u00e5 lockar i h\u00e5ret (Steg f\u00f6r steg med bilder) | Helena Amiley - H\u00e4r hittar du senaste infromation om sk\u00f6nhet, livsstil, entrepren\u00f6rskap, makeup &amp; tips.\" \/>\n<meta property=\"og:url\" content=\"https:\/\/www.imakeyousmile.se\/es\/favorit-i-repis-sma-lockar-i-haret\/\" \/>\n<meta property=\"og:site_name\" content=\"Imakeyousmile.se\" \/>\n<meta property=\"article:author\" content=\"https:\/\/www.facebook.com\/imakeyousmile.se\" \/>\n<meta property=\"article:published_time\" content=\"2015-07-19T09:32:00+00:00\" \/>\n<meta property=\"article:modified_time\" content=\"2021-09-28T08:22:09+00:00\" \/>\n<meta property=\"og:image\" content=\"http:\/\/www.imakeyousmile.se\/wp-content\/uploads\/2015\/04\/liten-lockt%C3%A5ng-1024x394.jpg\" \/>\n<meta name=\"twitter:card\" content=\"summary_large_image\" \/>\n<script type=\"application\/ld+json\" class=\"yoast-schema-graph\">{\"@context\":\"https:\/\/schema.org\",\"@graph\":[{\"@type\":\"Organization\",\"@id\":\"https:\/\/www.imakeyousmile.se\/es\/#organization\",\"name\":\"Imakeyousmile\",\"url\":\"https:\/\/www.imakeyousmile.se\/es\/\",\"sameAs\":[],\"logo\":{\"@type\":\"ImageObject\",\"@id\":\"https:\/\/www.imakeyousmile.se\/es\/#logo\",\"inLanguage\":\"es\",\"url\":\"https:\/\/www.imakeyousmile.se\/wp-content\/uploads\/2020\/10\/HELENA-AMILEY_SVART-1-e1603367975324.png\",\"width\":280,\"height\":93,\"caption\":\"Imakeyousmile\"},\"image\":{\"@id\":\"https:\/\/www.imakeyousmile.se\/es\/#logo\"}},{\"@type\":\"WebSite\",\"@id\":\"https:\/\/www.imakeyousmile.se\/es\/#website\",\"url\":\"https:\/\/www.imakeyousmile.se\/es\/\",\"name\":\"Imakeyousmile.se\",\"description\":\"Helena Amiley - Beauty, Entrepreneur, Lifestyle\",\"publisher\":{\"@id\":\"https:\/\/www.imakeyousmile.se\/es\/#organization\"},\"potentialAction\":[{\"@type\":\"SearchAction\",\"target\":\"https:\/\/www.imakeyousmile.se\/es\/?s={search_term_string}\",\"query-input\":\"required name=search_term_string\"}],\"inLanguage\":\"es\"},{\"@type\":\"ImageObject\",\"@id\":\"https:\/\/www.imakeyousmile.se\/favorit-i-repis-sma-lockar-i-haret\/#primaryimage\",\"inLanguage\":\"es\",\"url\":\"http:\/\/www.imakeyousmile.se\/wp-content\/uploads\/2015\/04\/liten-lockt%C3%A5ng-1024x394.jpg\"},{\"@type\":\"WebPage\",\"@id\":\"https:\/\/www.imakeyousmile.se\/favorit-i-repis-sma-lockar-i-haret\/#webpage\",\"url\":\"https:\/\/www.imakeyousmile.se\/favorit-i-repis-sma-lockar-i-haret\/\",\"name\":\"Sm\\u00e5 lockar i h\\u00e5ret (Steg f\\u00f6r steg med bilder) | Imakeyousmile.se\",\"isPartOf\":{\"@id\":\"https:\/\/www.imakeyousmile.se\/es\/#website\"},\"primaryImageOfPage\":{\"@id\":\"https:\/\/www.imakeyousmile.se\/favorit-i-repis-sma-lockar-i-haret\/#primaryimage\"},\"datePublished\":\"2015-07-19T09:32:00+00:00\",\"dateModified\":\"2021-09-28T08:22:09+00:00\",\"description\":\"Sm\\u00e5 lockar i h\\u00e5ret (Steg f\\u00f6r steg med bilder) | Helena Amiley - H\\u00e4r hittar du senaste infromation om sk\\u00f6nhet, livsstil, entrepren\\u00f6rskap, makeup & tips.\",\"inLanguage\":\"es\",\"potentialAction\":[{\"@type\":\"ReadAction\",\"target\":[\"https:\/\/www.imakeyousmile.se\/favorit-i-repis-sma-lockar-i-haret\/\"]}]},{\"@type\":\"Article\",\"@id\":\"https:\/\/www.imakeyousmile.se\/favorit-i-repis-sma-lockar-i-haret\/#article\",\"isPartOf\":{\"@id\":\"https:\/\/www.imakeyousmile.se\/favorit-i-repis-sma-lockar-i-haret\/#webpage\"},\"author\":{\"@id\":\"https:\/\/www.imakeyousmile.se\/es\/#\/schema\/person\/b0fd43b1c6bb1c60cfd68bff9b4a10fb\"},\"headline\":\"Sm\\u00e5 lockar i h\\u00e5ret (Steg f\\u00f6r steg med bilder)\",\"datePublished\":\"2015-07-19T09:32:00+00:00\",\"dateModified\":\"2021-09-28T08:22:09+00:00\",\"mainEntityOfPage\":{\"@id\":\"https:\/\/www.imakeyousmile.se\/favorit-i-repis-sma-lockar-i-haret\/#webpage\"},\"commentCount\":4,\"publisher\":{\"@id\":\"https:\/\/www.imakeyousmile.se\/es\/#organization\"},\"image\":{\"@id\":\"https:\/\/www.imakeyousmile.se\/favorit-i-repis-sma-lockar-i-haret\/#primaryimage\"},\"articleSection\":\"H\\u00e5r\",\"inLanguage\":\"es\",\"potentialAction\":[{\"@type\":\"CommentAction\",\"name\":\"Comment\",\"target\":[\"https:\/\/www.imakeyousmile.se\/favorit-i-repis-sma-lockar-i-haret\/#respond\"]}]},{\"@type\":\"Person\",\"@id\":\"https:\/\/www.imakeyousmile.se\/es\/#\/schema\/person\/b0fd43b1c6bb1c60cfd68bff9b4a10fb\",\"name\":\"Helena Amiley\",\"image\":{\"@type\":\"ImageObject\",\"@id\":\"https:\/\/www.imakeyousmile.se\/es\/#personlogo\",\"inLanguage\":\"es\",\"url\":\"https:\/\/secure.gravatar.com\/avatar\/5645558e1e355457a23368d7e1b4c904?s=96&d=mm&r=g\",\"caption\":\"Helena Amiley\"},\"description\":\"Jag skriver mest om sk\\u00f6nhet men bjuder \\u00e4ven p\\u00e5 glimtar fr\\u00e5n entrepren\\u00f6rlivet och bygget av v\\u00e5r egen camper van. Vanlife here we come!\",\"sameAs\":[\"https:\/\/www.facebook.com\/imakeyousmile.se\",\"https:\/\/www.instagram.com\/helenaamiley\",\"https:\/\/www.youtube.com\/channel\/UCR5iB6rvpV6Yr8ZjpQfr5mg?view_as=subscriber\"]}]}<\/script>\n<!-- \/ Yoast SEO Premium plugin. -->","_links":{"self":[{"href":"https:\/\/www.imakeyousmile.se\/es\/wp-json\/wp\/v2\/posts\/21160"}],"collection":[{"href":"https:\/\/www.imakeyousmile.se\/es\/wp-json\/wp\/v2\/posts"}],"about":[{"href":"https:\/\/www.imakeyousmile.se\/es\/wp-json\/wp\/v2\/types\/post"}],"author":[{"embeddable":true,"href":"https:\/\/www.imakeyousmile.se\/es\/wp-json\/wp\/v2\/users\/30"}],"replies":[{"embeddable":true,"href":"https:\/\/www.imakeyousmile.se\/es\/wp-json\/wp\/v2\/comments?post=21160"}],"version-history":[{"count":6,"href":"https:\/\/www.imakeyousmile.se\/es\/wp-json\/wp\/v2\/posts\/21160\/revisions"}],"predecessor-version":[{"id":41396,"href":"https:\/\/www.imakeyousmile.se\/es\/wp-json\/wp\/v2\/posts\/21160\/revisions\/41396"}],"wp:attachment":[{"href":"https:\/\/www.imakeyousmile.se\/es\/wp-json\/wp\/v2\/media?parent=21160"}],"wp:term":[{"taxonomy":"category","embeddable":true,"href":"https:\/\/www.imakeyousmile.se\/es\/wp-json\/wp\/v2\/categories?post=21160"},{"taxonomy":"post_tag","embeddable":true,"href":"https:\/\/www.imakeyousmile.se\/es\/wp-json\/wp\/v2\/tags?post=21160"}],"curies":[{"name":"wp","href":"https:\/\/api.w.org\/{rel}","templated":true}]}}