{"id":21348,"date":"2015-08-04T11:32:07","date_gmt":"2015-08-04T09:32:07","guid":{"rendered":"http:\/\/www.imakeyousmile.se\/?p=21348"},"modified":"2021-09-18T08:29:55","modified_gmt":"2021-09-18T06:29:55","slug":"isadora-protect-face-primer-tinted","status":"publish","type":"post","link":"https:\/\/www.imakeyousmile.se\/es\/isadora-protect-face-primer-tenido\/","title":{"rendered":"Imprimaci\u00f3n facial IsaDora ProTect te\u00f1ida"},"content":{"rendered":"<p>He recibido un comunicado de prensa sobre las novedades de IsaDora <a href=\"https:\/\/ion.lyko.com\/t\/t?a=1117786221&amp;as=1548102449&amp;t=2&amp;tk=1&amp;epi=search-replace-isadoraprimer&amp;url=https:\/\/lyko.com\/sv\/sok?q=isadora+face+primer\" target=\"_blank\" rel=\"noopener\">Imprimaci\u00f3n facial ProTect te\u00f1ida<\/a> que ahora tambi\u00e9n est\u00e1 disponible en una variante de color.<\/p>\n<p>Por lo tanto, esta imprimaci\u00f3n facial ha estado en el rango antes, pero luego sin color. El nuevo tiene las mismas propiedades que el prebase anterior, pero tambi\u00e9n le da un tono fresco a la piel.<\/p>\n<p>Las propiedades de una prebase para el rostro var\u00edan: algunas se centran en tipos de piel espec\u00edficos, otras tienen un color neutralizante y otras son para poros extragrandes, etc. Pero el denominador com\u00fan es que es una buena base para el resto del maquillaje facial y hace que la base sea m\u00e1s uniforme. y duradero.<\/p>\n<p>La cartilla de IsaDora es una &quot;cartilla general&quot; que no especifica un problema como p. Ej. piel grasa, zonas enrojecidas o poros dilatados, pero es b\u00e1sico y hace que tu base de maquillaje sea m\u00e1s uniforme y duradera. Una buena alternativa para quienes quieren &quot;refinar&quot; el maquillaje b\u00e1sico pero no tienen problemas espec\u00edficos de inmediato.<\/p>\n<p><a href=\"http:\/\/www.imakeyousmile.se\/wp-content\/uploads\/2015\/08\/IMG_9211_111.jpg\"><img loading=\"lazy\" decoding=\"async\" class=\"alignnone size-full wp-image-21349\" src=\"http:\/\/www.imakeyousmile.se\/wp-content\/uploads\/2015\/08\/IMG_9211_111.jpg\" alt=\"IMG_9211_111\" width=\"2000\" height=\"1353\" srcset=\"https:\/\/www.imakeyousmile.se\/wp-content\/uploads\/2015\/08\/IMG_9211_111.jpg 2000w, https:\/\/www.imakeyousmile.se\/wp-content\/uploads\/2015\/08\/IMG_9211_111-300x203.jpg 300w, https:\/\/www.imakeyousmile.se\/wp-content\/uploads\/2015\/08\/IMG_9211_111-1024x693.jpg 1024w, https:\/\/www.imakeyousmile.se\/wp-content\/uploads\/2015\/08\/IMG_9211_111-696x471.jpg 696w, https:\/\/www.imakeyousmile.se\/wp-content\/uploads\/2015\/08\/IMG_9211_111-1068x723.jpg 1068w, https:\/\/www.imakeyousmile.se\/wp-content\/uploads\/2015\/08\/IMG_9211_111-621x420.jpg 621w\" sizes=\"(max-width: 2000px) 100vw, 2000px\" \/><\/a><\/p>\n<p>As\u00ed es como se describe el producto:<br \/>\n<em>ProTect Face Primer Tinted es una prebase de color claro que prepara tu piel con una buena dosis de hidrataci\u00f3n y SPF 30. Puede usarse sola para dar un tono fresco al rostro o como prebase.<\/em><\/p>\n<p><em>\u2022 Factor de protecci\u00f3n solar eficaz 30 - Amplio espectro = protecci\u00f3n SPF 30 contra los rayos UVA \/ UVB<\/em><br \/>\n<em>\u2022 P\u00e9ptido de col\u00e1geno \u00fanico (extra\u00eddo sint\u00e9ticamente): reduce las arrugas, rellena y reafirma la piel.<\/em><br \/>\n<em>\u2022 Consistencia de gel en crema sin aceite: se siente ligero e hidratante en la piel.<\/em><br \/>\n<em>\u2022 Base perfecta: para un maquillaje impecable y fresco que dura todo el d\u00eda.<\/em><br \/>\n<em>\u2022 Para todo tipo de piel, incluso para pieles grasas y mixtas, ya que no tiene grasa \u201d.<\/em><\/p>\n<p><a href=\"http:\/\/www.imakeyousmile.se\/wp-content\/uploads\/2015\/08\/IMG_9228_111.jpg\"><img loading=\"lazy\" decoding=\"async\" class=\"alignnone size-full wp-image-21350\" src=\"http:\/\/www.imakeyousmile.se\/wp-content\/uploads\/2015\/08\/IMG_9228_111.jpg\" alt=\"IMG_9228_111\" width=\"1948\" height=\"1020\" srcset=\"https:\/\/www.imakeyousmile.se\/wp-content\/uploads\/2015\/08\/IMG_9228_111.jpg 1948w, https:\/\/www.imakeyousmile.se\/wp-content\/uploads\/2015\/08\/IMG_9228_111-300x157.jpg 300w, https:\/\/www.imakeyousmile.se\/wp-content\/uploads\/2015\/08\/IMG_9228_111-1024x536.jpg 1024w, https:\/\/www.imakeyousmile.se\/wp-content\/uploads\/2015\/08\/IMG_9228_111-696x364.jpg 696w, https:\/\/www.imakeyousmile.se\/wp-content\/uploads\/2015\/08\/IMG_9228_111-1068x559.jpg 1068w, https:\/\/www.imakeyousmile.se\/wp-content\/uploads\/2015\/08\/IMG_9228_111-802x420.jpg 802w\" sizes=\"(max-width: 1948px) 100vw, 1948px\" \/><\/a><\/p>\n<p>La prebase parece una base de maquillaje, pero no da cobertura sino solo un tono a la piel, un tono que en mi caso es bastante m\u00e1s oscuro que la piel.<\/p>\n<p>Yo creo que:<br \/>\n\u2665 Un plus para spf 30, \u00a1siempre es bueno!<br \/>\n\u2665 Una manera f\u00e1cil de conseguir un tono de piel m\u00e1s c\u00e1lido, y para nosotros que somos ligeros, es una forma natural y f\u00e1cil de lucir un poco m\u00e1s bronceada, pero no olvides llevarlo en el cuello y escote tambi\u00e9n si lo usas para volverse un poco m\u00e1s marr\u00f3n.<br \/>\n<strong>&#8211;<\/strong> Tiene una textura bastante dura, me gustan las imprimaciones sedosas que se deslizan f\u00e1cilmente o que se sienten como una maravillosa crema de d\u00eda. Este se sec\u00f3 un poco cuando se aplic\u00f3. Fue suave de todos modos, pero no es genial para lubricarse si yo lo digo.<br \/>\n<strong>&#8211;<\/strong> Creo que es un grupo objetivo bastante peque\u00f1o al que le gustar\u00e1 que le d\u00e9 un poco de color a la piel, ya que solo est\u00e1 disponible en un tono. En m\u00ed se volvi\u00f3 demasiado oscuro, creo.<\/p>\n<p>La imprimaci\u00f3n cuesta SEK 159 y contiene 30 ml.<\/p>\n<p><a href=\"http:\/\/www.imakeyousmile.se\/wp-content\/uploads\/2015\/08\/jjj.jpg\"><img loading=\"lazy\" decoding=\"async\" class=\"alignnone size-full wp-image-21351\" src=\"http:\/\/www.imakeyousmile.se\/wp-content\/uploads\/2015\/08\/jjj.jpg\" alt=\"jjj\" width=\"2000\" height=\"1460\" srcset=\"https:\/\/www.imakeyousmile.se\/wp-content\/uploads\/2015\/08\/jjj.jpg 2000w, https:\/\/www.imakeyousmile.se\/wp-content\/uploads\/2015\/08\/jjj-300x219.jpg 300w, https:\/\/www.imakeyousmile.se\/wp-content\/uploads\/2015\/08\/jjj-1024x748.jpg 1024w, https:\/\/www.imakeyousmile.se\/wp-content\/uploads\/2015\/08\/jjj-696x508.jpg 696w, https:\/\/www.imakeyousmile.se\/wp-content\/uploads\/2015\/08\/jjj-1068x780.jpg 1068w, https:\/\/www.imakeyousmile.se\/wp-content\/uploads\/2015\/08\/jjj-575x420.jpg 575w\" sizes=\"(max-width: 2000px) 100vw, 2000px\" \/><\/a><\/p>\n<p>Aqu\u00ed ves que el tono de piel se volvi\u00f3 bastante m\u00e1s oscuro despu\u00e9s de la imprimaci\u00f3n.<\/p>\n<p><strong>Resumen<\/strong>\u00a0- No tengo ning\u00fan efecto sorpresa, a ustedes que les gusta el principio de poner un poco de color en la cara les gustar\u00e1 esto, pero para aquellos de ustedes que buscan m\u00e1s las propiedades, pueden encontrar mejores imprimaciones por ese dinero.<\/p>\n<p>Los abrazos son \u2665<\/p>","protected":false},"excerpt":{"rendered":"<p>Jag har f\u00e5tt hem pressutskick p\u00e5 IsaDoras nyhet ProTect Face Primer Tinted som nu \u00e4ven finns i en f\u00e4rgad variant. Den h\u00e4r ansiktsprimern har allts\u00e5 funnits i sortimentet tidigare, men\u00a0d\u00e5 utan f\u00e4rg. Den nya har samma egenskaper som den tidigare primern, men ger \u00e4ven en fr\u00e4sch ton till huden. Vad en ansiktsprimer har f\u00f6r egenskaper [&hellip;]<\/p>\n","protected":false},"author":30,"featured_media":21351,"comment_status":"open","ping_status":"closed","sticky":false,"template":"","format":"standard","meta":{"footnotes":""},"categories":[24,59],"tags":[3870,135,3868,3869],"class_list":["post-21348","post","type-post","status-publish","format-standard","has-post-thumbnail","hentry","category-grundsmink","category-recensioner-produkttips","tag-fargad-primer","tag-isadora","tag-isadora-face-primer","tag-isadora-protect-face-primer-tinted"],"yoast_head":"<!-- This site is optimized with the Yoast SEO Premium plugin v14.9 - https:\/\/yoast.com\/wordpress\/plugins\/seo\/ -->\n<meta name=\"description\" content=\"IsaDora ProTect Face Primer Tinted | Helena Amiley - H\u00e4r hittar du senaste infromation om sk\u00f6nhet, livsstil, entrepren\u00f6rskap, makeup &amp; tips.\" \/>\n<meta name=\"robots\" content=\"index, follow, max-snippet:-1, max-image-preview:large, max-video-preview:-1\" \/>\n<link rel=\"canonical\" href=\"https:\/\/www.imakeyousmile.se\/es\/isadora-protect-face-primer-tinted\/\" \/>\n<meta property=\"og:locale\" content=\"es_ES\" \/>\n<meta property=\"og:type\" content=\"article\" \/>\n<meta property=\"og:title\" content=\"IsaDora ProTect Face Primer Tinted | Imakeyousmile.se\" \/>\n<meta property=\"og:description\" content=\"IsaDora ProTect Face Primer Tinted | Helena Amiley - H\u00e4r hittar du senaste infromation om sk\u00f6nhet, livsstil, entrepren\u00f6rskap, makeup &amp; tips.\" \/>\n<meta property=\"og:url\" content=\"https:\/\/www.imakeyousmile.se\/es\/isadora-protect-face-primer-tinted\/\" \/>\n<meta property=\"og:site_name\" content=\"Imakeyousmile.se\" \/>\n<meta property=\"article:author\" content=\"https:\/\/www.facebook.com\/imakeyousmile.se\" \/>\n<meta property=\"article:published_time\" content=\"2015-08-04T09:32:07+00:00\" \/>\n<meta property=\"article:modified_time\" content=\"2021-09-18T06:29:55+00:00\" \/>\n<meta property=\"og:image\" content=\"https:\/\/www.imakeyousmile.se\/wp-content\/uploads\/2015\/08\/jjj.jpg\" \/>\n\t<meta property=\"og:image:width\" content=\"2000\" \/>\n\t<meta property=\"og:image:height\" content=\"1460\" \/>\n<meta name=\"twitter:card\" content=\"summary_large_image\" \/>\n<script type=\"application\/ld+json\" class=\"yoast-schema-graph\">{\"@context\":\"https:\/\/schema.org\",\"@graph\":[{\"@type\":\"Organization\",\"@id\":\"https:\/\/www.imakeyousmile.se\/es\/#organization\",\"name\":\"Imakeyousmile\",\"url\":\"https:\/\/www.imakeyousmile.se\/es\/\",\"sameAs\":[],\"logo\":{\"@type\":\"ImageObject\",\"@id\":\"https:\/\/www.imakeyousmile.se\/es\/#logo\",\"inLanguage\":\"es\",\"url\":\"https:\/\/www.imakeyousmile.se\/wp-content\/uploads\/2020\/10\/HELENA-AMILEY_SVART-1-e1603367975324.png\",\"width\":280,\"height\":93,\"caption\":\"Imakeyousmile\"},\"image\":{\"@id\":\"https:\/\/www.imakeyousmile.se\/es\/#logo\"}},{\"@type\":\"WebSite\",\"@id\":\"https:\/\/www.imakeyousmile.se\/es\/#website\",\"url\":\"https:\/\/www.imakeyousmile.se\/es\/\",\"name\":\"Imakeyousmile.se\",\"description\":\"Helena Amiley - Beauty, Entrepreneur, Lifestyle\",\"publisher\":{\"@id\":\"https:\/\/www.imakeyousmile.se\/es\/#organization\"},\"potentialAction\":[{\"@type\":\"SearchAction\",\"target\":\"https:\/\/www.imakeyousmile.se\/es\/?s={search_term_string}\",\"query-input\":\"required name=search_term_string\"}],\"inLanguage\":\"es\"},{\"@type\":\"ImageObject\",\"@id\":\"https:\/\/www.imakeyousmile.se\/isadora-protect-face-primer-tinted\/#primaryimage\",\"inLanguage\":\"es\",\"url\":\"https:\/\/www.imakeyousmile.se\/wp-content\/uploads\/2015\/08\/jjj.jpg\",\"width\":2000,\"height\":1460},{\"@type\":\"WebPage\",\"@id\":\"https:\/\/www.imakeyousmile.se\/isadora-protect-face-primer-tinted\/#webpage\",\"url\":\"https:\/\/www.imakeyousmile.se\/isadora-protect-face-primer-tinted\/\",\"name\":\"IsaDora ProTect Face Primer Tinted | Imakeyousmile.se\",\"isPartOf\":{\"@id\":\"https:\/\/www.imakeyousmile.se\/es\/#website\"},\"primaryImageOfPage\":{\"@id\":\"https:\/\/www.imakeyousmile.se\/isadora-protect-face-primer-tinted\/#primaryimage\"},\"datePublished\":\"2015-08-04T09:32:07+00:00\",\"dateModified\":\"2021-09-18T06:29:55+00:00\",\"description\":\"IsaDora ProTect Face Primer Tinted | Helena Amiley - H\\u00e4r hittar du senaste infromation om sk\\u00f6nhet, livsstil, entrepren\\u00f6rskap, makeup & tips.\",\"inLanguage\":\"es\",\"potentialAction\":[{\"@type\":\"ReadAction\",\"target\":[\"https:\/\/www.imakeyousmile.se\/isadora-protect-face-primer-tinted\/\"]}]},{\"@type\":\"Article\",\"@id\":\"https:\/\/www.imakeyousmile.se\/isadora-protect-face-primer-tinted\/#article\",\"isPartOf\":{\"@id\":\"https:\/\/www.imakeyousmile.se\/isadora-protect-face-primer-tinted\/#webpage\"},\"author\":{\"@id\":\"https:\/\/www.imakeyousmile.se\/es\/#\/schema\/person\/b0fd43b1c6bb1c60cfd68bff9b4a10fb\"},\"headline\":\"IsaDora ProTect Face Primer Tinted\",\"datePublished\":\"2015-08-04T09:32:07+00:00\",\"dateModified\":\"2021-09-18T06:29:55+00:00\",\"mainEntityOfPage\":{\"@id\":\"https:\/\/www.imakeyousmile.se\/isadora-protect-face-primer-tinted\/#webpage\"},\"commentCount\":0,\"publisher\":{\"@id\":\"https:\/\/www.imakeyousmile.se\/es\/#organization\"},\"image\":{\"@id\":\"https:\/\/www.imakeyousmile.se\/isadora-protect-face-primer-tinted\/#primaryimage\"},\"keywords\":\"f\\u00e4rgad primer,IsaDora,isadora face primer,isadora protect face primer tinted\",\"articleSection\":\"Bassmink,Recensioner &amp; Produkttips\",\"inLanguage\":\"es\",\"potentialAction\":[{\"@type\":\"CommentAction\",\"name\":\"Comment\",\"target\":[\"https:\/\/www.imakeyousmile.se\/isadora-protect-face-primer-tinted\/#respond\"]}]},{\"@type\":\"Person\",\"@id\":\"https:\/\/www.imakeyousmile.se\/es\/#\/schema\/person\/b0fd43b1c6bb1c60cfd68bff9b4a10fb\",\"name\":\"Helena Amiley\",\"image\":{\"@type\":\"ImageObject\",\"@id\":\"https:\/\/www.imakeyousmile.se\/es\/#personlogo\",\"inLanguage\":\"es\",\"url\":\"https:\/\/secure.gravatar.com\/avatar\/5645558e1e355457a23368d7e1b4c904?s=96&d=mm&r=g\",\"caption\":\"Helena Amiley\"},\"description\":\"Jag skriver mest om sk\\u00f6nhet men bjuder \\u00e4ven p\\u00e5 glimtar fr\\u00e5n entrepren\\u00f6rlivet och bygget av v\\u00e5r egen camper van. Vanlife here we come!\",\"sameAs\":[\"https:\/\/www.facebook.com\/imakeyousmile.se\",\"https:\/\/www.instagram.com\/helenaamiley\",\"https:\/\/www.youtube.com\/channel\/UCR5iB6rvpV6Yr8ZjpQfr5mg?view_as=subscriber\"]}]}<\/script>\n<!-- \/ Yoast SEO Premium plugin. -->","_links":{"self":[{"href":"https:\/\/www.imakeyousmile.se\/es\/wp-json\/wp\/v2\/posts\/21348"}],"collection":[{"href":"https:\/\/www.imakeyousmile.se\/es\/wp-json\/wp\/v2\/posts"}],"about":[{"href":"https:\/\/www.imakeyousmile.se\/es\/wp-json\/wp\/v2\/types\/post"}],"author":[{"embeddable":true,"href":"https:\/\/www.imakeyousmile.se\/es\/wp-json\/wp\/v2\/users\/30"}],"replies":[{"embeddable":true,"href":"https:\/\/www.imakeyousmile.se\/es\/wp-json\/wp\/v2\/comments?post=21348"}],"version-history":[{"count":2,"href":"https:\/\/www.imakeyousmile.se\/es\/wp-json\/wp\/v2\/posts\/21348\/revisions"}],"predecessor-version":[{"id":40999,"href":"https:\/\/www.imakeyousmile.se\/es\/wp-json\/wp\/v2\/posts\/21348\/revisions\/40999"}],"wp:featuredmedia":[{"embeddable":true,"href":"https:\/\/www.imakeyousmile.se\/es\/wp-json\/wp\/v2\/media\/21351"}],"wp:attachment":[{"href":"https:\/\/www.imakeyousmile.se\/es\/wp-json\/wp\/v2\/media?parent=21348"}],"wp:term":[{"taxonomy":"category","embeddable":true,"href":"https:\/\/www.imakeyousmile.se\/es\/wp-json\/wp\/v2\/categories?post=21348"},{"taxonomy":"post_tag","embeddable":true,"href":"https:\/\/www.imakeyousmile.se\/es\/wp-json\/wp\/v2\/tags?post=21348"}],"curies":[{"name":"wp","href":"https:\/\/api.w.org\/{rel}","templated":true}]}}