{"id":21423,"date":"2015-08-09T05:05:25","date_gmt":"2015-08-09T03:05:25","guid":{"rendered":"http:\/\/www.imakeyousmile.se\/?p=21423"},"modified":"2020-11-02T14:14:56","modified_gmt":"2020-11-02T13:14:56","slug":"ojamna-ogonbryn","status":"publish","type":"post","link":"https:\/\/www.imakeyousmile.se\/es\/ojamna-ogonbryn\/","title":{"rendered":"Cejas desiguales"},"content":{"rendered":"<p>Ahora voy a escribir un post que hace un a\u00f1o nunca hab\u00eda pensado en escribir, porque no reflexion\u00e9 sobre esto hasta que empec\u00e9 a trabajar en <a href=\"https:\/\/www.creativemakeup.se\">Maquillaje Creativo<\/a> donde me depilo una incre\u00edble cantidad de cejas.<\/p>\n<p>Todo me sorprendi\u00f3 un d\u00eda cuando mi cliente de la frente se mir\u00f3 en el espejo cuando termin\u00e9 de recoger y dijo &quot;<em>pero no son exactamente iguales, una ceja es m\u00e1s alta que la otra<\/em>\u201d. Mir\u00e9 de cerca las cejas y realmente no vi lo que ella vio &quot;<em>son completamente parejos, creo<\/em>\u201d. Se volvi\u00f3 a mirar al espejo y se aferr\u00f3 a lo suyo. Casi ten\u00eda miedo de haber perdido completamente de vista la simetr\u00eda. &quot;<em>\u00bfNo puedes se\u00f1alar lo que crees que es desigual?<\/em>Suger\u00ed, \u00a1y luego lo vi!<\/p>\n<p>No se trataba solo de cejas desiguales, se trataba de un detalle que rara vez se refleja en usted mismo: que la mayor\u00eda de nosotros tenemos un espejo espec\u00edfico, el m\u00edo lo hace autom\u00e1ticamente cuando se mira en el espejo o es fotografiado. Luego, mi cliente arque\u00f3 un poco las cejas y, cuando lo hizo, las cejas se volvieron diferentes. &quot;<em>Relaja tu frente<\/em>&quot;Dije y obtuve la respuesta&quot;<em>oh ahora se volvieron lo mismo<\/em>&quot;Lol :)<\/p>\n<p>Lo mismo con otra persona que se tatu\u00f3 las cejas a Annika y dijo &quot;<em>ves que son diferentes?<\/em>&quot;Lo que no hice. Ella dijo que es muy visible en las tarjetas y mostr\u00f3 una selfie, y s\u00ed, entonces fueron muy diferentes. Le expliqu\u00e9 esto con pose-mines y luego fue como una revelaci\u00f3n para ella jaja. Antes ten\u00eda botox en la frente y dijo que luego se volvieron iguales, pero probablemente fue solo para que no pudiera levantar las cejas de la misma manera con el botox, y no para que el botox en s\u00ed hiciera las cejas m\u00e1s iguales :)<\/p>\n<h4><strong>Mi punto es<\/strong><\/h4>\n<p>T\u00fa que arreglas tus cejas t\u00fa mismo, \u00a1ten esto en cuenta! Si levantas las cejas y eliges una forma agradable despu\u00e9s de eso, puede parecer realmente loco cuando caminas relajado m\u00e1s tarde. Relaje la frente y estar\u00e1 mucho mejor \u2665<\/p>\n<p>Si\u00e9ntete libre de leer mi publicaci\u00f3n sobre eso. <a href=\"https:\/\/www.imakeyousmile.se\/es\/plocka-olika-ogonbrynsformer\/\">Elija diferentes formas de cejas.<\/a> :)<\/p>\n<p><a href=\"http:\/\/www.imakeyousmile.se\/wp-content\/uploads\/2015\/08\/olika-\u00f6gonbryn.jpg\"><img loading=\"lazy\" decoding=\"async\" class=\"alignnone wp-image-21424 size-full\" src=\"https:\/\/www.imakeyousmile.se\/wp-content\/uploads\/2015\/08\/olika-\u00f6gonbryn.jpg\" alt=\"Cejas desiguales\" width=\"2000\" height=\"2191\" srcset=\"https:\/\/www.imakeyousmile.se\/wp-content\/uploads\/2015\/08\/olika-\u00f6gonbryn.jpg 2000w, https:\/\/www.imakeyousmile.se\/wp-content\/uploads\/2015\/08\/olika-\u00f6gonbryn-274x300.jpg 274w, https:\/\/www.imakeyousmile.se\/wp-content\/uploads\/2015\/08\/olika-\u00f6gonbryn-935x1024.jpg 935w, https:\/\/www.imakeyousmile.se\/wp-content\/uploads\/2015\/08\/olika-\u00f6gonbryn-696x762.jpg 696w, https:\/\/www.imakeyousmile.se\/wp-content\/uploads\/2015\/08\/olika-\u00f6gonbryn-1068x1170.jpg 1068w, https:\/\/www.imakeyousmile.se\/wp-content\/uploads\/2015\/08\/olika-\u00f6gonbryn-383x420.jpg 383w\" sizes=\"(max-width: 2000px) 100vw, 2000px\" \/><\/a><\/p>","protected":false},"excerpt":{"rendered":"<p>Nu ska jag skriva ett inl\u00e4gg som jag f\u00f6r ett \u00e5r sedan aldrig hade kommit p\u00e5 tanken att skriva, jag har n\u00e4mligen inte reflekterat \u00f6ver detta sj\u00e4lv\u00a0f\u00f6rr\u00e4n jag b\u00f6rjade jobba p\u00e5 Creative Makeup d\u00e4r jag plockar\u00a0otroligt m\u00e5nga \u00f6gonbryn. Det hela slog mig en dag d\u00e5 min brynkund tittade sig i spegeln n\u00e4r jag hade plockat [&hellip;]<\/p>\n","protected":false},"author":30,"featured_media":21424,"comment_status":"open","ping_status":"closed","sticky":false,"template":"","format":"standard","meta":{"footnotes":""},"categories":[12,59],"tags":[3891,3391,3890,3889,54,72,3892],"class_list":["post-21423","post","type-post","status-publish","format-standard","has-post-thumbnail","hentry","category-ogonbryn","category-recensioner-produkttips","tag-lika-ogonbryn","tag-ogonbrynstips","tag-ojamna-ogonbryn","tag-olika-ogonbryn","tag-sminkblogg","tag-sminktips","tag-tatuerade-ogonbryn"],"yoast_head":"<!-- This site is optimized with the Yoast SEO Premium plugin v14.9 - https:\/\/yoast.com\/wordpress\/plugins\/seo\/ -->\n<meta name=\"description\" content=\"Det hela handlade inte om oj\u00e4mna \u00f6gonbryn, det handlade om en detalj man s\u00e4llan reflekterar \u00f6ver sj\u00e4lv. Alla har en spegelmin.\" \/>\n<meta name=\"robots\" content=\"index, follow, max-snippet:-1, max-image-preview:large, max-video-preview:-1\" \/>\n<link rel=\"canonical\" href=\"https:\/\/www.imakeyousmile.se\/es\/ojamna-ogonbryn\/\" \/>\n<meta property=\"og:locale\" content=\"es_ES\" \/>\n<meta property=\"og:type\" content=\"article\" \/>\n<meta property=\"og:title\" content=\"Oj\u00e4mna \u00f6gonbryn | Imakeyousmile.se\" \/>\n<meta property=\"og:description\" content=\"Det hela handlade inte om oj\u00e4mna \u00f6gonbryn, det handlade om en detalj man s\u00e4llan reflekterar \u00f6ver sj\u00e4lv. Alla har en spegelmin.\" \/>\n<meta property=\"og:url\" content=\"https:\/\/www.imakeyousmile.se\/es\/ojamna-ogonbryn\/\" \/>\n<meta property=\"og:site_name\" content=\"Imakeyousmile.se\" \/>\n<meta property=\"article:author\" content=\"https:\/\/www.facebook.com\/imakeyousmile.se\" \/>\n<meta property=\"article:published_time\" content=\"2015-08-09T03:05:25+00:00\" \/>\n<meta property=\"article:modified_time\" content=\"2020-11-02T13:14:56+00:00\" \/>\n<meta property=\"og:image\" content=\"https:\/\/www.imakeyousmile.se\/wp-content\/uploads\/2015\/08\/olika-\u00f6gonbryn.jpg\" \/>\n\t<meta property=\"og:image:width\" content=\"2000\" \/>\n\t<meta property=\"og:image:height\" content=\"2191\" \/>\n<meta name=\"twitter:card\" content=\"summary_large_image\" \/>\n<script type=\"application\/ld+json\" class=\"yoast-schema-graph\">{\"@context\":\"https:\/\/schema.org\",\"@graph\":[{\"@type\":\"Organization\",\"@id\":\"https:\/\/www.imakeyousmile.se\/es\/#organization\",\"name\":\"Imakeyousmile\",\"url\":\"https:\/\/www.imakeyousmile.se\/es\/\",\"sameAs\":[],\"logo\":{\"@type\":\"ImageObject\",\"@id\":\"https:\/\/www.imakeyousmile.se\/es\/#logo\",\"inLanguage\":\"es\",\"url\":\"https:\/\/www.imakeyousmile.se\/wp-content\/uploads\/2020\/10\/HELENA-AMILEY_SVART-1-e1603367975324.png\",\"width\":280,\"height\":93,\"caption\":\"Imakeyousmile\"},\"image\":{\"@id\":\"https:\/\/www.imakeyousmile.se\/es\/#logo\"}},{\"@type\":\"WebSite\",\"@id\":\"https:\/\/www.imakeyousmile.se\/es\/#website\",\"url\":\"https:\/\/www.imakeyousmile.se\/es\/\",\"name\":\"Imakeyousmile.se\",\"description\":\"Helena Amiley - Beauty, Entrepreneur, Lifestyle\",\"publisher\":{\"@id\":\"https:\/\/www.imakeyousmile.se\/es\/#organization\"},\"potentialAction\":[{\"@type\":\"SearchAction\",\"target\":\"https:\/\/www.imakeyousmile.se\/es\/?s={search_term_string}\",\"query-input\":\"required name=search_term_string\"}],\"inLanguage\":\"es\"},{\"@type\":\"ImageObject\",\"@id\":\"https:\/\/www.imakeyousmile.se\/ojamna-ogonbryn\/#primaryimage\",\"inLanguage\":\"es\",\"url\":\"https:\/\/www.imakeyousmile.se\/wp-content\/uploads\/2015\/08\/olika-\\u00f6gonbryn.jpg\",\"width\":2000,\"height\":2191},{\"@type\":\"WebPage\",\"@id\":\"https:\/\/www.imakeyousmile.se\/ojamna-ogonbryn\/#webpage\",\"url\":\"https:\/\/www.imakeyousmile.se\/ojamna-ogonbryn\/\",\"name\":\"Oj\\u00e4mna \\u00f6gonbryn | Imakeyousmile.se\",\"isPartOf\":{\"@id\":\"https:\/\/www.imakeyousmile.se\/es\/#website\"},\"primaryImageOfPage\":{\"@id\":\"https:\/\/www.imakeyousmile.se\/ojamna-ogonbryn\/#primaryimage\"},\"datePublished\":\"2015-08-09T03:05:25+00:00\",\"dateModified\":\"2020-11-02T13:14:56+00:00\",\"description\":\"Det hela handlade inte om oj\\u00e4mna \\u00f6gonbryn, det handlade om en detalj man s\\u00e4llan reflekterar \\u00f6ver sj\\u00e4lv. Alla har en spegelmin.\",\"inLanguage\":\"es\",\"potentialAction\":[{\"@type\":\"ReadAction\",\"target\":[\"https:\/\/www.imakeyousmile.se\/ojamna-ogonbryn\/\"]}]},{\"@type\":\"Article\",\"@id\":\"https:\/\/www.imakeyousmile.se\/ojamna-ogonbryn\/#article\",\"isPartOf\":{\"@id\":\"https:\/\/www.imakeyousmile.se\/ojamna-ogonbryn\/#webpage\"},\"author\":{\"@id\":\"https:\/\/www.imakeyousmile.se\/es\/#\/schema\/person\/b0fd43b1c6bb1c60cfd68bff9b4a10fb\"},\"headline\":\"Oj\\u00e4mna \\u00f6gonbryn\",\"datePublished\":\"2015-08-09T03:05:25+00:00\",\"dateModified\":\"2020-11-02T13:14:56+00:00\",\"mainEntityOfPage\":{\"@id\":\"https:\/\/www.imakeyousmile.se\/ojamna-ogonbryn\/#webpage\"},\"commentCount\":3,\"publisher\":{\"@id\":\"https:\/\/www.imakeyousmile.se\/es\/#organization\"},\"image\":{\"@id\":\"https:\/\/www.imakeyousmile.se\/ojamna-ogonbryn\/#primaryimage\"},\"keywords\":\"lika \\u00f6gonbryn,\\u00f6gonbrynstips,oj\\u00e4mna \\u00f6gonbryn,olika \\u00f6gonbryn,sminkblogg,sminktips,tatuerade \\u00f6gonbryn\",\"articleSection\":\"\\u00d6gonbryn,Recensioner &amp; Produkttips\",\"inLanguage\":\"es\",\"potentialAction\":[{\"@type\":\"CommentAction\",\"name\":\"Comment\",\"target\":[\"https:\/\/www.imakeyousmile.se\/ojamna-ogonbryn\/#respond\"]}]},{\"@type\":\"Person\",\"@id\":\"https:\/\/www.imakeyousmile.se\/es\/#\/schema\/person\/b0fd43b1c6bb1c60cfd68bff9b4a10fb\",\"name\":\"Helena Amiley\",\"image\":{\"@type\":\"ImageObject\",\"@id\":\"https:\/\/www.imakeyousmile.se\/es\/#personlogo\",\"inLanguage\":\"es\",\"url\":\"https:\/\/secure.gravatar.com\/avatar\/5645558e1e355457a23368d7e1b4c904?s=96&d=mm&r=g\",\"caption\":\"Helena Amiley\"},\"description\":\"Jag skriver mest om sk\\u00f6nhet men bjuder \\u00e4ven p\\u00e5 glimtar fr\\u00e5n entrepren\\u00f6rlivet och bygget av v\\u00e5r egen camper van. Vanlife here we come!\",\"sameAs\":[\"https:\/\/www.facebook.com\/imakeyousmile.se\",\"https:\/\/www.instagram.com\/helenaamiley\",\"https:\/\/www.youtube.com\/channel\/UCR5iB6rvpV6Yr8ZjpQfr5mg?view_as=subscriber\"]}]}<\/script>\n<!-- \/ Yoast SEO Premium plugin. -->","_links":{"self":[{"href":"https:\/\/www.imakeyousmile.se\/es\/wp-json\/wp\/v2\/posts\/21423"}],"collection":[{"href":"https:\/\/www.imakeyousmile.se\/es\/wp-json\/wp\/v2\/posts"}],"about":[{"href":"https:\/\/www.imakeyousmile.se\/es\/wp-json\/wp\/v2\/types\/post"}],"author":[{"embeddable":true,"href":"https:\/\/www.imakeyousmile.se\/es\/wp-json\/wp\/v2\/users\/30"}],"replies":[{"embeddable":true,"href":"https:\/\/www.imakeyousmile.se\/es\/wp-json\/wp\/v2\/comments?post=21423"}],"version-history":[{"count":7,"href":"https:\/\/www.imakeyousmile.se\/es\/wp-json\/wp\/v2\/posts\/21423\/revisions"}],"predecessor-version":[{"id":38253,"href":"https:\/\/www.imakeyousmile.se\/es\/wp-json\/wp\/v2\/posts\/21423\/revisions\/38253"}],"wp:featuredmedia":[{"embeddable":true,"href":"https:\/\/www.imakeyousmile.se\/es\/wp-json\/wp\/v2\/media\/21424"}],"wp:attachment":[{"href":"https:\/\/www.imakeyousmile.se\/es\/wp-json\/wp\/v2\/media?parent=21423"}],"wp:term":[{"taxonomy":"category","embeddable":true,"href":"https:\/\/www.imakeyousmile.se\/es\/wp-json\/wp\/v2\/categories?post=21423"},{"taxonomy":"post_tag","embeddable":true,"href":"https:\/\/www.imakeyousmile.se\/es\/wp-json\/wp\/v2\/tags?post=21423"}],"curies":[{"name":"wp","href":"https:\/\/api.w.org\/{rel}","templated":true}]}}