{"id":21521,"date":"2015-08-13T11:22:41","date_gmt":"2015-08-13T09:22:41","guid":{"rendered":"http:\/\/www.imakeyousmile.se\/?p=21521"},"modified":"2021-10-07T11:10:26","modified_gmt":"2021-10-07T09:10:26","slug":"fa-nagellacket-att-halla-langre-med-mineral-smooth","status":"publish","type":"post","link":"https:\/\/www.imakeyousmile.se\/es\/fa-esmalte-de-unas-para-mantener-por-mas-tiempo-con-minerales-suaves\/","title":{"rendered":"Haz que el esmalte de u\u00f1as dure m\u00e1s con Mineral Smooth"},"content":{"rendered":"<p>Cuando fui e hice u\u00f1as de gel en un sal\u00f3n mucho antes, me di cuenta de lo mucho que hace una superficie de u\u00f1as uniforme para la durabilidad del esmalte de u\u00f1as.<\/p>\n<p>Porque a pesar de que ten\u00eda las u\u00f1as bonitas todo el tiempo, quer\u00eda variar, y de todos modos sol\u00eda pintarme las u\u00f1as con diferentes esmaltes. \u00a1Y Dios m\u00edo, lo mantuvieron bien! Incluso las u\u00f1as naturales suelen tener peque\u00f1as irregularidades que hacen que el barniz se caiga, pero en una superficie lisa, el esmalte de u\u00f1as dura mucho, mucho m\u00e1s.<\/p>\n<p>As\u00ed que es una experiencia que llevo conmigo, y antes de pintar el esmalte de u\u00f1as, pulo la superficie con una lima de pulido (uso<a href=\"https:\/\/ion.lyko.com\/t\/t?a=1117786221&amp;as=1548102449&amp;t=2&amp;tk=1&amp;epi=search-replace-dependfil&amp;url=https:\/\/lyko.com\/sv\/sok?q=depend+fil\" target=\"_blank\" rel=\"noopener\"> Depende del archivo de 4 pasos<\/a>) que suaviza las u\u00f1as.<\/p>\n<p>Y luego, como toque final, uso una capa base que unifica la superficie de la u\u00f1a:<\/p>\n<p><a href=\"http:\/\/www.imakeyousmile.se\/wp-content\/uploads\/2015\/08\/IMG_1402_111.jpg\"><img loading=\"lazy\" decoding=\"async\" class=\"alignnone size-full wp-image-21519\" src=\"http:\/\/www.imakeyousmile.se\/wp-content\/uploads\/2015\/08\/IMG_1402_111.jpg\" alt=\"IMG_1402_111\" width=\"2928\" height=\"2316\" srcset=\"https:\/\/www.imakeyousmile.se\/wp-content\/uploads\/2015\/08\/IMG_1402_111.jpg 2560w, https:\/\/www.imakeyousmile.se\/wp-content\/uploads\/2015\/08\/IMG_1402_111-300x237.jpg 300w, https:\/\/www.imakeyousmile.se\/wp-content\/uploads\/2015\/08\/IMG_1402_111-1024x810.jpg 1024w, https:\/\/www.imakeyousmile.se\/wp-content\/uploads\/2015\/08\/IMG_1402_111-696x551.jpg 696w, https:\/\/www.imakeyousmile.se\/wp-content\/uploads\/2015\/08\/IMG_1402_111-1068x845.jpg 1068w, https:\/\/www.imakeyousmile.se\/wp-content\/uploads\/2015\/08\/IMG_1402_111-531x420.jpg 531w\" sizes=\"(max-width: 2928px) 100vw, 2928px\" \/><\/a><\/p>\n<p><a href=\"https:\/\/ion.lyko.com\/t\/t?a=1117786221&#038;as=1548102449&#038;t=2&#038;tk=1&#038;epi=search-replace-topcoat&#038;url=https:\/\/lyko.com\/sv\/sok?q=top+coat\" target=\"_blank\" rel=\"noopener\">Mineral Suave<\/a> contiene peque\u00f1as part\u00edculas minerales que nivelan la superficie de la u\u00f1a y hacen que la pintura sea m\u00e1s duradera y uniforme. El barniz protege las u\u00f1as de la decoloraci\u00f3n y se puede usar individualmente o como capa base. Tambi\u00e9n contiene vitamina E que nutre la u\u00f1a.<\/p>\n<p>Mineral Smooth cuesta 79 coronas :)<\/p>\n<p>Pronto se agotar\u00e1n, as\u00ed que tenga cuidado si no quiere esperar hasta que reciba la pr\u00f3xima entrega de Paese.<\/p>\n<p><a href=\"http:\/\/www.imakeyousmile.se\/wp-content\/uploads\/2015\/08\/IMG_1409_111.jpg\"><img loading=\"lazy\" decoding=\"async\" class=\"alignnone size-full wp-image-21520\" src=\"http:\/\/www.imakeyousmile.se\/wp-content\/uploads\/2015\/08\/IMG_1409_111.jpg\" alt=\"IMG_1409_111\" width=\"1608\" height=\"1194\" srcset=\"https:\/\/www.imakeyousmile.se\/wp-content\/uploads\/2015\/08\/IMG_1409_111.jpg 1608w, https:\/\/www.imakeyousmile.se\/wp-content\/uploads\/2015\/08\/IMG_1409_111-300x223.jpg 300w, https:\/\/www.imakeyousmile.se\/wp-content\/uploads\/2015\/08\/IMG_1409_111-1024x760.jpg 1024w, https:\/\/www.imakeyousmile.se\/wp-content\/uploads\/2015\/08\/IMG_1409_111-80x60.jpg 80w, https:\/\/www.imakeyousmile.se\/wp-content\/uploads\/2015\/08\/IMG_1409_111-265x198.jpg 265w, https:\/\/www.imakeyousmile.se\/wp-content\/uploads\/2015\/08\/IMG_1409_111-696x517.jpg 696w, https:\/\/www.imakeyousmile.se\/wp-content\/uploads\/2015\/08\/IMG_1409_111-1068x793.jpg 1068w, https:\/\/www.imakeyousmile.se\/wp-content\/uploads\/2015\/08\/IMG_1409_111-566x420.jpg 566w\" sizes=\"(max-width: 1608px) 100vw, 1608px\" \/><\/a><\/p>\n<p>Grita si tienes alguna pregunta \u2665<\/p>\n<p>&nbsp;<\/p>","protected":false},"excerpt":{"rendered":"<p>N\u00e4r jag gick och gjorde gelnaglar p\u00e5 salong en l\u00e4ngre tid f\u00f6rut s\u00e5 ins\u00e5g jag hur mycket en j\u00e4mn nagelyta g\u00f6r f\u00f6r nagellackets h\u00e5llbarhet. F\u00f6r \u00e4ven fast jag hade fina naglar hela tiden d\u00e5 s\u00e5 ville jag variera mig, och brukade m\u00e5la naglarna med olika nagellack \u00e4nd\u00e5. Och jisses vad de h\u00f6ll bra! Ens naturliga [&hellip;]<\/p>\n","protected":false},"author":30,"featured_media":21519,"comment_status":"open","ping_status":"closed","sticky":false,"template":"","format":"standard","meta":{"footnotes":""},"categories":[863,59],"tags":[3486,3908,3268,3417,3828],"class_list":["post-21521","post","type-post","status-publish","format-standard","has-post-thumbnail","hentry","category-naglar","category-recensioner-produkttips","tag-hallbart-nagellack","tag-nagellackstips","tag-nageltips","tag-paese","tag-paese-nail-polish"],"yoast_head":"<!-- This site is optimized with the Yoast SEO Premium plugin v14.9 - https:\/\/yoast.com\/wordpress\/plugins\/seo\/ -->\n<meta name=\"description\" content=\"F\u00e5 nagellacket att h\u00e5lla l\u00e4ngre med Mineral smooth | Helena Amiley - H\u00e4r hittar du senaste infromation om sk\u00f6nhet, livsstil, entrepren\u00f6rskap, makeup &amp; tips.\" \/>\n<meta name=\"robots\" content=\"index, follow, max-snippet:-1, max-image-preview:large, max-video-preview:-1\" \/>\n<link rel=\"canonical\" href=\"https:\/\/www.imakeyousmile.se\/es\/fa-nagellacket-att-halla-langre-med-mineral-smooth\/\" \/>\n<meta property=\"og:locale\" content=\"es_ES\" \/>\n<meta property=\"og:type\" content=\"article\" \/>\n<meta property=\"og:title\" content=\"F\u00e5 nagellacket att h\u00e5lla l\u00e4ngre med Mineral smooth | Imakeyousmile.se\" \/>\n<meta property=\"og:description\" content=\"F\u00e5 nagellacket att h\u00e5lla l\u00e4ngre med Mineral smooth | Helena Amiley - H\u00e4r hittar du senaste infromation om sk\u00f6nhet, livsstil, entrepren\u00f6rskap, makeup &amp; tips.\" \/>\n<meta property=\"og:url\" content=\"https:\/\/www.imakeyousmile.se\/es\/fa-nagellacket-att-halla-langre-med-mineral-smooth\/\" \/>\n<meta property=\"og:site_name\" content=\"Imakeyousmile.se\" \/>\n<meta property=\"article:author\" content=\"https:\/\/www.facebook.com\/imakeyousmile.se\" \/>\n<meta property=\"article:published_time\" content=\"2015-08-13T09:22:41+00:00\" \/>\n<meta property=\"article:modified_time\" content=\"2021-10-07T09:10:26+00:00\" \/>\n<meta property=\"og:image\" content=\"https:\/\/www.imakeyousmile.se\/wp-content\/uploads\/2015\/08\/IMG_1402_111.jpg\" \/>\n\t<meta property=\"og:image:width\" content=\"2560\" \/>\n\t<meta property=\"og:image:height\" content=\"2025\" \/>\n<meta name=\"twitter:card\" content=\"summary_large_image\" \/>\n<script type=\"application\/ld+json\" class=\"yoast-schema-graph\">{\"@context\":\"https:\/\/schema.org\",\"@graph\":[{\"@type\":\"Organization\",\"@id\":\"https:\/\/www.imakeyousmile.se\/es\/#organization\",\"name\":\"Imakeyousmile\",\"url\":\"https:\/\/www.imakeyousmile.se\/es\/\",\"sameAs\":[],\"logo\":{\"@type\":\"ImageObject\",\"@id\":\"https:\/\/www.imakeyousmile.se\/es\/#logo\",\"inLanguage\":\"es\",\"url\":\"https:\/\/www.imakeyousmile.se\/wp-content\/uploads\/2020\/10\/HELENA-AMILEY_SVART-1-e1603367975324.png\",\"width\":280,\"height\":93,\"caption\":\"Imakeyousmile\"},\"image\":{\"@id\":\"https:\/\/www.imakeyousmile.se\/es\/#logo\"}},{\"@type\":\"WebSite\",\"@id\":\"https:\/\/www.imakeyousmile.se\/es\/#website\",\"url\":\"https:\/\/www.imakeyousmile.se\/es\/\",\"name\":\"Imakeyousmile.se\",\"description\":\"Helena Amiley - Beauty, Entrepreneur, Lifestyle\",\"publisher\":{\"@id\":\"https:\/\/www.imakeyousmile.se\/es\/#organization\"},\"potentialAction\":[{\"@type\":\"SearchAction\",\"target\":\"https:\/\/www.imakeyousmile.se\/es\/?s={search_term_string}\",\"query-input\":\"required name=search_term_string\"}],\"inLanguage\":\"es\"},{\"@type\":\"ImageObject\",\"@id\":\"https:\/\/www.imakeyousmile.se\/fa-nagellacket-att-halla-langre-med-mineral-smooth\/#primaryimage\",\"inLanguage\":\"es\",\"url\":\"https:\/\/www.imakeyousmile.se\/wp-content\/uploads\/2015\/08\/IMG_1402_111.jpg\",\"width\":2560,\"height\":2025},{\"@type\":\"WebPage\",\"@id\":\"https:\/\/www.imakeyousmile.se\/fa-nagellacket-att-halla-langre-med-mineral-smooth\/#webpage\",\"url\":\"https:\/\/www.imakeyousmile.se\/fa-nagellacket-att-halla-langre-med-mineral-smooth\/\",\"name\":\"F\\u00e5 nagellacket att h\\u00e5lla l\\u00e4ngre med Mineral smooth | Imakeyousmile.se\",\"isPartOf\":{\"@id\":\"https:\/\/www.imakeyousmile.se\/es\/#website\"},\"primaryImageOfPage\":{\"@id\":\"https:\/\/www.imakeyousmile.se\/fa-nagellacket-att-halla-langre-med-mineral-smooth\/#primaryimage\"},\"datePublished\":\"2015-08-13T09:22:41+00:00\",\"dateModified\":\"2021-10-07T09:10:26+00:00\",\"description\":\"F\\u00e5 nagellacket att h\\u00e5lla l\\u00e4ngre med Mineral smooth | Helena Amiley - H\\u00e4r hittar du senaste infromation om sk\\u00f6nhet, livsstil, entrepren\\u00f6rskap, makeup & tips.\",\"inLanguage\":\"es\",\"potentialAction\":[{\"@type\":\"ReadAction\",\"target\":[\"https:\/\/www.imakeyousmile.se\/fa-nagellacket-att-halla-langre-med-mineral-smooth\/\"]}]},{\"@type\":\"Article\",\"@id\":\"https:\/\/www.imakeyousmile.se\/fa-nagellacket-att-halla-langre-med-mineral-smooth\/#article\",\"isPartOf\":{\"@id\":\"https:\/\/www.imakeyousmile.se\/fa-nagellacket-att-halla-langre-med-mineral-smooth\/#webpage\"},\"author\":{\"@id\":\"https:\/\/www.imakeyousmile.se\/es\/#\/schema\/person\/b0fd43b1c6bb1c60cfd68bff9b4a10fb\"},\"headline\":\"F\\u00e5 nagellacket att h\\u00e5lla l\\u00e4ngre med Mineral smooth\",\"datePublished\":\"2015-08-13T09:22:41+00:00\",\"dateModified\":\"2021-10-07T09:10:26+00:00\",\"mainEntityOfPage\":{\"@id\":\"https:\/\/www.imakeyousmile.se\/fa-nagellacket-att-halla-langre-med-mineral-smooth\/#webpage\"},\"commentCount\":2,\"publisher\":{\"@id\":\"https:\/\/www.imakeyousmile.se\/es\/#organization\"},\"image\":{\"@id\":\"https:\/\/www.imakeyousmile.se\/fa-nagellacket-att-halla-langre-med-mineral-smooth\/#primaryimage\"},\"keywords\":\"h\\u00e5llbart nagellack,nagellackstips,nageltips,paese,paese nail polish\",\"articleSection\":\"Naglar,Recensioner &amp; Produkttips\",\"inLanguage\":\"es\",\"potentialAction\":[{\"@type\":\"CommentAction\",\"name\":\"Comment\",\"target\":[\"https:\/\/www.imakeyousmile.se\/fa-nagellacket-att-halla-langre-med-mineral-smooth\/#respond\"]}]},{\"@type\":\"Person\",\"@id\":\"https:\/\/www.imakeyousmile.se\/es\/#\/schema\/person\/b0fd43b1c6bb1c60cfd68bff9b4a10fb\",\"name\":\"Helena Amiley\",\"image\":{\"@type\":\"ImageObject\",\"@id\":\"https:\/\/www.imakeyousmile.se\/es\/#personlogo\",\"inLanguage\":\"es\",\"url\":\"https:\/\/secure.gravatar.com\/avatar\/5645558e1e355457a23368d7e1b4c904?s=96&d=mm&r=g\",\"caption\":\"Helena Amiley\"},\"description\":\"Jag skriver mest om sk\\u00f6nhet men bjuder \\u00e4ven p\\u00e5 glimtar fr\\u00e5n entrepren\\u00f6rlivet och bygget av v\\u00e5r egen camper van. Vanlife here we come!\",\"sameAs\":[\"https:\/\/www.facebook.com\/imakeyousmile.se\",\"https:\/\/www.instagram.com\/helenaamiley\",\"https:\/\/www.youtube.com\/channel\/UCR5iB6rvpV6Yr8ZjpQfr5mg?view_as=subscriber\"]}]}<\/script>\n<!-- \/ Yoast SEO Premium plugin. -->","_links":{"self":[{"href":"https:\/\/www.imakeyousmile.se\/es\/wp-json\/wp\/v2\/posts\/21521"}],"collection":[{"href":"https:\/\/www.imakeyousmile.se\/es\/wp-json\/wp\/v2\/posts"}],"about":[{"href":"https:\/\/www.imakeyousmile.se\/es\/wp-json\/wp\/v2\/types\/post"}],"author":[{"embeddable":true,"href":"https:\/\/www.imakeyousmile.se\/es\/wp-json\/wp\/v2\/users\/30"}],"replies":[{"embeddable":true,"href":"https:\/\/www.imakeyousmile.se\/es\/wp-json\/wp\/v2\/comments?post=21521"}],"version-history":[{"count":4,"href":"https:\/\/www.imakeyousmile.se\/es\/wp-json\/wp\/v2\/posts\/21521\/revisions"}],"predecessor-version":[{"id":41909,"href":"https:\/\/www.imakeyousmile.se\/es\/wp-json\/wp\/v2\/posts\/21521\/revisions\/41909"}],"wp:featuredmedia":[{"embeddable":true,"href":"https:\/\/www.imakeyousmile.se\/es\/wp-json\/wp\/v2\/media\/21519"}],"wp:attachment":[{"href":"https:\/\/www.imakeyousmile.se\/es\/wp-json\/wp\/v2\/media?parent=21521"}],"wp:term":[{"taxonomy":"category","embeddable":true,"href":"https:\/\/www.imakeyousmile.se\/es\/wp-json\/wp\/v2\/categories?post=21521"},{"taxonomy":"post_tag","embeddable":true,"href":"https:\/\/www.imakeyousmile.se\/es\/wp-json\/wp\/v2\/tags?post=21521"}],"curies":[{"name":"wp","href":"https:\/\/api.w.org\/{rel}","templated":true}]}}