{"id":21764,"date":"2015-08-27T17:16:20","date_gmt":"2015-08-27T15:16:20","guid":{"rendered":"http:\/\/www.imakeyousmile.se\/?p=21764"},"modified":"2015-08-27T17:16:20","modified_gmt":"2015-08-27T15:16:20","slug":"varldens-finaste-sminkning","status":"publish","type":"post","link":"https:\/\/www.imakeyousmile.se\/es\/el-mejor-maquillaje-del-mundo\/","title":{"rendered":"El mejor maquillaje del mundo"},"content":{"rendered":"<p>\u00a1Hola!<\/p>\n<p>En la inauguraci\u00f3n del sal\u00f3n de EPIC en el que estuve el martes, ten\u00eda un maquillaje dorado brillante con blanco y turquesa. Amo esa mezcla, blanco, dorado y turquesa, \u00bfno es la mejor combinaci\u00f3n de colores del mundo? :)<\/p>\n<p>En este momento tengo una locura por esa combinaci\u00f3n en particular, y con demasiada frecuencia tengo ropa blanca, un reloj de oro y esmalte de u\u00f1as turquesa. Y cada vez que veo este combo en alguien o algo, pienso &quot;<em>ese es el mejor atuendo que he visto<\/em>&quot;O&quot;<em>\u00a1Ese dise\u00f1o de u\u00f1as es el mejor del mundo!<\/em>\u201d. Realmente no importa c\u00f3mo se vea todo, siempre que sea en blanco, dorado y turquesa, creo que nunca hab\u00eda visto algo tan lindo en toda mi vida jaja.<\/p>\n<p>\u00a1Entonces aqu\u00ed viene el mejor maquillaje del mundo, en otras palabras! ;)<\/p>\n<p><a href=\"http:\/\/www.imakeyousmile.se\/wp-content\/uploads\/2015\/08\/IMG_2875-2_1111.jpg\"><img loading=\"lazy\" decoding=\"async\" class=\"alignnone  wp-image-21765\" src=\"http:\/\/www.imakeyousmile.se\/wp-content\/uploads\/2015\/08\/IMG_2875-2_1111.jpg\" alt=\"IMG_2875-2_1111\" width=\"1138\" height=\"442\" srcset=\"https:\/\/www.imakeyousmile.se\/wp-content\/uploads\/2015\/08\/IMG_2875-2_1111.jpg 2560w, https:\/\/www.imakeyousmile.se\/wp-content\/uploads\/2015\/08\/IMG_2875-2_1111-300x117.jpg 300w, https:\/\/www.imakeyousmile.se\/wp-content\/uploads\/2015\/08\/IMG_2875-2_1111-1024x398.jpg 1024w, https:\/\/www.imakeyousmile.se\/wp-content\/uploads\/2015\/08\/IMG_2875-2_1111-696x270.jpg 696w, https:\/\/www.imakeyousmile.se\/wp-content\/uploads\/2015\/08\/IMG_2875-2_1111-1068x415.jpg 1068w, https:\/\/www.imakeyousmile.se\/wp-content\/uploads\/2015\/08\/IMG_2875-2_1111-1081x420.jpg 1081w\" sizes=\"(max-width: 1138px) 100vw, 1138px\" \/><\/a><\/p>\n<p>\u00bfQu\u00e9 piensas?<\/p>\n<p><a href=\"http:\/\/www.imakeyousmile.se\/wp-content\/uploads\/2015\/08\/IMG_2875-2_11111.jpg\"><img loading=\"lazy\" decoding=\"async\" class=\"alignnone  wp-image-21766\" src=\"http:\/\/www.imakeyousmile.se\/wp-content\/uploads\/2015\/08\/IMG_2875-2_11111.jpg\" alt=\"IMG_2875-2_11111\" width=\"923\" height=\"716\" srcset=\"https:\/\/www.imakeyousmile.se\/wp-content\/uploads\/2015\/08\/IMG_2875-2_11111.jpg 1674w, https:\/\/www.imakeyousmile.se\/wp-content\/uploads\/2015\/08\/IMG_2875-2_11111-300x233.jpg 300w, https:\/\/www.imakeyousmile.se\/wp-content\/uploads\/2015\/08\/IMG_2875-2_11111-1024x794.jpg 1024w, https:\/\/www.imakeyousmile.se\/wp-content\/uploads\/2015\/08\/IMG_2875-2_11111-696x540.jpg 696w, https:\/\/www.imakeyousmile.se\/wp-content\/uploads\/2015\/08\/IMG_2875-2_11111-1068x828.jpg 1068w, https:\/\/www.imakeyousmile.se\/wp-content\/uploads\/2015\/08\/IMG_2875-2_11111-542x420.jpg 542w\" sizes=\"(max-width: 923px) 100vw, 923px\" \/><\/a><\/p>\n<p><span style=\"color: #ffcc99;\"><strong>Imprimaci\u00f3n de sombra de ojos<\/strong><\/span><span style=\"color: #333333;\">, <a href=\"https:\/\/ion.lyko.com\/t\/t?a=1117786221&#038;as=1548102449&#038;t=2&#038;tk=1&#038;epi=search-replace-pixiprimer&#038;url=https:\/\/lyko.com\/sv\/sok?q=pixi+primer\" target=\"_blank\">Primer Pixi Eye Bright<\/a><strong><br \/>\nSombra de ojos blanca<\/strong><\/span> en la esquina del ojo, en el p\u00e1rpado y debajo del delineador de ojos,<a href=\"http:\/\/creativemakeup.se\/produkt\/paese-kasmir-matte-black-eyeshadow\/\" target=\"_blank\"> Sombra de ojos Paese Kashmir (601)<\/a><br \/>\n<strong><span style=\"color: #993300;\">Sombra de ojos marr\u00f3n<\/span><\/strong> en el rabillo del ojo y a lo largo de la l\u00ednea del globo,<a href=\"http:\/\/creativemakeup.se\/produkt\/paese-kasmir-matte-black-eyeshadow\/\" target=\"_blank\"> Sombra de ojos Paese Kashmir (604)<\/a><br \/>\n<strong><span style=\"color: #33cccc;\">Sombra de ojos turquesa<\/span> <\/strong>m\u00e1s interno en el p\u00e1rpado,<a href=\"http:\/\/creativemakeup.se\/produkt\/paese-neo-eyeshadow\/\" target=\"_blank\"> Sombra de ojos Paese Neo (687)<\/a><br \/>\n<strong><span style=\"color: #ff6600;\">Sombra de ojos dorada<\/span><\/strong> a lo largo de la l\u00ednea de las pesta\u00f1as inferiores y a lo largo de la l\u00ednea del globo, <a href=\"https:\/\/click.adrecord.com?c=5979&#038;p=1041&#038;url=https%3A\/\/kissedbyeco.se\/brand\/yag\/\/\" target=\"_blank\">Sombra de ojos mineral Yag (oro rosa)<\/a><br \/>\n<strong><span style=\"color: #ff6600;\">Brillo dorado<\/span><\/strong> en el rabillo del ojo y a lo largo de la l\u00ednea del globo, Kryolan Glamour Dust (no disponible en l\u00ednea)<br \/>\n<strong><span style=\"color: #33cccc;\">Delineador de ojos turquesa<\/span><\/strong> en el otro extremo de la l\u00ednea de flotaci\u00f3n, <a href=\"https:\/\/dot.yves-rocher.se\/t\/t?a=138068268&#038;as=1548102449&#038;t=2&#038;tk=1&#038;epi=search-replace-yves-penna&#038;url=https:\/\/www.yves-rocher.se\/smink\/ogon\/ogonpenna-och-eyeliner\/c\/23200\/product\/~category_id=22200\/~pcategory=20000\/~product_id=W00471?cmSrc=Category)\" target=\"_blank\">L\u00e1piz de ojos resistente al agua Yves Rocher (05 Turquesa)<br \/>\n<\/a><strong><span style=\"color: #000000;\">Delineador de ojos negro<\/span><\/strong><span style=\"color: #000000;\"> con ala, <a href=\"http:\/\/creativemakeup.se\/produkt\/paese-penliner\/\" target=\"_blank\">Paese Penliner.<\/a><\/span><strong><span style=\"color: #000000;\"><br \/>\nR\u00edmel negro<\/span><\/strong> en todas las pesta\u00f1as, <a href=\"https:\/\/click.adrecord.com?c=5979&#038;p=1041&#038;url=https%3A\/\/kissedbyeco.se\/brand\/yag\/\/\" target=\"_blank\">M\u00e1scara de pesta\u00f1as magn\u00e9tica<br \/>\n<\/a><br \/>\n<a href=\"http:\/\/www.imakeyousmile.se\/wp-content\/uploads\/2015\/08\/IMG_2947_111.jpg\"><img loading=\"lazy\" decoding=\"async\" class=\"alignnone  wp-image-21770\" src=\"http:\/\/www.imakeyousmile.se\/wp-content\/uploads\/2015\/08\/IMG_2947_111.jpg\" alt=\"IMG_2947_111\" width=\"811\" height=\"762\" srcset=\"https:\/\/www.imakeyousmile.se\/wp-content\/uploads\/2015\/08\/IMG_2947_111.jpg 2000w, https:\/\/www.imakeyousmile.se\/wp-content\/uploads\/2015\/08\/IMG_2947_111-300x282.jpg 300w, https:\/\/www.imakeyousmile.se\/wp-content\/uploads\/2015\/08\/IMG_2947_111-1024x963.jpg 1024w, https:\/\/www.imakeyousmile.se\/wp-content\/uploads\/2015\/08\/IMG_2947_111-696x655.jpg 696w, https:\/\/www.imakeyousmile.se\/wp-content\/uploads\/2015\/08\/IMG_2947_111-1068x1004.jpg 1068w, https:\/\/www.imakeyousmile.se\/wp-content\/uploads\/2015\/08\/IMG_2947_111-447x420.jpg 447w\" sizes=\"(max-width: 811px) 100vw, 811px\" \/><\/a><\/p>\n<p><strong>Maquillaje b\u00e1sico:<\/strong><br \/>\nImprimaci\u00f3n desengrasante - <a href=\"http:\/\/creativemakeup.se\/produkt\/paese-makeup-base\/\" target=\"_blank\">Base de maquillaje Paese mate<\/a><br \/>\nFundaci\u00f3n - <a href=\"https:\/\/ion.lyko.com\/t\/t?a=1117786221&#038;as=1548102449&#038;t=2&#038;tk=1&#038;epi=search-replace-skintint&#038;url=https:\/\/lyko.com\/sv\/pixi\/pixi-h2o-skintint-2nude\" target=\"_blank\">Pixi H2O Skintint (Desnudo)<\/a><br \/>\nY base mineral - <a href=\"https:\/\/ion.jordklok.se\/t\/t?a=1236848151&#038;as=1548102449&#038;t=2&#038;tk=1&#038;epi=search-replace-zuiifoundation&#038;url=https:\/\/www.jordklok.se\/sv\/articles\/2.60.5465\/zuii-organic-flora-powder-foundation-10-g?q=Zuii%20Organic%20Flora%20Powder%20Foundation,%2010%20g\/\" target=\"_blank\">Base de maquillaje en polvo org\u00e1nico Zuii (crema)<\/a><br \/>\nPolvos deshidratantes -<a href=\"http:\/\/creativemakeup.se\/produkt\/paese-bamboo-silk-powder\/\" target=\"_blank\"> Polvo de seda de bamb\u00fa Paese<\/a><br \/>\nSombreado- <a href=\"http:\/\/creativemakeup.se\/produkt\/paese-bronzing-powder\/\" target=\"_blank\">Polvo bronceador Paese (1M)<\/a><br \/>\nColorete - <a href=\"http:\/\/creativemakeup.se\/produkt\/paese-powder-blush-med-arganolja\/\" target=\"_blank\">Colorete en polvo Paese (40)<\/a><\/p>\n<p>Bryn - <a href=\"https:\/\/ion.lyko.com\/t\/t?a=1117786221&#038;as=1548102449&#038;t=2&#038;tk=1&#038;epi=search-replace-brow-duo&#038;url=https:\/\/lyko.com\/sv\/pixi\/pixi-natural-brow-duo-natural-brown\/\" target=\"_blank\">Pixi Natural Brow Duo (Morena profunda)<\/a><br \/>\nLabios <a href=\"https:\/\/ion.lyko.com\/t\/t?a=1117786221&#038;as=1548102449&#038;t=2&#038;tk=1&#038;epi=search-replace-hauschka-lipliner&#038;url=https:\/\/lyko.com\/sv\/dr-hauschka\/dr-hauschka-lip-liner-05-sandalwood--105g\/\" target=\"_blank\">Dr. Delineador de labios Hauschka (berenjena)<\/a><\/p>\n<p><a href=\"http:\/\/www.imakeyousmile.se\/wp-content\/uploads\/2015\/08\/IMG_2923_111.jpg\"><img loading=\"lazy\" decoding=\"async\" class=\"alignnone  wp-image-21767\" src=\"http:\/\/www.imakeyousmile.se\/wp-content\/uploads\/2015\/08\/IMG_2923_111.jpg\" alt=\"IMG_2923_111\" width=\"879\" height=\"733\" srcset=\"https:\/\/www.imakeyousmile.se\/wp-content\/uploads\/2015\/08\/IMG_2923_111.jpg 2000w, https:\/\/www.imakeyousmile.se\/wp-content\/uploads\/2015\/08\/IMG_2923_111-300x250.jpg 300w, https:\/\/www.imakeyousmile.se\/wp-content\/uploads\/2015\/08\/IMG_2923_111-1024x854.jpg 1024w, https:\/\/www.imakeyousmile.se\/wp-content\/uploads\/2015\/08\/IMG_2923_111-696x580.jpg 696w, https:\/\/www.imakeyousmile.se\/wp-content\/uploads\/2015\/08\/IMG_2923_111-1068x891.jpg 1068w, https:\/\/www.imakeyousmile.se\/wp-content\/uploads\/2015\/08\/IMG_2923_111-504x420.jpg 504w\" sizes=\"(max-width: 879px) 100vw, 879px\" \/><\/a> <a href=\"http:\/\/www.imakeyousmile.se\/wp-content\/uploads\/2015\/08\/IMG_2929_111.jpg\"><img loading=\"lazy\" decoding=\"async\" class=\"alignnone  wp-image-21768\" src=\"http:\/\/www.imakeyousmile.se\/wp-content\/uploads\/2015\/08\/IMG_2929_111.jpg\" alt=\"IMG_2929_111\" width=\"820\" height=\"658\" srcset=\"https:\/\/www.imakeyousmile.se\/wp-content\/uploads\/2015\/08\/IMG_2929_111.jpg 2000w, https:\/\/www.imakeyousmile.se\/wp-content\/uploads\/2015\/08\/IMG_2929_111-300x241.jpg 300w, https:\/\/www.imakeyousmile.se\/wp-content\/uploads\/2015\/08\/IMG_2929_111-1024x822.jpg 1024w, https:\/\/www.imakeyousmile.se\/wp-content\/uploads\/2015\/08\/IMG_2929_111-696x559.jpg 696w, https:\/\/www.imakeyousmile.se\/wp-content\/uploads\/2015\/08\/IMG_2929_111-1068x857.jpg 1068w, https:\/\/www.imakeyousmile.se\/wp-content\/uploads\/2015\/08\/IMG_2929_111-523x420.jpg 523w\" sizes=\"(max-width: 820px) 100vw, 820px\" \/><\/a> <a href=\"http:\/\/www.imakeyousmile.se\/wp-content\/uploads\/2015\/08\/IMG_2932_111.jpg\"><img loading=\"lazy\" decoding=\"async\" class=\"alignnone  wp-image-21769\" src=\"http:\/\/www.imakeyousmile.se\/wp-content\/uploads\/2015\/08\/IMG_2932_111.jpg\" alt=\"IMG_2932_111\" width=\"841\" height=\"908\" srcset=\"https:\/\/www.imakeyousmile.se\/wp-content\/uploads\/2015\/08\/IMG_2932_111.jpg 2000w, https:\/\/www.imakeyousmile.se\/wp-content\/uploads\/2015\/08\/IMG_2932_111-278x300.jpg 278w, https:\/\/www.imakeyousmile.se\/wp-content\/uploads\/2015\/08\/IMG_2932_111-949x1024.jpg 949w, https:\/\/www.imakeyousmile.se\/wp-content\/uploads\/2015\/08\/IMG_2932_111-696x751.jpg 696w, https:\/\/www.imakeyousmile.se\/wp-content\/uploads\/2015\/08\/IMG_2932_111-1068x1153.jpg 1068w, https:\/\/www.imakeyousmile.se\/wp-content\/uploads\/2015\/08\/IMG_2932_111-389x420.jpg 389w\" sizes=\"(max-width: 841px) 100vw, 841px\" \/><\/a><\/p>\n<p>Los abrazos son \u2665<\/p>","protected":false},"excerpt":{"rendered":"<p>Hej p\u00e5 er! P\u00e5 salongsinvigningen p\u00e5 EPIC som jag var p\u00e5 i tisdags s\u00e5 hade jag\u00a0en guldglittrig\u00a0sminkning med vitt och turkost. \u00c4lskar den blandningen, vit, guld och turkos, \u00e4r det inte v\u00e4rldens finaste f\u00e4rgkombination?? :) Just nu har jag en dille p\u00e5 just den kombon, och har alltf\u00f6r ofta vita kl\u00e4der, guldklocka och turkost nagellack. [&hellip;]<\/p>\n","protected":false},"author":30,"featured_media":21766,"comment_status":"open","ping_status":"closed","sticky":false,"template":"","format":"standard","meta":{"footnotes":""},"categories":[2828,9],"tags":[2624,3116,3960,943,2579,3420,433,54,1876],"class_list":["post-21764","post","type-post","status-publish","format-standard","has-post-thumbnail","hentry","category-fargstarka-sminkningar","category-partysminkningar","tag-cool-sminkning","tag-dr-hauschka-lipliner","tag-event-sminkning","tag-eyeliner-med-vinge","tag-paese-kashmir","tag-paese-neo","tag-skonhetsblogg","tag-sminkblogg","tag-turkos-ogonskugga"],"yoast_head":"<!-- This site is optimized with the Yoast SEO Premium plugin v14.9 - https:\/\/yoast.com\/wordpress\/plugins\/seo\/ -->\n<meta name=\"description\" content=\"V\u00e4rldens finaste sminkning | Helena Amiley - H\u00e4r hittar du senaste infromation om sk\u00f6nhet, livsstil, entrepren\u00f6rskap, makeup &amp; tips.\" \/>\n<meta name=\"robots\" content=\"index, follow, max-snippet:-1, max-image-preview:large, max-video-preview:-1\" \/>\n<link rel=\"canonical\" href=\"https:\/\/www.imakeyousmile.se\/es\/varldens-finaste-sminkning\/\" \/>\n<meta property=\"og:locale\" content=\"es_ES\" \/>\n<meta property=\"og:type\" content=\"article\" \/>\n<meta property=\"og:title\" content=\"V\u00e4rldens finaste sminkning | Imakeyousmile.se\" \/>\n<meta property=\"og:description\" content=\"V\u00e4rldens finaste sminkning | Helena Amiley - H\u00e4r hittar du senaste infromation om sk\u00f6nhet, livsstil, entrepren\u00f6rskap, makeup &amp; tips.\" \/>\n<meta property=\"og:url\" content=\"https:\/\/www.imakeyousmile.se\/es\/varldens-finaste-sminkning\/\" \/>\n<meta property=\"og:site_name\" content=\"Imakeyousmile.se\" \/>\n<meta property=\"article:author\" content=\"https:\/\/www.facebook.com\/imakeyousmile.se\" \/>\n<meta property=\"article:published_time\" content=\"2015-08-27T15:16:20+00:00\" \/>\n<meta property=\"og:image\" content=\"https:\/\/www.imakeyousmile.se\/wp-content\/uploads\/2015\/08\/IMG_2875-2_11111.jpg\" \/>\n\t<meta property=\"og:image:width\" content=\"1674\" \/>\n\t<meta property=\"og:image:height\" content=\"1298\" \/>\n<meta name=\"twitter:card\" content=\"summary_large_image\" \/>\n<script type=\"application\/ld+json\" class=\"yoast-schema-graph\">{\"@context\":\"https:\/\/schema.org\",\"@graph\":[{\"@type\":\"Organization\",\"@id\":\"https:\/\/www.imakeyousmile.se\/es\/#organization\",\"name\":\"Imakeyousmile\",\"url\":\"https:\/\/www.imakeyousmile.se\/es\/\",\"sameAs\":[],\"logo\":{\"@type\":\"ImageObject\",\"@id\":\"https:\/\/www.imakeyousmile.se\/es\/#logo\",\"inLanguage\":\"es\",\"url\":\"https:\/\/www.imakeyousmile.se\/wp-content\/uploads\/2020\/10\/HELENA-AMILEY_SVART-1-e1603367975324.png\",\"width\":280,\"height\":93,\"caption\":\"Imakeyousmile\"},\"image\":{\"@id\":\"https:\/\/www.imakeyousmile.se\/es\/#logo\"}},{\"@type\":\"WebSite\",\"@id\":\"https:\/\/www.imakeyousmile.se\/es\/#website\",\"url\":\"https:\/\/www.imakeyousmile.se\/es\/\",\"name\":\"Imakeyousmile.se\",\"description\":\"Helena Amiley - Beauty, Entrepreneur, Lifestyle\",\"publisher\":{\"@id\":\"https:\/\/www.imakeyousmile.se\/es\/#organization\"},\"potentialAction\":[{\"@type\":\"SearchAction\",\"target\":\"https:\/\/www.imakeyousmile.se\/es\/?s={search_term_string}\",\"query-input\":\"required name=search_term_string\"}],\"inLanguage\":\"es\"},{\"@type\":\"ImageObject\",\"@id\":\"https:\/\/www.imakeyousmile.se\/varldens-finaste-sminkning\/#primaryimage\",\"inLanguage\":\"es\",\"url\":\"https:\/\/www.imakeyousmile.se\/wp-content\/uploads\/2015\/08\/IMG_2875-2_11111.jpg\",\"width\":1674,\"height\":1298},{\"@type\":\"WebPage\",\"@id\":\"https:\/\/www.imakeyousmile.se\/varldens-finaste-sminkning\/#webpage\",\"url\":\"https:\/\/www.imakeyousmile.se\/varldens-finaste-sminkning\/\",\"name\":\"V\\u00e4rldens finaste sminkning | Imakeyousmile.se\",\"isPartOf\":{\"@id\":\"https:\/\/www.imakeyousmile.se\/es\/#website\"},\"primaryImageOfPage\":{\"@id\":\"https:\/\/www.imakeyousmile.se\/varldens-finaste-sminkning\/#primaryimage\"},\"datePublished\":\"2015-08-27T15:16:20+00:00\",\"dateModified\":\"2015-08-27T15:16:20+00:00\",\"description\":\"V\\u00e4rldens finaste sminkning | Helena Amiley - H\\u00e4r hittar du senaste infromation om sk\\u00f6nhet, livsstil, entrepren\\u00f6rskap, makeup & tips.\",\"inLanguage\":\"es\",\"potentialAction\":[{\"@type\":\"ReadAction\",\"target\":[\"https:\/\/www.imakeyousmile.se\/varldens-finaste-sminkning\/\"]}]},{\"@type\":\"Article\",\"@id\":\"https:\/\/www.imakeyousmile.se\/varldens-finaste-sminkning\/#article\",\"isPartOf\":{\"@id\":\"https:\/\/www.imakeyousmile.se\/varldens-finaste-sminkning\/#webpage\"},\"author\":{\"@id\":\"https:\/\/www.imakeyousmile.se\/es\/#\/schema\/person\/b0fd43b1c6bb1c60cfd68bff9b4a10fb\"},\"headline\":\"V\\u00e4rldens finaste sminkning\",\"datePublished\":\"2015-08-27T15:16:20+00:00\",\"dateModified\":\"2015-08-27T15:16:20+00:00\",\"mainEntityOfPage\":{\"@id\":\"https:\/\/www.imakeyousmile.se\/varldens-finaste-sminkning\/#webpage\"},\"commentCount\":3,\"publisher\":{\"@id\":\"https:\/\/www.imakeyousmile.se\/es\/#organization\"},\"image\":{\"@id\":\"https:\/\/www.imakeyousmile.se\/varldens-finaste-sminkning\/#primaryimage\"},\"keywords\":\"cool sminkning,dr. hauschka lipliner,event sminkning,eyeliner med vinge,paese kashmir,paese neo,sk\\u00f6nhetsblogg,sminkblogg,turkos \\u00f6gonskugga\",\"articleSection\":\"F\\u00e4rgstarka sminkningar,M\\u00f6rka \/ festliga sminkningar\",\"inLanguage\":\"es\",\"potentialAction\":[{\"@type\":\"CommentAction\",\"name\":\"Comment\",\"target\":[\"https:\/\/www.imakeyousmile.se\/varldens-finaste-sminkning\/#respond\"]}]},{\"@type\":\"Person\",\"@id\":\"https:\/\/www.imakeyousmile.se\/es\/#\/schema\/person\/b0fd43b1c6bb1c60cfd68bff9b4a10fb\",\"name\":\"Helena Amiley\",\"image\":{\"@type\":\"ImageObject\",\"@id\":\"https:\/\/www.imakeyousmile.se\/es\/#personlogo\",\"inLanguage\":\"es\",\"url\":\"https:\/\/secure.gravatar.com\/avatar\/5645558e1e355457a23368d7e1b4c904?s=96&d=mm&r=g\",\"caption\":\"Helena Amiley\"},\"description\":\"Jag skriver mest om sk\\u00f6nhet men bjuder \\u00e4ven p\\u00e5 glimtar fr\\u00e5n entrepren\\u00f6rlivet och bygget av v\\u00e5r egen camper van. Vanlife here we come!\",\"sameAs\":[\"https:\/\/www.facebook.com\/imakeyousmile.se\",\"https:\/\/www.instagram.com\/helenaamiley\",\"https:\/\/www.youtube.com\/channel\/UCR5iB6rvpV6Yr8ZjpQfr5mg?view_as=subscriber\"]}]}<\/script>\n<!-- \/ Yoast SEO Premium plugin. -->","_links":{"self":[{"href":"https:\/\/www.imakeyousmile.se\/es\/wp-json\/wp\/v2\/posts\/21764"}],"collection":[{"href":"https:\/\/www.imakeyousmile.se\/es\/wp-json\/wp\/v2\/posts"}],"about":[{"href":"https:\/\/www.imakeyousmile.se\/es\/wp-json\/wp\/v2\/types\/post"}],"author":[{"embeddable":true,"href":"https:\/\/www.imakeyousmile.se\/es\/wp-json\/wp\/v2\/users\/30"}],"replies":[{"embeddable":true,"href":"https:\/\/www.imakeyousmile.se\/es\/wp-json\/wp\/v2\/comments?post=21764"}],"version-history":[{"count":4,"href":"https:\/\/www.imakeyousmile.se\/es\/wp-json\/wp\/v2\/posts\/21764\/revisions"}],"predecessor-version":[{"id":21774,"href":"https:\/\/www.imakeyousmile.se\/es\/wp-json\/wp\/v2\/posts\/21764\/revisions\/21774"}],"wp:featuredmedia":[{"embeddable":true,"href":"https:\/\/www.imakeyousmile.se\/es\/wp-json\/wp\/v2\/media\/21766"}],"wp:attachment":[{"href":"https:\/\/www.imakeyousmile.se\/es\/wp-json\/wp\/v2\/media?parent=21764"}],"wp:term":[{"taxonomy":"category","embeddable":true,"href":"https:\/\/www.imakeyousmile.se\/es\/wp-json\/wp\/v2\/categories?post=21764"},{"taxonomy":"post_tag","embeddable":true,"href":"https:\/\/www.imakeyousmile.se\/es\/wp-json\/wp\/v2\/tags?post=21764"}],"curies":[{"name":"wp","href":"https:\/\/api.w.org\/{rel}","templated":true}]}}