{"id":2179,"date":"2012-12-14T08:05:17","date_gmt":"2012-12-14T07:05:17","guid":{"rendered":"http:\/\/www.imakeyousmile.se\/?p=2179"},"modified":"2013-02-24T15:41:29","modified_gmt":"2013-02-24T14:41:29","slug":"vattenfast-rouge-glominerals-powder-cheek-stain","status":"publish","type":"post","link":"https:\/\/www.imakeyousmile.se\/es\/tinte-impermeabilizante-colorete-glominerales-en-polvo-para-mejillas\/","title":{"rendered":"Rojo impermeable - tinte para mejillas en polvo gl\u014dminerals"},"content":{"rendered":"<p>Ahora, durante el invierno, siempre es bueno con maquillaje resistente al agua, por ejemplo, cuando nieva.<\/p>\n<p>Yo mismo comprar\u00e9 <span style=\"font-size: medium;\">Factores m\u00e1ximos<\/span> r\u00edmel a prueba de agua ma\u00f1ana cuando reciba mi sueldo, woop woop! No lo he probado antes, pero me encanta el no impermeable. \u00a1Revisi\u00f3n pr\u00f3xima!<\/p>\n<p>&nbsp;<\/p>\n<p>Sin embargo, yo uso <em><strong>gl\u014dminerals<\/strong><\/em><em><strong> rubor impermeable<\/strong><\/em>! Dios, \u00a1qu\u00e9 gran idea! No muchas marcas de maquillaje lo tienen, las \u00fanicas que conozco son Clinique y gl\u014dminerals.<\/p>\n<p>Perfecto para m\u00ed, que gateo 20 minutos hasta el trabajo + espera el autob\u00fas y trabaja salpicando agua. Tambi\u00e9n es maravilloso cuando corto cebollas y<span style=\"font-size: large;\"> las l\u00e1grimas simplemente fluyen<\/span>! Tengo unos ojos incre\u00edblemente sensibles, pero ahora al menos evito las rayas ligeras en el rubor :)<\/p>\n<p>&nbsp;<\/p>\n<p>El \u00fanico negativo (<em>que, sin embargo, no me molesta<\/em>) es que solo est\u00e1 disponible en un tono. El bastante oscuro y<span style=\"font-size: x-large;\"> muy pigmentado<\/span>, que me parece una mierda pero a muchos les gustan los colores un poco m\u00e1s discretos.<\/p>\n<p>Pero aquellos que tienen un rubor discreto, en cualquier caso, no tienen tanta necesidad de tener un impermeable;)<\/p>\n<p style=\"text-align: center;\"><a href=\"http:\/\/www.imakeyousmile.se\/wp-content\/uploads\/2012\/12\/Capture.png\"><img loading=\"lazy\" decoding=\"async\" class=\"aligncenter  wp-image-2181\" title=\"Capturar\" src=\"http:\/\/www.imakeyousmile.se\/wp-content\/uploads\/2012\/12\/Capture.png\" alt=\"\" width=\"383\" height=\"394\" srcset=\"https:\/\/www.imakeyousmile.se\/wp-content\/uploads\/2012\/12\/Capture.png 531w, https:\/\/www.imakeyousmile.se\/wp-content\/uploads\/2012\/12\/Capture-523x540.png 523w\" sizes=\"(max-width: 383px) 100vw, 383px\" \/><\/a><\/p>\n<p style=\"text-align: center;\">&#8221; <em>Rubor extremadamente pigmentado que queda bien todo el d\u00eda. Tiene una f\u00f3rmula resistente al agua y, por lo tanto, puede soportar un d\u00eda en la playa, un ba\u00f1o o un duro entrenamiento en el gimnasio. \u00a1El tinte para mejillas en polvo de gl\u014dminerals complementa a la perfecci\u00f3n tanto las mejillas rosadas de oto\u00f1o como un look bronceado de verano! Es tan f\u00e1cil de aplicar como un rubor en polvo. \u00a1Por fin un sonrojo con lo mejor de ambos mundos!<\/em><\/p>\n<p style=\"text-align: center;\"><em>Contiene glominerales caracter\u00edsticos, f\u00f3rmula exclusiva de los antioxidantes vitaminas A, C, E y extracto de t\u00e9 verde.<\/em> &#8221;<\/p>\n<p style=\"text-align: center;\">\n<p style=\"text-align: left;\">Disponible para comprar en <em><strong><a href=\"http:\/\/www.gloxpress.se\/\">Gloxpress.se<\/a><\/strong>, <\/em>que tambi\u00e9n tiene una buena oferta navide\u00f1a ahora. Si compras 3 productos opcionales, \u00a1obtienes el m\u00e1s barato por la mitad de precio!<\/p>\n<p style=\"text-align: center;\">\n<p style=\"text-align: center;\"><span style=\"font-size: xx-large;\">\u00a1Dos pulgares arriba!<\/span><\/p>","protected":false},"excerpt":{"rendered":"<p>Nu under vintern \u00e4r det alltid bra med vattenfast smink, exempelvis n\u00e4r det sn\u00f6ar! Jag sj\u00e4lv ska k\u00f6pa Max Factors vattenfasta mascara imorgon n\u00e4r jag f\u00e5r min l\u00f6n, woop woop! Har inte testat den f\u00f6rut, men jag \u00e4lskar den icke-vattenfasta. Recension kommer! &nbsp; D\u00e4remot anv\u00e4nder jag gl\u014dminerals vattenfasta rouge! Gud vilken bra id\u00e9! Det \u00e4r [&hellip;]<\/p>\n","protected":false},"author":30,"featured_media":0,"comment_status":"open","ping_status":"open","sticky":false,"template":"","format":"standard","meta":{"footnotes":""},"categories":[59],"tags":[107,109,106],"class_list":["post-2179","post","type-post","status-publish","format-standard","hentry","category-recensioner-produkttips","tag-glominerals-powder-cheek-stain","tag-pigmentrik-rouge","tag-vattenfast-rouge"],"yoast_head":"<!-- This site is optimized with the Yoast SEO Premium plugin v14.9 - https:\/\/yoast.com\/wordpress\/plugins\/seo\/ -->\n<meta name=\"description\" content=\"Vattenfast rouge - gl\u014dminerals Powder Cheek Stain | Helena Amiley - H\u00e4r hittar du senaste infromation om sk\u00f6nhet, livsstil, entrepren\u00f6rskap, makeup &amp; tips.\" \/>\n<meta name=\"robots\" content=\"index, follow, max-snippet:-1, max-image-preview:large, max-video-preview:-1\" \/>\n<link rel=\"canonical\" href=\"https:\/\/www.imakeyousmile.se\/es\/vattenfast-rouge-glominerals-powder-cheek-stain\/\" \/>\n<meta property=\"og:locale\" content=\"es_ES\" \/>\n<meta property=\"og:type\" content=\"article\" \/>\n<meta property=\"og:title\" content=\"Vattenfast rouge - gl\u014dminerals Powder Cheek Stain  | Imakeyousmile.se\" \/>\n<meta property=\"og:description\" content=\"Vattenfast rouge - gl\u014dminerals Powder Cheek Stain | Helena Amiley - H\u00e4r hittar du senaste infromation om sk\u00f6nhet, livsstil, entrepren\u00f6rskap, makeup &amp; tips.\" \/>\n<meta property=\"og:url\" content=\"https:\/\/www.imakeyousmile.se\/es\/vattenfast-rouge-glominerals-powder-cheek-stain\/\" \/>\n<meta property=\"og:site_name\" content=\"Imakeyousmile.se\" \/>\n<meta property=\"article:author\" content=\"https:\/\/www.facebook.com\/imakeyousmile.se\" \/>\n<meta property=\"article:published_time\" content=\"2012-12-14T07:05:17+00:00\" \/>\n<meta property=\"article:modified_time\" content=\"2013-02-24T14:41:29+00:00\" \/>\n<meta property=\"og:image\" content=\"http:\/\/www.imakeyousmile.se\/wp-content\/uploads\/2012\/12\/Capture.png\" \/>\n<meta name=\"twitter:card\" content=\"summary_large_image\" \/>\n<script type=\"application\/ld+json\" class=\"yoast-schema-graph\">{\"@context\":\"https:\/\/schema.org\",\"@graph\":[{\"@type\":\"Organization\",\"@id\":\"https:\/\/www.imakeyousmile.se\/es\/#organization\",\"name\":\"Imakeyousmile\",\"url\":\"https:\/\/www.imakeyousmile.se\/es\/\",\"sameAs\":[],\"logo\":{\"@type\":\"ImageObject\",\"@id\":\"https:\/\/www.imakeyousmile.se\/es\/#logo\",\"inLanguage\":\"es\",\"url\":\"https:\/\/www.imakeyousmile.se\/wp-content\/uploads\/2020\/10\/HELENA-AMILEY_SVART-1-e1603367975324.png\",\"width\":280,\"height\":93,\"caption\":\"Imakeyousmile\"},\"image\":{\"@id\":\"https:\/\/www.imakeyousmile.se\/es\/#logo\"}},{\"@type\":\"WebSite\",\"@id\":\"https:\/\/www.imakeyousmile.se\/es\/#website\",\"url\":\"https:\/\/www.imakeyousmile.se\/es\/\",\"name\":\"Imakeyousmile.se\",\"description\":\"Helena Amiley - Beauty, Entrepreneur, Lifestyle\",\"publisher\":{\"@id\":\"https:\/\/www.imakeyousmile.se\/es\/#organization\"},\"potentialAction\":[{\"@type\":\"SearchAction\",\"target\":\"https:\/\/www.imakeyousmile.se\/es\/?s={search_term_string}\",\"query-input\":\"required name=search_term_string\"}],\"inLanguage\":\"es\"},{\"@type\":\"ImageObject\",\"@id\":\"https:\/\/www.imakeyousmile.se\/vattenfast-rouge-glominerals-powder-cheek-stain\/#primaryimage\",\"inLanguage\":\"es\",\"url\":\"http:\/\/www.imakeyousmile.se\/wp-content\/uploads\/2012\/12\/Capture.png\"},{\"@type\":\"WebPage\",\"@id\":\"https:\/\/www.imakeyousmile.se\/vattenfast-rouge-glominerals-powder-cheek-stain\/#webpage\",\"url\":\"https:\/\/www.imakeyousmile.se\/vattenfast-rouge-glominerals-powder-cheek-stain\/\",\"name\":\"Vattenfast rouge - gl\\u014dminerals Powder Cheek Stain | Imakeyousmile.se\",\"isPartOf\":{\"@id\":\"https:\/\/www.imakeyousmile.se\/es\/#website\"},\"primaryImageOfPage\":{\"@id\":\"https:\/\/www.imakeyousmile.se\/vattenfast-rouge-glominerals-powder-cheek-stain\/#primaryimage\"},\"datePublished\":\"2012-12-14T07:05:17+00:00\",\"dateModified\":\"2013-02-24T14:41:29+00:00\",\"description\":\"Vattenfast rouge - gl\\u014dminerals Powder Cheek Stain | Helena Amiley - H\\u00e4r hittar du senaste infromation om sk\\u00f6nhet, livsstil, entrepren\\u00f6rskap, makeup & tips.\",\"inLanguage\":\"es\",\"potentialAction\":[{\"@type\":\"ReadAction\",\"target\":[\"https:\/\/www.imakeyousmile.se\/vattenfast-rouge-glominerals-powder-cheek-stain\/\"]}]},{\"@type\":\"Article\",\"@id\":\"https:\/\/www.imakeyousmile.se\/vattenfast-rouge-glominerals-powder-cheek-stain\/#article\",\"isPartOf\":{\"@id\":\"https:\/\/www.imakeyousmile.se\/vattenfast-rouge-glominerals-powder-cheek-stain\/#webpage\"},\"author\":{\"@id\":\"https:\/\/www.imakeyousmile.se\/es\/#\/schema\/person\/b0fd43b1c6bb1c60cfd68bff9b4a10fb\"},\"headline\":\"Vattenfast rouge &#8211; gl\\u014dminerals Powder Cheek Stain\",\"datePublished\":\"2012-12-14T07:05:17+00:00\",\"dateModified\":\"2013-02-24T14:41:29+00:00\",\"mainEntityOfPage\":{\"@id\":\"https:\/\/www.imakeyousmile.se\/vattenfast-rouge-glominerals-powder-cheek-stain\/#webpage\"},\"commentCount\":0,\"publisher\":{\"@id\":\"https:\/\/www.imakeyousmile.se\/es\/#organization\"},\"image\":{\"@id\":\"https:\/\/www.imakeyousmile.se\/vattenfast-rouge-glominerals-powder-cheek-stain\/#primaryimage\"},\"keywords\":\"gl\\u014dminerals Powder Cheek Stain,Pigmentrik rouge,Vattenfast rouge\",\"articleSection\":\"Recensioner &amp; Produkttips\",\"inLanguage\":\"es\",\"potentialAction\":[{\"@type\":\"CommentAction\",\"name\":\"Comment\",\"target\":[\"https:\/\/www.imakeyousmile.se\/vattenfast-rouge-glominerals-powder-cheek-stain\/#respond\"]}]},{\"@type\":\"Person\",\"@id\":\"https:\/\/www.imakeyousmile.se\/es\/#\/schema\/person\/b0fd43b1c6bb1c60cfd68bff9b4a10fb\",\"name\":\"Helena Amiley\",\"image\":{\"@type\":\"ImageObject\",\"@id\":\"https:\/\/www.imakeyousmile.se\/es\/#personlogo\",\"inLanguage\":\"es\",\"url\":\"https:\/\/secure.gravatar.com\/avatar\/5645558e1e355457a23368d7e1b4c904?s=96&d=mm&r=g\",\"caption\":\"Helena Amiley\"},\"description\":\"Jag skriver mest om sk\\u00f6nhet men bjuder \\u00e4ven p\\u00e5 glimtar fr\\u00e5n entrepren\\u00f6rlivet och bygget av v\\u00e5r egen camper van. Vanlife here we come!\",\"sameAs\":[\"https:\/\/www.facebook.com\/imakeyousmile.se\",\"https:\/\/www.instagram.com\/helenaamiley\",\"https:\/\/www.youtube.com\/channel\/UCR5iB6rvpV6Yr8ZjpQfr5mg?view_as=subscriber\"]}]}<\/script>\n<!-- \/ Yoast SEO Premium plugin. -->","_links":{"self":[{"href":"https:\/\/www.imakeyousmile.se\/es\/wp-json\/wp\/v2\/posts\/2179"}],"collection":[{"href":"https:\/\/www.imakeyousmile.se\/es\/wp-json\/wp\/v2\/posts"}],"about":[{"href":"https:\/\/www.imakeyousmile.se\/es\/wp-json\/wp\/v2\/types\/post"}],"author":[{"embeddable":true,"href":"https:\/\/www.imakeyousmile.se\/es\/wp-json\/wp\/v2\/users\/30"}],"replies":[{"embeddable":true,"href":"https:\/\/www.imakeyousmile.se\/es\/wp-json\/wp\/v2\/comments?post=2179"}],"version-history":[{"count":0,"href":"https:\/\/www.imakeyousmile.se\/es\/wp-json\/wp\/v2\/posts\/2179\/revisions"}],"wp:attachment":[{"href":"https:\/\/www.imakeyousmile.se\/es\/wp-json\/wp\/v2\/media?parent=2179"}],"wp:term":[{"taxonomy":"category","embeddable":true,"href":"https:\/\/www.imakeyousmile.se\/es\/wp-json\/wp\/v2\/categories?post=2179"},{"taxonomy":"post_tag","embeddable":true,"href":"https:\/\/www.imakeyousmile.se\/es\/wp-json\/wp\/v2\/tags?post=2179"}],"curies":[{"name":"wp","href":"https:\/\/api.w.org\/{rel}","templated":true}]}}