{"id":21857,"date":"2015-09-02T05:13:58","date_gmt":"2015-09-02T03:13:58","guid":{"rendered":"http:\/\/www.imakeyousmile.se\/?p=21857"},"modified":"2015-09-01T20:41:29","modified_gmt":"2015-09-01T18:41:29","slug":"hostsminkning-7","status":"publish","type":"post","link":"https:\/\/www.imakeyousmile.se\/es\/hosts-maquillaje-7\/","title":{"rendered":"Maquillaje de oto\u00f1o"},"content":{"rendered":"<p>El maquillaje de hoy est\u00e1 inspirado en <a href=\"http:\/\/www.imakeyousmile.se\/es\/sminktrender-host-2015\/\" target=\"_blank\">entrada del blog de ayer<\/a> sobre las tendencias de oto\u00f1o de 2015, no es el maquillaje lo que proviene directamente de uno de los looks que les mostr\u00e9, sino una mezcla de sombras de bronce y oro relucientes y enfoque en la parte inferior de los ojos, los cuales son detalles que vi en mi peque\u00f1o look de tendencia :)<\/p>\n<p>Me gusta mucho este maquillaje y lamento no haber tomado fotos paso a paso para que veas lo f\u00e1cil que es hacerlo. \u00a1Pero explicar\u00e9 un poco m\u00e1s cuidadosamente en su lugar!<\/p>\n<p><a href=\"http:\/\/www.imakeyousmile.se\/wp-content\/uploads\/2015\/09\/IMG_3583_111.jpg\"><img loading=\"lazy\" decoding=\"async\" class=\"alignnone size-full wp-image-21861\" src=\"http:\/\/www.imakeyousmile.se\/wp-content\/uploads\/2015\/09\/IMG_3583_111.jpg\" alt=\"IMG_3583_111\" width=\"2766\" height=\"1350\" srcset=\"https:\/\/www.imakeyousmile.se\/wp-content\/uploads\/2015\/09\/IMG_3583_111.jpg 2560w, https:\/\/www.imakeyousmile.se\/wp-content\/uploads\/2015\/09\/IMG_3583_111-300x146.jpg 300w, https:\/\/www.imakeyousmile.se\/wp-content\/uploads\/2015\/09\/IMG_3583_111-1024x500.jpg 1024w, https:\/\/www.imakeyousmile.se\/wp-content\/uploads\/2015\/09\/IMG_3583_111-533x261.jpg 533w, https:\/\/www.imakeyousmile.se\/wp-content\/uploads\/2015\/09\/IMG_3583_111-696x340.jpg 696w, https:\/\/www.imakeyousmile.se\/wp-content\/uploads\/2015\/09\/IMG_3583_111-1068x521.jpg 1068w, https:\/\/www.imakeyousmile.se\/wp-content\/uploads\/2015\/09\/IMG_3583_111-861x420.jpg 861w\" sizes=\"(max-width: 2766px) 100vw, 2766px\" \/><\/a><\/p>\n<p><strong>C\u00f3mo utilizar:<\/strong><br \/>\nPrimer con prebase de sombra de ojos.<br \/>\n2. Aplique una sombra marr\u00f3n rojiza en todo el p\u00e1rpado y difumine los bordes en la l\u00ednea del pliegue.<br \/>\nAplica una sombra de ojos clara en el rabillo del ojo y en la mitad del p\u00e1rpado.<br \/>\n4. Aplique una sombra de ojos dorada en el interior y el exterior del p\u00e1rpado y en el interior de la l\u00ednea de las pesta\u00f1as inferiores.<br \/>\n5. Delineador de ojos marr\u00f3n a lo largo de la l\u00ednea de flotaci\u00f3n y la l\u00ednea de las pesta\u00f1as inferiores.<br \/>\n6. Doble las pesta\u00f1as y termine con r\u00edmel en todas las pesta\u00f1as.<\/p>\n<p>Todo se vuelve tan simple porque base con una y la misma sombra de ojos, y luego agrega peque\u00f1os efectos (luz + dorado) que dan agradables cambios de color :)<\/p>\n<p><a href=\"http:\/\/www.imakeyousmile.se\/wp-content\/uploads\/2015\/09\/IMG_3583_1111.jpg\"><img loading=\"lazy\" decoding=\"async\" class=\"alignnone size-full wp-image-21862\" src=\"http:\/\/www.imakeyousmile.se\/wp-content\/uploads\/2015\/09\/IMG_3583_1111.jpg\" alt=\"IMG_3583_1111\" width=\"1475\" height=\"1085\" srcset=\"https:\/\/www.imakeyousmile.se\/wp-content\/uploads\/2015\/09\/IMG_3583_1111.jpg 1475w, https:\/\/www.imakeyousmile.se\/wp-content\/uploads\/2015\/09\/IMG_3583_1111-300x221.jpg 300w, https:\/\/www.imakeyousmile.se\/wp-content\/uploads\/2015\/09\/IMG_3583_1111-1024x753.jpg 1024w, https:\/\/www.imakeyousmile.se\/wp-content\/uploads\/2015\/09\/IMG_3583_1111-80x60.jpg 80w, https:\/\/www.imakeyousmile.se\/wp-content\/uploads\/2015\/09\/IMG_3583_1111-696x512.jpg 696w, https:\/\/www.imakeyousmile.se\/wp-content\/uploads\/2015\/09\/IMG_3583_1111-1068x786.jpg 1068w, https:\/\/www.imakeyousmile.se\/wp-content\/uploads\/2015\/09\/IMG_3583_1111-571x420.jpg 571w\" sizes=\"(max-width: 1475px) 100vw, 1475px\" \/><\/a><\/p>\n<p><strong>Productos que he usado:<\/strong><br \/>\nImprimaci\u00f3n de sombra de ojos - <a href=\"https:\/\/ion.lyko.com\/t\/t?a=1117786221&#038;as=1548102449&#038;t=2&#038;tk=1&#038;epi=search-replace-pixiprimer&#038;url=https:\/\/lyko.com\/sv\/sok?q=pixi+primer\" target=\"_blank\">Primer Pixi Eye Bright<\/a><br \/>\nSombra de ojos granate + clara - <a href=\"http:\/\/creativemakeup.se\/produkt\/paese-shimmer-trio-palette\/\" target=\"_blank\">Paese trio Trio (106)<\/a><br \/>\nSombra de ojos dorada - <a href=\"https:\/\/ion.lyko.com\/t\/t?a=1117786221&#038;as=1548102449&#038;t=2&#038;tk=1&#038;epi=search-replace-pixi-endless&#038;url=https:\/\/lyko.com\/sv\/pixi\/pixi-endless-silky-eye-pen-icy-citrine\/\" target=\"_blank\">Sombra de ojos mineral Yag (oro rosa)<\/a><br \/>\nDelineador de ojos marr\u00f3n -<a href=\"https:\/\/ion.lyko.com\/t\/t?a=1117786221&#038;as=1548102449&#038;t=2&#038;tk=1&#038;epi=search-replace-pixi-endless&#038;url=https:\/\/lyko.com\/sv\/pixi\/pixi-endless-silky-eye-pen-icy-citrine\/\" target=\"_blank\"> Bol\u00edgrafo Pixi Endless Silky Eye (Cacao negro)<\/a><br \/>\nR\u00edmel negro en todas las pesta\u00f1as - <a href=\"http:\/\/creativemakeup.se\/produkt\/adore-3d-lash-mascara\/\" target=\"_blank\">M\u00e1scara de pesta\u00f1as 3D Paese Adore<\/a><\/p>\n<p><a href=\"http:\/\/www.imakeyousmile.se\/wp-content\/uploads\/2015\/09\/IMG_3452_111.jpg\"><img loading=\"lazy\" decoding=\"async\" class=\"alignnone size-full wp-image-21858\" src=\"http:\/\/www.imakeyousmile.se\/wp-content\/uploads\/2015\/09\/IMG_3452_111.jpg\" alt=\"IMG_3452_111\" width=\"2000\" height=\"1796\" srcset=\"https:\/\/www.imakeyousmile.se\/wp-content\/uploads\/2015\/09\/IMG_3452_111.jpg 2000w, https:\/\/www.imakeyousmile.se\/wp-content\/uploads\/2015\/09\/IMG_3452_111-300x269.jpg 300w, https:\/\/www.imakeyousmile.se\/wp-content\/uploads\/2015\/09\/IMG_3452_111-1024x920.jpg 1024w, https:\/\/www.imakeyousmile.se\/wp-content\/uploads\/2015\/09\/IMG_3452_111-696x625.jpg 696w, https:\/\/www.imakeyousmile.se\/wp-content\/uploads\/2015\/09\/IMG_3452_111-1068x959.jpg 1068w, https:\/\/www.imakeyousmile.se\/wp-content\/uploads\/2015\/09\/IMG_3452_111-468x420.jpg 468w\" sizes=\"(max-width: 2000px) 100vw, 2000px\" \/><\/a><\/p>\n<p>Barra de labios - <a href=\"https:\/\/ion.jordklok.se\/t\/t?a=1236848151&#038;as=1548102449&#038;t=2&#038;tk=1&#038;epi=search-replace-benecoslipstick&#038;url=https:\/\/www.jordklok.se\/sv\/articles\/2.70.3597\/benecos-natural-lipstick-45-g?q=Benecos%20Natural%20Lipstick,%204,5%20g\/\" target=\"_blank\">L\u00e1piz labial natural Benecos (crema)<\/a><\/p>\n<p><a href=\"http:\/\/www.imakeyousmile.se\/wp-content\/uploads\/2015\/09\/IMG_3460_111.jpg\"><img loading=\"lazy\" decoding=\"async\" class=\"alignnone size-full wp-image-21859\" src=\"http:\/\/www.imakeyousmile.se\/wp-content\/uploads\/2015\/09\/IMG_3460_111.jpg\" alt=\"IMG_3460_111\" width=\"2000\" height=\"2023\" srcset=\"https:\/\/www.imakeyousmile.se\/wp-content\/uploads\/2015\/09\/IMG_3460_111.jpg 2000w, https:\/\/www.imakeyousmile.se\/wp-content\/uploads\/2015\/09\/IMG_3460_111-297x300.jpg 297w, https:\/\/www.imakeyousmile.se\/wp-content\/uploads\/2015\/09\/IMG_3460_111-1012x1024.jpg 1012w, https:\/\/www.imakeyousmile.se\/wp-content\/uploads\/2015\/09\/IMG_3460_111-696x704.jpg 696w, https:\/\/www.imakeyousmile.se\/wp-content\/uploads\/2015\/09\/IMG_3460_111-1068x1080.jpg 1068w, https:\/\/www.imakeyousmile.se\/wp-content\/uploads\/2015\/09\/IMG_3460_111-415x420.jpg 415w\" sizes=\"(max-width: 2000px) 100vw, 2000px\" \/><\/a> <a href=\"http:\/\/www.imakeyousmile.se\/wp-content\/uploads\/2015\/09\/IMG_3572_111.jpg\"><img loading=\"lazy\" decoding=\"async\" class=\"alignnone size-full wp-image-21860\" src=\"http:\/\/www.imakeyousmile.se\/wp-content\/uploads\/2015\/09\/IMG_3572_111.jpg\" alt=\"IMG_3572_111\" width=\"2000\" height=\"1858\" srcset=\"https:\/\/www.imakeyousmile.se\/wp-content\/uploads\/2015\/09\/IMG_3572_111.jpg 2000w, https:\/\/www.imakeyousmile.se\/wp-content\/uploads\/2015\/09\/IMG_3572_111-300x279.jpg 300w, https:\/\/www.imakeyousmile.se\/wp-content\/uploads\/2015\/09\/IMG_3572_111-1024x951.jpg 1024w, https:\/\/www.imakeyousmile.se\/wp-content\/uploads\/2015\/09\/IMG_3572_111-696x647.jpg 696w, https:\/\/www.imakeyousmile.se\/wp-content\/uploads\/2015\/09\/IMG_3572_111-1068x992.jpg 1068w, https:\/\/www.imakeyousmile.se\/wp-content\/uploads\/2015\/09\/IMG_3572_111-452x420.jpg 452w\" sizes=\"(max-width: 2000px) 100vw, 2000px\" \/><\/a>\u00a1Espero que est\u00e9s inspirado!<\/p>\n<p>Yo mismo me dirigir\u00e9 a Uppsala ahora y firmar\u00e9 muchos papeles con el banco, y tambi\u00e9n donar\u00e9 mucho en las nuevas instalaciones. Entre otras cosas, viene pap\u00e1 con los tocadores que tendremos en la zona del sal\u00f3n, \u00a1qu\u00e9 curiosidad! Le acabo de dar medidas y una imagen en otra mesa que nos gusta (pero que cuesta 5 d\u00edgitos y necesitamos dos), as\u00ed que ser\u00e1 muy divertido verlos ahora finalmente.<\/p>\n<p>Los espejos de maquillaje tambi\u00e9n ya est\u00e1n colocados en la habitaci\u00f3n, tendremos espejos de Sminkspegel.se, <a href=\"http:\/\/www.sminkspegel.se\/naomi-sminkspegel\" target=\"_blank\">El m\u00e1s largo<\/a> tienen, por supuesto;) no importa lo agradable que sea. \u00a1Oooh, quiero todo listo ahora, ahora, ahora!<\/p>\n<p>De todos modos, ahora es septiembre, as\u00ed que falta menos de un mes para que abramos, as\u00ed que no tengo que tener mucha paciencia por mucho tiempo, \u00a1iiiiiiiiiiiiih!<\/p>\n<p>De todos modos, ahora voy a dejar de charlar y correr al bus :)<\/p>\n<p>\u00a1Los abrazos son! \u2665<\/p>","protected":false},"excerpt":{"rendered":"<p>Dagens sminkning \u00e4r inspirerad av g\u00e5rdagens blogginl\u00e4gg om h\u00f6sttrender 2015, det \u00e4r ingen sminkning som rakt av \u00e4r en av lookerna jag visade er, men det blev en blandning av skimriga bronze- och guldskuggor och fokus p\u00e5 undersidan av \u00f6gonen som b\u00e5da \u00e4r detaljer som jag s\u00e5g i min lilla trendspaning :) Jag gillar den [&hellip;]<\/p>\n","protected":false},"author":30,"featured_media":21862,"comment_status":"open","ping_status":"closed","sticky":false,"template":"","format":"standard","meta":{"footnotes":""},"categories":[9,2827],"tags":[2648,3112,3982,3003,991,2561,433,54],"class_list":["post-21857","post","type-post","status-publish","format-standard","has-post-thumbnail","hentry","category-partysminkningar","category-vardagssminkningar","tag-autumn-makeup","tag-benecos-lipstick","tag-glitter-sminkning","tag-guldsminkning","tag-hostsminkning","tag-paese-trio","tag-skonhetsblogg","tag-sminkblogg"],"yoast_head":"<!-- This site is optimized with the Yoast SEO Premium plugin v14.9 - https:\/\/yoast.com\/wordpress\/plugins\/seo\/ -->\n<meta name=\"description\" content=\"H\u00f6stsminkning | Helena Amiley - H\u00e4r hittar du senaste infromation om sk\u00f6nhet, livsstil, entrepren\u00f6rskap, makeup &amp; tips.\" \/>\n<meta name=\"robots\" content=\"index, follow, max-snippet:-1, max-image-preview:large, max-video-preview:-1\" \/>\n<link rel=\"canonical\" href=\"https:\/\/www.imakeyousmile.se\/es\/hostsminkning-7\/\" \/>\n<meta property=\"og:locale\" content=\"es_ES\" \/>\n<meta property=\"og:type\" content=\"article\" \/>\n<meta property=\"og:title\" content=\"H\u00f6stsminkning | Imakeyousmile.se\" \/>\n<meta property=\"og:description\" content=\"H\u00f6stsminkning | Helena Amiley - H\u00e4r hittar du senaste infromation om sk\u00f6nhet, livsstil, entrepren\u00f6rskap, makeup &amp; tips.\" \/>\n<meta property=\"og:url\" content=\"https:\/\/www.imakeyousmile.se\/es\/hostsminkning-7\/\" \/>\n<meta property=\"og:site_name\" content=\"Imakeyousmile.se\" \/>\n<meta property=\"article:author\" content=\"https:\/\/www.facebook.com\/imakeyousmile.se\" \/>\n<meta property=\"article:published_time\" content=\"2015-09-02T03:13:58+00:00\" \/>\n<meta property=\"article:modified_time\" content=\"2015-09-01T18:41:29+00:00\" \/>\n<meta property=\"og:image\" content=\"https:\/\/www.imakeyousmile.se\/wp-content\/uploads\/2015\/09\/IMG_3583_1111.jpg\" \/>\n\t<meta property=\"og:image:width\" content=\"1475\" \/>\n\t<meta property=\"og:image:height\" content=\"1085\" \/>\n<meta name=\"twitter:card\" content=\"summary_large_image\" \/>\n<script type=\"application\/ld+json\" class=\"yoast-schema-graph\">{\"@context\":\"https:\/\/schema.org\",\"@graph\":[{\"@type\":\"Organization\",\"@id\":\"https:\/\/www.imakeyousmile.se\/es\/#organization\",\"name\":\"Imakeyousmile\",\"url\":\"https:\/\/www.imakeyousmile.se\/es\/\",\"sameAs\":[],\"logo\":{\"@type\":\"ImageObject\",\"@id\":\"https:\/\/www.imakeyousmile.se\/es\/#logo\",\"inLanguage\":\"es\",\"url\":\"https:\/\/www.imakeyousmile.se\/wp-content\/uploads\/2020\/10\/HELENA-AMILEY_SVART-1-e1603367975324.png\",\"width\":280,\"height\":93,\"caption\":\"Imakeyousmile\"},\"image\":{\"@id\":\"https:\/\/www.imakeyousmile.se\/es\/#logo\"}},{\"@type\":\"WebSite\",\"@id\":\"https:\/\/www.imakeyousmile.se\/es\/#website\",\"url\":\"https:\/\/www.imakeyousmile.se\/es\/\",\"name\":\"Imakeyousmile.se\",\"description\":\"Helena Amiley - Beauty, Entrepreneur, Lifestyle\",\"publisher\":{\"@id\":\"https:\/\/www.imakeyousmile.se\/es\/#organization\"},\"potentialAction\":[{\"@type\":\"SearchAction\",\"target\":\"https:\/\/www.imakeyousmile.se\/es\/?s={search_term_string}\",\"query-input\":\"required name=search_term_string\"}],\"inLanguage\":\"es\"},{\"@type\":\"ImageObject\",\"@id\":\"https:\/\/www.imakeyousmile.se\/hostsminkning-7\/#primaryimage\",\"inLanguage\":\"es\",\"url\":\"https:\/\/www.imakeyousmile.se\/wp-content\/uploads\/2015\/09\/IMG_3583_1111.jpg\",\"width\":1475,\"height\":1085},{\"@type\":\"WebPage\",\"@id\":\"https:\/\/www.imakeyousmile.se\/hostsminkning-7\/#webpage\",\"url\":\"https:\/\/www.imakeyousmile.se\/hostsminkning-7\/\",\"name\":\"H\\u00f6stsminkning | Imakeyousmile.se\",\"isPartOf\":{\"@id\":\"https:\/\/www.imakeyousmile.se\/es\/#website\"},\"primaryImageOfPage\":{\"@id\":\"https:\/\/www.imakeyousmile.se\/hostsminkning-7\/#primaryimage\"},\"datePublished\":\"2015-09-02T03:13:58+00:00\",\"dateModified\":\"2015-09-01T18:41:29+00:00\",\"description\":\"H\\u00f6stsminkning | Helena Amiley - H\\u00e4r hittar du senaste infromation om sk\\u00f6nhet, livsstil, entrepren\\u00f6rskap, makeup & tips.\",\"inLanguage\":\"es\",\"potentialAction\":[{\"@type\":\"ReadAction\",\"target\":[\"https:\/\/www.imakeyousmile.se\/hostsminkning-7\/\"]}]},{\"@type\":\"Article\",\"@id\":\"https:\/\/www.imakeyousmile.se\/hostsminkning-7\/#article\",\"isPartOf\":{\"@id\":\"https:\/\/www.imakeyousmile.se\/hostsminkning-7\/#webpage\"},\"author\":{\"@id\":\"https:\/\/www.imakeyousmile.se\/es\/#\/schema\/person\/b0fd43b1c6bb1c60cfd68bff9b4a10fb\"},\"headline\":\"H\\u00f6stsminkning\",\"datePublished\":\"2015-09-02T03:13:58+00:00\",\"dateModified\":\"2015-09-01T18:41:29+00:00\",\"mainEntityOfPage\":{\"@id\":\"https:\/\/www.imakeyousmile.se\/hostsminkning-7\/#webpage\"},\"commentCount\":4,\"publisher\":{\"@id\":\"https:\/\/www.imakeyousmile.se\/es\/#organization\"},\"image\":{\"@id\":\"https:\/\/www.imakeyousmile.se\/hostsminkning-7\/#primaryimage\"},\"keywords\":\"autumn makeup,benecos lipstick,glitter sminkning,guldsminkning,h\\u00f6stsminkning,paese trio,sk\\u00f6nhetsblogg,sminkblogg\",\"articleSection\":\"M\\u00f6rka \/ festliga sminkningar,Neutrala \/ milda sminkningar\",\"inLanguage\":\"es\",\"potentialAction\":[{\"@type\":\"CommentAction\",\"name\":\"Comment\",\"target\":[\"https:\/\/www.imakeyousmile.se\/hostsminkning-7\/#respond\"]}]},{\"@type\":\"Person\",\"@id\":\"https:\/\/www.imakeyousmile.se\/es\/#\/schema\/person\/b0fd43b1c6bb1c60cfd68bff9b4a10fb\",\"name\":\"Helena Amiley\",\"image\":{\"@type\":\"ImageObject\",\"@id\":\"https:\/\/www.imakeyousmile.se\/es\/#personlogo\",\"inLanguage\":\"es\",\"url\":\"https:\/\/secure.gravatar.com\/avatar\/5645558e1e355457a23368d7e1b4c904?s=96&d=mm&r=g\",\"caption\":\"Helena Amiley\"},\"description\":\"Jag skriver mest om sk\\u00f6nhet men bjuder \\u00e4ven p\\u00e5 glimtar fr\\u00e5n entrepren\\u00f6rlivet och bygget av v\\u00e5r egen camper van. Vanlife here we come!\",\"sameAs\":[\"https:\/\/www.facebook.com\/imakeyousmile.se\",\"https:\/\/www.instagram.com\/helenaamiley\",\"https:\/\/www.youtube.com\/channel\/UCR5iB6rvpV6Yr8ZjpQfr5mg?view_as=subscriber\"]}]}<\/script>\n<!-- \/ Yoast SEO Premium plugin. -->","_links":{"self":[{"href":"https:\/\/www.imakeyousmile.se\/es\/wp-json\/wp\/v2\/posts\/21857"}],"collection":[{"href":"https:\/\/www.imakeyousmile.se\/es\/wp-json\/wp\/v2\/posts"}],"about":[{"href":"https:\/\/www.imakeyousmile.se\/es\/wp-json\/wp\/v2\/types\/post"}],"author":[{"embeddable":true,"href":"https:\/\/www.imakeyousmile.se\/es\/wp-json\/wp\/v2\/users\/30"}],"replies":[{"embeddable":true,"href":"https:\/\/www.imakeyousmile.se\/es\/wp-json\/wp\/v2\/comments?post=21857"}],"version-history":[{"count":1,"href":"https:\/\/www.imakeyousmile.se\/es\/wp-json\/wp\/v2\/posts\/21857\/revisions"}],"predecessor-version":[{"id":21863,"href":"https:\/\/www.imakeyousmile.se\/es\/wp-json\/wp\/v2\/posts\/21857\/revisions\/21863"}],"wp:featuredmedia":[{"embeddable":true,"href":"https:\/\/www.imakeyousmile.se\/es\/wp-json\/wp\/v2\/media\/21862"}],"wp:attachment":[{"href":"https:\/\/www.imakeyousmile.se\/es\/wp-json\/wp\/v2\/media?parent=21857"}],"wp:term":[{"taxonomy":"category","embeddable":true,"href":"https:\/\/www.imakeyousmile.se\/es\/wp-json\/wp\/v2\/categories?post=21857"},{"taxonomy":"post_tag","embeddable":true,"href":"https:\/\/www.imakeyousmile.se\/es\/wp-json\/wp\/v2\/tags?post=21857"}],"curies":[{"name":"wp","href":"https:\/\/api.w.org\/{rel}","templated":true}]}}