{"id":21864,"date":"2015-09-02T14:28:14","date_gmt":"2015-09-02T12:28:14","guid":{"rendered":"http:\/\/www.imakeyousmile.se\/?p=21864"},"modified":"2015-09-02T09:06:16","modified_gmt":"2015-09-02T07:06:16","slug":"varda-torra-hander","status":"publish","type":"post","link":"https:\/\/www.imakeyousmile.se\/es\/varda-torra-hander\/","title":{"rendered":"Cuida las manos secas"},"content":{"rendered":"<p>Ahora el oto\u00f1o se acerca r\u00e1pidamente, y la temporada de piel seca al mismo ritmo. Tan pronto como el clima se vuelve m\u00e1s fr\u00edo, la piel se vuelve m\u00e1s seca con la compra.<\/p>\n<p>Las manos son la parte del cuerpo que m\u00e1s estr\u00e9s est\u00e1 expuesta durante el d\u00eda, las usamos casi todo el tiempo y las lavamos varias, varias veces. Y el cuidado de las manos en particular es muy importante para m\u00ed, marca una gran diferencia si he tenido un buen per\u00edodo o un &quot;descuidado&quot;.<\/p>\n<p>Adem\u00e1s, las manos son una de las partes del cuerpo que tambi\u00e9n<em>\u00a0muestra<\/em>\u00a0sobre todo, los saluda, gesticula con ellos, les muestra cosas y muy rara vez los viste, por lo que son b\u00e1sicamente visibles todo el tiempo.<\/p>\n<p><a href=\"http:\/\/cdn.finest.se\/wp-content\/uploads\/sites\/7701\/2015\/04\/1428844163-7902.jpg\"><img loading=\"lazy\" decoding=\"async\" class=\"alignnone size-full wp-image-3765 td-animation-stack-type0-1\" src=\"http:\/\/cdn.finest.se\/wp-content\/uploads\/sites\/7701\/2015\/04\/1428844163-7902.jpg\" alt=\"IMG_6921_111\" width=\"1000\" height=\"601\" \/><\/a><\/p>\n<p>Si cuidas bien tus manos (y cut\u00edculas), tambi\u00e9n obtendr\u00e1s u\u00f1as fuertes y bonitas :)<\/p>\n<p>En otras palabras, que las manos necesiten un poco m\u00e1s de cuidado no es tan extra\u00f1o, y muchos de nosotros compramos bonitas cremas para manos y aceites para cut\u00edculas de varios tipos y lo intentamos lo mejor que podemos.<\/p>\n<p>Pero lo que me llama la atenci\u00f3n es que incluso con los &quot;amantes de los productos&quot; como yo, casi siempre es un jab\u00f3n sint\u00e9tico s\u00faper barato de la tienda que est\u00e1 en el ba\u00f1o. Compramos limpiadores faciales y cremas de ducha caros, pero las manos que m\u00e1s nos lavamos, rara vez pensamos mucho en esa limpieza. \u00bfSeguro que es un poco raro?<\/p>\n<p><a href=\"http:\/\/cdn.finest.se\/wp-content\/uploads\/sites\/7701\/2015\/04\/1428843025-7902.jpg\"><img loading=\"lazy\" decoding=\"async\" class=\"alignnone size-full wp-image-3763 td-animation-stack-type0-1\" src=\"http:\/\/cdn.finest.se\/wp-content\/uploads\/sites\/7701\/2015\/04\/1428843025-7902.jpg\" alt=\"jab\u00f3n de manos org\u00e1nico\" width=\"1000\" height=\"905\" \/><\/a><\/p>\n<p>Mi jab\u00f3n de manos es\u00a0<a href=\"http:\/\/creativemakeup.se\/produkt\/botanicals-hand-wash-mandarin-lemongrass\/\" target=\"_blank\">Lavado de manos de bot\u00e1nicos<\/a>\u00a0con limoncillo y mandarina, y escucho de casi todos los que me prestan el ba\u00f1o &quot;<em>tu jab\u00f3n de manos Helena, \u00a1huele tan bien divino!<\/em>\u201d. Y cuando digo que es 95% org\u00e1nico y 100% natural tambi\u00e9n, quedan a\u00fan m\u00e1s impresionados :)<\/p>\n<p>Mi madre tambi\u00e9n tiene este jab\u00f3n de manos y dice que sus manos se han vuelto mucho m\u00e1s suaves que antes y la piel ya no est\u00e1 seca en absoluto. Y, b\u00e1sicamente, tampoco los lubrica nunca.<\/p>\n<p>Amo este jab\u00f3n de manos por varias razones:<\/p>\n<p>1. \u00a1Limpia muy bien la piel y realmente sientes que tus manos est\u00e1n limpias! Adem\u00e1s, contiene \u00e1rbol de t\u00e9 que tiene propiedades antibacterianas.<br \/>\n2. Hidrata la piel.<br \/>\n4. \u00a1El buen olor que se esparce en el ba\u00f1o cuando te lavas las manos es absolutamente maravilloso!<br \/>\n5. \u00a1Puede tirar el jab\u00f3n por el desag\u00fce con la conciencia tranquila! S\u00faper importante con un producto que usas con tanta frecuencia.<\/p>\n<p><strong>Ingredientes importantes (todos org\u00e1nicos certificados):<\/strong><br \/>\n<strong>Aceite de coco<\/strong>\u00a0suaviza la piel, alivia el eccema y la piel irritada y acelera el proceso de curaci\u00f3n.<br \/>\n<strong>Aceite de girasol<\/strong>\u00a0retiene la humedad y refuerza la propia barrera protectora de la piel.<br \/>\n<strong>Glicerina<\/strong>\u00a0hidrata la piel agrietada y agrietada.<br \/>\n<strong>Limoncillo y mandarina<\/strong>\u00a0son limpiadores naturales y dan un aroma fresco y maravilloso.<br \/>\n<strong>\u00c1rbol de t\u00e9<\/strong>\u00a0alivia la piel irritada e inflamada, es antibacteriana y alivia la picaz\u00f3n.<\/p>\n<p>Todos los productos de Botanicals son veganos.<\/p>\n<p><a href=\"http:\/\/cdn.finest.se\/wp-content\/uploads\/sites\/7701\/2015\/04\/1428843027-7902.jpg\"><img loading=\"lazy\" decoding=\"async\" class=\"alignnone size-full wp-image-3764 td-animation-stack-type0-1\" src=\"http:\/\/cdn.finest.se\/wp-content\/uploads\/sites\/7701\/2015\/04\/1428843027-7902.jpg\" alt=\"lavado de manos org\u00e1nico\" width=\"978\" height=\"704\" \/><\/a><\/p>\n<p>En otras palabras, no te olvides de tus manos sino mimalas (\u00a1y las aguas residuales!) \u00a1Con un jab\u00f3n de manos org\u00e1nico y fino!<\/p>\n<p>La mejor combinaci\u00f3n es la crema de manos con el mismo aroma.\u00a0<a href=\"http:\/\/creativemakeup.se\/produkt\/botanicals-hand-lotion-lemongrass-mandarin\/\" target=\"_blank\">Loci\u00f3n de manos Botanicals<\/a>\u00a0da unas manos incre\u00edblemente suaves y fragantes, y luego tambi\u00e9n penetra r\u00e1pidamente en la piel, que creo que es una de las propiedades m\u00e1s importantes que debe tener una buena crema de manos :)<\/p>\n<p><strong>Ingredientes importantes (todos org\u00e1nicos certificados):<\/strong><br \/>\n<strong>Manteca de karit\u00e9<\/strong>\u00a0retiene la humedad, calma la piel irritada y acelera el proceso de curaci\u00f3n.<br \/>\n<strong>Mantequilla de cocoa<\/strong>\u00a0retiene la humedad y hace que la piel sea suave y flexible.<br \/>\n<strong>Aloe vera<\/strong>\u00a0hidrata, nutre y cura la piel.<br \/>\n<strong>Extracto de te verde<\/strong>\u00a0es poderoso contra los radicales libres y protege la piel de las impurezas y el mal olor.<\/p>\n<p>Revisi\u00f3n en Byher.se sobre el jab\u00f3n de manos:<br \/>\n<em><strong>\u201cUn jab\u00f3n de manos que, despu\u00e9s de lavarse, se siente como si se hubieran lubricado las manos con crema de manos. Las manos se vuelven aterciopeladas y el olor se siente natural (sin aromas sint\u00e9ticos) &quot;.<\/strong><\/em><\/p>\n<p>Rese\u00f1a en Byher.se sobre la crema de manos:<br \/>\n<em><strong>\u201cComo tengo problemas con las manos, tengo cuidado con las cremas para la piel que compro y lo que contienen. Hay una mala oferta cuando se trata de buenas cremas, y he probado la mayor\u00eda de ellas. Mis hijas me compraron esta crema, porque les pareci\u00f3 bien a m\u00ed que soy tan quisquillosa. La crema tiene una buena consistencia y un peque\u00f1o clic es suficiente para ambas manos. Penetra en la piel de buena forma sin sentirse pegajoso ni graso. Despu\u00e9s, las manos se vuelven suaves y no siento las \u00e1reas secas, pero tengo una sensaci\u00f3n c\u00f3moda &quot;.<\/strong><\/em><\/p>\n<p>Es maravilloso escucharlo, y me alegro mucho cuando te tomas el tiempo para escribir lo que piensas \u2665<\/p>\n<p><a href=\"http:\/\/cdn.finest.se\/wp-content\/uploads\/sites\/7701\/2015\/04\/1428844460-7902.jpg\"><img loading=\"lazy\" decoding=\"async\" class=\"alignnone size-full wp-image-3766 td-animation-stack-type0-1\" src=\"http:\/\/cdn.finest.se\/wp-content\/uploads\/sites\/7701\/2015\/04\/1428844460-7902.jpg\" alt=\"cuidado de manos org\u00e1nico\" width=\"642\" height=\"581\" \/><\/a><\/p>\n<p>Es bueno estar uno al lado del otro en el ba\u00f1o: l\u00e1vese las manos y luego lubr\u00edquelas con el mismo buen aroma. \u00bfQu\u00e9 tan lujoso? :)<\/p>\n<p>Si hubiera tenido un ba\u00f1o mejor, les habr\u00eda mostrado algunas fotos del interior con todos mis productos jeje. \u00a1Genial para regalar tambi\u00e9n! El jab\u00f3n contiene 250 ml y la crema de manos 100 ml.<\/p>\n<p>\u00bfY por qu\u00e9 no a\u00f1adir tambi\u00e9n esmalte de u\u00f1as con aceite org\u00e1nico para cut\u00edculas?\u00a0<a href=\"https:\/\/ion.jordklok.se\/t\/t?a=1236848151&#038;as=1548102449&#038;t=2&#038;tk=1&#038;epi=search-replace-benecos&#038;url=https:\/\/www.jordklok.se\/sv\/search?q=benecos\/\" target=\"_blank\">Pluma Benecos Nail Care<\/a>\u00a0tambi\u00e9n est\u00e1 disponible en Byher.se y cuesta solo 79 SEK. Un kit de mano perfecto :)<\/p>\n<p>Grita si tienes alguna pregunta \u2665<\/p>","protected":false},"excerpt":{"rendered":"<p>Nu b\u00f6rjar h\u00f6sten n\u00e4rma sig med stormsteg &#8211; och den torra hudens \u00e5rstid i samma takt. S\u00e5 fort det blir kallare klimat s\u00e5 blir huden mer torr p\u00e5 k\u00f6pet. H\u00e4nderna \u00e4r den kroppsdel som uts\u00e4tts f\u00f6r mest p\u00e5frestning om dagarna, vi\u00a0anv\u00e4nder dom n\u00e4stan hela tiden och tv\u00e4ttar dom flera, flera g\u00e5nger. Och just handv\u00e5rden \u00e4r [&hellip;]<\/p>\n","protected":false},"author":30,"featured_media":21867,"comment_status":"open","ping_status":"closed","sticky":false,"template":"","format":"standard","meta":{"footnotes":""},"categories":[40,59],"tags":[3986,3408,3984,3985,3987,3983],"class_list":["post-21864","post","type-post","status-publish","format-standard","has-post-thumbnail","hentry","category-hudvard","category-recensioner-produkttips","tag-bra-handkram","tag-ekologisk-handtval","tag-handtval","tag-handtval-torra-hander","tag-nariga-hander","tag-torra-hander"],"yoast_head":"<!-- This site is optimized with the Yoast SEO Premium plugin v14.9 - https:\/\/yoast.com\/wordpress\/plugins\/seo\/ -->\n<meta name=\"description\" content=\"V\u00e5rda torra h\u00e4nder | Helena Amiley - H\u00e4r hittar du senaste infromation om sk\u00f6nhet, livsstil, entrepren\u00f6rskap, makeup &amp; tips.\" \/>\n<meta name=\"robots\" content=\"index, follow, max-snippet:-1, max-image-preview:large, max-video-preview:-1\" \/>\n<link rel=\"canonical\" href=\"https:\/\/www.imakeyousmile.se\/es\/varda-torra-hander\/\" \/>\n<meta property=\"og:locale\" content=\"es_ES\" \/>\n<meta property=\"og:type\" content=\"article\" \/>\n<meta property=\"og:title\" content=\"V\u00e5rda torra h\u00e4nder | Imakeyousmile.se\" \/>\n<meta property=\"og:description\" content=\"V\u00e5rda torra h\u00e4nder | Helena Amiley - H\u00e4r hittar du senaste infromation om sk\u00f6nhet, livsstil, entrepren\u00f6rskap, makeup &amp; tips.\" \/>\n<meta property=\"og:url\" content=\"https:\/\/www.imakeyousmile.se\/es\/varda-torra-hander\/\" \/>\n<meta property=\"og:site_name\" content=\"Imakeyousmile.se\" \/>\n<meta property=\"article:author\" content=\"https:\/\/www.facebook.com\/imakeyousmile.se\" \/>\n<meta property=\"article:published_time\" content=\"2015-09-02T12:28:14+00:00\" \/>\n<meta property=\"article:modified_time\" content=\"2015-09-02T07:06:16+00:00\" \/>\n<meta property=\"og:image\" content=\"https:\/\/www.imakeyousmile.se\/wp-content\/uploads\/2015\/09\/1428844163-7902.jpg\" \/>\n\t<meta property=\"og:image:width\" content=\"1000\" \/>\n\t<meta property=\"og:image:height\" content=\"601\" \/>\n<meta name=\"twitter:card\" content=\"summary_large_image\" \/>\n<script type=\"application\/ld+json\" class=\"yoast-schema-graph\">{\"@context\":\"https:\/\/schema.org\",\"@graph\":[{\"@type\":\"Organization\",\"@id\":\"https:\/\/www.imakeyousmile.se\/es\/#organization\",\"name\":\"Imakeyousmile\",\"url\":\"https:\/\/www.imakeyousmile.se\/es\/\",\"sameAs\":[],\"logo\":{\"@type\":\"ImageObject\",\"@id\":\"https:\/\/www.imakeyousmile.se\/es\/#logo\",\"inLanguage\":\"es\",\"url\":\"https:\/\/www.imakeyousmile.se\/wp-content\/uploads\/2020\/10\/HELENA-AMILEY_SVART-1-e1603367975324.png\",\"width\":280,\"height\":93,\"caption\":\"Imakeyousmile\"},\"image\":{\"@id\":\"https:\/\/www.imakeyousmile.se\/es\/#logo\"}},{\"@type\":\"WebSite\",\"@id\":\"https:\/\/www.imakeyousmile.se\/es\/#website\",\"url\":\"https:\/\/www.imakeyousmile.se\/es\/\",\"name\":\"Imakeyousmile.se\",\"description\":\"Helena Amiley - Beauty, Entrepreneur, Lifestyle\",\"publisher\":{\"@id\":\"https:\/\/www.imakeyousmile.se\/es\/#organization\"},\"potentialAction\":[{\"@type\":\"SearchAction\",\"target\":\"https:\/\/www.imakeyousmile.se\/es\/?s={search_term_string}\",\"query-input\":\"required name=search_term_string\"}],\"inLanguage\":\"es\"},{\"@type\":\"ImageObject\",\"@id\":\"https:\/\/www.imakeyousmile.se\/varda-torra-hander\/#primaryimage\",\"inLanguage\":\"es\",\"url\":\"https:\/\/www.imakeyousmile.se\/wp-content\/uploads\/2015\/09\/1428844163-7902.jpg\",\"width\":1000,\"height\":601},{\"@type\":\"WebPage\",\"@id\":\"https:\/\/www.imakeyousmile.se\/varda-torra-hander\/#webpage\",\"url\":\"https:\/\/www.imakeyousmile.se\/varda-torra-hander\/\",\"name\":\"V\\u00e5rda torra h\\u00e4nder | Imakeyousmile.se\",\"isPartOf\":{\"@id\":\"https:\/\/www.imakeyousmile.se\/es\/#website\"},\"primaryImageOfPage\":{\"@id\":\"https:\/\/www.imakeyousmile.se\/varda-torra-hander\/#primaryimage\"},\"datePublished\":\"2015-09-02T12:28:14+00:00\",\"dateModified\":\"2015-09-02T07:06:16+00:00\",\"description\":\"V\\u00e5rda torra h\\u00e4nder | Helena Amiley - H\\u00e4r hittar du senaste infromation om sk\\u00f6nhet, livsstil, entrepren\\u00f6rskap, makeup & tips.\",\"inLanguage\":\"es\",\"potentialAction\":[{\"@type\":\"ReadAction\",\"target\":[\"https:\/\/www.imakeyousmile.se\/varda-torra-hander\/\"]}]},{\"@type\":\"Article\",\"@id\":\"https:\/\/www.imakeyousmile.se\/varda-torra-hander\/#article\",\"isPartOf\":{\"@id\":\"https:\/\/www.imakeyousmile.se\/varda-torra-hander\/#webpage\"},\"author\":{\"@id\":\"https:\/\/www.imakeyousmile.se\/es\/#\/schema\/person\/b0fd43b1c6bb1c60cfd68bff9b4a10fb\"},\"headline\":\"V\\u00e5rda torra h\\u00e4nder\",\"datePublished\":\"2015-09-02T12:28:14+00:00\",\"dateModified\":\"2015-09-02T07:06:16+00:00\",\"mainEntityOfPage\":{\"@id\":\"https:\/\/www.imakeyousmile.se\/varda-torra-hander\/#webpage\"},\"commentCount\":0,\"publisher\":{\"@id\":\"https:\/\/www.imakeyousmile.se\/es\/#organization\"},\"image\":{\"@id\":\"https:\/\/www.imakeyousmile.se\/varda-torra-hander\/#primaryimage\"},\"keywords\":\"bra handkr\\u00e4m,ekologisk handtv\\u00e5l,handtv\\u00e5l,handtv\\u00e5l torra h\\u00e4nder,nariga h\\u00e4nder,torra h\\u00e4nder\",\"articleSection\":\"Hudv\\u00e5rd,Recensioner &amp; Produkttips\",\"inLanguage\":\"es\",\"potentialAction\":[{\"@type\":\"CommentAction\",\"name\":\"Comment\",\"target\":[\"https:\/\/www.imakeyousmile.se\/varda-torra-hander\/#respond\"]}]},{\"@type\":\"Person\",\"@id\":\"https:\/\/www.imakeyousmile.se\/es\/#\/schema\/person\/b0fd43b1c6bb1c60cfd68bff9b4a10fb\",\"name\":\"Helena Amiley\",\"image\":{\"@type\":\"ImageObject\",\"@id\":\"https:\/\/www.imakeyousmile.se\/es\/#personlogo\",\"inLanguage\":\"es\",\"url\":\"https:\/\/secure.gravatar.com\/avatar\/5645558e1e355457a23368d7e1b4c904?s=96&d=mm&r=g\",\"caption\":\"Helena Amiley\"},\"description\":\"Jag skriver mest om sk\\u00f6nhet men bjuder \\u00e4ven p\\u00e5 glimtar fr\\u00e5n entrepren\\u00f6rlivet och bygget av v\\u00e5r egen camper van. Vanlife here we come!\",\"sameAs\":[\"https:\/\/www.facebook.com\/imakeyousmile.se\",\"https:\/\/www.instagram.com\/helenaamiley\",\"https:\/\/www.youtube.com\/channel\/UCR5iB6rvpV6Yr8ZjpQfr5mg?view_as=subscriber\"]}]}<\/script>\n<!-- \/ Yoast SEO Premium plugin. -->","_links":{"self":[{"href":"https:\/\/www.imakeyousmile.se\/es\/wp-json\/wp\/v2\/posts\/21864"}],"collection":[{"href":"https:\/\/www.imakeyousmile.se\/es\/wp-json\/wp\/v2\/posts"}],"about":[{"href":"https:\/\/www.imakeyousmile.se\/es\/wp-json\/wp\/v2\/types\/post"}],"author":[{"embeddable":true,"href":"https:\/\/www.imakeyousmile.se\/es\/wp-json\/wp\/v2\/users\/30"}],"replies":[{"embeddable":true,"href":"https:\/\/www.imakeyousmile.se\/es\/wp-json\/wp\/v2\/comments?post=21864"}],"version-history":[{"count":3,"href":"https:\/\/www.imakeyousmile.se\/es\/wp-json\/wp\/v2\/posts\/21864\/revisions"}],"predecessor-version":[{"id":21868,"href":"https:\/\/www.imakeyousmile.se\/es\/wp-json\/wp\/v2\/posts\/21864\/revisions\/21868"}],"wp:featuredmedia":[{"embeddable":true,"href":"https:\/\/www.imakeyousmile.se\/es\/wp-json\/wp\/v2\/media\/21867"}],"wp:attachment":[{"href":"https:\/\/www.imakeyousmile.se\/es\/wp-json\/wp\/v2\/media?parent=21864"}],"wp:term":[{"taxonomy":"category","embeddable":true,"href":"https:\/\/www.imakeyousmile.se\/es\/wp-json\/wp\/v2\/categories?post=21864"},{"taxonomy":"post_tag","embeddable":true,"href":"https:\/\/www.imakeyousmile.se\/es\/wp-json\/wp\/v2\/tags?post=21864"}],"curies":[{"name":"wp","href":"https:\/\/api.w.org\/{rel}","templated":true}]}}