{"id":2187,"date":"2012-12-14T13:03:53","date_gmt":"2012-12-14T12:03:53","guid":{"rendered":"http:\/\/www.imakeyousmile.se\/?p=2187"},"modified":"2012-12-13T20:49:28","modified_gmt":"2012-12-13T19:49:28","slug":"favorit-i-repris-svart-sotning","status":"publish","type":"post","link":"https:\/\/www.imakeyousmile.se\/es\/favorito-en-repeticion-barrido-negro\/","title":{"rendered":"Favorito en repetici\u00f3n: barrido negro"},"content":{"rendered":"<p>Aqu\u00ed hay un paso a paso muy detallado sobre un barrido negro no muy antiguo.<\/p>\n<p>Recuerde que fue muy apreciado por sus lectores. Puede obtener una mirada dura cuando se humedece los ojos, \u00a1pero esta es muy adecuada!<\/p>\n<p>&nbsp;<\/p>\n<p>Pens\u00e9 que ser\u00eda buena idea volver a publicarlo ahora que muchos est\u00e1n buscando el maquillaje de A\u00f1o Nuevo :)<\/p>\n<p style=\"text-align: center;\"><a href=\"http:\/\/www.imakeyousmile.se\/wp-content\/uploads\/2012\/12\/IMG_9493.jpg\"><img loading=\"lazy\" decoding=\"async\" class=\"aligncenter  wp-image-2199\" title=\"IMG_9493\" src=\"http:\/\/www.imakeyousmile.se\/wp-content\/uploads\/2012\/12\/IMG_9493-662x374.jpg\" alt=\"\" width=\"463\" height=\"262\" srcset=\"https:\/\/www.imakeyousmile.se\/wp-content\/uploads\/2012\/12\/IMG_9493-662x374.jpg 662w, https:\/\/www.imakeyousmile.se\/wp-content\/uploads\/2012\/12\/IMG_9493-300x169.jpg 300w, https:\/\/www.imakeyousmile.se\/wp-content\/uploads\/2012\/12\/IMG_9493-720x407.jpg 720w\" sizes=\"(max-width: 463px) 100vw, 463px\" \/><\/a><\/p>\n<p style=\"text-align: center;\"><em>Barrido negro con un clic de color turquesa.<\/em><\/p>\n<p style=\"text-align: center;\"><a href=\"http:\/\/www.imakeyousmile.se\/wp-content\/uploads\/2012\/12\/IMG_9360.jpg\"><img loading=\"lazy\" decoding=\"async\" class=\"aligncenter  wp-image-2188\" title=\"IMG_9360\" src=\"http:\/\/www.imakeyousmile.se\/wp-content\/uploads\/2012\/12\/IMG_9360-662x707.jpg\" alt=\"\" width=\"397\" height=\"424\" srcset=\"https:\/\/www.imakeyousmile.se\/wp-content\/uploads\/2012\/12\/IMG_9360-662x707.jpg 662w, https:\/\/www.imakeyousmile.se\/wp-content\/uploads\/2012\/12\/IMG_9360-280x300.jpg 280w, https:\/\/www.imakeyousmile.se\/wp-content\/uploads\/2012\/12\/IMG_9360-505x540.jpg 505w, https:\/\/www.imakeyousmile.se\/wp-content\/uploads\/2012\/12\/IMG_9360.jpg 940w\" sizes=\"(max-width: 397px) 100vw, 397px\" \/><\/a><\/p>\n<div style=\"text-align: center;\"><strong>1.<\/strong> Agrega uno <span style=\"color: #ffcc99;\"><strong>sombra de resaltador brillante<\/strong><\/span> m\u00e1s interno en el p\u00e1rpado y m\u00e1s interno en la l\u00ednea de las pesta\u00f1as inferiores,<\/div>\n<div style=\"text-align: center;\">as\u00ed como en el rabillo del ojo y debajo de la ceja.<br \/>\n<em><strong><\/strong><\/em><\/div>\n<div style=\"text-align: center;\"><em><strong><\/strong><\/em><\/div>\n<div style=\"text-align: center;\"><em><strong><a href=\"https:\/\/ion.lyko.com\/t\/t?a=1117786221&#038;as=1548102449&#038;t=2&#038;tk=1&#038;epi=search-replace-singleskugga&#038;url=https:\/\/lyko.com\/sv\/sok?q=singelskugga\">Kryolan Eyedust (la sombra favorita de Annika n\u00famero 1)<\/a><br \/>\n<\/strong><\/em><\/div>\n<div style=\"text-align: center;\"><\/div>\n<div style=\"text-align: center;\">Esto &quot;abre&quot; los ojos un poco, para que no lo consigas <strong>la sensaci\u00f3n del cr\u00e1neo<\/strong> que los ojos son dos agujeros negros. Entonces ser\u00e1 un poco m\u00e1s f\u00e1cil llevar a cabo el barrido :)<\/div>\n<p style=\"text-align: center;\"><a href=\"http:\/\/www.imakeyousmile.se\/wp-content\/uploads\/2012\/12\/IMG_9372.jpg\"><img loading=\"lazy\" decoding=\"async\" class=\"aligncenter  wp-image-2190\" title=\"IMG_9372\" src=\"http:\/\/www.imakeyousmile.se\/wp-content\/uploads\/2012\/12\/IMG_9372-662x691.jpg\" alt=\"\" width=\"397\" height=\"415\" srcset=\"https:\/\/www.imakeyousmile.se\/wp-content\/uploads\/2012\/12\/IMG_9372-662x691.jpg 662w, https:\/\/www.imakeyousmile.se\/wp-content\/uploads\/2012\/12\/IMG_9372-287x300.jpg 287w, https:\/\/www.imakeyousmile.se\/wp-content\/uploads\/2012\/12\/IMG_9372-516x540.jpg 516w, https:\/\/www.imakeyousmile.se\/wp-content\/uploads\/2012\/12\/IMG_9372.jpg 978w\" sizes=\"(max-width: 397px) 100vw, 397px\" \/><\/a><\/p>\n<p style=\"text-align: center;\"><strong>2.<span style=\"color: #000000;\"> Delineador de ojos negro<\/span><\/strong> en la l\u00ednea interior de las pesta\u00f1as.<em><strong><\/strong><\/em><\/p>\n<p style=\"text-align: center;\"><em><strong><a href=\"https:\/\/ion.lyko.com\/t\/t?a=1117786221&#038;as=1548102449&#038;t=2&#038;tk=1&#038;epi=search-replace-gloeyepencil&#038;url=https:\/\/lyko.com\/sv\/glo-skin-beauty\/glominerals-precision-eye-pencil-peach\">glo Minerals l\u00e1piz de ojos gloPrecisio (negro)<\/a><br \/>\n<\/strong><\/em><\/p>\n<p style=\"text-align: center;\"><a href=\"http:\/\/www.imakeyousmile.se\/wp-content\/uploads\/2012\/12\/IMG_9372-Copy.jpg\"><img loading=\"lazy\" decoding=\"async\" class=\"aligncenter  wp-image-2189\" title=\"IMG_9372 - Copiar\" src=\"http:\/\/www.imakeyousmile.se\/wp-content\/uploads\/2012\/12\/IMG_9372-Copy-662x372.jpg\" alt=\"\" width=\"463\" height=\"260\" srcset=\"https:\/\/www.imakeyousmile.se\/wp-content\/uploads\/2012\/12\/IMG_9372-Copy-662x372.jpg 662w, https:\/\/www.imakeyousmile.se\/wp-content\/uploads\/2012\/12\/IMG_9372-Copy-300x168.jpg 300w, https:\/\/www.imakeyousmile.se\/wp-content\/uploads\/2012\/12\/IMG_9372-Copy-720x405.jpg 720w\" sizes=\"(max-width: 463px) 100vw, 463px\" \/><\/a><\/p>\n<div style=\"text-align: center;\"><strong>3.<\/strong> Antes de comenzar a aplicar la sombra de ojos negra, protejo el maquillaje b\u00e1sico debajo de los ojos con una capa gruesa de polvos sueltos.<\/div>\n<div style=\"text-align: center;\"><\/div>\n<div style=\"text-align: center;\">Solo hago esto en el maquillaje con sombras oscuras, si la sombra de ojos cae debajo del ojo, entonces no hace nada; se limpia f\u00e1cilmente con el polvo suelto cuando haya terminado.<br \/>\n<em><strong><\/strong><\/em><\/div>\n<div style=\"text-align: center;\"><em><strong><\/strong><\/em><\/div>\n<div style=\"text-align: center;\"><em><strong><a href=\"https:\/\/ion.lyko.com\/t\/t?a=1117786221&#038;as=1548102449&#038;t=2&#038;tk=1&#038;epi=search-replace-puder&#038;url=https:\/\/lyko.com\/sv\/sok?q=puder\">Polvos sueltos Max Factor<\/a><br \/>\n<\/strong><\/em><\/div>\n<p style=\"text-align: center;\"><a href=\"http:\/\/www.imakeyousmile.se\/wp-content\/uploads\/2012\/12\/IMG_9393.jpg\"><img loading=\"lazy\" decoding=\"async\" class=\"aligncenter  wp-image-2192\" title=\"IMG_9393\" src=\"http:\/\/www.imakeyousmile.se\/wp-content\/uploads\/2012\/12\/IMG_9393-662x669.jpg\" alt=\"\" width=\"397\" height=\"401\" srcset=\"https:\/\/www.imakeyousmile.se\/wp-content\/uploads\/2012\/12\/IMG_9393-662x669.jpg 662w, https:\/\/www.imakeyousmile.se\/wp-content\/uploads\/2012\/12\/IMG_9393-296x300.jpg 296w, https:\/\/www.imakeyousmile.se\/wp-content\/uploads\/2012\/12\/IMG_9393-534x540.jpg 534w, https:\/\/www.imakeyousmile.se\/wp-content\/uploads\/2012\/12\/IMG_9393.jpg 934w\" sizes=\"(max-width: 397px) 100vw, 397px\" \/><\/a><\/p>\n<div style=\"text-align: center;\"><strong>4<\/strong>. <span style=\"color: #000000;\"><strong>Lashliner<\/strong><\/span> - Marque la l\u00ednea de las pesta\u00f1as superiores con sombra de ojos negra.<\/div>\n<div style=\"text-align: center;\">\n<\/div>\n<div style=\"text-align: center;\">Esto es para evitar la brecha que puede surgir f\u00e1cilmente entre la m\u00e1scara y el maquillaje. \u00a1La brecha es especialmente visible en el holl\u00edn negro!<\/div>\n<div style=\"text-align: center;\"><\/div>\n<div style=\"text-align: center;\">Lashliner <strong>tambi\u00e9n se puede hacer<\/strong> con r\u00edmel, delineador de ojos, delineador de ojos l\u00edquido (<em>preferiblemente gel o torta<\/em>). \u00a1Es cuesti\u00f3n de gustos con lo que te guste trabajar!<\/div>\n<div style=\"text-align: center;\">\n<\/div>\n<div style=\"text-align: center;\"><a href=\"http:\/\/www.imakeyousmile.se\/wp-content\/uploads\/2012\/12\/IMG_9384.jpg\"><img loading=\"lazy\" decoding=\"async\" class=\"aligncenter  wp-image-2191\" title=\"IMG_9384\" src=\"http:\/\/www.imakeyousmile.se\/wp-content\/uploads\/2012\/12\/IMG_9384-662x714.jpg\" alt=\"\" width=\"397\" height=\"428\" srcset=\"https:\/\/www.imakeyousmile.se\/wp-content\/uploads\/2012\/12\/IMG_9384-662x714.jpg 662w, https:\/\/www.imakeyousmile.se\/wp-content\/uploads\/2012\/12\/IMG_9384-278x300.jpg 278w, https:\/\/www.imakeyousmile.se\/wp-content\/uploads\/2012\/12\/IMG_9384-500x540.jpg 500w, https:\/\/www.imakeyousmile.se\/wp-content\/uploads\/2012\/12\/IMG_9384.jpg 910w\" sizes=\"(max-width: 397px) 100vw, 397px\" \/><\/a><\/div>\n<div style=\"text-align: center;\"><\/div>\n<div style=\"text-align: center;\">As\u00ed es como se ve el delineador de pesta\u00f1as cuando est\u00e1 listo. \u00a1Un poco puede hacer tanto!<\/div>\n<p style=\"text-align: center;\"><a href=\"http:\/\/www.imakeyousmile.se\/wp-content\/uploads\/2012\/12\/IMG_9404.jpg\"><img loading=\"lazy\" decoding=\"async\" class=\"aligncenter  wp-image-2193\" title=\"IMG_9404\" src=\"http:\/\/www.imakeyousmile.se\/wp-content\/uploads\/2012\/12\/IMG_9404-662x729.jpg\" alt=\"\" width=\"397\" height=\"437\" srcset=\"https:\/\/www.imakeyousmile.se\/wp-content\/uploads\/2012\/12\/IMG_9404-662x729.jpg 662w, https:\/\/www.imakeyousmile.se\/wp-content\/uploads\/2012\/12\/IMG_9404-272x300.jpg 272w, https:\/\/www.imakeyousmile.se\/wp-content\/uploads\/2012\/12\/IMG_9404-490x540.jpg 490w, https:\/\/www.imakeyousmile.se\/wp-content\/uploads\/2012\/12\/IMG_9404.jpg 982w\" sizes=\"(max-width: 397px) 100vw, 397px\" \/><\/a><\/p>\n<div style=\"text-align: center;\"><strong>5. <span style=\"color: #000000;\">Sombra de ojos negra<\/span><\/strong> en la parte inferior del p\u00e1rpado<\/div>\n<div style=\"text-align: center;\">\n<\/div>\n<div style=\"text-align: center;\"><a href=\"https:\/\/ion.lyko.com\/t\/t?a=1117786221&#038;as=1548102449&#038;t=2&#038;tk=1&#038;epi=search-replace-singelskugga&#038;url=https:\/\/lyko.com\/sv\/sok?q=singelskugga\"><strong><em>Smashbox (Kiss &#039;N Tell)<\/em><\/strong><\/a><\/div>\n<p><a href=\"http:\/\/www.imakeyousmile.se\/wp-content\/uploads\/2012\/12\/IMG_9418.jpg\"><img loading=\"lazy\" decoding=\"async\" class=\"aligncenter  wp-image-2194\" title=\"IMG_9418\" src=\"http:\/\/www.imakeyousmile.se\/wp-content\/uploads\/2012\/12\/IMG_9418-662x698.jpg\" alt=\"\" width=\"397\" height=\"419\" srcset=\"https:\/\/www.imakeyousmile.se\/wp-content\/uploads\/2012\/12\/IMG_9418-662x698.jpg 662w, https:\/\/www.imakeyousmile.se\/wp-content\/uploads\/2012\/12\/IMG_9418-284x300.jpg 284w, https:\/\/www.imakeyousmile.se\/wp-content\/uploads\/2012\/12\/IMG_9418-512x540.jpg 512w, https:\/\/www.imakeyousmile.se\/wp-content\/uploads\/2012\/12\/IMG_9418.jpg 918w\" sizes=\"(max-width: 397px) 100vw, 397px\" \/><\/a><\/p>\n<p style=\"text-align: center;\"><strong>6.<\/strong> \u00a1Hollina la sombra hacia arriba!<\/p>\n<p style=\"text-align: center;\">Empiezo a usar una brocha de maquillaje peque\u00f1a y un poco m\u00e1s dura.<\/p>\n<p style=\"text-align: center;\"><a href=\"http:\/\/www.imakeyousmile.se\/wp-content\/uploads\/2012\/12\/IMG_9440.jpg\"><img loading=\"lazy\" decoding=\"async\" class=\"aligncenter  wp-image-2195\" title=\"IMG_9440\" src=\"http:\/\/www.imakeyousmile.se\/wp-content\/uploads\/2012\/12\/IMG_9440-662x681.jpg\" alt=\"\" width=\"397\" height=\"409\" srcset=\"https:\/\/www.imakeyousmile.se\/wp-content\/uploads\/2012\/12\/IMG_9440-662x681.jpg 662w, https:\/\/www.imakeyousmile.se\/wp-content\/uploads\/2012\/12\/IMG_9440-291x300.jpg 291w, https:\/\/www.imakeyousmile.se\/wp-content\/uploads\/2012\/12\/IMG_9440-524x540.jpg 524w, https:\/\/www.imakeyousmile.se\/wp-content\/uploads\/2012\/12\/IMG_9440.jpg 1028w\" sizes=\"(max-width: 397px) 100vw, 397px\" \/><\/a><\/p>\n<p style=\"text-align: center;\"><strong>7.<\/strong> Luego limpio con un cepillo m\u00e1s grande para obtener bordes un poco m\u00e1s finos.<\/p>\n<p style=\"text-align: center;\"><a href=\"http:\/\/www.imakeyousmile.se\/wp-content\/uploads\/2012\/12\/IMG_9458.jpg\"><img loading=\"lazy\" decoding=\"async\" class=\"aligncenter  wp-image-2196\" title=\"IMG_9458\" src=\"http:\/\/www.imakeyousmile.se\/wp-content\/uploads\/2012\/12\/IMG_9458-662x666.jpg\" alt=\"\" width=\"397\" height=\"400\" srcset=\"https:\/\/www.imakeyousmile.se\/wp-content\/uploads\/2012\/12\/IMG_9458-662x666.jpg 662w, https:\/\/www.imakeyousmile.se\/wp-content\/uploads\/2012\/12\/IMG_9458-150x150.jpg 150w, https:\/\/www.imakeyousmile.se\/wp-content\/uploads\/2012\/12\/IMG_9458-297x300.jpg 297w, https:\/\/www.imakeyousmile.se\/wp-content\/uploads\/2012\/12\/IMG_9458-536x540.jpg 536w, https:\/\/www.imakeyousmile.se\/wp-content\/uploads\/2012\/12\/IMG_9458.jpg 1076w\" sizes=\"(max-width: 397px) 100vw, 397px\" \/><\/a><\/p>\n<div style=\"text-align: center;\"><strong>8.<\/strong> <span style=\"color: #000000;\"><strong>Sombra de ojos negra<\/strong><\/span> tambi\u00e9n en la l\u00ednea de las pesta\u00f1as inferiores. \u00a1Sota!<\/div>\n<div style=\"text-align: center;\"><\/div>\n<div style=\"text-align: center;\">Para esto utilizo el pincel de maquillaje m\u00e1s peque\u00f1o que ves en la imagen de arriba.<\/div>\n<div style=\"text-align: center;\"><\/div>\n<div style=\"text-align: center;\"><strong>\u00a1Ahora el barrido est\u00e1 listo!<\/strong> Hay miles de formas de &quot;darle m\u00e1s sabor&quot; si lo desea, por ejemplo, \u00a1brillo!<\/div>\n<p style=\"text-align: center;\"><a href=\"http:\/\/www.imakeyousmile.se\/wp-content\/uploads\/2012\/12\/IMG_9472.jpg\"><img loading=\"lazy\" decoding=\"async\" class=\"aligncenter  wp-image-2197\" title=\"IMG_9472\" src=\"http:\/\/www.imakeyousmile.se\/wp-content\/uploads\/2012\/12\/IMG_9472-662x690.jpg\" alt=\"\" width=\"397\" height=\"414\" srcset=\"https:\/\/www.imakeyousmile.se\/wp-content\/uploads\/2012\/12\/IMG_9472-662x690.jpg 662w, https:\/\/www.imakeyousmile.se\/wp-content\/uploads\/2012\/12\/IMG_9472-287x300.jpg 287w, https:\/\/www.imakeyousmile.se\/wp-content\/uploads\/2012\/12\/IMG_9472-517x540.jpg 517w, https:\/\/www.imakeyousmile.se\/wp-content\/uploads\/2012\/12\/IMG_9472.jpg 1026w\" sizes=\"(max-width: 397px) 100vw, 397px\" \/><\/a><\/p>\n<div style=\"text-align: center;\"><strong>9.<\/strong> \u00a1Eleg\u00ed delineador de ojos y un toque de color!<\/div>\n<div style=\"text-align: center;\">\n<\/div>\n<div style=\"text-align: center;\"><strong>Delineador de ojos pastel negro<\/strong> en la l\u00ednea de las pesta\u00f1as superiores.<\/div>\n<div style=\"text-align: center;\"><em><strong><a href=\"https:\/\/id.partykungen.se\/t\/t?a=1280241905&#038;as=1548102449&#038;t=2&#038;tk=1&#038;epi=search-replace-kryolancake&#038;url=https:\/\/www.partykungen.se\/kryolan-cake-makeup-svart-30020.html\">Delineador de ojos Kryolan Cake<\/a><\/strong><\/em><strong><\/strong><\/div>\n<div style=\"text-align: center;\"><strong><br \/>\n<\/strong><\/div>\n<div style=\"text-align: center;\"><strong>Delineador de ojos turquesa<\/strong> en la parte inferior de la l\u00ednea de las pesta\u00f1as inferiores.<\/div>\n<div style=\"text-align: center;\"><strong><em><a href=\"https:\/\/dot.yves-rocher.se\/t\/t?a=138068268&#038;as=1548102449&#038;t=2&#038;tk=1&#038;epi=search-replace-yveskajal&#038;url=https:\/\/www.yves-rocher.se\/smink\/ogon\/ogonpenna-och-eyeliner\/c\/23200\">Yves Rocher Impermeable Kajal (05 Turquesa)<\/a><br \/>\n<\/em><\/strong><\/div>\n<p><a href=\"http:\/\/www.imakeyousmile.se\/wp-content\/uploads\/2012\/12\/IMG_9493-Copy.jpg\"><img loading=\"lazy\" decoding=\"async\" class=\"aligncenter  wp-image-2198\" title=\"IMG_9493 - Copiar\" src=\"http:\/\/www.imakeyousmile.se\/wp-content\/uploads\/2012\/12\/IMG_9493-Copy-662x656.jpg\" alt=\"\" width=\"397\" height=\"394\" srcset=\"https:\/\/www.imakeyousmile.se\/wp-content\/uploads\/2012\/12\/IMG_9493-Copy-662x656.jpg 662w, https:\/\/www.imakeyousmile.se\/wp-content\/uploads\/2012\/12\/IMG_9493-Copy-150x150.jpg 150w, https:\/\/www.imakeyousmile.se\/wp-content\/uploads\/2012\/12\/IMG_9493-Copy-300x297.jpg 300w, https:\/\/www.imakeyousmile.se\/wp-content\/uploads\/2012\/12\/IMG_9493-Copy-544x540.jpg 544w, https:\/\/www.imakeyousmile.se\/wp-content\/uploads\/2012\/12\/IMG_9493-Copy.jpg 1056w\" sizes=\"(max-width: 397px) 100vw, 397px\" \/><\/a><\/p>\n<div style=\"text-align: center;\"><strong>10. <span style=\"color: #000000;\">R\u00edmel negro<\/span><\/strong> en todas las pesta\u00f1as<em><strong><\/strong><\/em><\/div>\n<div style=\"text-align: center;\"><em><strong><br \/>\n<\/strong><\/em><\/div>\n<div style=\"text-align: center;\"><em><strong><a href=\"https:\/\/ion.lyko.com\/t\/t?a=1117786221&#038;as=1548102449&#038;t=2&#038;tk=1&#038;epi=search-replace-mascara&#038;url=https:\/\/lyko.com\/sv\/smink\/ogon\/mascara\">Pesta\u00f1as de volumen Fiberwig<\/a><br \/>\n<\/strong><\/em><\/div>\n<p style=\"text-align: center;\"><a href=\"http:\/\/www.imakeyousmile.se\/wp-content\/uploads\/2012\/12\/IMG_9507.jpg\"><img loading=\"lazy\" decoding=\"async\" class=\"aligncenter  wp-image-2200\" title=\"IMG_9507\" src=\"http:\/\/www.imakeyousmile.se\/wp-content\/uploads\/2012\/12\/IMG_9507-662x1141.jpg\" alt=\"\" width=\"458\" height=\"789\" srcset=\"https:\/\/www.imakeyousmile.se\/wp-content\/uploads\/2012\/12\/IMG_9507-662x1141.jpg 662w, https:\/\/www.imakeyousmile.se\/wp-content\/uploads\/2012\/12\/IMG_9507-174x300.jpg 174w, https:\/\/www.imakeyousmile.se\/wp-content\/uploads\/2012\/12\/IMG_9507-313x540.jpg 313w, https:\/\/www.imakeyousmile.se\/wp-content\/uploads\/2012\/12\/IMG_9507.jpg 1485w\" sizes=\"(max-width: 458px) 100vw, 458px\" \/><\/a><\/p>\n<p style=\"text-align: center;\"><span style=\"color: #ab2516;\"><strong>L\u00e1piz labial<\/strong><\/span>, <em><strong><a href=\"https:\/\/go.eleven.se\/t\/t?a=1301482047&#038;as=1548102449&#038;t=2&#038;tk=1&#038;epi=search-replace-elevenpaletter&#038;url=https:\/\/eleven.se\/smink\/makeup-set\/set---paletter\">Paleta de labios Eleven 66 Color<\/a><\/strong><\/em>.<\/p>\n<p style=\"text-align: center;\">\n<p style=\"text-align: left;\">\u00a1Una barredora negra funciona en cualquier fiesta y se adapta a todos los atuendos!<\/p>\n<p style=\"text-align: left;\">\nTambi\u00e9n puedes f\u00e1cilmente<span style=\"font-size: x-large;\"> variar<\/span> un barrido negro a lo que se siente mejor, por ejemplo, omita la sombra de ojos oscura en la l\u00ednea de las pesta\u00f1as inferiores para una impresi\u00f3n menos intensa.<\/p>\n<p style=\"text-align: left;\">\n<p style=\"text-align: center;\"><span style=\"font-size: xx-large;\"><em>\u00a1Simplemente me encanta!<\/em><\/span><\/p>","protected":false},"excerpt":{"rendered":"<p>H\u00e4r kommer en v\u00e4ldigt detaljerad\u00a0steg-f\u00f6r-steg p\u00e5 en, inte s\u00e5 j\u00e4ttegammal, svart sotning. Minns att den var mycket uppskattad av er l\u00e4sare. Man kan s\u00e5 l\u00e4tt\u00a0f\u00e5 en h\u00e5rd look d\u00e5 man\u00a0sotar \u00f6gonen, men den h\u00e4r \u00e4r v\u00e4ldigt lagom! &nbsp; Tyckte det passade att publicera den igen nu n\u00e4r m\u00e5nga letar ny\u00e5rssminkningar :) Svart sotning med en [&hellip;]<\/p>\n","protected":false},"author":30,"featured_media":0,"comment_status":"open","ping_status":"open","sticky":false,"template":"","format":"standard","meta":{"footnotes":""},"categories":[3],"tags":[14,112,110,111],"class_list":["post-2187","post","type-post","status-publish","format-standard","hentry","category-allmant","tag-nyarssminkning","tag-svart-sotning","tag-svart-sotning-steg-for-steg","tag-svart-sotning-tutorial"],"yoast_head":"<!-- This site is optimized with the Yoast SEO Premium plugin v14.9 - https:\/\/yoast.com\/wordpress\/plugins\/seo\/ -->\n<meta name=\"description\" content=\"Favorit i repris - Svart sotning | Helena Amiley - H\u00e4r hittar du senaste infromation om sk\u00f6nhet, livsstil, entrepren\u00f6rskap, makeup &amp; tips.\" \/>\n<meta name=\"robots\" content=\"index, follow, max-snippet:-1, max-image-preview:large, max-video-preview:-1\" \/>\n<link rel=\"canonical\" href=\"https:\/\/www.imakeyousmile.se\/es\/favorit-i-repris-svart-sotning\/\" \/>\n<meta property=\"og:locale\" content=\"es_ES\" \/>\n<meta property=\"og:type\" content=\"article\" \/>\n<meta property=\"og:title\" content=\"Favorit i repris - Svart sotning | Imakeyousmile.se\" \/>\n<meta property=\"og:description\" content=\"Favorit i repris - Svart sotning | Helena Amiley - H\u00e4r hittar du senaste infromation om sk\u00f6nhet, livsstil, entrepren\u00f6rskap, makeup &amp; tips.\" \/>\n<meta property=\"og:url\" content=\"https:\/\/www.imakeyousmile.se\/es\/favorit-i-repris-svart-sotning\/\" \/>\n<meta property=\"og:site_name\" content=\"Imakeyousmile.se\" \/>\n<meta property=\"article:author\" content=\"https:\/\/www.facebook.com\/imakeyousmile.se\" \/>\n<meta property=\"article:published_time\" content=\"2012-12-14T12:03:53+00:00\" \/>\n<meta property=\"article:modified_time\" content=\"2012-12-13T19:49:28+00:00\" \/>\n<meta property=\"og:image\" content=\"http:\/\/www.imakeyousmile.se\/wp-content\/uploads\/2012\/12\/IMG_9493-662x374.jpg\" \/>\n<meta name=\"twitter:card\" content=\"summary_large_image\" \/>\n<script type=\"application\/ld+json\" class=\"yoast-schema-graph\">{\"@context\":\"https:\/\/schema.org\",\"@graph\":[{\"@type\":\"Organization\",\"@id\":\"https:\/\/www.imakeyousmile.se\/es\/#organization\",\"name\":\"Imakeyousmile\",\"url\":\"https:\/\/www.imakeyousmile.se\/es\/\",\"sameAs\":[],\"logo\":{\"@type\":\"ImageObject\",\"@id\":\"https:\/\/www.imakeyousmile.se\/es\/#logo\",\"inLanguage\":\"es\",\"url\":\"https:\/\/www.imakeyousmile.se\/wp-content\/uploads\/2020\/10\/HELENA-AMILEY_SVART-1-e1603367975324.png\",\"width\":280,\"height\":93,\"caption\":\"Imakeyousmile\"},\"image\":{\"@id\":\"https:\/\/www.imakeyousmile.se\/es\/#logo\"}},{\"@type\":\"WebSite\",\"@id\":\"https:\/\/www.imakeyousmile.se\/es\/#website\",\"url\":\"https:\/\/www.imakeyousmile.se\/es\/\",\"name\":\"Imakeyousmile.se\",\"description\":\"Helena Amiley - Beauty, Entrepreneur, Lifestyle\",\"publisher\":{\"@id\":\"https:\/\/www.imakeyousmile.se\/es\/#organization\"},\"potentialAction\":[{\"@type\":\"SearchAction\",\"target\":\"https:\/\/www.imakeyousmile.se\/es\/?s={search_term_string}\",\"query-input\":\"required name=search_term_string\"}],\"inLanguage\":\"es\"},{\"@type\":\"ImageObject\",\"@id\":\"https:\/\/www.imakeyousmile.se\/favorit-i-repris-svart-sotning\/#primaryimage\",\"inLanguage\":\"es\",\"url\":\"http:\/\/www.imakeyousmile.se\/wp-content\/uploads\/2012\/12\/IMG_9493-662x374.jpg\"},{\"@type\":\"WebPage\",\"@id\":\"https:\/\/www.imakeyousmile.se\/favorit-i-repris-svart-sotning\/#webpage\",\"url\":\"https:\/\/www.imakeyousmile.se\/favorit-i-repris-svart-sotning\/\",\"name\":\"Favorit i repris - Svart sotning | Imakeyousmile.se\",\"isPartOf\":{\"@id\":\"https:\/\/www.imakeyousmile.se\/es\/#website\"},\"primaryImageOfPage\":{\"@id\":\"https:\/\/www.imakeyousmile.se\/favorit-i-repris-svart-sotning\/#primaryimage\"},\"datePublished\":\"2012-12-14T12:03:53+00:00\",\"dateModified\":\"2012-12-13T19:49:28+00:00\",\"description\":\"Favorit i repris - Svart sotning | Helena Amiley - H\\u00e4r hittar du senaste infromation om sk\\u00f6nhet, livsstil, entrepren\\u00f6rskap, makeup & tips.\",\"inLanguage\":\"es\",\"potentialAction\":[{\"@type\":\"ReadAction\",\"target\":[\"https:\/\/www.imakeyousmile.se\/favorit-i-repris-svart-sotning\/\"]}]},{\"@type\":\"Article\",\"@id\":\"https:\/\/www.imakeyousmile.se\/favorit-i-repris-svart-sotning\/#article\",\"isPartOf\":{\"@id\":\"https:\/\/www.imakeyousmile.se\/favorit-i-repris-svart-sotning\/#webpage\"},\"author\":{\"@id\":\"https:\/\/www.imakeyousmile.se\/es\/#\/schema\/person\/b0fd43b1c6bb1c60cfd68bff9b4a10fb\"},\"headline\":\"Favorit i repris &#8211; Svart sotning\",\"datePublished\":\"2012-12-14T12:03:53+00:00\",\"dateModified\":\"2012-12-13T19:49:28+00:00\",\"mainEntityOfPage\":{\"@id\":\"https:\/\/www.imakeyousmile.se\/favorit-i-repris-svart-sotning\/#webpage\"},\"commentCount\":0,\"publisher\":{\"@id\":\"https:\/\/www.imakeyousmile.se\/es\/#organization\"},\"image\":{\"@id\":\"https:\/\/www.imakeyousmile.se\/favorit-i-repris-svart-sotning\/#primaryimage\"},\"keywords\":\"Ny\\u00e5rssminkning,svart sotning,Svart sotning steg f\\u00f6r steg,svart sotning tutorial\",\"articleSection\":\"\\u00d6vrigt\",\"inLanguage\":\"es\",\"potentialAction\":[{\"@type\":\"CommentAction\",\"name\":\"Comment\",\"target\":[\"https:\/\/www.imakeyousmile.se\/favorit-i-repris-svart-sotning\/#respond\"]}]},{\"@type\":\"Person\",\"@id\":\"https:\/\/www.imakeyousmile.se\/es\/#\/schema\/person\/b0fd43b1c6bb1c60cfd68bff9b4a10fb\",\"name\":\"Helena Amiley\",\"image\":{\"@type\":\"ImageObject\",\"@id\":\"https:\/\/www.imakeyousmile.se\/es\/#personlogo\",\"inLanguage\":\"es\",\"url\":\"https:\/\/secure.gravatar.com\/avatar\/5645558e1e355457a23368d7e1b4c904?s=96&d=mm&r=g\",\"caption\":\"Helena Amiley\"},\"description\":\"Jag skriver mest om sk\\u00f6nhet men bjuder \\u00e4ven p\\u00e5 glimtar fr\\u00e5n entrepren\\u00f6rlivet och bygget av v\\u00e5r egen camper van. Vanlife here we come!\",\"sameAs\":[\"https:\/\/www.facebook.com\/imakeyousmile.se\",\"https:\/\/www.instagram.com\/helenaamiley\",\"https:\/\/www.youtube.com\/channel\/UCR5iB6rvpV6Yr8ZjpQfr5mg?view_as=subscriber\"]}]}<\/script>\n<!-- \/ Yoast SEO Premium plugin. -->","_links":{"self":[{"href":"https:\/\/www.imakeyousmile.se\/es\/wp-json\/wp\/v2\/posts\/2187"}],"collection":[{"href":"https:\/\/www.imakeyousmile.se\/es\/wp-json\/wp\/v2\/posts"}],"about":[{"href":"https:\/\/www.imakeyousmile.se\/es\/wp-json\/wp\/v2\/types\/post"}],"author":[{"embeddable":true,"href":"https:\/\/www.imakeyousmile.se\/es\/wp-json\/wp\/v2\/users\/30"}],"replies":[{"embeddable":true,"href":"https:\/\/www.imakeyousmile.se\/es\/wp-json\/wp\/v2\/comments?post=2187"}],"version-history":[{"count":0,"href":"https:\/\/www.imakeyousmile.se\/es\/wp-json\/wp\/v2\/posts\/2187\/revisions"}],"wp:attachment":[{"href":"https:\/\/www.imakeyousmile.se\/es\/wp-json\/wp\/v2\/media?parent=2187"}],"wp:term":[{"taxonomy":"category","embeddable":true,"href":"https:\/\/www.imakeyousmile.se\/es\/wp-json\/wp\/v2\/categories?post=2187"},{"taxonomy":"post_tag","embeddable":true,"href":"https:\/\/www.imakeyousmile.se\/es\/wp-json\/wp\/v2\/tags?post=2187"}],"curies":[{"name":"wp","href":"https:\/\/api.w.org\/{rel}","templated":true}]}}