{"id":21875,"date":"2015-09-03T14:39:13","date_gmt":"2015-09-03T12:39:13","guid":{"rendered":"http:\/\/www.imakeyousmile.se\/?p=21875"},"modified":"2015-09-03T14:39:13","modified_gmt":"2015-09-03T12:39:13","slug":"bla-mascara-roda-lappar","status":"publish","type":"post","link":"https:\/\/www.imakeyousmile.se\/es\/bla-mascara-parches-rojos\/","title":{"rendered":"R\u00edmel azul, labios rojos"},"content":{"rendered":"<p>Uno de los maquillajes m\u00e1s r\u00e1pidos que puedes hacer si quieres un poco m\u00e1s de color en la vida es elegir una m\u00e1scara de pesta\u00f1as azul en lugar de negra, \u00a1y un color brillante en los labios!<\/p>\n<p><a href=\"http:\/\/www.imakeyousmile.se\/wp-content\/uploads\/2015\/09\/IMG_3626_1111.jpg\"><img loading=\"lazy\" decoding=\"async\" class=\"alignnone  wp-image-21878\" src=\"http:\/\/www.imakeyousmile.se\/wp-content\/uploads\/2015\/09\/IMG_3626_1111.jpg\" alt=\"IMG_3626_1111\" width=\"748\" height=\"330\" srcset=\"https:\/\/www.imakeyousmile.se\/wp-content\/uploads\/2015\/09\/IMG_3626_1111.jpg 1020w, https:\/\/www.imakeyousmile.se\/wp-content\/uploads\/2015\/09\/IMG_3626_1111-300x132.jpg 300w, https:\/\/www.imakeyousmile.se\/wp-content\/uploads\/2015\/09\/IMG_3626_1111-696x307.jpg 696w, https:\/\/www.imakeyousmile.se\/wp-content\/uploads\/2015\/09\/IMG_3626_1111-952x420.jpg 952w\" sizes=\"(max-width: 748px) 100vw, 748px\" \/><\/a><\/p>\n<p>La m\u00e1scara es <a href=\"https:\/\/dot.yves-rocher.se\/t\/t?a=138068268&#038;as=1548102449&#038;t=2&#038;tk=1&#038;epi=search-replace-yves-penna&#038;url=https:\/\/www.yves-rocher.se\/smink\/ogon\/ogonpenna-och-eyeliner\/c\/23200\/makeup\/mascara\/volymmascara-2\/?cmSrc=Category)\" target=\"_blank\">M\u00e1scara de pesta\u00f1as Volume Vertige de Yves Rocher (azul)<\/a>* y los labios son un l\u00e1piz labial rojo - <a href=\"https:\/\/ion.jordklok.se\/t\/t?a=1236848151&#038;as=1548102449&#038;t=2&#038;tk=1&#038;epi=search-replace-benecoslipliner&#038;url=https:\/\/www.jordklok.se\/sv\/articles\/2.68.3596\/benecos-natural-lipliner-113-g?q=Benecos%20Natural%20Lipliner,%201,13%20g\/\" target=\"_blank\">Delineador de labios natural Benecos <\/a>a la sombra de rojo.<\/p>\n<p>M\u00e1s que eso, no tengo tiempo para escribir ahora, tom\u00e9 un peque\u00f1o descanso en el blog sobre Creative Make Up ahora, pero aqu\u00ed est\u00e1 a toda velocidad, as\u00ed que tengo que comenzar :) Si tiene alguna pregunta sobre cualquier otra cosa, solo comente, responder\u00e9 esta noche cuando Estoy sentado en el autob\u00fas a casa \u2665<\/p>\n<p><a href=\"http:\/\/www.imakeyousmile.se\/wp-content\/uploads\/2015\/09\/IMG_3597_111.jpg\"><img loading=\"lazy\" decoding=\"async\" class=\"alignnone  wp-image-21876\" src=\"http:\/\/www.imakeyousmile.se\/wp-content\/uploads\/2015\/09\/IMG_3597_111.jpg\" alt=\"IMG_3597_111\" width=\"832\" height=\"738\" srcset=\"https:\/\/www.imakeyousmile.se\/wp-content\/uploads\/2015\/09\/IMG_3597_111.jpg 2000w, https:\/\/www.imakeyousmile.se\/wp-content\/uploads\/2015\/09\/IMG_3597_111-300x266.jpg 300w, https:\/\/www.imakeyousmile.se\/wp-content\/uploads\/2015\/09\/IMG_3597_111-1024x909.jpg 1024w, https:\/\/www.imakeyousmile.se\/wp-content\/uploads\/2015\/09\/IMG_3597_111-696x618.jpg 696w, https:\/\/www.imakeyousmile.se\/wp-content\/uploads\/2015\/09\/IMG_3597_111-1068x948.jpg 1068w, https:\/\/www.imakeyousmile.se\/wp-content\/uploads\/2015\/09\/IMG_3597_111-473x420.jpg 473w\" sizes=\"(max-width: 832px) 100vw, 832px\" \/><\/a> <a href=\"http:\/\/www.imakeyousmile.se\/wp-content\/uploads\/2015\/09\/IMG_3599_111.jpg\"><img loading=\"lazy\" decoding=\"async\" class=\"alignnone  wp-image-21877\" src=\"http:\/\/www.imakeyousmile.se\/wp-content\/uploads\/2015\/09\/IMG_3599_111.jpg\" alt=\"IMG_3599_111\" width=\"830\" height=\"841\" srcset=\"https:\/\/www.imakeyousmile.se\/wp-content\/uploads\/2015\/09\/IMG_3599_111.jpg 2322w, https:\/\/www.imakeyousmile.se\/wp-content\/uploads\/2015\/09\/IMG_3599_111-296x300.jpg 296w, https:\/\/www.imakeyousmile.se\/wp-content\/uploads\/2015\/09\/IMG_3599_111-1011x1024.jpg 1011w, https:\/\/www.imakeyousmile.se\/wp-content\/uploads\/2015\/09\/IMG_3599_111-696x705.jpg 696w, https:\/\/www.imakeyousmile.se\/wp-content\/uploads\/2015\/09\/IMG_3599_111-1068x1082.jpg 1068w, https:\/\/www.imakeyousmile.se\/wp-content\/uploads\/2015\/09\/IMG_3599_111-415x420.jpg 415w\" sizes=\"(max-width: 830px) 100vw, 830px\" \/><\/a><\/p>\n<p>Espero que les guste este look s\u00faper r\u00e1pido y simple de un empresario agotado que apenas tuvo tiempo de pararse frente a la c\u00e1mara este d\u00eda, jaja.<\/p>\n<p>\u00a1Abrazo!<\/p>","protected":false},"excerpt":{"rendered":"<p>En av de snabbaste sminkningarna man kan g\u00f6ra om man vill ha lite extra f\u00e4rg p\u00e5 tillvaron, det \u00e4r att v\u00e4lja en bl\u00e5 mascara ist\u00e4llet f\u00f6r svart, och en knallig f\u00e4rg p\u00e5 l\u00e4pparna! Mascaran \u00e4r Yves Rocher Volume Vertige Mascara (Bleu)* och l\u00e4pparna \u00e4r en r\u00f6d l\u00e4ppenna\u00a0&#8211; Benecos Natural Lipliner i nyansen Red. Mer \u00e4n [&hellip;]<\/p>\n","protected":false},"author":30,"featured_media":21878,"comment_status":"open","ping_status":"closed","sticky":false,"template":"","format":"standard","meta":{"footnotes":""},"categories":[2827],"tags":[3243,822,629,979],"class_list":["post-21875","post","type-post","status-publish","format-standard","has-post-thumbnail","hentry","category-vardagssminkningar","tag-benecos","tag-bla-mascara","tag-vardagssminkning","tag-yves-rocher"],"yoast_head":"<!-- This site is optimized with the Yoast SEO Premium plugin v14.9 - https:\/\/yoast.com\/wordpress\/plugins\/seo\/ -->\n<meta name=\"description\" content=\"Bl\u00e5 mascara, r\u00f6da l\u00e4ppar | Helena Amiley - H\u00e4r hittar du senaste infromation om sk\u00f6nhet, livsstil, entrepren\u00f6rskap, makeup &amp; tips.\" \/>\n<meta name=\"robots\" content=\"index, follow, max-snippet:-1, max-image-preview:large, max-video-preview:-1\" \/>\n<link rel=\"canonical\" href=\"https:\/\/www.imakeyousmile.se\/es\/bla-mascara-roda-lappar\/\" \/>\n<meta property=\"og:locale\" content=\"es_ES\" \/>\n<meta property=\"og:type\" content=\"article\" \/>\n<meta property=\"og:title\" content=\"Bl\u00e5 mascara, r\u00f6da l\u00e4ppar | Imakeyousmile.se\" \/>\n<meta property=\"og:description\" content=\"Bl\u00e5 mascara, r\u00f6da l\u00e4ppar | Helena Amiley - H\u00e4r hittar du senaste infromation om sk\u00f6nhet, livsstil, entrepren\u00f6rskap, makeup &amp; tips.\" \/>\n<meta property=\"og:url\" content=\"https:\/\/www.imakeyousmile.se\/es\/bla-mascara-roda-lappar\/\" \/>\n<meta property=\"og:site_name\" content=\"Imakeyousmile.se\" \/>\n<meta property=\"article:author\" content=\"https:\/\/www.facebook.com\/imakeyousmile.se\" \/>\n<meta property=\"article:published_time\" content=\"2015-09-03T12:39:13+00:00\" \/>\n<meta property=\"og:image\" content=\"https:\/\/www.imakeyousmile.se\/wp-content\/uploads\/2015\/09\/IMG_3626_1111.jpg\" \/>\n\t<meta property=\"og:image:width\" content=\"1020\" \/>\n\t<meta property=\"og:image:height\" content=\"450\" \/>\n<meta name=\"twitter:card\" content=\"summary_large_image\" \/>\n<script type=\"application\/ld+json\" class=\"yoast-schema-graph\">{\"@context\":\"https:\/\/schema.org\",\"@graph\":[{\"@type\":\"Organization\",\"@id\":\"https:\/\/www.imakeyousmile.se\/es\/#organization\",\"name\":\"Imakeyousmile\",\"url\":\"https:\/\/www.imakeyousmile.se\/es\/\",\"sameAs\":[],\"logo\":{\"@type\":\"ImageObject\",\"@id\":\"https:\/\/www.imakeyousmile.se\/es\/#logo\",\"inLanguage\":\"es\",\"url\":\"https:\/\/www.imakeyousmile.se\/wp-content\/uploads\/2020\/10\/HELENA-AMILEY_SVART-1-e1603367975324.png\",\"width\":280,\"height\":93,\"caption\":\"Imakeyousmile\"},\"image\":{\"@id\":\"https:\/\/www.imakeyousmile.se\/es\/#logo\"}},{\"@type\":\"WebSite\",\"@id\":\"https:\/\/www.imakeyousmile.se\/es\/#website\",\"url\":\"https:\/\/www.imakeyousmile.se\/es\/\",\"name\":\"Imakeyousmile.se\",\"description\":\"Helena Amiley - Beauty, Entrepreneur, Lifestyle\",\"publisher\":{\"@id\":\"https:\/\/www.imakeyousmile.se\/es\/#organization\"},\"potentialAction\":[{\"@type\":\"SearchAction\",\"target\":\"https:\/\/www.imakeyousmile.se\/es\/?s={search_term_string}\",\"query-input\":\"required name=search_term_string\"}],\"inLanguage\":\"es\"},{\"@type\":\"ImageObject\",\"@id\":\"https:\/\/www.imakeyousmile.se\/bla-mascara-roda-lappar\/#primaryimage\",\"inLanguage\":\"es\",\"url\":\"https:\/\/www.imakeyousmile.se\/wp-content\/uploads\/2015\/09\/IMG_3626_1111.jpg\",\"width\":1020,\"height\":450},{\"@type\":\"WebPage\",\"@id\":\"https:\/\/www.imakeyousmile.se\/bla-mascara-roda-lappar\/#webpage\",\"url\":\"https:\/\/www.imakeyousmile.se\/bla-mascara-roda-lappar\/\",\"name\":\"Bl\\u00e5 mascara, r\\u00f6da l\\u00e4ppar | Imakeyousmile.se\",\"isPartOf\":{\"@id\":\"https:\/\/www.imakeyousmile.se\/es\/#website\"},\"primaryImageOfPage\":{\"@id\":\"https:\/\/www.imakeyousmile.se\/bla-mascara-roda-lappar\/#primaryimage\"},\"datePublished\":\"2015-09-03T12:39:13+00:00\",\"dateModified\":\"2015-09-03T12:39:13+00:00\",\"description\":\"Bl\\u00e5 mascara, r\\u00f6da l\\u00e4ppar | Helena Amiley - H\\u00e4r hittar du senaste infromation om sk\\u00f6nhet, livsstil, entrepren\\u00f6rskap, makeup & tips.\",\"inLanguage\":\"es\",\"potentialAction\":[{\"@type\":\"ReadAction\",\"target\":[\"https:\/\/www.imakeyousmile.se\/bla-mascara-roda-lappar\/\"]}]},{\"@type\":\"Article\",\"@id\":\"https:\/\/www.imakeyousmile.se\/bla-mascara-roda-lappar\/#article\",\"isPartOf\":{\"@id\":\"https:\/\/www.imakeyousmile.se\/bla-mascara-roda-lappar\/#webpage\"},\"author\":{\"@id\":\"https:\/\/www.imakeyousmile.se\/es\/#\/schema\/person\/b0fd43b1c6bb1c60cfd68bff9b4a10fb\"},\"headline\":\"Bl\\u00e5 mascara, r\\u00f6da l\\u00e4ppar\",\"datePublished\":\"2015-09-03T12:39:13+00:00\",\"dateModified\":\"2015-09-03T12:39:13+00:00\",\"mainEntityOfPage\":{\"@id\":\"https:\/\/www.imakeyousmile.se\/bla-mascara-roda-lappar\/#webpage\"},\"commentCount\":0,\"publisher\":{\"@id\":\"https:\/\/www.imakeyousmile.se\/es\/#organization\"},\"image\":{\"@id\":\"https:\/\/www.imakeyousmile.se\/bla-mascara-roda-lappar\/#primaryimage\"},\"keywords\":\"benecos,bl\\u00e5 mascara,vardagssminkning,yves rocher\",\"articleSection\":\"Neutrala \/ milda sminkningar\",\"inLanguage\":\"es\",\"potentialAction\":[{\"@type\":\"CommentAction\",\"name\":\"Comment\",\"target\":[\"https:\/\/www.imakeyousmile.se\/bla-mascara-roda-lappar\/#respond\"]}]},{\"@type\":\"Person\",\"@id\":\"https:\/\/www.imakeyousmile.se\/es\/#\/schema\/person\/b0fd43b1c6bb1c60cfd68bff9b4a10fb\",\"name\":\"Helena Amiley\",\"image\":{\"@type\":\"ImageObject\",\"@id\":\"https:\/\/www.imakeyousmile.se\/es\/#personlogo\",\"inLanguage\":\"es\",\"url\":\"https:\/\/secure.gravatar.com\/avatar\/5645558e1e355457a23368d7e1b4c904?s=96&d=mm&r=g\",\"caption\":\"Helena Amiley\"},\"description\":\"Jag skriver mest om sk\\u00f6nhet men bjuder \\u00e4ven p\\u00e5 glimtar fr\\u00e5n entrepren\\u00f6rlivet och bygget av v\\u00e5r egen camper van. Vanlife here we come!\",\"sameAs\":[\"https:\/\/www.facebook.com\/imakeyousmile.se\",\"https:\/\/www.instagram.com\/helenaamiley\",\"https:\/\/www.youtube.com\/channel\/UCR5iB6rvpV6Yr8ZjpQfr5mg?view_as=subscriber\"]}]}<\/script>\n<!-- \/ Yoast SEO Premium plugin. -->","_links":{"self":[{"href":"https:\/\/www.imakeyousmile.se\/es\/wp-json\/wp\/v2\/posts\/21875"}],"collection":[{"href":"https:\/\/www.imakeyousmile.se\/es\/wp-json\/wp\/v2\/posts"}],"about":[{"href":"https:\/\/www.imakeyousmile.se\/es\/wp-json\/wp\/v2\/types\/post"}],"author":[{"embeddable":true,"href":"https:\/\/www.imakeyousmile.se\/es\/wp-json\/wp\/v2\/users\/30"}],"replies":[{"embeddable":true,"href":"https:\/\/www.imakeyousmile.se\/es\/wp-json\/wp\/v2\/comments?post=21875"}],"version-history":[{"count":2,"href":"https:\/\/www.imakeyousmile.se\/es\/wp-json\/wp\/v2\/posts\/21875\/revisions"}],"predecessor-version":[{"id":21880,"href":"https:\/\/www.imakeyousmile.se\/es\/wp-json\/wp\/v2\/posts\/21875\/revisions\/21880"}],"wp:featuredmedia":[{"embeddable":true,"href":"https:\/\/www.imakeyousmile.se\/es\/wp-json\/wp\/v2\/media\/21878"}],"wp:attachment":[{"href":"https:\/\/www.imakeyousmile.se\/es\/wp-json\/wp\/v2\/media?parent=21875"}],"wp:term":[{"taxonomy":"category","embeddable":true,"href":"https:\/\/www.imakeyousmile.se\/es\/wp-json\/wp\/v2\/categories?post=21875"},{"taxonomy":"post_tag","embeddable":true,"href":"https:\/\/www.imakeyousmile.se\/es\/wp-json\/wp\/v2\/tags?post=21875"}],"curies":[{"name":"wp","href":"https:\/\/api.w.org\/{rel}","templated":true}]}}