{"id":21967,"date":"2015-09-11T09:48:59","date_gmt":"2015-09-11T07:48:59","guid":{"rendered":"http:\/\/www.imakeyousmile.se\/?p=21967"},"modified":"2021-10-07T11:06:59","modified_gmt":"2021-10-07T09:06:59","slug":"silver-eye-makeup","status":"publish","type":"post","link":"https:\/\/www.imakeyousmile.se\/es\/maquillaje-de-ojos-plateados\/","title":{"rendered":"Maquillaje de ojos plateado - Maquillaje de ojos plateado"},"content":{"rendered":"<p>Aqu\u00ed hay un maquillaje que es muy f\u00e1cil de hacer, \u00a1y al mismo tiempo perfecto en oto\u00f1o e invierno!<\/p>\n<p>\u00bfLe\u00edste mi publicaci\u00f3n sobre las tendencias de maquillaje en el oto\u00f1o de 2015? All\u00ed mencion\u00e9, entre otras cosas, labios rojos, sombras de ojos con brillo met\u00e1lico y ahumado en la parte inferior del ojo mientras que la parte superior a\u00fan es m\u00e1s clara. Tengo estos detalles en el maquillaje de hoy :)<\/p>\n<p><a href=\"http:\/\/www.imakeyousmile.se\/wp-content\/uploads\/2015\/09\/IMG_4120_111.jpg\"><img loading=\"lazy\" decoding=\"async\" class=\"alignnone size-full wp-image-21969\" src=\"http:\/\/www.imakeyousmile.se\/wp-content\/uploads\/2015\/09\/IMG_4120_111.jpg\" alt=\"IMG_4120_111\" width=\"2000\" height=\"1981\" srcset=\"https:\/\/www.imakeyousmile.se\/wp-content\/uploads\/2015\/09\/IMG_4120_111.jpg 2000w, https:\/\/www.imakeyousmile.se\/wp-content\/uploads\/2015\/09\/IMG_4120_111-150x150.jpg 150w, https:\/\/www.imakeyousmile.se\/wp-content\/uploads\/2015\/09\/IMG_4120_111-300x297.jpg 300w, https:\/\/www.imakeyousmile.se\/wp-content\/uploads\/2015\/09\/IMG_4120_111-1024x1014.jpg 1024w, https:\/\/www.imakeyousmile.se\/wp-content\/uploads\/2015\/09\/IMG_4120_111-696x689.jpg 696w, https:\/\/www.imakeyousmile.se\/wp-content\/uploads\/2015\/09\/IMG_4120_111-1068x1058.jpg 1068w, https:\/\/www.imakeyousmile.se\/wp-content\/uploads\/2015\/09\/IMG_4120_111-424x420.jpg 424w\" sizes=\"(max-width: 2000px) 100vw, 2000px\" \/><\/a><\/p>\n<p>Este maquillaje se realiza con la paleta 3 <a href=\"http:\/\/creativemakeup.se\/produkt\/paese-shimmer-trio-palette\/\" target=\"_blank\" rel=\"noopener\">Tr\u00edo Paese Skimmer<\/a> en la sombra 109. Contiene tres sombras de ojos grises y yo he usado las dos m\u00e1s claras.<\/p>\n<p>Aplica la sombra de ojos gris medio en todo el p\u00e1rpado y luego aplica la m\u00e1s clara en el medio del p\u00e1rpado y en el rabillo del ojo para obtener un efecto iluminador.<\/p>\n<p><a href=\"http:\/\/www.imakeyousmile.se\/wp-content\/uploads\/2015\/09\/IMG_4142_111.jpg\"><img loading=\"lazy\" decoding=\"async\" class=\"alignnone size-full wp-image-21971\" src=\"http:\/\/www.imakeyousmile.se\/wp-content\/uploads\/2015\/09\/IMG_4142_111.jpg\" alt=\"IMG_4142_111\" width=\"2980\" height=\"1388\" srcset=\"https:\/\/www.imakeyousmile.se\/wp-content\/uploads\/2015\/09\/IMG_4142_111.jpg 2560w, https:\/\/www.imakeyousmile.se\/wp-content\/uploads\/2015\/09\/IMG_4142_111-300x140.jpg 300w, https:\/\/www.imakeyousmile.se\/wp-content\/uploads\/2015\/09\/IMG_4142_111-1024x477.jpg 1024w, https:\/\/www.imakeyousmile.se\/wp-content\/uploads\/2015\/09\/IMG_4142_111-696x324.jpg 696w, https:\/\/www.imakeyousmile.se\/wp-content\/uploads\/2015\/09\/IMG_4142_111-1068x497.jpg 1068w, https:\/\/www.imakeyousmile.se\/wp-content\/uploads\/2015\/09\/IMG_4142_111-902x420.jpg 902w\" sizes=\"(max-width: 2980px) 100vw, 2980px\" \/><\/a><\/p>\n<p>Productos que he usado:<br \/>\n<strong><span style=\"color: #808080;\">Sombras de ojos grises<\/span> <\/strong>en todo el p\u00e1rpado, <a href=\"http:\/\/creativemakeup.se\/produkt\/paese-shimmer-trio-palette\/\" target=\"_blank\" rel=\"noopener\">Sombra de ojos Paese Skimmer Trio (109)<\/a><br \/>\n<strong><span style=\"color: #993300;\">Delineador de ojos marr\u00f3n<\/span><\/strong> a lo largo de la l\u00ednea de flotaci\u00f3n y la l\u00ednea de las pesta\u00f1as inferiores, <a href=\"https:\/\/ion.lyko.com\/t\/t?a=1117786221&amp;as=1548102449&amp;t=2&amp;tk=1&amp;epi=search-replace-pixi-endless&amp;url=https:\/\/lyko.com\/sv\/pixi\/pixi-endless-silky-eye-pen-icy-citrine\/\" target=\"_blank\" rel=\"noopener\">Bol\u00edgrafo Pixi Endless Silky Eye (Cacao negro)<\/a><br \/>\n<strong><span style=\"color: #000000;\">R\u00edmel negro<\/span><\/strong> en todas las pesta\u00f1as, <a href=\"https:\/\/ion.lyko.com\/t\/t?a=1117786221&#038;as=1548102449&#038;t=2&#038;tk=1&#038;epi=search-replace-mascara&#038;url=https:\/\/lyko.com\/sv\/smink\/ogon\/mascara\" target=\"_blank\" rel=\"noopener\">M\u00e1scara de pesta\u00f1as Oriflame Instant Extensions<\/a><br \/>\n<strong><span style=\"color: #993300;\">L\u00e1piz de cejas<\/span><\/strong>, <a href=\"https:\/\/ion.jordklok.se\/t\/t?a=1236848151&amp;as=1548102449&amp;t=2&amp;tk=1&amp;epi=search-replace-benecosbrows&amp;url=https:\/\/www.jordklok.se\/sv\/articles\/2.83.3593\/benecos-natural-eyebrow-designer-105-g?q=Benecos%20Natural%20Eyebrow%20Designer,%201,05%20g\" target=\"_blank\" rel=\"noopener\">Benecos Eyebrow Designer (marr\u00f3n)<\/a><\/p>\n<p><strong><span style=\"color: #ff0000;\">L\u00e1piz labial rojo<\/span> <\/strong>en los labios enteros, <a href=\"https:\/\/ion.jordklok.se\/t\/t?a=1236848151&amp;as=1548102449&amp;t=2&amp;tk=1&amp;epi=search-replace-benecoslipliner&amp;url=https:\/\/www.jordklok.se\/sv\/articles\/2.68.3596\/benecos-natural-lipliner-113-g?q=Benecos%20Natural%20Lipliner,%201,13%20g\/\" target=\"_blank\" rel=\"noopener\">Delineador de labios natural Benecos (rojo)<\/a><\/p>\n<p>Imprimaci\u00f3n desengrasante -\u00a0<a href=\"http:\/\/creativemakeup.se\/produkt\/paese-makeup-base\/\" target=\"_blank\" rel=\"noopener\">Base de maquillaje Paese mate<\/a><br \/>\nFundaci\u00f3n -\u00a0\u00a0<a href=\"https:\/\/ion.jordklok.se\/t\/t?a=1236848151&amp;as=1548102449&amp;t=2&amp;tk=1&amp;epi=search-replace-zuiifoundation&amp;url=https:\/\/www.jordklok.se\/sv\/articles\/2.60.5465\/zuii-organic-flora-powder-foundation-10-g?q=Zuii%20Organic%20Flora%20Powder%20Foundation,%2010%20g\/\" target=\"_blank\" rel=\"noopener\">Base de maquillaje en polvo org\u00e1nico Zuii (crema)<\/a><br \/>\nSombreado-\u00a0<a href=\"http:\/\/creativemakeup.se\/produkt\/paese-bronzing-powder\/\" target=\"_blank\" rel=\"noopener\">Polvo bronceador Paese (1M)<\/a><br \/>\nColorete -\u00a0<a href=\"http:\/\/creativemakeup.se\/produkt\/paese-powder-blush-med-arganolja\/\" target=\"_blank\" rel=\"noopener\">Colorete en polvo Paese (40)<br \/>\n<\/a><br \/>\n<a href=\"http:\/\/www.imakeyousmile.se\/wp-content\/uploads\/2015\/09\/IMG_4109_111.jpg\"><img loading=\"lazy\" decoding=\"async\" class=\"alignnone size-full wp-image-21968\" src=\"http:\/\/www.imakeyousmile.se\/wp-content\/uploads\/2015\/09\/IMG_4109_111.jpg\" alt=\"IMG_4109_111\" width=\"2000\" height=\"2162\" srcset=\"https:\/\/www.imakeyousmile.se\/wp-content\/uploads\/2015\/09\/IMG_4109_111.jpg 2000w, https:\/\/www.imakeyousmile.se\/wp-content\/uploads\/2015\/09\/IMG_4109_111-278x300.jpg 278w, https:\/\/www.imakeyousmile.se\/wp-content\/uploads\/2015\/09\/IMG_4109_111-947x1024.jpg 947w, https:\/\/www.imakeyousmile.se\/wp-content\/uploads\/2015\/09\/IMG_4109_111-696x752.jpg 696w, https:\/\/www.imakeyousmile.se\/wp-content\/uploads\/2015\/09\/IMG_4109_111-1068x1155.jpg 1068w, https:\/\/www.imakeyousmile.se\/wp-content\/uploads\/2015\/09\/IMG_4109_111-389x420.jpg 389w\" sizes=\"(max-width: 2000px) 100vw, 2000px\" \/><\/a> <a href=\"http:\/\/www.imakeyousmile.se\/wp-content\/uploads\/2015\/09\/IMG_4120_111.jpg\"><br \/>\n<\/a> <a href=\"http:\/\/www.imakeyousmile.se\/wp-content\/uploads\/2015\/09\/IMG_4125_111.jpg\"><img loading=\"lazy\" decoding=\"async\" class=\"alignnone size-full wp-image-21970\" src=\"http:\/\/www.imakeyousmile.se\/wp-content\/uploads\/2015\/09\/IMG_4125_111.jpg\" alt=\"IMG_4125_111\" width=\"2000\" height=\"2356\" srcset=\"https:\/\/www.imakeyousmile.se\/wp-content\/uploads\/2015\/09\/IMG_4125_111.jpg 2000w, https:\/\/www.imakeyousmile.se\/wp-content\/uploads\/2015\/09\/IMG_4125_111-255x300.jpg 255w, https:\/\/www.imakeyousmile.se\/wp-content\/uploads\/2015\/09\/IMG_4125_111-869x1024.jpg 869w, https:\/\/www.imakeyousmile.se\/wp-content\/uploads\/2015\/09\/IMG_4125_111-696x820.jpg 696w, https:\/\/www.imakeyousmile.se\/wp-content\/uploads\/2015\/09\/IMG_4125_111-1068x1258.jpg 1068w, https:\/\/www.imakeyousmile.se\/wp-content\/uploads\/2015\/09\/IMG_4125_111-357x420.jpg 357w\" sizes=\"(max-width: 2000px) 100vw, 2000px\" \/><\/a><\/p>\n<p>Espero que te guste el look \u2665<\/p>","protected":false},"excerpt":{"rendered":"<p>H\u00e4r kommer en sminkning som \u00e4r v\u00e4ldigt enkel att g\u00f6ra, och samtidigt helt r\u00e4tt i h\u00f6st och vinter! L\u00e4ste\u00a0ni mitt inl\u00e4gg om sminktrender h\u00f6sten 2015? D\u00e4r n\u00e4mnde jag bland annat r\u00f6da l\u00e4ppar, metalliska skimriga \u00f6gonskuggor samt sotat p\u00e5 undersidan av \u00f6gat medan ovansidan fortfarande \u00e4r ljusare. Dessa detaljer har jag i dagens sminkning :) Den [&hellip;]<\/p>\n","protected":false},"author":30,"featured_media":21969,"comment_status":"open","ping_status":"closed","sticky":false,"template":"","format":"standard","meta":{"footnotes":""},"categories":[9,2827],"tags":[3874,903,2561,4002,54],"class_list":["post-21967","post","type-post","status-publish","format-standard","has-post-thumbnail","hentry","category-partysminkningar","category-vardagssminkningar","tag-benecos-lipliner","tag-gra-sminkning","tag-paese-trio","tag-silverogonskugga","tag-sminkblogg"],"yoast_head":"<!-- This site is optimized with the Yoast SEO Premium plugin v14.9 - https:\/\/yoast.com\/wordpress\/plugins\/seo\/ -->\n<meta name=\"description\" content=\"Silver eye makeup - Silvrig sminkning | Helena Amiley - H\u00e4r hittar du senaste infromation om sk\u00f6nhet, livsstil, entrepren\u00f6rskap, makeup &amp; tips.\" \/>\n<meta name=\"robots\" content=\"index, follow, max-snippet:-1, max-image-preview:large, max-video-preview:-1\" \/>\n<link rel=\"canonical\" href=\"https:\/\/www.imakeyousmile.se\/es\/silver-eye-makeup\/\" \/>\n<meta property=\"og:locale\" content=\"es_ES\" \/>\n<meta property=\"og:type\" content=\"article\" \/>\n<meta property=\"og:title\" content=\"Silver eye makeup - Silvrig sminkning | Imakeyousmile.se\" \/>\n<meta property=\"og:description\" content=\"Silver eye makeup - Silvrig sminkning | Helena Amiley - H\u00e4r hittar du senaste infromation om sk\u00f6nhet, livsstil, entrepren\u00f6rskap, makeup &amp; tips.\" \/>\n<meta property=\"og:url\" content=\"https:\/\/www.imakeyousmile.se\/es\/silver-eye-makeup\/\" \/>\n<meta property=\"og:site_name\" content=\"Imakeyousmile.se\" \/>\n<meta property=\"article:author\" content=\"https:\/\/www.facebook.com\/imakeyousmile.se\" \/>\n<meta property=\"article:published_time\" content=\"2015-09-11T07:48:59+00:00\" \/>\n<meta property=\"article:modified_time\" content=\"2021-10-07T09:06:59+00:00\" \/>\n<meta property=\"og:image\" content=\"https:\/\/www.imakeyousmile.se\/wp-content\/uploads\/2015\/09\/IMG_4120_111.jpg\" \/>\n\t<meta property=\"og:image:width\" content=\"2000\" \/>\n\t<meta property=\"og:image:height\" content=\"1981\" \/>\n<meta name=\"twitter:card\" content=\"summary_large_image\" \/>\n<script type=\"application\/ld+json\" class=\"yoast-schema-graph\">{\"@context\":\"https:\/\/schema.org\",\"@graph\":[{\"@type\":\"Organization\",\"@id\":\"https:\/\/www.imakeyousmile.se\/es\/#organization\",\"name\":\"Imakeyousmile\",\"url\":\"https:\/\/www.imakeyousmile.se\/es\/\",\"sameAs\":[],\"logo\":{\"@type\":\"ImageObject\",\"@id\":\"https:\/\/www.imakeyousmile.se\/es\/#logo\",\"inLanguage\":\"es\",\"url\":\"https:\/\/www.imakeyousmile.se\/wp-content\/uploads\/2020\/10\/HELENA-AMILEY_SVART-1-e1603367975324.png\",\"width\":280,\"height\":93,\"caption\":\"Imakeyousmile\"},\"image\":{\"@id\":\"https:\/\/www.imakeyousmile.se\/es\/#logo\"}},{\"@type\":\"WebSite\",\"@id\":\"https:\/\/www.imakeyousmile.se\/es\/#website\",\"url\":\"https:\/\/www.imakeyousmile.se\/es\/\",\"name\":\"Imakeyousmile.se\",\"description\":\"Helena Amiley - Beauty, Entrepreneur, Lifestyle\",\"publisher\":{\"@id\":\"https:\/\/www.imakeyousmile.se\/es\/#organization\"},\"potentialAction\":[{\"@type\":\"SearchAction\",\"target\":\"https:\/\/www.imakeyousmile.se\/es\/?s={search_term_string}\",\"query-input\":\"required name=search_term_string\"}],\"inLanguage\":\"es\"},{\"@type\":\"ImageObject\",\"@id\":\"https:\/\/www.imakeyousmile.se\/silver-eye-makeup\/#primaryimage\",\"inLanguage\":\"es\",\"url\":\"https:\/\/www.imakeyousmile.se\/wp-content\/uploads\/2015\/09\/IMG_4120_111.jpg\",\"width\":2000,\"height\":1981},{\"@type\":\"WebPage\",\"@id\":\"https:\/\/www.imakeyousmile.se\/silver-eye-makeup\/#webpage\",\"url\":\"https:\/\/www.imakeyousmile.se\/silver-eye-makeup\/\",\"name\":\"Silver eye makeup - Silvrig sminkning | Imakeyousmile.se\",\"isPartOf\":{\"@id\":\"https:\/\/www.imakeyousmile.se\/es\/#website\"},\"primaryImageOfPage\":{\"@id\":\"https:\/\/www.imakeyousmile.se\/silver-eye-makeup\/#primaryimage\"},\"datePublished\":\"2015-09-11T07:48:59+00:00\",\"dateModified\":\"2021-10-07T09:06:59+00:00\",\"description\":\"Silver eye makeup - Silvrig sminkning | Helena Amiley - H\\u00e4r hittar du senaste infromation om sk\\u00f6nhet, livsstil, entrepren\\u00f6rskap, makeup & tips.\",\"inLanguage\":\"es\",\"potentialAction\":[{\"@type\":\"ReadAction\",\"target\":[\"https:\/\/www.imakeyousmile.se\/silver-eye-makeup\/\"]}]},{\"@type\":\"Article\",\"@id\":\"https:\/\/www.imakeyousmile.se\/silver-eye-makeup\/#article\",\"isPartOf\":{\"@id\":\"https:\/\/www.imakeyousmile.se\/silver-eye-makeup\/#webpage\"},\"author\":{\"@id\":\"https:\/\/www.imakeyousmile.se\/es\/#\/schema\/person\/b0fd43b1c6bb1c60cfd68bff9b4a10fb\"},\"headline\":\"Silver eye makeup &#8211; Silvrig sminkning\",\"datePublished\":\"2015-09-11T07:48:59+00:00\",\"dateModified\":\"2021-10-07T09:06:59+00:00\",\"mainEntityOfPage\":{\"@id\":\"https:\/\/www.imakeyousmile.se\/silver-eye-makeup\/#webpage\"},\"commentCount\":0,\"publisher\":{\"@id\":\"https:\/\/www.imakeyousmile.se\/es\/#organization\"},\"image\":{\"@id\":\"https:\/\/www.imakeyousmile.se\/silver-eye-makeup\/#primaryimage\"},\"keywords\":\"benecos lipliner,gr\\u00e5 sminkning,paese trio,silver\\u00f6gonskugga,sminkblogg\",\"articleSection\":\"M\\u00f6rka \/ festliga sminkningar,Neutrala \/ milda sminkningar\",\"inLanguage\":\"es\",\"potentialAction\":[{\"@type\":\"CommentAction\",\"name\":\"Comment\",\"target\":[\"https:\/\/www.imakeyousmile.se\/silver-eye-makeup\/#respond\"]}]},{\"@type\":\"Person\",\"@id\":\"https:\/\/www.imakeyousmile.se\/es\/#\/schema\/person\/b0fd43b1c6bb1c60cfd68bff9b4a10fb\",\"name\":\"Helena Amiley\",\"image\":{\"@type\":\"ImageObject\",\"@id\":\"https:\/\/www.imakeyousmile.se\/es\/#personlogo\",\"inLanguage\":\"es\",\"url\":\"https:\/\/secure.gravatar.com\/avatar\/5645558e1e355457a23368d7e1b4c904?s=96&d=mm&r=g\",\"caption\":\"Helena Amiley\"},\"description\":\"Jag skriver mest om sk\\u00f6nhet men bjuder \\u00e4ven p\\u00e5 glimtar fr\\u00e5n entrepren\\u00f6rlivet och bygget av v\\u00e5r egen camper van. Vanlife here we come!\",\"sameAs\":[\"https:\/\/www.facebook.com\/imakeyousmile.se\",\"https:\/\/www.instagram.com\/helenaamiley\",\"https:\/\/www.youtube.com\/channel\/UCR5iB6rvpV6Yr8ZjpQfr5mg?view_as=subscriber\"]}]}<\/script>\n<!-- \/ Yoast SEO Premium plugin. -->","_links":{"self":[{"href":"https:\/\/www.imakeyousmile.se\/es\/wp-json\/wp\/v2\/posts\/21967"}],"collection":[{"href":"https:\/\/www.imakeyousmile.se\/es\/wp-json\/wp\/v2\/posts"}],"about":[{"href":"https:\/\/www.imakeyousmile.se\/es\/wp-json\/wp\/v2\/types\/post"}],"author":[{"embeddable":true,"href":"https:\/\/www.imakeyousmile.se\/es\/wp-json\/wp\/v2\/users\/30"}],"replies":[{"embeddable":true,"href":"https:\/\/www.imakeyousmile.se\/es\/wp-json\/wp\/v2\/comments?post=21967"}],"version-history":[{"count":4,"href":"https:\/\/www.imakeyousmile.se\/es\/wp-json\/wp\/v2\/posts\/21967\/revisions"}],"predecessor-version":[{"id":41906,"href":"https:\/\/www.imakeyousmile.se\/es\/wp-json\/wp\/v2\/posts\/21967\/revisions\/41906"}],"wp:featuredmedia":[{"embeddable":true,"href":"https:\/\/www.imakeyousmile.se\/es\/wp-json\/wp\/v2\/media\/21969"}],"wp:attachment":[{"href":"https:\/\/www.imakeyousmile.se\/es\/wp-json\/wp\/v2\/media?parent=21967"}],"wp:term":[{"taxonomy":"category","embeddable":true,"href":"https:\/\/www.imakeyousmile.se\/es\/wp-json\/wp\/v2\/categories?post=21967"},{"taxonomy":"post_tag","embeddable":true,"href":"https:\/\/www.imakeyousmile.se\/es\/wp-json\/wp\/v2\/tags?post=21967"}],"curies":[{"name":"wp","href":"https:\/\/api.w.org\/{rel}","templated":true}]}}