{"id":22009,"date":"2015-09-14T05:30:33","date_gmt":"2015-09-14T03:30:33","guid":{"rendered":"http:\/\/www.imakeyousmile.se\/?p=22009"},"modified":"2015-09-13T22:15:47","modified_gmt":"2015-09-13T20:15:47","slug":"varldens-smartaste-puder","status":"publish","type":"post","link":"https:\/\/www.imakeyousmile.se\/es\/las-almohadas-mas-inteligentes-del-mundo\/","title":{"rendered":"\u00a1Las almohadas m\u00e1s inteligentes del mundo!"},"content":{"rendered":"<p>Pixi entonces, \u00a1qu\u00e9 marca! Tienen productos tan inteligentes que a veces me quedo sin palabras :)<\/p>\n<p>Si tienes la piel grasa, el polvo a granel es lo mejor para mejorar durante el d\u00eda, pero es un poco complicado mientras viajas y as\u00ed es como suele verse cuando me siento en el autob\u00fas:<\/p>\n<p><strong>1.<\/strong> Cavo en la bolsa durante varios minutos para encontrar polvo, cepillo y espejo en el caos.<br \/>\n<strong>2.<\/strong> Dejo que el espejo y el cepillo est\u00e9n en mi regazo mientras abro el frasco de polvo, suave, suavemente.<br \/>\n<strong>3.<\/strong> Desempolva y derramo un poco, y lo limpio r\u00e1pidamente, esperando que nadie mire.<br \/>\n<strong>4.<\/strong> Sostengo el frasco con fuerza con una mano y trato de mojar suavemente la brocha en el polvo sin levantarme demasiado, pero siempre se vuelve demasiado.<br \/>\n<strong>5.<\/strong> Cierro la tapa del polvo y, en cambio, levanto el espejo que miro cuando me paso el polvo por la cara, al mismo tiempo que se forma una nube de polvo alrededor de mi cabeza porque tengo demasiado polvo en la brocha.<br \/>\n<strong>6.<\/strong> Rezo a Dios para que el resultado sea uniforme y agradable, y luego r\u00e1pidamente con todo en la bolsa nuevamente antes de llamar m\u00e1s la atenci\u00f3n.<\/p>\n<p>Y es de esperar que pueda terminar todo as\u00ed, sin que ocurran grandes desastres en la carretera, lo que no es demasiado inusual, desaceleraciones repentinas, por ejemplo;)<\/p>\n<p>\u00a1Pero Pixi tiene un polvo que resuelve todos estos problemas!<\/p>\n<p><a href=\"http:\/\/www.imakeyousmile.se\/wp-content\/uploads\/2015\/09\/IMG_4311_1111.jpg\"><img loading=\"lazy\" decoding=\"async\" class=\"alignnone size-full wp-image-22012\" src=\"http:\/\/www.imakeyousmile.se\/wp-content\/uploads\/2015\/09\/IMG_4311_1111.jpg\" alt=\"IMG_4311_111\" width=\"2000\" height=\"1251\" srcset=\"https:\/\/www.imakeyousmile.se\/wp-content\/uploads\/2015\/09\/IMG_4311_1111.jpg 2000w, https:\/\/www.imakeyousmile.se\/wp-content\/uploads\/2015\/09\/IMG_4311_1111-300x188.jpg 300w, https:\/\/www.imakeyousmile.se\/wp-content\/uploads\/2015\/09\/IMG_4311_1111-1024x641.jpg 1024w, https:\/\/www.imakeyousmile.se\/wp-content\/uploads\/2015\/09\/IMG_4311_1111-696x435.jpg 696w, https:\/\/www.imakeyousmile.se\/wp-content\/uploads\/2015\/09\/IMG_4311_1111-1068x668.jpg 1068w, https:\/\/www.imakeyousmile.se\/wp-content\/uploads\/2015\/09\/IMG_4311_1111-671x420.jpg 671w\" sizes=\"(max-width: 2000px) 100vw, 2000px\" \/><\/a><\/p>\n<p>Mi nueva rutina:<br \/>\nSolo necesito buscar en la bolsa un solo producto.<br \/>\n2. Abro la tapa del frasco.<br \/>\n3. Me aplico sobre la piel con la borla incorporada que da una buena cantidad de polvo sin riesgo de derrames o nubes de polvo, mientras me miro en el espejo en la parte superior de la tapa.<\/p>\n<p>\u00a1Tan f\u00e1cil!<\/p>\n<p>El frasco de polvo suelto tiene, como dije, una bocanada que est\u00e1 atascada, con un agujero en el medio en la parte inferior que libera una buena cantidad de polvo cuando lo tocas sobre la piel. So.himla.fiffigt :)<\/p>\n<p>Es transparente y extremadamente liviano, y puedes mejorarlo tantas veces como quieras sin que el resultado sea desigual o cakey.<\/p>\n<p>El polvo se compone principalmente de minerales y harina de ma\u00edz, pero tambi\u00e9n contiene:<br \/>\nExtracto de aloe vera y pepino que tienen efectos calmantes<br \/>\nPolvo de perlas reales que protegen la piel<br \/>\nExtracto de uva que act\u00faa como antioxidante<\/p>\n<p><a href=\"http:\/\/www.imakeyousmile.se\/wp-content\/uploads\/2015\/09\/IMG_4660_111.jpg\"><img loading=\"lazy\" decoding=\"async\" class=\"alignnone size-full wp-image-22011\" src=\"http:\/\/www.imakeyousmile.se\/wp-content\/uploads\/2015\/09\/IMG_4660_111.jpg\" alt=\"IMG_4660_111\" width=\"2000\" height=\"1836\" srcset=\"https:\/\/www.imakeyousmile.se\/wp-content\/uploads\/2015\/09\/IMG_4660_111.jpg 2000w, https:\/\/www.imakeyousmile.se\/wp-content\/uploads\/2015\/09\/IMG_4660_111-300x275.jpg 300w, https:\/\/www.imakeyousmile.se\/wp-content\/uploads\/2015\/09\/IMG_4660_111-1024x940.jpg 1024w, https:\/\/www.imakeyousmile.se\/wp-content\/uploads\/2015\/09\/IMG_4660_111-696x639.jpg 696w, https:\/\/www.imakeyousmile.se\/wp-content\/uploads\/2015\/09\/IMG_4660_111-1068x980.jpg 1068w, https:\/\/www.imakeyousmile.se\/wp-content\/uploads\/2015\/09\/IMG_4660_111-458x420.jpg 458w\" sizes=\"(max-width: 2000px) 100vw, 2000px\" \/><\/a>Simplemente levante, abra, sostenga la tapa (espejo) frente a usted y mate su cara. En esta foto me ves anoche despu\u00e9s de la celebraci\u00f3n del cumplea\u00f1os, de una tez s\u00faper grasa a una tez completamente lisa y mate con solo este producto.<\/p>\n<p><a href=\"http:\/\/creativemakeup.se\/produkt\/pixi-quick-fix-powder\/\" target=\"_blank\">Polvo Pixi Quick Fix<\/a> est\u00e1 disponible para su compra en Byher.se :)<\/p>\n<p>Ahora voy a ir a Uppsala, tengo cuatro reservas de recuperaci\u00f3n como esta en la ramita de la ma\u00f1ana para que est\u00e9 completo. \u00a1Espero que tengas un buen comienzo para la nueva semana!<\/p>\n<p>Los abrazos son \u2665<\/p>","protected":false},"excerpt":{"rendered":"<p>Pixi allts\u00e5, vilket m\u00e4rke! De har s\u00e5 fiffiga produkter att jag blir helt m\u00e5ll\u00f6s ibland :) Har man\u00a0oljig hy s\u00e5 \u00e4r puder i l\u00f6sform det allra b\u00e4sta att b\u00e4ttra p\u00e5 med under dagen, men det \u00e4r lite meckigt i farten och ungef\u00e4r s\u00e5 h\u00e4r brukar det se ut\u00a0n\u00e4r jag sitter p\u00e5 bussen: 1. Jag gr\u00e4ver\u00a0i [&hellip;]<\/p>\n","protected":false},"author":30,"featured_media":22011,"comment_status":"open","ping_status":"closed","sticky":false,"template":"","format":"standard","meta":{"footnotes":""},"categories":[59,3919],"tags":[4013,4012,491,3687,3688,4011,4017,4016,4015,4014,54],"class_list":["post-22009","post","type-post","status-publish","format-standard","has-post-thumbnail","hentry","category-recensioner-produkttips","category-sminktips","tag-battra-pa-sminket","tag-matta-ner-oljig-hy","tag-oljig-hy","tag-pixi","tag-pixi-sverige","tag-puder","tag-puder-akne","tag-puder-fet-hy","tag-puder-oljig-hy","tag-smart-smink","tag-sminkblogg"],"yoast_head":"<!-- This site is optimized with the Yoast SEO Premium plugin v14.9 - https:\/\/yoast.com\/wordpress\/plugins\/seo\/ -->\n<meta name=\"description\" content=\"V\u00e4rldens smartaste puder! | Helena Amiley - H\u00e4r hittar du senaste infromation om sk\u00f6nhet, livsstil, entrepren\u00f6rskap, makeup &amp; tips.\" \/>\n<meta name=\"robots\" content=\"index, follow, max-snippet:-1, max-image-preview:large, max-video-preview:-1\" \/>\n<link rel=\"canonical\" href=\"https:\/\/www.imakeyousmile.se\/es\/varldens-smartaste-puder\/\" \/>\n<meta property=\"og:locale\" content=\"es_ES\" \/>\n<meta property=\"og:type\" content=\"article\" \/>\n<meta property=\"og:title\" content=\"V\u00e4rldens smartaste puder! | Imakeyousmile.se\" \/>\n<meta property=\"og:description\" content=\"V\u00e4rldens smartaste puder! | Helena Amiley - H\u00e4r hittar du senaste infromation om sk\u00f6nhet, livsstil, entrepren\u00f6rskap, makeup &amp; tips.\" \/>\n<meta property=\"og:url\" content=\"https:\/\/www.imakeyousmile.se\/es\/varldens-smartaste-puder\/\" \/>\n<meta property=\"og:site_name\" content=\"Imakeyousmile.se\" \/>\n<meta property=\"article:author\" content=\"https:\/\/www.facebook.com\/imakeyousmile.se\" \/>\n<meta property=\"article:published_time\" content=\"2015-09-14T03:30:33+00:00\" \/>\n<meta property=\"article:modified_time\" content=\"2015-09-13T20:15:47+00:00\" \/>\n<meta property=\"og:image\" content=\"https:\/\/www.imakeyousmile.se\/wp-content\/uploads\/2015\/09\/IMG_4660_111.jpg\" \/>\n\t<meta property=\"og:image:width\" content=\"2000\" \/>\n\t<meta property=\"og:image:height\" content=\"1836\" \/>\n<meta name=\"twitter:card\" content=\"summary_large_image\" \/>\n<script type=\"application\/ld+json\" class=\"yoast-schema-graph\">{\"@context\":\"https:\/\/schema.org\",\"@graph\":[{\"@type\":\"Organization\",\"@id\":\"https:\/\/www.imakeyousmile.se\/es\/#organization\",\"name\":\"Imakeyousmile\",\"url\":\"https:\/\/www.imakeyousmile.se\/es\/\",\"sameAs\":[],\"logo\":{\"@type\":\"ImageObject\",\"@id\":\"https:\/\/www.imakeyousmile.se\/es\/#logo\",\"inLanguage\":\"es\",\"url\":\"https:\/\/www.imakeyousmile.se\/wp-content\/uploads\/2020\/10\/HELENA-AMILEY_SVART-1-e1603367975324.png\",\"width\":280,\"height\":93,\"caption\":\"Imakeyousmile\"},\"image\":{\"@id\":\"https:\/\/www.imakeyousmile.se\/es\/#logo\"}},{\"@type\":\"WebSite\",\"@id\":\"https:\/\/www.imakeyousmile.se\/es\/#website\",\"url\":\"https:\/\/www.imakeyousmile.se\/es\/\",\"name\":\"Imakeyousmile.se\",\"description\":\"Helena Amiley - Beauty, Entrepreneur, Lifestyle\",\"publisher\":{\"@id\":\"https:\/\/www.imakeyousmile.se\/es\/#organization\"},\"potentialAction\":[{\"@type\":\"SearchAction\",\"target\":\"https:\/\/www.imakeyousmile.se\/es\/?s={search_term_string}\",\"query-input\":\"required name=search_term_string\"}],\"inLanguage\":\"es\"},{\"@type\":\"ImageObject\",\"@id\":\"https:\/\/www.imakeyousmile.se\/varldens-smartaste-puder\/#primaryimage\",\"inLanguage\":\"es\",\"url\":\"https:\/\/www.imakeyousmile.se\/wp-content\/uploads\/2015\/09\/IMG_4660_111.jpg\",\"width\":2000,\"height\":1836},{\"@type\":\"WebPage\",\"@id\":\"https:\/\/www.imakeyousmile.se\/varldens-smartaste-puder\/#webpage\",\"url\":\"https:\/\/www.imakeyousmile.se\/varldens-smartaste-puder\/\",\"name\":\"V\\u00e4rldens smartaste puder! | Imakeyousmile.se\",\"isPartOf\":{\"@id\":\"https:\/\/www.imakeyousmile.se\/es\/#website\"},\"primaryImageOfPage\":{\"@id\":\"https:\/\/www.imakeyousmile.se\/varldens-smartaste-puder\/#primaryimage\"},\"datePublished\":\"2015-09-14T03:30:33+00:00\",\"dateModified\":\"2015-09-13T20:15:47+00:00\",\"description\":\"V\\u00e4rldens smartaste puder! | Helena Amiley - H\\u00e4r hittar du senaste infromation om sk\\u00f6nhet, livsstil, entrepren\\u00f6rskap, makeup & tips.\",\"inLanguage\":\"es\",\"potentialAction\":[{\"@type\":\"ReadAction\",\"target\":[\"https:\/\/www.imakeyousmile.se\/varldens-smartaste-puder\/\"]}]},{\"@type\":\"Article\",\"@id\":\"https:\/\/www.imakeyousmile.se\/varldens-smartaste-puder\/#article\",\"isPartOf\":{\"@id\":\"https:\/\/www.imakeyousmile.se\/varldens-smartaste-puder\/#webpage\"},\"author\":{\"@id\":\"https:\/\/www.imakeyousmile.se\/es\/#\/schema\/person\/b0fd43b1c6bb1c60cfd68bff9b4a10fb\"},\"headline\":\"V\\u00e4rldens smartaste puder!\",\"datePublished\":\"2015-09-14T03:30:33+00:00\",\"dateModified\":\"2015-09-13T20:15:47+00:00\",\"mainEntityOfPage\":{\"@id\":\"https:\/\/www.imakeyousmile.se\/varldens-smartaste-puder\/#webpage\"},\"commentCount\":2,\"publisher\":{\"@id\":\"https:\/\/www.imakeyousmile.se\/es\/#organization\"},\"image\":{\"@id\":\"https:\/\/www.imakeyousmile.se\/varldens-smartaste-puder\/#primaryimage\"},\"keywords\":\"b\\u00e4ttra p\\u00e5 sminket,matta ner oljig hy,oljig hy,pixi,pixi sverige,puder,puder akne,puder fet hy,puder oljig hy,smart smink,sminkblogg\",\"articleSection\":\"Recensioner &amp; Produkttips,Sminktips\",\"inLanguage\":\"es\",\"potentialAction\":[{\"@type\":\"CommentAction\",\"name\":\"Comment\",\"target\":[\"https:\/\/www.imakeyousmile.se\/varldens-smartaste-puder\/#respond\"]}]},{\"@type\":\"Person\",\"@id\":\"https:\/\/www.imakeyousmile.se\/es\/#\/schema\/person\/b0fd43b1c6bb1c60cfd68bff9b4a10fb\",\"name\":\"Helena Amiley\",\"image\":{\"@type\":\"ImageObject\",\"@id\":\"https:\/\/www.imakeyousmile.se\/es\/#personlogo\",\"inLanguage\":\"es\",\"url\":\"https:\/\/secure.gravatar.com\/avatar\/5645558e1e355457a23368d7e1b4c904?s=96&d=mm&r=g\",\"caption\":\"Helena Amiley\"},\"description\":\"Jag skriver mest om sk\\u00f6nhet men bjuder \\u00e4ven p\\u00e5 glimtar fr\\u00e5n entrepren\\u00f6rlivet och bygget av v\\u00e5r egen camper van. Vanlife here we come!\",\"sameAs\":[\"https:\/\/www.facebook.com\/imakeyousmile.se\",\"https:\/\/www.instagram.com\/helenaamiley\",\"https:\/\/www.youtube.com\/channel\/UCR5iB6rvpV6Yr8ZjpQfr5mg?view_as=subscriber\"]}]}<\/script>\n<!-- \/ Yoast SEO Premium plugin. -->","_links":{"self":[{"href":"https:\/\/www.imakeyousmile.se\/es\/wp-json\/wp\/v2\/posts\/22009"}],"collection":[{"href":"https:\/\/www.imakeyousmile.se\/es\/wp-json\/wp\/v2\/posts"}],"about":[{"href":"https:\/\/www.imakeyousmile.se\/es\/wp-json\/wp\/v2\/types\/post"}],"author":[{"embeddable":true,"href":"https:\/\/www.imakeyousmile.se\/es\/wp-json\/wp\/v2\/users\/30"}],"replies":[{"embeddable":true,"href":"https:\/\/www.imakeyousmile.se\/es\/wp-json\/wp\/v2\/comments?post=22009"}],"version-history":[{"count":6,"href":"https:\/\/www.imakeyousmile.se\/es\/wp-json\/wp\/v2\/posts\/22009\/revisions"}],"predecessor-version":[{"id":22018,"href":"https:\/\/www.imakeyousmile.se\/es\/wp-json\/wp\/v2\/posts\/22009\/revisions\/22018"}],"wp:featuredmedia":[{"embeddable":true,"href":"https:\/\/www.imakeyousmile.se\/es\/wp-json\/wp\/v2\/media\/22011"}],"wp:attachment":[{"href":"https:\/\/www.imakeyousmile.se\/es\/wp-json\/wp\/v2\/media?parent=22009"}],"wp:term":[{"taxonomy":"category","embeddable":true,"href":"https:\/\/www.imakeyousmile.se\/es\/wp-json\/wp\/v2\/categories?post=22009"},{"taxonomy":"post_tag","embeddable":true,"href":"https:\/\/www.imakeyousmile.se\/es\/wp-json\/wp\/v2\/tags?post=22009"}],"curies":[{"name":"wp","href":"https:\/\/api.w.org\/{rel}","templated":true}]}}