{"id":22026,"date":"2015-09-15T08:45:19","date_gmt":"2015-09-15T06:45:19","guid":{"rendered":"http:\/\/www.imakeyousmile.se\/?p=22026"},"modified":"2015-09-15T08:45:19","modified_gmt":"2015-09-15T06:45:19","slug":"platning-med-glossybox","status":"publish","type":"post","link":"https:\/\/www.imakeyousmile.se\/es\/chapado-con-caja-brillante\/","title":{"rendered":"Disparar con Glossybox"},"content":{"rendered":"<p>\u00a1Hola, est\u00e1s bien nueve!<\/p>\n<p>Ahora estoy sentado en el autob\u00fas camino a un fot\u00f3grafo en Uppsala, me voy a maquillar para una sesi\u00f3n de fotos para Glossy MAG, ya sabes la revista que viene con las cajas Glossy Box :)<\/p>\n<p>\u00a1Va a ser muy divertido! Hac\u00eda mucho tiempo que no me maquillaba para una sesi\u00f3n de fotos ahora y he empezado a tener un poco de abstinencia, es completamente diferente maquillarse para fotos si se compara con particulares, bodas y similares. Realmente no tengo tiempo hoy cuando abrimos la tienda la semana que viene y ya he tenido un total de siete maquillajes los \u00faltimos tres d\u00edas, pero no podr\u00eda decir que no a esto, \u00a1me pica en los dedos!<\/p>\n<p>El jueves y viernes trabajaremos mucho en el sal\u00f3n, gestionaremos todo mi almac\u00e9n, estudio fotogr\u00e1fico y mi maquillaje privado (ahora escribiremos en el blog y me maquillar\u00e9 en el sal\u00f3n) y ser\u00e1 muy divertido recoger todo y ponerlo en orden: )<\/p>\n<p>Pero ma\u00f1ana tengo un d\u00eda completo en casa y me maquillar\u00e9 y arreglar\u00e9 mucho material de blog para ti, as\u00ed que hoy cuando est\u00e9 en Uppsala estar\u00e1 un poco vac\u00edo aqu\u00ed en el blog pero no te he olvidado \u2665<\/p>\n<p>Como peque\u00f1a compensaci\u00f3n, ahora ofrezco un maquillaje de esta primavera que se siente como una buena inspiraci\u00f3n ahora para el oto\u00f1o y el invierno :) \u00a1Espero que les guste!<\/p>\n<p><a href=\"http:\/\/www.imakeyousmile.se\/wp-content\/uploads\/2015\/05\/Namnl%C3%B6st-11111.jpg\"><img loading=\"lazy\" decoding=\"async\" class=\"alignnone size-large wp-image-20195 td-animation-stack-type0-1\" src=\"http:\/\/www.imakeyousmile.se\/wp-content\/uploads\/2015\/05\/Namnl%C3%B6st-11111.jpg\" alt=\"An\u00f3nimo-11111\" width=\"700\" height=\"502\" \/><\/a><\/p>\n<p><a href=\"http:\/\/www.imakeyousmile.se\/wp-content\/uploads\/2015\/05\/makeup-tutorial_1111.jpg\"><img loading=\"lazy\" decoding=\"async\" class=\"alignnone size-large wp-image-20194 td-animation-stack-type0-1\" src=\"http:\/\/www.imakeyousmile.se\/wp-content\/uploads\/2015\/05\/makeup-tutorial_1111-1024x878.jpg\" alt=\"maquillaje-tutorial_1111\" width=\"700\" height=\"600\" srcset=\"https:\/\/www.imakeyousmile.se\/wp-content\/uploads\/2015\/05\/makeup-tutorial_1111-1024x878.jpg 1024w, https:\/\/www.imakeyousmile.se\/wp-content\/uploads\/2015\/05\/makeup-tutorial_1111-300x257.jpg 300w, https:\/\/www.imakeyousmile.se\/wp-content\/uploads\/2015\/05\/makeup-tutorial_1111-700x600.jpg 700w, https:\/\/www.imakeyousmile.se\/wp-content\/uploads\/2015\/05\/makeup-tutorial_1111-416x357.jpg 416w, https:\/\/www.imakeyousmile.se\/wp-content\/uploads\/2015\/05\/makeup-tutorial_1111-563x483.jpg 563w, https:\/\/www.imakeyousmile.se\/wp-content\/uploads\/2015\/05\/makeup-tutorial_1111.jpg 2000w\" sizes=\"(max-width: 700px) 100vw, 700px\" \/><\/a><\/p>\n<p>1.\u00a0<strong>Delineador de ojos verde\u00a0<\/strong>a lo largo de la l\u00ednea de flotaci\u00f3n,\u00a0<a href=\"http:\/\/creativemakeup.se\/produkt\/paese-linea-automatic-eyeliner\/\">Delineador de ojos autom\u00e1tico Paese Linea (Olive Glam)<\/a><br \/>\n2.\u00a0<strong>Sombra de ojos verde<\/strong>\u00a0a lo largo de la l\u00ednea de las pesta\u00f1as inferiores, P<a href=\"http:\/\/creativemakeup.se\/produkt\/paese-kasmir-matte-black-eyeshadow\/\" target=\"_blank\">Sombra de ojos aese Kashmir (668)<\/a>\u00a0- Aplicado con\u00a0<a href=\"https:\/\/tidd.ly\/2W1ptQF\" target=\"_blank\">Pincel de l\u00e1piz Nanshy.<\/a><br \/>\n3.\u00a0<strong>Sombra de ojos verde turquesa<\/strong>\u00a0en la parte inferior de la l\u00ednea de las pesta\u00f1as inferiores,\u00a0<a href=\"http:\/\/creativemakeup.se\/produkt\/paese-neo-eyeshadow\/\" target=\"_blank\">Sombra de ojos Paese Neo (687)<\/a>\u00a0- Aplicado con\u00a0<a href=\"https:\/\/tidd.ly\/39qsqNE\" target=\"_blank\">Cepillo de detalle en \u00e1ngulo Nanshy.<\/a><br \/>\n4.\u00a0<strong>Brillo verde<\/strong>\u00a0en la parte inferior de la l\u00ednea de las pesta\u00f1as inferiores,\u00a0<a href=\"https:\/\/ion.lyko.com\/t\/t?a=1117786221&#038;as=1548102449&#038;t=2&#038;tk=1&#038;epi=search-replace-MUSglitter&#038;url=https:\/\/lyko.com\/sv\/sok?q=make+up+store+glitter\">Tienda de maquillaje Glitter (Peacock)<\/a>\u00a0adjunto con\u00a0<a href=\"https:\/\/ion.lyko.com\/t\/t?a=1117786221&#038;as=1548102449&#038;t=2&#038;tk=1&#038;epi=search-replace-MUSglitter&#038;url=https:\/\/lyko.com\/sv\/sok?q=make+up+store+glitter\">Tienda de maquillaje l\u00edquido para mezclar<\/a>.<br \/>\n5.\u00a0<strong>Blanco, gris\u00a0<\/strong>y\u00a0<strong>sombra de ojos negra<\/strong>\u00a0uno al lado del otro en el p\u00e1rpado,\u00a0<a href=\"http:\/\/creativemakeup.se\/produkt\/paese-kasmir-matte-black-eyeshadow\/\" target=\"_blank\">Sombra de ojos Paese Kashmir (601)<\/a>\u00a0Y\u00a0<a href=\"http:\/\/creativemakeup.se\/produkt\/paese-kashmir-trio-eyeshadow\/\" target=\"_blank\">Sombra de ojos Paese Kashmir Trio (685)<\/a>\u00a0- Aplicado con\u00a0<a href=\"https:\/\/tidd.ly\/3u2SPLi\">Cepillo para pliegues c\u00f3nicos Nanshy<\/a>.<br \/>\n6. Difumina los bordes con\u00a0<a href=\"https:\/\/tidd.ly\/3lLMq35\" target=\"_blank\">Cepillo para pliegues Nanshy.<br \/>\n<\/a><br \/>\n7. &quot;Ata&quot; el maquillaje y m\u00e1s\u00a0<strong>sombra de ojos turquesa<\/strong>\u00a0en la esquina del ojo como una peque\u00f1a punta, y delineador de ojos verde que le da un borde recto a la sombra verde en la esquina exterior del ojo,\u00a0<a href=\"https:\/\/ion.lyko.com\/t\/t?a=1117786221&#038;as=1548102449&#038;t=2&#038;tk=1&#038;epi=search-replace-eyeliner&#038;url=https:\/\/lyko.com\/sv\/sok?q=eyeliner\" target=\"_blank\">Delineador de ojos Pure Minerals Double Ego (Queensland)<\/a><br \/>\n\u2026Y\u00a0<strong>delineador de ojos negro\u00a0<\/strong>con ala,\u00a0<a href=\"http:\/\/creativemakeup.se\/produkt\/paese-penliner\/\" target=\"_blank\">Paese Penliner<\/a>.<br \/>\n\u2026Y\u00a0<strong>sombra de ojos blanca<\/strong>\u00a0como dos guiones entre el delineador de ojos negro y verde en la esquina exterior del ojo.<\/p>\n<p>8.\u00a0<strong>R\u00edmel negro<\/strong>\u00a0en las pesta\u00f1as superiores,\u00a0<a href=\"https:\/\/ion.lyko.com\/t\/t?a=1117786221&#038;as=1548102449&#038;t=2&#038;tk=1&#038;epi=search-replace-mascara&#038;url=https:\/\/lyko.com\/sv\/smink\/ogon\/mascara\" target=\"_blank\">M\u00e1scara de pesta\u00f1as Oriflame Wonderlash.<\/a>*<br \/>\n<strong>R\u00edmel verde<\/strong>\u00a0en las pesta\u00f1as inferiores, Zuii Organic (Esmeralda)<\/p>\n<p><a href=\"http:\/\/www.imakeyousmile.se\/wp-content\/uploads\/2015\/05\/IMG_3850_111.jpg\"><img loading=\"lazy\" decoding=\"async\" class=\"alignnone size-large wp-image-20191 td-animation-stack-type0-1\" src=\"http:\/\/www.imakeyousmile.se\/wp-content\/uploads\/2015\/05\/IMG_3850_111-927x1024.jpg\" alt=\"IMG_3850_111\" width=\"700\" height=\"773\" srcset=\"https:\/\/www.imakeyousmile.se\/wp-content\/uploads\/2015\/05\/IMG_3850_111-927x1024.jpg 927w, https:\/\/www.imakeyousmile.se\/wp-content\/uploads\/2015\/05\/IMG_3850_111-272x300.jpg 272w, https:\/\/www.imakeyousmile.se\/wp-content\/uploads\/2015\/05\/IMG_3850_111-700x773.jpg 700w, https:\/\/www.imakeyousmile.se\/wp-content\/uploads\/2015\/05\/IMG_3850_111-323x357.jpg 323w, https:\/\/www.imakeyousmile.se\/wp-content\/uploads\/2015\/05\/IMG_3850_111-437x483.jpg 437w\" sizes=\"(max-width: 700px) 100vw, 700px\" \/><\/a><\/p>\n<p><strong>L\u00e1piz labial<\/strong>,\u00a0<a href=\"http:\/\/creativemakeup.se\/produkt\/paese-lappstift\/\" target=\"_blank\">Pintalabios Paese con aceite de arg\u00e1n (25)<\/a><br \/>\n<strong>Fundaci\u00f3n<\/strong>,\u00a0<a href=\"https:\/\/ion.jordklok.se\/t\/t?a=1236848151&#038;as=1548102449&#038;t=2&#038;tk=1&#038;epi=search-replace-zuiifoundation&#038;url=https:\/\/www.jordklok.se\/sv\/articles\/2.60.5465\/zuii-organic-flora-powder-foundation-10-g?q=Zuii%20Organic%20Flora%20Powder%20Foundation,%2010%20g\/\">Base de maquillaje en polvo org\u00e1nico Zuii (crema)<\/a><br \/>\n<strong>Bronceador<\/strong>\u00a0<a href=\"http:\/\/creativemakeup.se\/produkt\/paese-bronzing-powder\/\">Polvo bronceador Paese (1M)<\/a><br \/>\n<strong>Esmalte de u\u00f1as<\/strong>,\u00a0<a href=\"https:\/\/ion.lyko.com\/t\/t?a=1117786221&#038;as=1548102449&#038;t=2&#038;tk=1&#038;epi=search-replace-nagellack&#038;url=https:\/\/lyko.com\/sv\/smink\/naglar\/nagellack?fromsearch=nagellack\/\">Esmalte de u\u00f1as Paese (102)<\/a><\/p>\n<p><a href=\"http:\/\/www.imakeyousmile.se\/wp-content\/uploads\/2015\/05\/IMG_3859.jpg\"><img loading=\"lazy\" decoding=\"async\" class=\"alignnone size-large wp-image-20192 td-animation-stack-type0-1\" src=\"http:\/\/www.imakeyousmile.se\/wp-content\/uploads\/2015\/05\/IMG_3859-1024x683.jpg\" alt=\"IMG_3859\" width=\"700\" height=\"467\" srcset=\"https:\/\/www.imakeyousmile.se\/wp-content\/uploads\/2015\/05\/IMG_3859-1024x683.jpg 1024w, https:\/\/www.imakeyousmile.se\/wp-content\/uploads\/2015\/05\/IMG_3859-300x200.jpg 300w, https:\/\/www.imakeyousmile.se\/wp-content\/uploads\/2015\/05\/IMG_3859-700x467.jpg 700w, https:\/\/www.imakeyousmile.se\/wp-content\/uploads\/2015\/05\/IMG_3859-536x357.jpg 536w, https:\/\/www.imakeyousmile.se\/wp-content\/uploads\/2015\/05\/IMG_3859-725x483.jpg 725w\" sizes=\"(max-width: 700px) 100vw, 700px\" \/><\/a><\/p>\n<p><a href=\"http:\/\/www.imakeyousmile.se\/wp-content\/uploads\/2015\/05\/IMG_3873_111.jpg\"><img loading=\"lazy\" decoding=\"async\" class=\"alignnone size-large wp-image-20193 td-animation-stack-type0-1\" src=\"http:\/\/www.imakeyousmile.se\/wp-content\/uploads\/2015\/05\/IMG_3873_111-1024x755.jpg\" alt=\"IMG_3873_111\" width=\"700\" height=\"516\" srcset=\"https:\/\/www.imakeyousmile.se\/wp-content\/uploads\/2015\/05\/IMG_3873_111-1024x755.jpg 1024w, https:\/\/www.imakeyousmile.se\/wp-content\/uploads\/2015\/05\/IMG_3873_111-300x221.jpg 300w, https:\/\/www.imakeyousmile.se\/wp-content\/uploads\/2015\/05\/IMG_3873_111-700x516.jpg 700w, https:\/\/www.imakeyousmile.se\/wp-content\/uploads\/2015\/05\/IMG_3873_111-484x357.jpg 484w, https:\/\/www.imakeyousmile.se\/wp-content\/uploads\/2015\/05\/IMG_3873_111-655x483.jpg 655w, https:\/\/www.imakeyousmile.se\/wp-content\/uploads\/2015\/05\/IMG_3873_111.jpg 2000w\" sizes=\"(max-width: 700px) 100vw, 700px\" \/><\/a><\/p>\n<p>\u00a1Los abrazos son!<\/p>","protected":false},"excerpt":{"rendered":"<p>Hej p\u00e5 er fina ni! Nu sitter jag p\u00e5 bussen p\u00e5 v\u00e4g till\u00a0en fotograf i Uppsala, jag ska sminka inf\u00f6r en fotografering f\u00f6r Glossy MAG, ni vet tidningen som f\u00f6ljer med i Glossy Box-boxarna :) Det ska bli s\u00e5\u00e5 roligt! Det var l\u00e4nge sen jag sminkade f\u00f6r en fotografering nu och jag har b\u00f6rjat f\u00e5 [&hellip;]<\/p>\n","protected":false},"author":30,"featured_media":22027,"comment_status":"open","ping_status":"closed","sticky":false,"template":"","format":"standard","meta":{"footnotes":""},"categories":[3],"tags":[3936,3937,433,3935,54],"class_list":["post-22026","post","type-post","status-publish","format-standard","has-post-thumbnail","hentry","category-allmant","tag-makeupartist-uppsala","tag-mua-uppsala","tag-skonhetsblogg","tag-smink-uppsala","tag-sminkblogg"],"yoast_head":"<!-- This site is optimized with the Yoast SEO Premium plugin v14.9 - https:\/\/yoast.com\/wordpress\/plugins\/seo\/ -->\n<meta name=\"description\" content=\"Pl\u00e5tning med Glossybox | Helena Amiley - H\u00e4r hittar du senaste infromation om sk\u00f6nhet, livsstil, entrepren\u00f6rskap, makeup &amp; tips.\" \/>\n<meta name=\"robots\" content=\"index, follow, max-snippet:-1, max-image-preview:large, max-video-preview:-1\" \/>\n<link rel=\"canonical\" href=\"https:\/\/www.imakeyousmile.se\/es\/platning-med-glossybox\/\" \/>\n<meta property=\"og:locale\" content=\"es_ES\" \/>\n<meta property=\"og:type\" content=\"article\" \/>\n<meta property=\"og:title\" content=\"Pl\u00e5tning med Glossybox | Imakeyousmile.se\" \/>\n<meta property=\"og:description\" content=\"Pl\u00e5tning med Glossybox | Helena Amiley - H\u00e4r hittar du senaste infromation om sk\u00f6nhet, livsstil, entrepren\u00f6rskap, makeup &amp; tips.\" \/>\n<meta property=\"og:url\" content=\"https:\/\/www.imakeyousmile.se\/es\/platning-med-glossybox\/\" \/>\n<meta property=\"og:site_name\" content=\"Imakeyousmile.se\" \/>\n<meta property=\"article:author\" content=\"https:\/\/www.facebook.com\/imakeyousmile.se\" \/>\n<meta property=\"article:published_time\" content=\"2015-09-15T06:45:19+00:00\" \/>\n<meta property=\"og:image\" content=\"https:\/\/www.imakeyousmile.se\/wp-content\/uploads\/2015\/09\/IMG_3859-1024x683.jpg\" \/>\n\t<meta property=\"og:image:width\" content=\"1024\" \/>\n\t<meta property=\"og:image:height\" content=\"683\" \/>\n<meta name=\"twitter:card\" content=\"summary_large_image\" \/>\n<script type=\"application\/ld+json\" class=\"yoast-schema-graph\">{\"@context\":\"https:\/\/schema.org\",\"@graph\":[{\"@type\":\"Organization\",\"@id\":\"https:\/\/www.imakeyousmile.se\/es\/#organization\",\"name\":\"Imakeyousmile\",\"url\":\"https:\/\/www.imakeyousmile.se\/es\/\",\"sameAs\":[],\"logo\":{\"@type\":\"ImageObject\",\"@id\":\"https:\/\/www.imakeyousmile.se\/es\/#logo\",\"inLanguage\":\"es\",\"url\":\"https:\/\/www.imakeyousmile.se\/wp-content\/uploads\/2020\/10\/HELENA-AMILEY_SVART-1-e1603367975324.png\",\"width\":280,\"height\":93,\"caption\":\"Imakeyousmile\"},\"image\":{\"@id\":\"https:\/\/www.imakeyousmile.se\/es\/#logo\"}},{\"@type\":\"WebSite\",\"@id\":\"https:\/\/www.imakeyousmile.se\/es\/#website\",\"url\":\"https:\/\/www.imakeyousmile.se\/es\/\",\"name\":\"Imakeyousmile.se\",\"description\":\"Helena Amiley - Beauty, Entrepreneur, Lifestyle\",\"publisher\":{\"@id\":\"https:\/\/www.imakeyousmile.se\/es\/#organization\"},\"potentialAction\":[{\"@type\":\"SearchAction\",\"target\":\"https:\/\/www.imakeyousmile.se\/es\/?s={search_term_string}\",\"query-input\":\"required name=search_term_string\"}],\"inLanguage\":\"es\"},{\"@type\":\"ImageObject\",\"@id\":\"https:\/\/www.imakeyousmile.se\/platning-med-glossybox\/#primaryimage\",\"inLanguage\":\"es\",\"url\":\"https:\/\/www.imakeyousmile.se\/wp-content\/uploads\/2015\/09\/IMG_3859-1024x683.jpg\",\"width\":1024,\"height\":683},{\"@type\":\"WebPage\",\"@id\":\"https:\/\/www.imakeyousmile.se\/platning-med-glossybox\/#webpage\",\"url\":\"https:\/\/www.imakeyousmile.se\/platning-med-glossybox\/\",\"name\":\"Pl\\u00e5tning med Glossybox | Imakeyousmile.se\",\"isPartOf\":{\"@id\":\"https:\/\/www.imakeyousmile.se\/es\/#website\"},\"primaryImageOfPage\":{\"@id\":\"https:\/\/www.imakeyousmile.se\/platning-med-glossybox\/#primaryimage\"},\"datePublished\":\"2015-09-15T06:45:19+00:00\",\"dateModified\":\"2015-09-15T06:45:19+00:00\",\"description\":\"Pl\\u00e5tning med Glossybox | Helena Amiley - H\\u00e4r hittar du senaste infromation om sk\\u00f6nhet, livsstil, entrepren\\u00f6rskap, makeup & tips.\",\"inLanguage\":\"es\",\"potentialAction\":[{\"@type\":\"ReadAction\",\"target\":[\"https:\/\/www.imakeyousmile.se\/platning-med-glossybox\/\"]}]},{\"@type\":\"Article\",\"@id\":\"https:\/\/www.imakeyousmile.se\/platning-med-glossybox\/#article\",\"isPartOf\":{\"@id\":\"https:\/\/www.imakeyousmile.se\/platning-med-glossybox\/#webpage\"},\"author\":{\"@id\":\"https:\/\/www.imakeyousmile.se\/es\/#\/schema\/person\/b0fd43b1c6bb1c60cfd68bff9b4a10fb\"},\"headline\":\"Pl\\u00e5tning med Glossybox\",\"datePublished\":\"2015-09-15T06:45:19+00:00\",\"dateModified\":\"2015-09-15T06:45:19+00:00\",\"mainEntityOfPage\":{\"@id\":\"https:\/\/www.imakeyousmile.se\/platning-med-glossybox\/#webpage\"},\"commentCount\":4,\"publisher\":{\"@id\":\"https:\/\/www.imakeyousmile.se\/es\/#organization\"},\"image\":{\"@id\":\"https:\/\/www.imakeyousmile.se\/platning-med-glossybox\/#primaryimage\"},\"keywords\":\"makeupartist uppsala,mua uppsala,sk\\u00f6nhetsblogg,smink uppsala,sminkblogg\",\"articleSection\":\"\\u00d6vrigt\",\"inLanguage\":\"es\",\"potentialAction\":[{\"@type\":\"CommentAction\",\"name\":\"Comment\",\"target\":[\"https:\/\/www.imakeyousmile.se\/platning-med-glossybox\/#respond\"]}]},{\"@type\":\"Person\",\"@id\":\"https:\/\/www.imakeyousmile.se\/es\/#\/schema\/person\/b0fd43b1c6bb1c60cfd68bff9b4a10fb\",\"name\":\"Helena Amiley\",\"image\":{\"@type\":\"ImageObject\",\"@id\":\"https:\/\/www.imakeyousmile.se\/es\/#personlogo\",\"inLanguage\":\"es\",\"url\":\"https:\/\/secure.gravatar.com\/avatar\/5645558e1e355457a23368d7e1b4c904?s=96&d=mm&r=g\",\"caption\":\"Helena Amiley\"},\"description\":\"Jag skriver mest om sk\\u00f6nhet men bjuder \\u00e4ven p\\u00e5 glimtar fr\\u00e5n entrepren\\u00f6rlivet och bygget av v\\u00e5r egen camper van. Vanlife here we come!\",\"sameAs\":[\"https:\/\/www.facebook.com\/imakeyousmile.se\",\"https:\/\/www.instagram.com\/helenaamiley\",\"https:\/\/www.youtube.com\/channel\/UCR5iB6rvpV6Yr8ZjpQfr5mg?view_as=subscriber\"]}]}<\/script>\n<!-- \/ Yoast SEO Premium plugin. -->","_links":{"self":[{"href":"https:\/\/www.imakeyousmile.se\/es\/wp-json\/wp\/v2\/posts\/22026"}],"collection":[{"href":"https:\/\/www.imakeyousmile.se\/es\/wp-json\/wp\/v2\/posts"}],"about":[{"href":"https:\/\/www.imakeyousmile.se\/es\/wp-json\/wp\/v2\/types\/post"}],"author":[{"embeddable":true,"href":"https:\/\/www.imakeyousmile.se\/es\/wp-json\/wp\/v2\/users\/30"}],"replies":[{"embeddable":true,"href":"https:\/\/www.imakeyousmile.se\/es\/wp-json\/wp\/v2\/comments?post=22026"}],"version-history":[{"count":2,"href":"https:\/\/www.imakeyousmile.se\/es\/wp-json\/wp\/v2\/posts\/22026\/revisions"}],"predecessor-version":[{"id":41102,"href":"https:\/\/www.imakeyousmile.se\/es\/wp-json\/wp\/v2\/posts\/22026\/revisions\/41102"}],"wp:featuredmedia":[{"embeddable":true,"href":"https:\/\/www.imakeyousmile.se\/es\/wp-json\/wp\/v2\/media\/22027"}],"wp:attachment":[{"href":"https:\/\/www.imakeyousmile.se\/es\/wp-json\/wp\/v2\/media?parent=22026"}],"wp:term":[{"taxonomy":"category","embeddable":true,"href":"https:\/\/www.imakeyousmile.se\/es\/wp-json\/wp\/v2\/categories?post=22026"},{"taxonomy":"post_tag","embeddable":true,"href":"https:\/\/www.imakeyousmile.se\/es\/wp-json\/wp\/v2\/tags?post=22026"}],"curies":[{"name":"wp","href":"https:\/\/api.w.org\/{rel}","templated":true}]}}