{"id":22081,"date":"2015-10-13T09:11:03","date_gmt":"2015-10-13T07:11:03","guid":{"rendered":"http:\/\/www.imakeyousmile.se\/?p=22081"},"modified":"2020-10-22T17:45:34","modified_gmt":"2020-10-22T15:45:34","slug":"var-makeupartist-sandra","status":"publish","type":"post","link":"https:\/\/www.imakeyousmile.se\/es\/var-makeupartist-sandra\/","title":{"rendered":"Nuestra maquilladora Sandra"},"content":{"rendered":"<p>Ya que no puedo clonarme;) entonces buscamos una maquilladora a los empleados de Creative Makeup By Her, para que todav\u00eda pueda tener tiempo para el blog y todo lo que hay alrededor de la tienda. Una persona que tenga los mismos valores que yo sobre el maquillaje, y sobre todo que se interese por los productos y piense que el maquillaje es tan divertido como yo.<\/p>\n<p>Una de las personas con las que tuvimos una entrevista de trabajo fue Sandra, a quien Annika conoc\u00eda de antes cuando las dos asistieron al mismo entrenamiento de maquillaje :) Y nos decidimos casi de inmediato por ella, una personalidad s\u00faper encantadora y tambi\u00e9n una gran experiencia, conocimiento y talento en el maquillaje.<\/p>\n<p>Sandra ha vivido y trabajado en Inglaterra durante 7 a\u00f1os, y ha trabajado tanto en Debenhamns (grandes almacenes de moda y belleza) como por cuenta propia y freelance como maquilladora en su empresa Visual Cosmetics. Luego viaj\u00f3 por diferentes pa\u00edses y durante varios a\u00f1os seguidos trabaj\u00f3 con las semanas de la moda de Italia y Londres, fue maquilladora de pie de Foo Fighters en Europa y se maquill\u00f3 antes de los grandes programas de televisi\u00f3n en Inglaterra. Entre otras cosas, \u00a1se reconcili\u00f3 con la propia Julia Roberts para un desfile de perfumes en Inglaterra!<\/p>\n<p>En 2012, ella y su esposo decidieron mudarse a Suecia, ya que estaban esperando su segundo hijo y quer\u00edan una vida cotidiana m\u00e1s tranquila. Y ahora ella salta directamente de trabajar en Rituals en Gr\u00e4nby Centrum a nosotros en Creative Makeup By Her :)<\/p>\n<p>En Sandra puedes reservar maquillajes y consultas de maquillaje, \u00a1y tambi\u00e9n tratamientos de flecos y cejas! Puede llamarnos al 018 10 50 13 o <a href=\"http:\/\/creativemakeup.se\/boka-tid\/\" target=\"_blank\" rel=\"noopener noreferrer\">libro en l\u00ednea<\/a> directamente en el sitio web.<\/p>\n<p>Realmente recomiendo una consulta de maquillaje, cuesta SEK 795 y luego te maquillas al mismo tiempo que ella explica todo cuidadosamente, y luego puedes elegir los productos para<strong> la suma completa<\/strong> \u00a1adem\u00e1s! Entonces ser\u00e1 mucho m\u00e1s f\u00e1cil hacer lo mismo en casa m\u00e1s tarde con un maquillaje realmente bueno que se compra personalmente para ti y tus colores :) - \u00a1Perfecto para regalar tambi\u00e9n!<\/p>\n<p><a href=\"http:\/\/www.imakeyousmile.se\/wp-content\/uploads\/2015\/10\/12088408_10153697784405990_287467302035188810_n.jpg\"><img loading=\"lazy\" decoding=\"async\" class=\"alignnone size-full wp-image-22236\" src=\"http:\/\/www.imakeyousmile.se\/wp-content\/uploads\/2015\/10\/12088408_10153697784405990_287467302035188810_n.jpg\" alt=\"12088408_10153697784405990_287467302035188810_n\" width=\"831\" height=\"831\" srcset=\"https:\/\/www.imakeyousmile.se\/wp-content\/uploads\/2015\/10\/12088408_10153697784405990_287467302035188810_n.jpg 831w, https:\/\/www.imakeyousmile.se\/wp-content\/uploads\/2015\/10\/12088408_10153697784405990_287467302035188810_n-150x150.jpg 150w, https:\/\/www.imakeyousmile.se\/wp-content\/uploads\/2015\/10\/12088408_10153697784405990_287467302035188810_n-300x300.jpg 300w, https:\/\/www.imakeyousmile.se\/wp-content\/uploads\/2015\/10\/12088408_10153697784405990_287467302035188810_n-696x696.jpg 696w, https:\/\/www.imakeyousmile.se\/wp-content\/uploads\/2015\/10\/12088408_10153697784405990_287467302035188810_n-420x420.jpg 420w\" sizes=\"(max-width: 831px) 100vw, 831px\" \/><\/a><\/p>\n<p>Torci\u00f3 una foto del Facebook de Sandra para que t\u00fa tambi\u00e9n puedas ver una cara;) Tomaremos fotos de todo el personal del sal\u00f3n y escribiremos m\u00e1s sobre todos en el sitio web lo antes posible.<\/p>\n<p>Si tiene alguna pregunta, \u00a1solo grite!<\/p>\n<p>Abrazo \u2665<\/p>","protected":false},"excerpt":{"rendered":"<p>Eftersom jag inte kan klona mig ;) s\u00e5 s\u00f6kte vi en makeupartist att anst\u00e4llda till Creative Makeup By Her, f\u00f6r att jag fortfarande ska kunna ha tid till bloggen och allt runt omkring butiken. En person som har samma v\u00e4rderingar kring makeup som jag, och framf\u00f6r allt som \u00e4r produktintresserad och tycker att sminka \u00e4r [&hellip;]<\/p>\n","protected":false},"author":30,"featured_media":22236,"comment_status":"open","ping_status":"closed","sticky":false,"template":"","format":"standard","meta":{"footnotes":""},"categories":[3],"tags":[3936,3935,4075],"class_list":["post-22081","post","type-post","status-publish","format-standard","has-post-thumbnail","hentry","category-allmant","tag-makeupartist-uppsala","tag-smink-uppsala","tag-sminkkonsultation-uppsala"],"yoast_head":"<!-- This site is optimized with the Yoast SEO Premium plugin v14.9 - https:\/\/yoast.com\/wordpress\/plugins\/seo\/ -->\n<meta name=\"description\" content=\"V\u00e5r makeupartist Sandra | Helena Amiley - H\u00e4r hittar du senaste infromation om sk\u00f6nhet, livsstil, entrepren\u00f6rskap, makeup &amp; tips.\" \/>\n<meta name=\"robots\" content=\"index, follow, max-snippet:-1, max-image-preview:large, max-video-preview:-1\" \/>\n<link rel=\"canonical\" href=\"https:\/\/www.imakeyousmile.se\/es\/var-makeupartist-sandra\/\" \/>\n<meta property=\"og:locale\" content=\"es_ES\" \/>\n<meta property=\"og:type\" content=\"article\" \/>\n<meta property=\"og:title\" content=\"V\u00e5r makeupartist Sandra | Imakeyousmile.se\" \/>\n<meta property=\"og:description\" content=\"V\u00e5r makeupartist Sandra | Helena Amiley - H\u00e4r hittar du senaste infromation om sk\u00f6nhet, livsstil, entrepren\u00f6rskap, makeup &amp; tips.\" \/>\n<meta property=\"og:url\" content=\"https:\/\/www.imakeyousmile.se\/es\/var-makeupartist-sandra\/\" \/>\n<meta property=\"og:site_name\" content=\"Imakeyousmile.se\" \/>\n<meta property=\"article:author\" content=\"https:\/\/www.facebook.com\/imakeyousmile.se\" \/>\n<meta property=\"article:published_time\" content=\"2015-10-13T07:11:03+00:00\" \/>\n<meta property=\"article:modified_time\" content=\"2020-10-22T15:45:34+00:00\" \/>\n<meta property=\"og:image\" content=\"https:\/\/www.imakeyousmile.se\/wp-content\/uploads\/2015\/10\/12088408_10153697784405990_287467302035188810_n.jpg\" \/>\n\t<meta property=\"og:image:width\" content=\"831\" \/>\n\t<meta property=\"og:image:height\" content=\"831\" \/>\n<meta name=\"twitter:card\" content=\"summary_large_image\" \/>\n<script type=\"application\/ld+json\" class=\"yoast-schema-graph\">{\"@context\":\"https:\/\/schema.org\",\"@graph\":[{\"@type\":\"Organization\",\"@id\":\"https:\/\/www.imakeyousmile.se\/es\/#organization\",\"name\":\"Imakeyousmile\",\"url\":\"https:\/\/www.imakeyousmile.se\/es\/\",\"sameAs\":[],\"logo\":{\"@type\":\"ImageObject\",\"@id\":\"https:\/\/www.imakeyousmile.se\/es\/#logo\",\"inLanguage\":\"es\",\"url\":\"https:\/\/www.imakeyousmile.se\/wp-content\/uploads\/2020\/10\/HELENA-AMILEY_SVART-1-e1603367975324.png\",\"width\":280,\"height\":93,\"caption\":\"Imakeyousmile\"},\"image\":{\"@id\":\"https:\/\/www.imakeyousmile.se\/es\/#logo\"}},{\"@type\":\"WebSite\",\"@id\":\"https:\/\/www.imakeyousmile.se\/es\/#website\",\"url\":\"https:\/\/www.imakeyousmile.se\/es\/\",\"name\":\"Imakeyousmile.se\",\"description\":\"Helena Amiley - Beauty, Entrepreneur, Lifestyle\",\"publisher\":{\"@id\":\"https:\/\/www.imakeyousmile.se\/es\/#organization\"},\"potentialAction\":[{\"@type\":\"SearchAction\",\"target\":\"https:\/\/www.imakeyousmile.se\/es\/?s={search_term_string}\",\"query-input\":\"required name=search_term_string\"}],\"inLanguage\":\"es\"},{\"@type\":\"ImageObject\",\"@id\":\"https:\/\/www.imakeyousmile.se\/var-makeupartist-sandra\/#primaryimage\",\"inLanguage\":\"es\",\"url\":\"https:\/\/www.imakeyousmile.se\/wp-content\/uploads\/2015\/10\/12088408_10153697784405990_287467302035188810_n.jpg\",\"width\":831,\"height\":831},{\"@type\":\"WebPage\",\"@id\":\"https:\/\/www.imakeyousmile.se\/var-makeupartist-sandra\/#webpage\",\"url\":\"https:\/\/www.imakeyousmile.se\/var-makeupartist-sandra\/\",\"name\":\"V\\u00e5r makeupartist Sandra | Imakeyousmile.se\",\"isPartOf\":{\"@id\":\"https:\/\/www.imakeyousmile.se\/es\/#website\"},\"primaryImageOfPage\":{\"@id\":\"https:\/\/www.imakeyousmile.se\/var-makeupartist-sandra\/#primaryimage\"},\"datePublished\":\"2015-10-13T07:11:03+00:00\",\"dateModified\":\"2020-10-22T15:45:34+00:00\",\"description\":\"V\\u00e5r makeupartist Sandra | Helena Amiley - H\\u00e4r hittar du senaste infromation om sk\\u00f6nhet, livsstil, entrepren\\u00f6rskap, makeup & tips.\",\"inLanguage\":\"es\",\"potentialAction\":[{\"@type\":\"ReadAction\",\"target\":[\"https:\/\/www.imakeyousmile.se\/var-makeupartist-sandra\/\"]}]},{\"@type\":\"Article\",\"@id\":\"https:\/\/www.imakeyousmile.se\/var-makeupartist-sandra\/#article\",\"isPartOf\":{\"@id\":\"https:\/\/www.imakeyousmile.se\/var-makeupartist-sandra\/#webpage\"},\"author\":{\"@id\":\"https:\/\/www.imakeyousmile.se\/es\/#\/schema\/person\/b0fd43b1c6bb1c60cfd68bff9b4a10fb\"},\"headline\":\"V\\u00e5r makeupartist Sandra\",\"datePublished\":\"2015-10-13T07:11:03+00:00\",\"dateModified\":\"2020-10-22T15:45:34+00:00\",\"mainEntityOfPage\":{\"@id\":\"https:\/\/www.imakeyousmile.se\/var-makeupartist-sandra\/#webpage\"},\"commentCount\":0,\"publisher\":{\"@id\":\"https:\/\/www.imakeyousmile.se\/es\/#organization\"},\"image\":{\"@id\":\"https:\/\/www.imakeyousmile.se\/var-makeupartist-sandra\/#primaryimage\"},\"keywords\":\"makeupartist uppsala,smink uppsala,sminkkonsultation uppsala\",\"articleSection\":\"\\u00d6vrigt\",\"inLanguage\":\"es\",\"potentialAction\":[{\"@type\":\"CommentAction\",\"name\":\"Comment\",\"target\":[\"https:\/\/www.imakeyousmile.se\/var-makeupartist-sandra\/#respond\"]}]},{\"@type\":\"Person\",\"@id\":\"https:\/\/www.imakeyousmile.se\/es\/#\/schema\/person\/b0fd43b1c6bb1c60cfd68bff9b4a10fb\",\"name\":\"Helena Amiley\",\"image\":{\"@type\":\"ImageObject\",\"@id\":\"https:\/\/www.imakeyousmile.se\/es\/#personlogo\",\"inLanguage\":\"es\",\"url\":\"https:\/\/secure.gravatar.com\/avatar\/5645558e1e355457a23368d7e1b4c904?s=96&d=mm&r=g\",\"caption\":\"Helena Amiley\"},\"description\":\"Jag skriver mest om sk\\u00f6nhet men bjuder \\u00e4ven p\\u00e5 glimtar fr\\u00e5n entrepren\\u00f6rlivet och bygget av v\\u00e5r egen camper van. Vanlife here we come!\",\"sameAs\":[\"https:\/\/www.facebook.com\/imakeyousmile.se\",\"https:\/\/www.instagram.com\/helenaamiley\",\"https:\/\/www.youtube.com\/channel\/UCR5iB6rvpV6Yr8ZjpQfr5mg?view_as=subscriber\"]}]}<\/script>\n<!-- \/ Yoast SEO Premium plugin. -->","_links":{"self":[{"href":"https:\/\/www.imakeyousmile.se\/es\/wp-json\/wp\/v2\/posts\/22081"}],"collection":[{"href":"https:\/\/www.imakeyousmile.se\/es\/wp-json\/wp\/v2\/posts"}],"about":[{"href":"https:\/\/www.imakeyousmile.se\/es\/wp-json\/wp\/v2\/types\/post"}],"author":[{"embeddable":true,"href":"https:\/\/www.imakeyousmile.se\/es\/wp-json\/wp\/v2\/users\/30"}],"replies":[{"embeddable":true,"href":"https:\/\/www.imakeyousmile.se\/es\/wp-json\/wp\/v2\/comments?post=22081"}],"version-history":[{"count":7,"href":"https:\/\/www.imakeyousmile.se\/es\/wp-json\/wp\/v2\/posts\/22081\/revisions"}],"predecessor-version":[{"id":37639,"href":"https:\/\/www.imakeyousmile.se\/es\/wp-json\/wp\/v2\/posts\/22081\/revisions\/37639"}],"wp:featuredmedia":[{"embeddable":true,"href":"https:\/\/www.imakeyousmile.se\/es\/wp-json\/wp\/v2\/media\/22236"}],"wp:attachment":[{"href":"https:\/\/www.imakeyousmile.se\/es\/wp-json\/wp\/v2\/media?parent=22081"}],"wp:term":[{"taxonomy":"category","embeddable":true,"href":"https:\/\/www.imakeyousmile.se\/es\/wp-json\/wp\/v2\/categories?post=22081"},{"taxonomy":"post_tag","embeddable":true,"href":"https:\/\/www.imakeyousmile.se\/es\/wp-json\/wp\/v2\/tags?post=22081"}],"curies":[{"name":"wp","href":"https:\/\/api.w.org\/{rel}","templated":true}]}}